{"id":4890,"date":"2020-06-29T09:17:31","date_gmt":"2020-06-29T09:17:31","guid":{"rendered":"https:\/\/entreculturasi.wpenginepowered.com\/?noticias=avances-de-nuestra-respuesta-ante-la-emergencia-global-covid-19"},"modified":"2024-03-06T15:43:21","modified_gmt":"2024-03-06T14:43:21","slug":"avances-de-nuestra-respuesta-ante-la-emergencia-global-covid-19","status":"publish","type":"noticia","link":"https:\/\/www.entreculturas.org\/gl\/noticia\/avances-de-nuestra-respuesta-ante-la-emergencia-global-covid-19\/","title":{"rendered":"Avances de nuestra respuesta ante la Emergencia Global COVID-19"},"content":{"rendered":"<p>Seguimos trabajando m\u00e1s que nunca para <strong>apoyar a las comunidades y personas que m\u00e1s lo necesitan, en pa\u00edses con escasa capacidad de respuesta y sistemas sanitarios d\u00e9biles o inexistentes<\/strong>, de la mano de nuestras organizaciones aliadas el Servicio Jesuita a Refugiados, Fe y Alegr\u00eda y los Centros Sociales.<br \/>&nbsp;&nbsp;<br \/>En el \u00faltimo mes nos hemos acercado al trabajo de nuestros compa\u00f1eros y compa\u00f1eras en Paraguay, donde <strong>la educaci\u00f3n sigue abri\u00e9ndose paso a trav\u00e9s de las ondas radiof\u00f3nicas, como en muchos otros pa\u00edses en los que trabajamos.<\/strong> A trav\u00e9s del programa \u201c\u00d1a\u00f1omoarandu Radio Rupive\u201d, Fe y Alegr\u00eda cubre las clases de 33 centros educativos. Como muestra este v\u00eddeo, las clases con radio se complementan con un cuadernillo que ayuda a seguir las clases y, por supuesto, con el apoyo familiar para completar las tareas y asentar los aprendizajes.<br \/>&nbsp;<\/p>\n[video:https:\/\/youtu.be\/S1pNdI1h6hU]\n<p>&nbsp;<br \/>Tambi\u00e9n nos hemos trasladado a <strong>Honduras de la mano de Sara Santos, voluntaria VOLPA de Entreculturas en el pa\u00eds, quien nos cuenta que desde Fe y Alegr\u00eda han elaborado y repartido kits de material escolar <\/strong>con cuadernillos, colores, lapiceros, gomas y sacapuntas entre el alumnado de primer ciclo de 9 colegios situados en El Progreso. De esta manera los ni\u00f1os y ni\u00f1as podr\u00e1n seguir realizando las tareas en casa y poner un poco de color a estos momentos de incertidumbre.<\/p>\n<p>&nbsp;<\/p>\n<p>Del mismo modo, en las \u00faltimas semanas nos hemos acercado a la labor de nuestros compa\u00f1eros y compa\u00f1eras en la frontera colombo-venezolana y en Hait\u00ed.<\/p>\n<p><strong>JRS-LAC ha hecho entrega de alimentos, as\u00ed como de kits para apoyar a personas adultas mayores, en los barrios perif\u00e9ricos de Arauca, en la frontera entre Colombia y Venezuela<\/strong> \u00abResaltamos la fortaleza de las comunidades durante la compleja situaci\u00f3n que atraviesa el mundo con la pandemia del Covid-19\u00bb, nos cuentan desde terreno, \u00aby tambi\u00e9n la labor que realizan todos los equipos humanitarios en los distintos pa\u00edses.\u00bb JRS sigue haciendo suyo, con m\u00e1s fuerza que nunca en estos momentos, su lema de \u2018Acompa\u00f1ar, servir y defender\u2019.<br \/>&nbsp;<\/p>\n[video:https:\/\/youtu.be\/jfO0d7xb7aY]\n<p>&nbsp;<br \/>Fe y Alegr\u00eda Hait\u00ed tambi\u00e9n sigue al lado de la poblaci\u00f3n m\u00e1s vulnerable. Vemos con preocupaci\u00f3n la situaci\u00f3n que est\u00e1 atravesando el pa\u00eds durante esta crisis: a pesar de las dificultades en la obtenci\u00f3n de datos, las cifras oficiales muestran una tasa de letalidad del 4% y los protocolos de actuaci\u00f3n est\u00e1n llegando tarde o son insuficientes. <strong>Preocupan tambi\u00e9n el desabastecimiento de los supermercados, la inseguridad alimentaria que est\u00e1n viviendo ya muchas familias de todo el pa\u00eds<\/strong> y el posible flujo migratorio hacia Rep\u00fablica Dominicana si las condiciones de vida siguen empeorando en Hait\u00ed. Ante esta situaci\u00f3n, Fe y Alegr\u00eda Hait\u00ed est\u00e1 distribuyendo kits de higiene, acompa\u00f1ados de materiales para sensibilizar a la poblaci\u00f3n de la importancia de la prevenci\u00f3n para frenar el avance del virus.<\/p>\n<p>Con el objetivo de entender mejor c\u00f3mo est\u00e1 impactando la<strong> Emergencia Global del COVID-19 en los pa\u00edses donde trabajamos, <\/strong>y as\u00ed conocer de cerca <a href=\"https:\/\/www.entreculturas.org\/es\/emergencia-global-covid-19\">la labor que estamos realizando desde Entreculturas<\/a> para paliar sus efectos en la poblaci\u00f3n m\u00e1s vulnerable, hemos conversado con nuestros compa\u00f1eros Pablo Funes, Coordinador de Cooperaci\u00f3n Internacional y Pilar L\u00f3pez-Dafonte, responsable de Acci\u00f3n Humanitaria. \u201cEs fundamental, por un lado, el acompa\u00f1amiento que es una de nuestros objetivos desde Entreculturas que hemos ido haciendo con nuestros socios en terreno\u201d afirm\u00f3 Pilar L\u00f3pez-Dafonte, y agreg\u00f3 \u201cy, por otro lado, adaptar nuestros programas a la realidad de este contexto\u201d.&nbsp;<\/p>\n[video:https:\/\/youtu.be\/MgTEzrI6LiM]\n<p>Por su parte, Pablo Funes ha hecho un especial \u00e9nfasis en las cinco l\u00edneas de acci\u00f3n en las que, desde Entreculturas se est\u00e1 atendiendo a la emergencia global, y desde lo educativo afirma que <strong>\u201cEstamos haciendo muchos tipos de actividades pero fundamentalmente es c\u00f3mo seguir ofreciendo la educaci\u00f3n online, por radio o a distancia\u201d<\/strong> y agreg\u00f3 que es importante \u201cseguir los casos de mayor vulnerabilidad, las dificultades para que sigan los estudiantes que les cuesta m\u00e1s seguir por el acceso a las plataformas digitales\u201d.<br \/>&nbsp;<\/p>\n[video:https:\/\/youtu.be\/Ib13i6m8edQ]\n<p>La atenci\u00f3n y el acompa\u00f1amiento siguen nuestro prop\u00f3sito, utilizando como herramienta la educaci\u00f3n y defendiendo este derecho bajo un contexto de emergencia sanitaria como el que vivimos.&nbsp;<\/p>\n","protected":false},"excerpt":{"rendered":"<p>Seguimos trabajando m\u00e1s que nunca para apoyar a las comunidades y personas que m\u00e1s lo necesitan, en pa\u00edses con escasa capacidad de respuesta y sistemas sanitarios d\u00e9biles o inexistentes, de la mano de nuestras organizaciones aliadas el Servicio Jesuita a Refugiados, Fe y Alegr\u00eda y los Centros Sociales.<\/p>\n","protected":false},"featured_media":4892,"template":"single-noticia","meta":{"_acf_changed":false},"categories":[7],"tags":[185],"country":[],"cause":[129],"class_list":["post-4890","noticia","type-noticia","status-publish","has-post-thumbnail","hentry","category-noticia","tag-entreculturas","cause-migracion-y-refugio"],"acf":[],"yoast_head":"<!-- This site is optimized with the Yoast SEO Premium plugin v21.6 (Yoast SEO v27.5) - https:\/\/yoast.com\/product\/yoast-seo-premium-wordpress\/ -->\n<title>Avances de nuestra respuesta ante la Emergencia Global COVID-19 - Entreculturas<\/title>\n<meta name=\"robots\" content=\"index, follow, max-snippet:-1, max-image-preview:large, max-video-preview:-1\" \/>\n<link rel=\"canonical\" href=\"https:\/\/www.entreculturas.org\/gl\/noticia\/avances-de-nuestra-respuesta-ante-la-emergencia-global-covid-19\/\" \/>\n<meta property=\"og:locale\" content=\"gl_ES\" \/>\n<meta property=\"og:type\" content=\"article\" \/>\n<meta property=\"og:title\" content=\"Avances de nuestra respuesta ante la Emergencia Global COVID-19\" \/>\n<meta property=\"og:description\" content=\"Seguimos trabajando m\u00e1s que nunca para apoyar a las comunidades y personas que m\u00e1s lo necesitan, en pa\u00edses con escasa capacidad de respuesta y sistemas sanitarios d\u00e9biles o inexistentes, de la mano de nuestras organizaciones aliadas el Servicio Jesuita a Refugiados, Fe y Alegr\u00eda y los Centros Sociales.\" \/>\n<meta property=\"og:url\" content=\"https:\/\/www.entreculturas.org\/gl\/noticia\/avances-de-nuestra-respuesta-ante-la-emergencia-global-covid-19\/\" \/>\n<meta property=\"og:site_name\" content=\"Entreculturas\" \/>\n<meta property=\"article:publisher\" content=\"https:\/\/www.facebook.com\/entreculturas\" \/>\n<meta property=\"article:modified_time\" content=\"2024-03-06T14:43:21+00:00\" \/>\n<meta property=\"og:image\" content=\"https:\/\/www.entreculturas.org\/wp-content\/uploads\/2020\/06\/rdcongo_jrs_entreculturas.jpg\" \/>\n\t<meta property=\"og:image:width\" content=\"960\" \/>\n\t<meta property=\"og:image:height\" content=\"720\" \/>\n\t<meta property=\"og:image:type\" content=\"image\/jpeg\" \/>\n<meta name=\"twitter:card\" content=\"summary_large_image\" \/>\n<meta name=\"twitter:site\" content=\"@Entreculturas\" \/>\n<script type=\"application\/ld+json\" class=\"yoast-schema-graph\">{\"@context\":\"https:\\\/\\\/schema.org\",\"@graph\":[{\"@type\":\"WebPage\",\"@id\":\"https:\\\/\\\/www.entreculturas.org\\\/gl\\\/noticia\\\/avances-de-nuestra-respuesta-ante-la-emergencia-global-covid-19\\\/\",\"url\":\"https:\\\/\\\/www.entreculturas.org\\\/gl\\\/noticia\\\/avances-de-nuestra-respuesta-ante-la-emergencia-global-covid-19\\\/\",\"name\":\"Avances de nuestra respuesta ante la Emergencia Global COVID-19 - Entreculturas\",\"isPartOf\":{\"@id\":\"https:\\\/\\\/www.entreculturas.org\\\/gl\\\/#website\"},\"primaryImageOfPage\":{\"@id\":\"https:\\\/\\\/www.entreculturas.org\\\/gl\\\/noticia\\\/avances-de-nuestra-respuesta-ante-la-emergencia-global-covid-19\\\/#primaryimage\"},\"image\":{\"@id\":\"https:\\\/\\\/www.entreculturas.org\\\/gl\\\/noticia\\\/avances-de-nuestra-respuesta-ante-la-emergencia-global-covid-19\\\/#primaryimage\"},\"thumbnailUrl\":\"https:\\\/\\\/www.entreculturas.org\\\/wp-content\\\/uploads\\\/2020\\\/06\\\/rdcongo_jrs_entreculturas.jpg\",\"datePublished\":\"2020-06-29T09:17:31+00:00\",\"dateModified\":\"2024-03-06T14:43:21+00:00\",\"breadcrumb\":{\"@id\":\"https:\\\/\\\/www.entreculturas.org\\\/gl\\\/noticia\\\/avances-de-nuestra-respuesta-ante-la-emergencia-global-covid-19\\\/#breadcrumb\"},\"inLanguage\":\"gl-ES\",\"potentialAction\":[{\"@type\":\"ReadAction\",\"target\":[\"https:\\\/\\\/www.entreculturas.org\\\/gl\\\/noticia\\\/avances-de-nuestra-respuesta-ante-la-emergencia-global-covid-19\\\/\"]}]},{\"@type\":\"ImageObject\",\"inLanguage\":\"gl-ES\",\"@id\":\"https:\\\/\\\/www.entreculturas.org\\\/gl\\\/noticia\\\/avances-de-nuestra-respuesta-ante-la-emergencia-global-covid-19\\\/#primaryimage\",\"url\":\"https:\\\/\\\/www.entreculturas.org\\\/wp-content\\\/uploads\\\/2020\\\/06\\\/rdcongo_jrs_entreculturas.jpg\",\"contentUrl\":\"https:\\\/\\\/www.entreculturas.org\\\/wp-content\\\/uploads\\\/2020\\\/06\\\/rdcongo_jrs_entreculturas.jpg\",\"width\":960,\"height\":720,\"caption\":\"rdcongo_jrs_entreculturas\"},{\"@type\":\"BreadcrumbList\",\"@id\":\"https:\\\/\\\/www.entreculturas.org\\\/gl\\\/noticia\\\/avances-de-nuestra-respuesta-ante-la-emergencia-global-covid-19\\\/#breadcrumb\",\"itemListElement\":[{\"@type\":\"ListItem\",\"position\":1,\"name\":\"Home\",\"item\":\"https:\\\/\\\/www.entreculturas.org\\\/gl\\\/\"},{\"@type\":\"ListItem\",\"position\":2,\"name\":\"Noticias\",\"item\":\"https:\\\/\\\/www.entreculturas.org\\\/gl\\\/noticias\\\/\"},{\"@type\":\"ListItem\",\"position\":3,\"name\":\"Avances de nuestra respuesta ante la Emergencia Global COVID-19\"}]},{\"@type\":\"WebSite\",\"@id\":\"https:\\\/\\\/www.entreculturas.org\\\/gl\\\/#website\",\"url\":\"https:\\\/\\\/www.entreculturas.org\\\/gl\\\/\",\"name\":\"Entreculturas\",\"description\":\"\",\"publisher\":{\"@id\":\"https:\\\/\\\/www.entreculturas.org\\\/gl\\\/#organization\"},\"alternateName\":\"Entreculturas\",\"potentialAction\":[{\"@type\":\"SearchAction\",\"target\":{\"@type\":\"EntryPoint\",\"urlTemplate\":\"https:\\\/\\\/www.entreculturas.org\\\/gl\\\/?s={search_term_string}\"},\"query-input\":{\"@type\":\"PropertyValueSpecification\",\"valueRequired\":true,\"valueName\":\"search_term_string\"}}],\"inLanguage\":\"gl-ES\"},{\"@type\":\"Organization\",\"@id\":\"https:\\\/\\\/www.entreculturas.org\\\/gl\\\/#organization\",\"name\":\"Entreculturas\",\"url\":\"https:\\\/\\\/www.entreculturas.org\\\/gl\\\/\",\"logo\":{\"@type\":\"ImageObject\",\"inLanguage\":\"gl-ES\",\"@id\":\"https:\\\/\\\/www.entreculturas.org\\\/gl\\\/#\\\/schema\\\/logo\\\/image\\\/\",\"url\":\"https:\\\/\\\/www.entreculturas.org\\\/wp-content\\\/uploads\\\/2025\\\/10\\\/ESP.svg\",\"contentUrl\":\"https:\\\/\\\/www.entreculturas.org\\\/wp-content\\\/uploads\\\/2025\\\/10\\\/ESP.svg\",\"caption\":\"Entreculturas\"},\"image\":{\"@id\":\"https:\\\/\\\/www.entreculturas.org\\\/gl\\\/#\\\/schema\\\/logo\\\/image\\\/\"},\"sameAs\":[\"https:\\\/\\\/www.facebook.com\\\/entreculturas\",\"https:\\\/\\\/x.com\\\/Entreculturas\",\"https:\\\/\\\/www.instagram.com\\\/entreculturas\\\/\",\"https:\\\/\\\/www.youtube.com\\\/user\\\/entreculturasvideo\",\"https:\\\/\\\/www.linkedin.com\\\/company\\\/fundacion-entreculturas-ngdo\\\/\",\"https:\\\/\\\/www.flickr.com\\\/photos\\\/98455522@N04\\\/albums\\\/\"]}]}<\/script>\n<!-- \/ Yoast SEO Premium plugin. -->","yoast_head_json":{"title":"Avances de nuestra respuesta ante la Emergencia Global COVID-19 - Entreculturas","robots":{"index":"index","follow":"follow","max-snippet":"max-snippet:-1","max-image-preview":"max-image-preview:large","max-video-preview":"max-video-preview:-1"},"canonical":"https:\/\/www.entreculturas.org\/gl\/noticia\/avances-de-nuestra-respuesta-ante-la-emergencia-global-covid-19\/","og_locale":"gl_ES","og_type":"article","og_title":"Avances de nuestra respuesta ante la Emergencia Global COVID-19","og_description":"Seguimos trabajando m\u00e1s que nunca para apoyar a las comunidades y personas que m\u00e1s lo necesitan, en pa\u00edses con escasa capacidad de respuesta y sistemas sanitarios d\u00e9biles o inexistentes, de la mano de nuestras organizaciones aliadas el Servicio Jesuita a Refugiados, Fe y Alegr\u00eda y los Centros Sociales.","og_url":"https:\/\/www.entreculturas.org\/gl\/noticia\/avances-de-nuestra-respuesta-ante-la-emergencia-global-covid-19\/","og_site_name":"Entreculturas","article_publisher":"https:\/\/www.facebook.com\/entreculturas","article_modified_time":"2024-03-06T14:43:21+00:00","og_image":[{"width":960,"height":720,"url":"https:\/\/www.entreculturas.org\/wp-content\/uploads\/2020\/06\/rdcongo_jrs_entreculturas.jpg","type":"image\/jpeg"}],"twitter_card":"summary_large_image","twitter_site":"@Entreculturas","schema":{"@context":"https:\/\/schema.org","@graph":[{"@type":"WebPage","@id":"https:\/\/www.entreculturas.org\/gl\/noticia\/avances-de-nuestra-respuesta-ante-la-emergencia-global-covid-19\/","url":"https:\/\/www.entreculturas.org\/gl\/noticia\/avances-de-nuestra-respuesta-ante-la-emergencia-global-covid-19\/","name":"Avances de nuestra respuesta ante la Emergencia Global COVID-19 - Entreculturas","isPartOf":{"@id":"https:\/\/www.entreculturas.org\/gl\/#website"},"primaryImageOfPage":{"@id":"https:\/\/www.entreculturas.org\/gl\/noticia\/avances-de-nuestra-respuesta-ante-la-emergencia-global-covid-19\/#primaryimage"},"image":{"@id":"https:\/\/www.entreculturas.org\/gl\/noticia\/avances-de-nuestra-respuesta-ante-la-emergencia-global-covid-19\/#primaryimage"},"thumbnailUrl":"https:\/\/www.entreculturas.org\/wp-content\/uploads\/2020\/06\/rdcongo_jrs_entreculturas.jpg","datePublished":"2020-06-29T09:17:31+00:00","dateModified":"2024-03-06T14:43:21+00:00","breadcrumb":{"@id":"https:\/\/www.entreculturas.org\/gl\/noticia\/avances-de-nuestra-respuesta-ante-la-emergencia-global-covid-19\/#breadcrumb"},"inLanguage":"gl-ES","potentialAction":[{"@type":"ReadAction","target":["https:\/\/www.entreculturas.org\/gl\/noticia\/avances-de-nuestra-respuesta-ante-la-emergencia-global-covid-19\/"]}]},{"@type":"ImageObject","inLanguage":"gl-ES","@id":"https:\/\/www.entreculturas.org\/gl\/noticia\/avances-de-nuestra-respuesta-ante-la-emergencia-global-covid-19\/#primaryimage","url":"https:\/\/www.entreculturas.org\/wp-content\/uploads\/2020\/06\/rdcongo_jrs_entreculturas.jpg","contentUrl":"https:\/\/www.entreculturas.org\/wp-content\/uploads\/2020\/06\/rdcongo_jrs_entreculturas.jpg","width":960,"height":720,"caption":"rdcongo_jrs_entreculturas"},{"@type":"BreadcrumbList","@id":"https:\/\/www.entreculturas.org\/gl\/noticia\/avances-de-nuestra-respuesta-ante-la-emergencia-global-covid-19\/#breadcrumb","itemListElement":[{"@type":"ListItem","position":1,"name":"Home","item":"https:\/\/www.entreculturas.org\/gl\/"},{"@type":"ListItem","position":2,"name":"Noticias","item":"https:\/\/www.entreculturas.org\/gl\/noticias\/"},{"@type":"ListItem","position":3,"name":"Avances de nuestra respuesta ante la Emergencia Global COVID-19"}]},{"@type":"WebSite","@id":"https:\/\/www.entreculturas.org\/gl\/#website","url":"https:\/\/www.entreculturas.org\/gl\/","name":"Entreculturas","description":"","publisher":{"@id":"https:\/\/www.entreculturas.org\/gl\/#organization"},"alternateName":"Entreculturas","potentialAction":[{"@type":"SearchAction","target":{"@type":"EntryPoint","urlTemplate":"https:\/\/www.entreculturas.org\/gl\/?s={search_term_string}"},"query-input":{"@type":"PropertyValueSpecification","valueRequired":true,"valueName":"search_term_string"}}],"inLanguage":"gl-ES"},{"@type":"Organization","@id":"https:\/\/www.entreculturas.org\/gl\/#organization","name":"Entreculturas","url":"https:\/\/www.entreculturas.org\/gl\/","logo":{"@type":"ImageObject","inLanguage":"gl-ES","@id":"https:\/\/www.entreculturas.org\/gl\/#\/schema\/logo\/image\/","url":"https:\/\/www.entreculturas.org\/wp-content\/uploads\/2025\/10\/ESP.svg","contentUrl":"https:\/\/www.entreculturas.org\/wp-content\/uploads\/2025\/10\/ESP.svg","caption":"Entreculturas"},"image":{"@id":"https:\/\/www.entreculturas.org\/gl\/#\/schema\/logo\/image\/"},"sameAs":["https:\/\/www.facebook.com\/entreculturas","https:\/\/x.com\/Entreculturas","https:\/\/www.instagram.com\/entreculturas\/","https:\/\/www.youtube.com\/user\/entreculturasvideo","https:\/\/www.linkedin.com\/company\/fundacion-entreculturas-ngdo\/","https:\/\/www.flickr.com\/photos\/98455522@N04\/albums\/"]}]}},"_links":{"self":[{"href":"https:\/\/www.entreculturas.org\/gl\/wp-json\/wp\/v2\/noticia\/4890","targetHints":{"allow":["GET"]}}],"collection":[{"href":"https:\/\/www.entreculturas.org\/gl\/wp-json\/wp\/v2\/noticia"}],"about":[{"href":"https:\/\/www.entreculturas.org\/gl\/wp-json\/wp\/v2\/types\/noticia"}],"wp:featuredmedia":[{"embeddable":true,"href":"https:\/\/www.entreculturas.org\/gl\/wp-json\/wp\/v2\/media\/4892"}],"wp:attachment":[{"href":"https:\/\/www.entreculturas.org\/gl\/wp-json\/wp\/v2\/media?parent=4890"}],"wp:term":[{"taxonomy":"category","embeddable":true,"href":"https:\/\/www.entreculturas.org\/gl\/wp-json\/wp\/v2\/categories?post=4890"},{"taxonomy":"post_tag","embeddable":true,"href":"https:\/\/www.entreculturas.org\/gl\/wp-json\/wp\/v2\/tags?post=4890"},{"taxonomy":"country","embeddable":true,"href":"https:\/\/www.entreculturas.org\/gl\/wp-json\/wp\/v2\/country?post=4890"},{"taxonomy":"cause","embeddable":true,"href":"https:\/\/www.entreculturas.org\/gl\/wp-json\/wp\/v2\/cause?post=4890"}],"curies":[{"name":"wp","href":"https:\/\/api.w.org\/{rel}","templated":true}]}}