{"id":48007,"date":"2026-04-30T15:42:44","date_gmt":"2026-04-30T13:42:44","guid":{"rendered":"https:\/\/www.entreculturas.org\/?post_type=noticia&#038;p=48007"},"modified":"2026-04-30T16:03:06","modified_gmt":"2026-04-30T14:03:06","slug":"nacho-esteve-coordinador-del-area-de-comunicacion-y-campanas-de-entreculturas-nuevo-presidente-de-la-coordinadora-de-ong-de-desarrollo","status":"publish","type":"noticia","link":"https:\/\/www.entreculturas.org\/gl\/noticia\/nacho-esteve-coordinador-del-area-de-comunicacion-y-campanas-de-entreculturas-nuevo-presidente-de-la-coordinadora-de-ong-de-desarrollo\/","title":{"rendered":"Nacho Esteve, coordinador del \u00e1rea de comunicaci\u00f3n y campa\u00f1as de Entreculturas, nuevo presidente de la Coordinadora de ONG de Desarrollo."},"content":{"rendered":"\n<p>El pasado jueves 29 de abril, la Coordinadora de ONG de desarrollo de Espa\u00f1a formada por &nbsp;m\u00e1s de 600 organizaciones que trabajan en 100 pa\u00edses en la defensa de derechos humanos, la igualdad de g\u00e9nero y la protecci\u00f3n del planeta, eligi\u00f3 a nuestro compa\u00f1ero&nbsp; Nacho Esteve, como nuevo presidente en el marco de su Asamblea General.&nbsp;<\/p>\n\n\n\n<p>En un contexto global marcado por crisis m\u00faltiples \u2014humanitarias, sociales y medioambientales, donde la Ayuda Oficial al Desarrollo mundial ha descendido un 30% en los dos \u00faltimos a\u00f1o<em>s<\/em>, esta elecci\u00f3n llega como una invitaci\u00f3n clara a reforzar aquello que da sentido al trabajo de las organizaciones: la unidad en la diversidad, la cooperaci\u00f3n efectiva y la defensa radical de los derechos humanos.&nbsp;<\/p>\n\n\n\n<p>En sus primeras palabras, Nacho ha apelado precisamente a ese horizonte com\u00fan, recordando que solo desde la colaboraci\u00f3n sincera ser\u00e1 posible responder a los desaf\u00edos que reclama la solidaridad local e internacional.&nbsp;<\/p>\n\n\n\n<figure class=\"wp-block-image aligncenter size-large\"><img decoding=\"async\" width=\"1024\" height=\"591\" src=\"https:\/\/www.entreculturas.org\/wp-content\/uploads\/2026\/04\/WhatsApp-Image-2026-04-29-at-15.00.44-1300x750-1-1024x591.jpeg\" alt=\"gurpo de personas\" class=\"wp-image-48009\" srcset=\"https:\/\/www.entreculturas.org\/wp-content\/uploads\/2026\/04\/WhatsApp-Image-2026-04-29-at-15.00.44-1300x750-1-1024x591.jpeg 1024w, https:\/\/www.entreculturas.org\/wp-content\/uploads\/2026\/04\/WhatsApp-Image-2026-04-29-at-15.00.44-1300x750-1-300x173.jpeg 300w, https:\/\/www.entreculturas.org\/wp-content\/uploads\/2026\/04\/WhatsApp-Image-2026-04-29-at-15.00.44-1300x750-1-768x443.jpeg 768w, https:\/\/www.entreculturas.org\/wp-content\/uploads\/2026\/04\/WhatsApp-Image-2026-04-29-at-15.00.44-1300x750-1.jpeg 1300w\" sizes=\"(max-width: 1024px) 100vw, 1024px\" \/><\/figure>\n\n\n\n<p>La trayectoria de Nacho Esteve en Entreculturas, siempre vinculada a la comunicaci\u00f3n como herramienta de transformaci\u00f3n y encuentro, ha estado guiada por una convicci\u00f3n profunda: las historias que importan son aquellas que construyen puentes. Hoy, ese mismo esp\u00edritu se proyecta hacia el conjunto del sector, en un momento en que la cohesi\u00f3n entre organizaciones no es solo deseable, sino imprescindible.<\/p>\n\n\n\n<p>Este nombramiento reconoce la trayectoria de Entreculturas y su participaci\u00f3n activa en la vida y la gobernanza de La Coordinadora. Tambi\u00e9n invita a agradecer el papel de la Compa\u00f1\u00eda de Jes\u00fas en los or\u00edgenes de esta plataforma,&nbsp; impulsada por el jesuita Luis Magri\u00f1\u00e1 SJ, quien desde su papel como primer presidente,&nbsp; apost\u00f3 por la articulaci\u00f3n de esfuerzos y el trabajo en red como camino para una mayor justicia global.&nbsp;<\/p>\n\n\n\n<p>Hay, por tanto, en esta elecci\u00f3n una continuidad que trasciende nombres y \u00e9pocas: la vocaci\u00f3n de Entreculturas y del Sector Social jesuita por fortalecer alianzas para la justicia y la dignidad de todas las personas.&nbsp;<\/p>\n","protected":false},"excerpt":{"rendered":"<p>El pasado jueves 29 de abril, la Coordinadora de ONG de desarrollo de Espa\u00f1a formada por &nbsp;m\u00e1s de 600 organizaciones que trabajan en 100 pa\u00edses en la defensa de derechos humanos, la igualdad de g\u00e9nero y la protecci\u00f3n del planeta, eligi\u00f3 a nuestro compa\u00f1ero&nbsp; Nacho Esteve, como nuevo presidente en el marco de su Asamblea General.&nbsp; En un contexto global marcado por crisis m\u00faltiples \u2014humanitarias, sociales y medioambientales, donde la Ayuda Oficial al Desarrollo mundial ha descendido un 30% en los dos \u00faltimos a\u00f1os, esta elecci\u00f3n llega como una invitaci\u00f3n clara a reforzar aquello que da sentido al trabajo de las organizaciones: la unidad en la diversidad, la cooperaci\u00f3n efectiva y la defensa radical de los derechos humanos.&nbsp; En sus primeras palabras, Nacho ha apelado precisamente a ese horizonte com\u00fan, recordando que solo desde la colaboraci\u00f3n sincera ser\u00e1 posible responder a los desaf\u00edos que reclama la solidaridad local e internacional.&nbsp; [&hellip;]<\/p>\n","protected":false},"featured_media":48010,"template":"","meta":{"_acf_changed":false},"categories":[7],"tags":[8],"country":[120],"cause":[],"class_list":["post-48007","noticia","type-noticia","status-publish","has-post-thumbnail","hentry","category-noticia","tag-participacion-y-ciudadania-global","country-espana"],"acf":[],"yoast_head":"<!-- This site is optimized with the Yoast SEO Premium plugin v21.6 (Yoast SEO v27.5) - https:\/\/yoast.com\/product\/yoast-seo-premium-wordpress\/ -->\n<title>Nacho Esteve, coordinador del \u00e1rea de comunicaci\u00f3n y campa\u00f1as de Entreculturas, nuevo presidente de la Coordinadora de ONG de Desarrollo. - Entreculturas<\/title>\n<meta name=\"description\" content=\"La Coordinadora de ONG de desarrollo de Espa\u00f1aeligi\u00f3 a nuestro compa\u00f1ero\u00a0 Nacho Esteve, como nuevo presidente en el marco de su Asamblea General.\u00a0\" \/>\n<meta name=\"robots\" content=\"index, follow, max-snippet:-1, max-image-preview:large, max-video-preview:-1\" \/>\n<link rel=\"canonical\" href=\"https:\/\/www.entreculturas.org\/gl\/noticia\/nacho-esteve-coordinador-del-area-de-comunicacion-y-campanas-de-entreculturas-nuevo-presidente-de-la-coordinadora-de-ong-de-desarrollo\/\" \/>\n<meta property=\"og:locale\" content=\"gl_ES\" \/>\n<meta property=\"og:type\" content=\"article\" \/>\n<meta property=\"og:title\" content=\"Nacho Esteve, coordinador del \u00e1rea de comunicaci\u00f3n y campa\u00f1as de Entreculturas, nuevo presidente de la Coordinadora de ONG de Desarrollo.\" \/>\n<meta property=\"og:description\" content=\"La Coordinadora de ONG de desarrollo de Espa\u00f1aeligi\u00f3 a nuestro compa\u00f1ero\u00a0 Nacho Esteve, como nuevo presidente en el marco de su Asamblea General.\u00a0\" \/>\n<meta property=\"og:url\" content=\"https:\/\/www.entreculturas.org\/gl\/noticia\/nacho-esteve-coordinador-del-area-de-comunicacion-y-campanas-de-entreculturas-nuevo-presidente-de-la-coordinadora-de-ong-de-desarrollo\/\" \/>\n<meta property=\"og:site_name\" content=\"Entreculturas\" \/>\n<meta property=\"article:publisher\" content=\"https:\/\/www.facebook.com\/entreculturas\" \/>\n<meta property=\"article:modified_time\" content=\"2026-04-30T14:03:06+00:00\" \/>\n<meta property=\"og:image\" content=\"https:\/\/www.entreculturas.org\/wp-content\/uploads\/2026\/04\/20260429_152840-scaled-e1777557746841.jpg\" \/>\n\t<meta property=\"og:image:width\" content=\"1800\" \/>\n\t<meta property=\"og:image:height\" content=\"1289\" \/>\n\t<meta property=\"og:image:type\" content=\"image\/jpeg\" \/>\n<meta name=\"twitter:card\" content=\"summary_large_image\" \/>\n<meta name=\"twitter:site\" content=\"@Entreculturas\" \/>\n<script type=\"application\/ld+json\" class=\"yoast-schema-graph\">{\"@context\":\"https:\\\/\\\/schema.org\",\"@graph\":[{\"@type\":\"WebPage\",\"@id\":\"https:\\\/\\\/www.entreculturas.org\\\/gl\\\/noticia\\\/nacho-esteve-coordinador-del-area-de-comunicacion-y-campanas-de-entreculturas-nuevo-presidente-de-la-coordinadora-de-ong-de-desarrollo\\\/\",\"url\":\"https:\\\/\\\/www.entreculturas.org\\\/gl\\\/noticia\\\/nacho-esteve-coordinador-del-area-de-comunicacion-y-campanas-de-entreculturas-nuevo-presidente-de-la-coordinadora-de-ong-de-desarrollo\\\/\",\"name\":\"Nacho Esteve, coordinador del \u00e1rea de comunicaci\u00f3n y campa\u00f1as de Entreculturas, nuevo presidente de la Coordinadora de ONG de Desarrollo. - Entreculturas\",\"isPartOf\":{\"@id\":\"https:\\\/\\\/www.entreculturas.org\\\/gl\\\/#website\"},\"primaryImageOfPage\":{\"@id\":\"https:\\\/\\\/www.entreculturas.org\\\/gl\\\/noticia\\\/nacho-esteve-coordinador-del-area-de-comunicacion-y-campanas-de-entreculturas-nuevo-presidente-de-la-coordinadora-de-ong-de-desarrollo\\\/#primaryimage\"},\"image\":{\"@id\":\"https:\\\/\\\/www.entreculturas.org\\\/gl\\\/noticia\\\/nacho-esteve-coordinador-del-area-de-comunicacion-y-campanas-de-entreculturas-nuevo-presidente-de-la-coordinadora-de-ong-de-desarrollo\\\/#primaryimage\"},\"thumbnailUrl\":\"https:\\\/\\\/www.entreculturas.org\\\/wp-content\\\/uploads\\\/2026\\\/04\\\/20260429_152840-scaled-e1777557746841.jpg\",\"datePublished\":\"2026-04-30T13:42:44+00:00\",\"dateModified\":\"2026-04-30T14:03:06+00:00\",\"description\":\"La Coordinadora de ONG de desarrollo de Espa\u00f1aeligi\u00f3 a nuestro compa\u00f1ero\u00a0 Nacho Esteve, como nuevo presidente en el marco de su Asamblea General.\u00a0\",\"breadcrumb\":{\"@id\":\"https:\\\/\\\/www.entreculturas.org\\\/gl\\\/noticia\\\/nacho-esteve-coordinador-del-area-de-comunicacion-y-campanas-de-entreculturas-nuevo-presidente-de-la-coordinadora-de-ong-de-desarrollo\\\/#breadcrumb\"},\"inLanguage\":\"gl-ES\",\"potentialAction\":[{\"@type\":\"ReadAction\",\"target\":[\"https:\\\/\\\/www.entreculturas.org\\\/gl\\\/noticia\\\/nacho-esteve-coordinador-del-area-de-comunicacion-y-campanas-de-entreculturas-nuevo-presidente-de-la-coordinadora-de-ong-de-desarrollo\\\/\"]}]},{\"@type\":\"ImageObject\",\"inLanguage\":\"gl-ES\",\"@id\":\"https:\\\/\\\/www.entreculturas.org\\\/gl\\\/noticia\\\/nacho-esteve-coordinador-del-area-de-comunicacion-y-campanas-de-entreculturas-nuevo-presidente-de-la-coordinadora-de-ong-de-desarrollo\\\/#primaryimage\",\"url\":\"https:\\\/\\\/www.entreculturas.org\\\/wp-content\\\/uploads\\\/2026\\\/04\\\/20260429_152840-scaled-e1777557746841.jpg\",\"contentUrl\":\"https:\\\/\\\/www.entreculturas.org\\\/wp-content\\\/uploads\\\/2026\\\/04\\\/20260429_152840-scaled-e1777557746841.jpg\",\"width\":1800,\"height\":1289,\"caption\":\"personas en rueda de prensa\"},{\"@type\":\"BreadcrumbList\",\"@id\":\"https:\\\/\\\/www.entreculturas.org\\\/gl\\\/noticia\\\/nacho-esteve-coordinador-del-area-de-comunicacion-y-campanas-de-entreculturas-nuevo-presidente-de-la-coordinadora-de-ong-de-desarrollo\\\/#breadcrumb\",\"itemListElement\":[{\"@type\":\"ListItem\",\"position\":1,\"name\":\"Home\",\"item\":\"https:\\\/\\\/www.entreculturas.org\\\/gl\\\/\"},{\"@type\":\"ListItem\",\"position\":2,\"name\":\"Noticias\",\"item\":\"https:\\\/\\\/www.entreculturas.org\\\/gl\\\/noticias\\\/\"},{\"@type\":\"ListItem\",\"position\":3,\"name\":\"Nacho Esteve, coordinador del \u00e1rea de comunicaci\u00f3n y campa\u00f1as de Entreculturas, nuevo presidente de la Coordinadora de ONG de Desarrollo.\"}]},{\"@type\":\"WebSite\",\"@id\":\"https:\\\/\\\/www.entreculturas.org\\\/gl\\\/#website\",\"url\":\"https:\\\/\\\/www.entreculturas.org\\\/gl\\\/\",\"name\":\"Entreculturas\",\"description\":\"\",\"publisher\":{\"@id\":\"https:\\\/\\\/www.entreculturas.org\\\/gl\\\/#organization\"},\"alternateName\":\"Entreculturas\",\"potentialAction\":[{\"@type\":\"SearchAction\",\"target\":{\"@type\":\"EntryPoint\",\"urlTemplate\":\"https:\\\/\\\/www.entreculturas.org\\\/gl\\\/?s={search_term_string}\"},\"query-input\":{\"@type\":\"PropertyValueSpecification\",\"valueRequired\":true,\"valueName\":\"search_term_string\"}}],\"inLanguage\":\"gl-ES\"},{\"@type\":\"Organization\",\"@id\":\"https:\\\/\\\/www.entreculturas.org\\\/gl\\\/#organization\",\"name\":\"Entreculturas\",\"url\":\"https:\\\/\\\/www.entreculturas.org\\\/gl\\\/\",\"logo\":{\"@type\":\"ImageObject\",\"inLanguage\":\"gl-ES\",\"@id\":\"https:\\\/\\\/www.entreculturas.org\\\/gl\\\/#\\\/schema\\\/logo\\\/image\\\/\",\"url\":\"https:\\\/\\\/www.entreculturas.org\\\/wp-content\\\/uploads\\\/2025\\\/10\\\/ESP.svg\",\"contentUrl\":\"https:\\\/\\\/www.entreculturas.org\\\/wp-content\\\/uploads\\\/2025\\\/10\\\/ESP.svg\",\"caption\":\"Entreculturas\"},\"image\":{\"@id\":\"https:\\\/\\\/www.entreculturas.org\\\/gl\\\/#\\\/schema\\\/logo\\\/image\\\/\"},\"sameAs\":[\"https:\\\/\\\/www.facebook.com\\\/entreculturas\",\"https:\\\/\\\/x.com\\\/Entreculturas\",\"https:\\\/\\\/www.instagram.com\\\/entreculturas\\\/\",\"https:\\\/\\\/www.youtube.com\\\/user\\\/entreculturasvideo\",\"https:\\\/\\\/www.linkedin.com\\\/company\\\/fundacion-entreculturas-ngdo\\\/\",\"https:\\\/\\\/www.flickr.com\\\/photos\\\/98455522@N04\\\/albums\\\/\"]}]}<\/script>\n<!-- \/ Yoast SEO Premium plugin. -->","yoast_head_json":{"title":"Nacho Esteve, coordinador del \u00e1rea de comunicaci\u00f3n y campa\u00f1as de Entreculturas, nuevo presidente de la Coordinadora de ONG de Desarrollo. - Entreculturas","description":"La Coordinadora de ONG de desarrollo de Espa\u00f1aeligi\u00f3 a nuestro compa\u00f1ero\u00a0 Nacho Esteve, como nuevo presidente en el marco de su Asamblea General.\u00a0","robots":{"index":"index","follow":"follow","max-snippet":"max-snippet:-1","max-image-preview":"max-image-preview:large","max-video-preview":"max-video-preview:-1"},"canonical":"https:\/\/www.entreculturas.org\/gl\/noticia\/nacho-esteve-coordinador-del-area-de-comunicacion-y-campanas-de-entreculturas-nuevo-presidente-de-la-coordinadora-de-ong-de-desarrollo\/","og_locale":"gl_ES","og_type":"article","og_title":"Nacho Esteve, coordinador del \u00e1rea de comunicaci\u00f3n y campa\u00f1as de Entreculturas, nuevo presidente de la Coordinadora de ONG de Desarrollo.","og_description":"La Coordinadora de ONG de desarrollo de Espa\u00f1aeligi\u00f3 a nuestro compa\u00f1ero\u00a0 Nacho Esteve, como nuevo presidente en el marco de su Asamblea General.\u00a0","og_url":"https:\/\/www.entreculturas.org\/gl\/noticia\/nacho-esteve-coordinador-del-area-de-comunicacion-y-campanas-de-entreculturas-nuevo-presidente-de-la-coordinadora-de-ong-de-desarrollo\/","og_site_name":"Entreculturas","article_publisher":"https:\/\/www.facebook.com\/entreculturas","article_modified_time":"2026-04-30T14:03:06+00:00","og_image":[{"width":1800,"height":1289,"url":"https:\/\/www.entreculturas.org\/wp-content\/uploads\/2026\/04\/20260429_152840-scaled-e1777557746841.jpg","type":"image\/jpeg"}],"twitter_card":"summary_large_image","twitter_site":"@Entreculturas","schema":{"@context":"https:\/\/schema.org","@graph":[{"@type":"WebPage","@id":"https:\/\/www.entreculturas.org\/gl\/noticia\/nacho-esteve-coordinador-del-area-de-comunicacion-y-campanas-de-entreculturas-nuevo-presidente-de-la-coordinadora-de-ong-de-desarrollo\/","url":"https:\/\/www.entreculturas.org\/gl\/noticia\/nacho-esteve-coordinador-del-area-de-comunicacion-y-campanas-de-entreculturas-nuevo-presidente-de-la-coordinadora-de-ong-de-desarrollo\/","name":"Nacho Esteve, coordinador del \u00e1rea de comunicaci\u00f3n y campa\u00f1as de Entreculturas, nuevo presidente de la Coordinadora de ONG de Desarrollo. - Entreculturas","isPartOf":{"@id":"https:\/\/www.entreculturas.org\/gl\/#website"},"primaryImageOfPage":{"@id":"https:\/\/www.entreculturas.org\/gl\/noticia\/nacho-esteve-coordinador-del-area-de-comunicacion-y-campanas-de-entreculturas-nuevo-presidente-de-la-coordinadora-de-ong-de-desarrollo\/#primaryimage"},"image":{"@id":"https:\/\/www.entreculturas.org\/gl\/noticia\/nacho-esteve-coordinador-del-area-de-comunicacion-y-campanas-de-entreculturas-nuevo-presidente-de-la-coordinadora-de-ong-de-desarrollo\/#primaryimage"},"thumbnailUrl":"https:\/\/www.entreculturas.org\/wp-content\/uploads\/2026\/04\/20260429_152840-scaled-e1777557746841.jpg","datePublished":"2026-04-30T13:42:44+00:00","dateModified":"2026-04-30T14:03:06+00:00","description":"La Coordinadora de ONG de desarrollo de Espa\u00f1aeligi\u00f3 a nuestro compa\u00f1ero\u00a0 Nacho Esteve, como nuevo presidente en el marco de su Asamblea General.\u00a0","breadcrumb":{"@id":"https:\/\/www.entreculturas.org\/gl\/noticia\/nacho-esteve-coordinador-del-area-de-comunicacion-y-campanas-de-entreculturas-nuevo-presidente-de-la-coordinadora-de-ong-de-desarrollo\/#breadcrumb"},"inLanguage":"gl-ES","potentialAction":[{"@type":"ReadAction","target":["https:\/\/www.entreculturas.org\/gl\/noticia\/nacho-esteve-coordinador-del-area-de-comunicacion-y-campanas-de-entreculturas-nuevo-presidente-de-la-coordinadora-de-ong-de-desarrollo\/"]}]},{"@type":"ImageObject","inLanguage":"gl-ES","@id":"https:\/\/www.entreculturas.org\/gl\/noticia\/nacho-esteve-coordinador-del-area-de-comunicacion-y-campanas-de-entreculturas-nuevo-presidente-de-la-coordinadora-de-ong-de-desarrollo\/#primaryimage","url":"https:\/\/www.entreculturas.org\/wp-content\/uploads\/2026\/04\/20260429_152840-scaled-e1777557746841.jpg","contentUrl":"https:\/\/www.entreculturas.org\/wp-content\/uploads\/2026\/04\/20260429_152840-scaled-e1777557746841.jpg","width":1800,"height":1289,"caption":"personas en rueda de prensa"},{"@type":"BreadcrumbList","@id":"https:\/\/www.entreculturas.org\/gl\/noticia\/nacho-esteve-coordinador-del-area-de-comunicacion-y-campanas-de-entreculturas-nuevo-presidente-de-la-coordinadora-de-ong-de-desarrollo\/#breadcrumb","itemListElement":[{"@type":"ListItem","position":1,"name":"Home","item":"https:\/\/www.entreculturas.org\/gl\/"},{"@type":"ListItem","position":2,"name":"Noticias","item":"https:\/\/www.entreculturas.org\/gl\/noticias\/"},{"@type":"ListItem","position":3,"name":"Nacho Esteve, coordinador del \u00e1rea de comunicaci\u00f3n y campa\u00f1as de Entreculturas, nuevo presidente de la Coordinadora de ONG de Desarrollo."}]},{"@type":"WebSite","@id":"https:\/\/www.entreculturas.org\/gl\/#website","url":"https:\/\/www.entreculturas.org\/gl\/","name":"Entreculturas","description":"","publisher":{"@id":"https:\/\/www.entreculturas.org\/gl\/#organization"},"alternateName":"Entreculturas","potentialAction":[{"@type":"SearchAction","target":{"@type":"EntryPoint","urlTemplate":"https:\/\/www.entreculturas.org\/gl\/?s={search_term_string}"},"query-input":{"@type":"PropertyValueSpecification","valueRequired":true,"valueName":"search_term_string"}}],"inLanguage":"gl-ES"},{"@type":"Organization","@id":"https:\/\/www.entreculturas.org\/gl\/#organization","name":"Entreculturas","url":"https:\/\/www.entreculturas.org\/gl\/","logo":{"@type":"ImageObject","inLanguage":"gl-ES","@id":"https:\/\/www.entreculturas.org\/gl\/#\/schema\/logo\/image\/","url":"https:\/\/www.entreculturas.org\/wp-content\/uploads\/2025\/10\/ESP.svg","contentUrl":"https:\/\/www.entreculturas.org\/wp-content\/uploads\/2025\/10\/ESP.svg","caption":"Entreculturas"},"image":{"@id":"https:\/\/www.entreculturas.org\/gl\/#\/schema\/logo\/image\/"},"sameAs":["https:\/\/www.facebook.com\/entreculturas","https:\/\/x.com\/Entreculturas","https:\/\/www.instagram.com\/entreculturas\/","https:\/\/www.youtube.com\/user\/entreculturasvideo","https:\/\/www.linkedin.com\/company\/fundacion-entreculturas-ngdo\/","https:\/\/www.flickr.com\/photos\/98455522@N04\/albums\/"]}]}},"_links":{"self":[{"href":"https:\/\/www.entreculturas.org\/gl\/wp-json\/wp\/v2\/noticia\/48007","targetHints":{"allow":["GET"]}}],"collection":[{"href":"https:\/\/www.entreculturas.org\/gl\/wp-json\/wp\/v2\/noticia"}],"about":[{"href":"https:\/\/www.entreculturas.org\/gl\/wp-json\/wp\/v2\/types\/noticia"}],"wp:featuredmedia":[{"embeddable":true,"href":"https:\/\/www.entreculturas.org\/gl\/wp-json\/wp\/v2\/media\/48010"}],"wp:attachment":[{"href":"https:\/\/www.entreculturas.org\/gl\/wp-json\/wp\/v2\/media?parent=48007"}],"wp:term":[{"taxonomy":"category","embeddable":true,"href":"https:\/\/www.entreculturas.org\/gl\/wp-json\/wp\/v2\/categories?post=48007"},{"taxonomy":"post_tag","embeddable":true,"href":"https:\/\/www.entreculturas.org\/gl\/wp-json\/wp\/v2\/tags?post=48007"},{"taxonomy":"country","embeddable":true,"href":"https:\/\/www.entreculturas.org\/gl\/wp-json\/wp\/v2\/country?post=48007"},{"taxonomy":"cause","embeddable":true,"href":"https:\/\/www.entreculturas.org\/gl\/wp-json\/wp\/v2\/cause?post=48007"}],"curies":[{"name":"wp","href":"https:\/\/api.w.org\/{rel}","templated":true}]}}