{"id":4750,"date":"2020-06-09T07:48:52","date_gmt":"2020-06-09T07:48:52","guid":{"rendered":"https:\/\/entreculturasi.wpenginepowered.com\/?noticias=desde-la-cme-presentamos-nuestras-propuestas-sobre-cooperacion-en-educacion-la-ministra-de"},"modified":"2024-03-06T18:24:47","modified_gmt":"2024-03-06T17:24:47","slug":"desde-la-cme-presentamos-nuestras-propuestas-sobre-cooperacion-en-educacion-la-ministra-de","status":"publish","type":"noticia","link":"https:\/\/www.entreculturas.org\/gl\/noticia\/desde-la-cme-presentamos-nuestras-propuestas-sobre-cooperacion-en-educacion-la-ministra-de\/","title":{"rendered":"Desde la CME presentamos nuestras propuestas sobre cooperaci\u00f3n en educaci\u00f3n a la Ministra de Asuntos Exteriores"},"content":{"rendered":"<p>El pasado viernes 5 de junio, representantes de la Coalici\u00f3n Espa\u00f1ola de la <a href=\"https:\/\/cme-espana.org\/\" target=\"_blank\" rel=\"noopener\">Campa\u00f1a Mundial por la Educaci\u00f3n (CME)<\/a>, entre ellos nuestro Director Ejecutivo Ram\u00f3n Almansa, presentaron las propuestas&nbsp;en materia de <strong>cooperaci\u00f3n en educaci\u00f3n asociadas a la campa\u00f1a #LaMejorLecci\u00f3n ante la Ministra de Asuntos Exteriores, Arancha Gonz\u00e1lez Laya, y la Secretaria de Estado de Cooperaci\u00f3n y Directora de la Agencia Espa\u00f1ola de Cooperaci\u00f3n Internacional (AECID), \u00c1ngeles Moreno Bau<\/strong>. El encuentro se caracteriz\u00f3 por la cordialidad y la voluntad de colaboraci\u00f3n entre ambas partes, y permiti\u00f3 establecer un di\u00e1logo constructivo entre el Ministerio y la sociedad civil, representada por la CME, sobre c\u00f3mo fortalecer conjuntamente la estrategia de la cooperaci\u00f3n espa\u00f1ola para dar respuesta al COVID-19, especialmente en materia de educaci\u00f3n.<\/p>\n<p>La Coalici\u00f3n Espa\u00f1ola de la CME estuvo representada por su coordinadora, Cristina \u00c1lvarez, y por los Directores y Directoras de las organizaciones que la lideran: Fernando Mudarra (Ayuda en Acci\u00f3n), Macarena C\u00e9spedes (Educo), Concha L\u00f3pez (Plan International Espa\u00f1a) y Ram\u00f3n Almansa (Entreculturas), quien adem\u00e1s representaba al Movimiento por la Educaci\u00f3n Transformadora y la Ciudadan\u00eda Global, del que tambi\u00e9n forma parte Entreculturas y que colabora con la CME en la campa\u00f1a #LaMejorLecci\u00f3n. Por parte del Ministerio de Exteriores, asistieron su m\u00e1xima responsable, la Ministra Arancha Gonz\u00e1lez Laya, y la Secretaria de Estado de Cooperaci\u00f3n y Directora de la Agencia Espa\u00f1ola de Cooperaci\u00f3n Internacional (AECID), \u00c1ngeles Moreno Bau.<br \/>&nbsp;<\/p>\n<\/p>\n<p>La CME ya hab\u00eda hecho llegar al Ministerio las demandas pol\u00edticas de #LaMejorLecci\u00f3n&nbsp;a trav\u00e9s del documento de posicionamiento de la campa\u00f1a y de la <a href=\"https:\/\/cme-espana.org\/wp-content\/uploads\/2020\/06\/Carta-abierta-a-representantes-pol%C3%ADticos_LaMejorLecci%C3%B3n_Mayo-2020_280520.pdf\" target=\"_blank\" rel=\"noopener\">Carta abierta<\/a> a representantes pol\u00edticos sobre protecci\u00f3n de la educaci\u00f3n frente a la COVID-19, que cuenta con casi 200 adhesiones. En el marco de esta reuni\u00f3n, los y las representantes de la CME pudieron detallar estas propuestas de forma m\u00e1s exhaustiva, entre las que destacan la<strong> urgencia de recuperar la importancia de la cooperaci\u00f3n para el desarrollo como pol\u00edtica p\u00fablica<\/strong>, la importancia de reactivar la inversi\u00f3n espa\u00f1ola en cooperaci\u00f3n, <strong>especialmente en el \u00e1mbito de la educaci\u00f3n<\/strong> (tanto en educaci\u00f3n b\u00e1sica como en educaci\u00f3n en emergencias), y la pertinencia de <strong>reforzar la educaci\u00f3n para la ciudadan\u00eda global.<\/strong><\/p>\n<p>En t\u00e9rminos generales, las propuestas presentadas coinciden con las l\u00edneas de trabajo del Ministerio de Exteriores, sobre todo en lo que se refiere al compromiso pol\u00edtico de devolver a la cooperaci\u00f3n para el desarrollo el espacio que se merece y reposicionar a Espa\u00f1a como donante internacional, todo ello en el marco de la Agenda de los Objetivos de Desarrollo Sostenible (ODS). Asimismo, <strong>se mantiene la voluntad de avanzar en la reforma de la cooperaci\u00f3n espa\u00f1ola<\/strong>, as\u00ed como de mantener el compromiso realizado al inicio de la legislatura de <strong>aumentar la Ayuda Oficial al Desarrollo (AOD) hasta un 0,5% de la RNB en 2023<\/strong>, teniendo en cuenta las limitaciones impuestas por la crisis de la COVID-19. Por \u00faltimo, existe tambi\u00e9n consenso en cuanto a la importancia de <strong>reforzar la cooperaci\u00f3n espa\u00f1ola en educaci\u00f3n<\/strong>, algo m\u00e1s necesario que nunca en la nueva realidad post-COVID a la que nos enfrentamos, si bien la manera concreta de hacerlo est\u00e1 a\u00fan por definir.<\/p>\n<p>En este momento en el que se est\u00e1 definiendo el plan de la cooperaci\u00f3n espa\u00f1ola en respuesta al COVID-19, <strong>queremos agradecer la voluntad de colaboraci\u00f3n y trabajo conjunto con la sociedad civil que est\u00e1 demostrando el Ministerio de Exteriores<\/strong>, en la persona de la Ministra y la Secretaria de Estado de Cooperaci\u00f3n, as\u00ed como su disposici\u00f3n para, en futuras reuniones, llegar a acuerdos sobre aquellos aspectos en los que el consenso pueda no ser tan claro. La recuperaci\u00f3n del espacio de la sociedad civil es fundamental, especialmente en el contexto en que nos encontramos, de manera que esta reuni\u00f3n es, en cualquier caso, una buena noticia.<\/p>\n","protected":false},"excerpt":{"rendered":"<p>El pasado viernes 5 de junio, representantes de CME, entre ellos nuestro Director Ejecutivo Ram\u00f3n Almansa, presentaron las propuestas en materia de cooperaci\u00f3n en educaci\u00f3n asociadas a la campa\u00f1a #LaMejorLecci\u00f3n ante la Ministra de Asuntos Exteriores, Arancha Gonz\u00e1lez Laya, y la Secretaria de Estado de Cooperaci\u00f3n y Directora de la Agencia Espa\u00f1ola de Cooperaci\u00f3n Internacional (AECID), \u00c1ngeles Moreno Bau. <\/p>\n","protected":false},"featured_media":4748,"template":"single-noticia","meta":{"_acf_changed":false},"categories":[7],"tags":[289],"country":[],"cause":[128],"class_list":["post-4750","noticia","type-noticia","status-publish","has-post-thumbnail","hentry","category-noticia","tag-educacion","cause-educacion"],"acf":[],"yoast_head":"<!-- This site is optimized with the Yoast SEO Premium plugin v21.6 (Yoast SEO v27.5) - https:\/\/yoast.com\/product\/yoast-seo-premium-wordpress\/ -->\n<title>Desde la CME presentamos nuestras propuestas sobre cooperaci\u00f3n en educaci\u00f3n a la Ministra de Asuntos Exteriores - Entreculturas<\/title>\n<meta name=\"robots\" content=\"index, follow, max-snippet:-1, max-image-preview:large, max-video-preview:-1\" \/>\n<link rel=\"canonical\" href=\"https:\/\/www.entreculturas.org\/gl\/noticia\/desde-la-cme-presentamos-nuestras-propuestas-sobre-cooperacion-en-educacion-la-ministra-de\/\" \/>\n<meta property=\"og:locale\" content=\"gl_ES\" \/>\n<meta property=\"og:type\" content=\"article\" \/>\n<meta property=\"og:title\" content=\"Desde la CME presentamos nuestras propuestas sobre cooperaci\u00f3n en educaci\u00f3n a la Ministra de Asuntos Exteriores\" \/>\n<meta property=\"og:description\" content=\"El pasado viernes 5 de junio, representantes de CME, entre ellos nuestro Director Ejecutivo Ram\u00f3n Almansa, presentaron las propuestas en materia de cooperaci\u00f3n en educaci\u00f3n asociadas a la campa\u00f1a #LaMejorLecci\u00f3n ante la Ministra de Asuntos Exteriores, Arancha Gonz\u00e1lez Laya, y la Secretaria de Estado de Cooperaci\u00f3n y Directora de la Agencia Espa\u00f1ola de Cooperaci\u00f3n Internacional (AECID), \u00c1ngeles Moreno Bau.\" \/>\n<meta property=\"og:url\" content=\"https:\/\/www.entreculturas.org\/gl\/noticia\/desde-la-cme-presentamos-nuestras-propuestas-sobre-cooperacion-en-educacion-la-ministra-de\/\" \/>\n<meta property=\"og:site_name\" content=\"Entreculturas\" \/>\n<meta property=\"article:publisher\" content=\"https:\/\/www.facebook.com\/entreculturas\" \/>\n<meta property=\"article:modified_time\" content=\"2024-03-06T17:24:47+00:00\" \/>\n<meta property=\"og:image\" content=\"https:\/\/www.entreculturas.org\/wp-content\/uploads\/2020\/06\/reunioncme_4.jpeg\" \/>\n\t<meta property=\"og:image:width\" content=\"800\" \/>\n\t<meta property=\"og:image:height\" content=\"600\" \/>\n\t<meta property=\"og:image:type\" content=\"image\/jpeg\" \/>\n<meta name=\"twitter:card\" content=\"summary_large_image\" \/>\n<meta name=\"twitter:site\" content=\"@Entreculturas\" \/>\n<script type=\"application\/ld+json\" class=\"yoast-schema-graph\">{\"@context\":\"https:\\\/\\\/schema.org\",\"@graph\":[{\"@type\":\"WebPage\",\"@id\":\"https:\\\/\\\/www.entreculturas.org\\\/gl\\\/noticia\\\/desde-la-cme-presentamos-nuestras-propuestas-sobre-cooperacion-en-educacion-la-ministra-de\\\/\",\"url\":\"https:\\\/\\\/www.entreculturas.org\\\/gl\\\/noticia\\\/desde-la-cme-presentamos-nuestras-propuestas-sobre-cooperacion-en-educacion-la-ministra-de\\\/\",\"name\":\"Desde la CME presentamos nuestras propuestas sobre cooperaci\u00f3n en educaci\u00f3n a la Ministra de Asuntos Exteriores - Entreculturas\",\"isPartOf\":{\"@id\":\"https:\\\/\\\/www.entreculturas.org\\\/gl\\\/#website\"},\"primaryImageOfPage\":{\"@id\":\"https:\\\/\\\/www.entreculturas.org\\\/gl\\\/noticia\\\/desde-la-cme-presentamos-nuestras-propuestas-sobre-cooperacion-en-educacion-la-ministra-de\\\/#primaryimage\"},\"image\":{\"@id\":\"https:\\\/\\\/www.entreculturas.org\\\/gl\\\/noticia\\\/desde-la-cme-presentamos-nuestras-propuestas-sobre-cooperacion-en-educacion-la-ministra-de\\\/#primaryimage\"},\"thumbnailUrl\":\"https:\\\/\\\/www.entreculturas.org\\\/wp-content\\\/uploads\\\/2020\\\/06\\\/reunioncme_4.jpeg\",\"datePublished\":\"2020-06-09T07:48:52+00:00\",\"dateModified\":\"2024-03-06T17:24:47+00:00\",\"breadcrumb\":{\"@id\":\"https:\\\/\\\/www.entreculturas.org\\\/gl\\\/noticia\\\/desde-la-cme-presentamos-nuestras-propuestas-sobre-cooperacion-en-educacion-la-ministra-de\\\/#breadcrumb\"},\"inLanguage\":\"gl-ES\",\"potentialAction\":[{\"@type\":\"ReadAction\",\"target\":[\"https:\\\/\\\/www.entreculturas.org\\\/gl\\\/noticia\\\/desde-la-cme-presentamos-nuestras-propuestas-sobre-cooperacion-en-educacion-la-ministra-de\\\/\"]}]},{\"@type\":\"ImageObject\",\"inLanguage\":\"gl-ES\",\"@id\":\"https:\\\/\\\/www.entreculturas.org\\\/gl\\\/noticia\\\/desde-la-cme-presentamos-nuestras-propuestas-sobre-cooperacion-en-educacion-la-ministra-de\\\/#primaryimage\",\"url\":\"https:\\\/\\\/www.entreculturas.org\\\/wp-content\\\/uploads\\\/2020\\\/06\\\/reunioncme_4.jpeg\",\"contentUrl\":\"https:\\\/\\\/www.entreculturas.org\\\/wp-content\\\/uploads\\\/2020\\\/06\\\/reunioncme_4.jpeg\",\"width\":800,\"height\":600},{\"@type\":\"BreadcrumbList\",\"@id\":\"https:\\\/\\\/www.entreculturas.org\\\/gl\\\/noticia\\\/desde-la-cme-presentamos-nuestras-propuestas-sobre-cooperacion-en-educacion-la-ministra-de\\\/#breadcrumb\",\"itemListElement\":[{\"@type\":\"ListItem\",\"position\":1,\"name\":\"Home\",\"item\":\"https:\\\/\\\/www.entreculturas.org\\\/gl\\\/\"},{\"@type\":\"ListItem\",\"position\":2,\"name\":\"Noticias\",\"item\":\"https:\\\/\\\/www.entreculturas.org\\\/gl\\\/noticias\\\/\"},{\"@type\":\"ListItem\",\"position\":3,\"name\":\"Desde la CME presentamos nuestras propuestas sobre cooperaci\u00f3n en educaci\u00f3n a la Ministra de Asuntos Exteriores\"}]},{\"@type\":\"WebSite\",\"@id\":\"https:\\\/\\\/www.entreculturas.org\\\/gl\\\/#website\",\"url\":\"https:\\\/\\\/www.entreculturas.org\\\/gl\\\/\",\"name\":\"Entreculturas\",\"description\":\"\",\"publisher\":{\"@id\":\"https:\\\/\\\/www.entreculturas.org\\\/gl\\\/#organization\"},\"alternateName\":\"Entreculturas\",\"potentialAction\":[{\"@type\":\"SearchAction\",\"target\":{\"@type\":\"EntryPoint\",\"urlTemplate\":\"https:\\\/\\\/www.entreculturas.org\\\/gl\\\/?s={search_term_string}\"},\"query-input\":{\"@type\":\"PropertyValueSpecification\",\"valueRequired\":true,\"valueName\":\"search_term_string\"}}],\"inLanguage\":\"gl-ES\"},{\"@type\":\"Organization\",\"@id\":\"https:\\\/\\\/www.entreculturas.org\\\/gl\\\/#organization\",\"name\":\"Entreculturas\",\"url\":\"https:\\\/\\\/www.entreculturas.org\\\/gl\\\/\",\"logo\":{\"@type\":\"ImageObject\",\"inLanguage\":\"gl-ES\",\"@id\":\"https:\\\/\\\/www.entreculturas.org\\\/gl\\\/#\\\/schema\\\/logo\\\/image\\\/\",\"url\":\"https:\\\/\\\/www.entreculturas.org\\\/wp-content\\\/uploads\\\/2025\\\/10\\\/ESP.svg\",\"contentUrl\":\"https:\\\/\\\/www.entreculturas.org\\\/wp-content\\\/uploads\\\/2025\\\/10\\\/ESP.svg\",\"caption\":\"Entreculturas\"},\"image\":{\"@id\":\"https:\\\/\\\/www.entreculturas.org\\\/gl\\\/#\\\/schema\\\/logo\\\/image\\\/\"},\"sameAs\":[\"https:\\\/\\\/www.facebook.com\\\/entreculturas\",\"https:\\\/\\\/x.com\\\/Entreculturas\",\"https:\\\/\\\/www.instagram.com\\\/entreculturas\\\/\",\"https:\\\/\\\/www.youtube.com\\\/user\\\/entreculturasvideo\",\"https:\\\/\\\/www.linkedin.com\\\/company\\\/fundacion-entreculturas-ngdo\\\/\",\"https:\\\/\\\/www.flickr.com\\\/photos\\\/98455522@N04\\\/albums\\\/\"]}]}<\/script>\n<!-- \/ Yoast SEO Premium plugin. -->","yoast_head_json":{"title":"Desde la CME presentamos nuestras propuestas sobre cooperaci\u00f3n en educaci\u00f3n a la Ministra de Asuntos Exteriores - Entreculturas","robots":{"index":"index","follow":"follow","max-snippet":"max-snippet:-1","max-image-preview":"max-image-preview:large","max-video-preview":"max-video-preview:-1"},"canonical":"https:\/\/www.entreculturas.org\/gl\/noticia\/desde-la-cme-presentamos-nuestras-propuestas-sobre-cooperacion-en-educacion-la-ministra-de\/","og_locale":"gl_ES","og_type":"article","og_title":"Desde la CME presentamos nuestras propuestas sobre cooperaci\u00f3n en educaci\u00f3n a la Ministra de Asuntos Exteriores","og_description":"El pasado viernes 5 de junio, representantes de CME, entre ellos nuestro Director Ejecutivo Ram\u00f3n Almansa, presentaron las propuestas en materia de cooperaci\u00f3n en educaci\u00f3n asociadas a la campa\u00f1a #LaMejorLecci\u00f3n ante la Ministra de Asuntos Exteriores, Arancha Gonz\u00e1lez Laya, y la Secretaria de Estado de Cooperaci\u00f3n y Directora de la Agencia Espa\u00f1ola de Cooperaci\u00f3n Internacional (AECID), \u00c1ngeles Moreno Bau.","og_url":"https:\/\/www.entreculturas.org\/gl\/noticia\/desde-la-cme-presentamos-nuestras-propuestas-sobre-cooperacion-en-educacion-la-ministra-de\/","og_site_name":"Entreculturas","article_publisher":"https:\/\/www.facebook.com\/entreculturas","article_modified_time":"2024-03-06T17:24:47+00:00","og_image":[{"width":800,"height":600,"url":"https:\/\/www.entreculturas.org\/wp-content\/uploads\/2020\/06\/reunioncme_4.jpeg","type":"image\/jpeg"}],"twitter_card":"summary_large_image","twitter_site":"@Entreculturas","schema":{"@context":"https:\/\/schema.org","@graph":[{"@type":"WebPage","@id":"https:\/\/www.entreculturas.org\/gl\/noticia\/desde-la-cme-presentamos-nuestras-propuestas-sobre-cooperacion-en-educacion-la-ministra-de\/","url":"https:\/\/www.entreculturas.org\/gl\/noticia\/desde-la-cme-presentamos-nuestras-propuestas-sobre-cooperacion-en-educacion-la-ministra-de\/","name":"Desde la CME presentamos nuestras propuestas sobre cooperaci\u00f3n en educaci\u00f3n a la Ministra de Asuntos Exteriores - Entreculturas","isPartOf":{"@id":"https:\/\/www.entreculturas.org\/gl\/#website"},"primaryImageOfPage":{"@id":"https:\/\/www.entreculturas.org\/gl\/noticia\/desde-la-cme-presentamos-nuestras-propuestas-sobre-cooperacion-en-educacion-la-ministra-de\/#primaryimage"},"image":{"@id":"https:\/\/www.entreculturas.org\/gl\/noticia\/desde-la-cme-presentamos-nuestras-propuestas-sobre-cooperacion-en-educacion-la-ministra-de\/#primaryimage"},"thumbnailUrl":"https:\/\/www.entreculturas.org\/wp-content\/uploads\/2020\/06\/reunioncme_4.jpeg","datePublished":"2020-06-09T07:48:52+00:00","dateModified":"2024-03-06T17:24:47+00:00","breadcrumb":{"@id":"https:\/\/www.entreculturas.org\/gl\/noticia\/desde-la-cme-presentamos-nuestras-propuestas-sobre-cooperacion-en-educacion-la-ministra-de\/#breadcrumb"},"inLanguage":"gl-ES","potentialAction":[{"@type":"ReadAction","target":["https:\/\/www.entreculturas.org\/gl\/noticia\/desde-la-cme-presentamos-nuestras-propuestas-sobre-cooperacion-en-educacion-la-ministra-de\/"]}]},{"@type":"ImageObject","inLanguage":"gl-ES","@id":"https:\/\/www.entreculturas.org\/gl\/noticia\/desde-la-cme-presentamos-nuestras-propuestas-sobre-cooperacion-en-educacion-la-ministra-de\/#primaryimage","url":"https:\/\/www.entreculturas.org\/wp-content\/uploads\/2020\/06\/reunioncme_4.jpeg","contentUrl":"https:\/\/www.entreculturas.org\/wp-content\/uploads\/2020\/06\/reunioncme_4.jpeg","width":800,"height":600},{"@type":"BreadcrumbList","@id":"https:\/\/www.entreculturas.org\/gl\/noticia\/desde-la-cme-presentamos-nuestras-propuestas-sobre-cooperacion-en-educacion-la-ministra-de\/#breadcrumb","itemListElement":[{"@type":"ListItem","position":1,"name":"Home","item":"https:\/\/www.entreculturas.org\/gl\/"},{"@type":"ListItem","position":2,"name":"Noticias","item":"https:\/\/www.entreculturas.org\/gl\/noticias\/"},{"@type":"ListItem","position":3,"name":"Desde la CME presentamos nuestras propuestas sobre cooperaci\u00f3n en educaci\u00f3n a la Ministra de Asuntos Exteriores"}]},{"@type":"WebSite","@id":"https:\/\/www.entreculturas.org\/gl\/#website","url":"https:\/\/www.entreculturas.org\/gl\/","name":"Entreculturas","description":"","publisher":{"@id":"https:\/\/www.entreculturas.org\/gl\/#organization"},"alternateName":"Entreculturas","potentialAction":[{"@type":"SearchAction","target":{"@type":"EntryPoint","urlTemplate":"https:\/\/www.entreculturas.org\/gl\/?s={search_term_string}"},"query-input":{"@type":"PropertyValueSpecification","valueRequired":true,"valueName":"search_term_string"}}],"inLanguage":"gl-ES"},{"@type":"Organization","@id":"https:\/\/www.entreculturas.org\/gl\/#organization","name":"Entreculturas","url":"https:\/\/www.entreculturas.org\/gl\/","logo":{"@type":"ImageObject","inLanguage":"gl-ES","@id":"https:\/\/www.entreculturas.org\/gl\/#\/schema\/logo\/image\/","url":"https:\/\/www.entreculturas.org\/wp-content\/uploads\/2025\/10\/ESP.svg","contentUrl":"https:\/\/www.entreculturas.org\/wp-content\/uploads\/2025\/10\/ESP.svg","caption":"Entreculturas"},"image":{"@id":"https:\/\/www.entreculturas.org\/gl\/#\/schema\/logo\/image\/"},"sameAs":["https:\/\/www.facebook.com\/entreculturas","https:\/\/x.com\/Entreculturas","https:\/\/www.instagram.com\/entreculturas\/","https:\/\/www.youtube.com\/user\/entreculturasvideo","https:\/\/www.linkedin.com\/company\/fundacion-entreculturas-ngdo\/","https:\/\/www.flickr.com\/photos\/98455522@N04\/albums\/"]}]}},"_links":{"self":[{"href":"https:\/\/www.entreculturas.org\/gl\/wp-json\/wp\/v2\/noticia\/4750","targetHints":{"allow":["GET"]}}],"collection":[{"href":"https:\/\/www.entreculturas.org\/gl\/wp-json\/wp\/v2\/noticia"}],"about":[{"href":"https:\/\/www.entreculturas.org\/gl\/wp-json\/wp\/v2\/types\/noticia"}],"wp:featuredmedia":[{"embeddable":true,"href":"https:\/\/www.entreculturas.org\/gl\/wp-json\/wp\/v2\/media\/4748"}],"wp:attachment":[{"href":"https:\/\/www.entreculturas.org\/gl\/wp-json\/wp\/v2\/media?parent=4750"}],"wp:term":[{"taxonomy":"category","embeddable":true,"href":"https:\/\/www.entreculturas.org\/gl\/wp-json\/wp\/v2\/categories?post=4750"},{"taxonomy":"post_tag","embeddable":true,"href":"https:\/\/www.entreculturas.org\/gl\/wp-json\/wp\/v2\/tags?post=4750"},{"taxonomy":"country","embeddable":true,"href":"https:\/\/www.entreculturas.org\/gl\/wp-json\/wp\/v2\/country?post=4750"},{"taxonomy":"cause","embeddable":true,"href":"https:\/\/www.entreculturas.org\/gl\/wp-json\/wp\/v2\/cause?post=4750"}],"curies":[{"name":"wp","href":"https:\/\/api.w.org\/{rel}","templated":true}]}}