{"id":4710,"date":"2020-05-28T10:32:00","date_gmt":"2020-05-28T10:32:00","guid":{"rendered":"https:\/\/entreculturasi.wpenginepowered.com\/?noticias=los-ninos-y-ninas-refugiados-sirios-en-libano-siguen-con-su-formacion-educativa-distancia"},"modified":"2024-03-14T14:52:42","modified_gmt":"2024-03-14T13:52:42","slug":"los-ninos-y-ninas-refugiados-sirios-en-libano-siguen-con-su-formacion-educativa-distancia","status":"publish","type":"noticia","link":"https:\/\/www.entreculturas.org\/gl\/noticia\/los-ninos-y-ninas-refugiados-sirios-en-libano-siguen-con-su-formacion-educativa-distancia\/","title":{"rendered":"Los ni\u00f1os y ni\u00f1as refugiados sirios en L\u00edbano siguen con su formaci\u00f3n educativa a distancia"},"content":{"rendered":"<\/p>\n<p>La educaci\u00f3n es un derecho fundamental que se ha visto gravemente afectado en el marco de la crisis sanitaria del COVID-19. Seg\u00fan la UNESCO, las escuelas han permanecido cerradas en m\u00e1s de 150 pa\u00edses durante el mes de mayo, lo que representa que <strong>el 68% del total de alumnos y alumnas a nivel mundial, se encuentran todav\u00eda fuera de las aulas.&nbsp;<\/strong><\/p>\n<p><strong>Desde Entreculturas, junto el Servicio Jesuita de Refugiados (JRS) en L\u00edbano,<\/strong> seguimos trabajando para que los ni\u00f1os y ni\u00f1as refugiados sirios puedan continuar con su formaci\u00f3n acad\u00e9mica desde casa.&nbsp;<\/p>\n[video:https:\/\/www.youtube.com\/watch?v=qPLuI52WgGE&amp;feature=youtu.be]\n<p>Tanto los maestros y maestras como el alumnado de los centros educativos de Bourj Hammoud, Bar Elias y Baalbek, a los que apoyamos, han puesto todo su empe\u00f1o en adaptar las lecciones a distancia mediante v\u00eddeos que se env\u00edan por WhatsApp y otras plataformas digitales. Una iniciativa que, seg\u00fan Pilar L\u00f3pez-Dafonte, t\u00e9cnica en acci\u00f3n humanitaria de Entreculturas, est\u00e1 centrada en \u201c<em>paliar los efectos negativos de la desigualdad educativa y garantizar la cobertura centrada en lo digital, que se ve disminuida por el cierre de las escuelas<\/em>\u201d. Adem\u00e1s, se asegura una m\u00ednima cobertura educativa con la distribuci\u00f3n de material escolar necesario para esta formaci\u00f3n a distancia.&nbsp;<\/p>\n<p>Frente a la emergencia, seguimos apostando por el <strong>acompa\u00f1amiento pedag\u00f3gico de los docentes y las docentes, y de la infancia y las familias que viven en situaciones de vulnerabilidad<\/strong>, como son las personas refugiadas sirias en L\u00edbano.<\/p>\n<p><strong><a href=\"https:\/\/emergenciacovid19.entreculturas.org\">Apoya nuestra respuesta ante la Emergencia Global del Covid-19<\/a><\/strong><\/p>\n","protected":false},"excerpt":{"rendered":"<p>Desde Entreculturas, junto el Servicio Jesuita de Refugiados (JRS) en L\u00edbano, seguimos trabajando para que los ni\u00f1os y ni\u00f1as refugiados sirios puedan continuar con su formaci\u00f3n acad\u00e9mica desde casa. Los centros educativos de Bourj Hammoud, Bar Elias y Baalbek, a los que apoyamos, han puesto todo su empe\u00f1o en adaptar las lecciones a distancia mediante v\u00eddeos que se env\u00edan por WhatsApp y otras plataformas digitales.<\/p>\n","protected":false},"featured_media":4707,"template":"single-noticia","meta":{"_acf_changed":false},"categories":[7],"tags":[10],"country":[332],"cause":[129],"class_list":["post-4710","noticia","type-noticia","status-publish","has-post-thumbnail","hentry","category-noticia","tag-migracion-y-refugio","country-libano","cause-migracion-y-refugio"],"acf":[],"yoast_head":"<!-- This site is optimized with the Yoast SEO Premium plugin v21.6 (Yoast SEO v27.5) - https:\/\/yoast.com\/product\/yoast-seo-premium-wordpress\/ -->\n<title>Los ni\u00f1os y ni\u00f1as refugiados sirios en L\u00edbano siguen con su formaci\u00f3n educativa a distancia - Entreculturas<\/title>\n<meta name=\"robots\" content=\"index, follow, max-snippet:-1, max-image-preview:large, max-video-preview:-1\" \/>\n<link rel=\"canonical\" href=\"https:\/\/www.entreculturas.org\/gl\/noticia\/los-ninos-y-ninas-refugiados-sirios-en-libano-siguen-con-su-formacion-educativa-distancia\/\" \/>\n<meta property=\"og:locale\" content=\"gl_ES\" \/>\n<meta property=\"og:type\" content=\"article\" \/>\n<meta property=\"og:title\" content=\"Los ni\u00f1os y ni\u00f1as refugiados sirios en L\u00edbano siguen con su formaci\u00f3n educativa a distancia\" \/>\n<meta property=\"og:description\" content=\"Desde Entreculturas, junto el Servicio Jesuita de Refugiados (JRS) en L\u00edbano, seguimos trabajando para que los ni\u00f1os y ni\u00f1as refugiados sirios puedan continuar con su formaci\u00f3n acad\u00e9mica desde casa. Los centros educativos de Bourj Hammoud, Bar Elias y Baalbek, a los que apoyamos, han puesto todo su empe\u00f1o en adaptar las lecciones a distancia mediante v\u00eddeos que se env\u00edan por WhatsApp y otras plataformas digitales.\" \/>\n<meta property=\"og:url\" content=\"https:\/\/www.entreculturas.org\/gl\/noticia\/los-ninos-y-ninas-refugiados-sirios-en-libano-siguen-con-su-formacion-educativa-distancia\/\" \/>\n<meta property=\"og:site_name\" content=\"Entreculturas\" \/>\n<meta property=\"article:publisher\" content=\"https:\/\/www.facebook.com\/entreculturas\" \/>\n<meta property=\"article:modified_time\" content=\"2024-03-14T13:52:42+00:00\" \/>\n<meta property=\"og:image\" content=\"https:\/\/www.entreculturas.org\/wp-content\/uploads\/2020\/05\/clasesdistancialibano_0.png\" \/>\n\t<meta property=\"og:image:width\" content=\"800\" \/>\n\t<meta property=\"og:image:height\" content=\"450\" \/>\n\t<meta property=\"og:image:type\" content=\"image\/png\" \/>\n<meta name=\"twitter:card\" content=\"summary_large_image\" \/>\n<meta name=\"twitter:site\" content=\"@Entreculturas\" \/>\n<script type=\"application\/ld+json\" class=\"yoast-schema-graph\">{\"@context\":\"https:\\\/\\\/schema.org\",\"@graph\":[{\"@type\":\"WebPage\",\"@id\":\"https:\\\/\\\/www.entreculturas.org\\\/gl\\\/noticia\\\/los-ninos-y-ninas-refugiados-sirios-en-libano-siguen-con-su-formacion-educativa-distancia\\\/\",\"url\":\"https:\\\/\\\/www.entreculturas.org\\\/gl\\\/noticia\\\/los-ninos-y-ninas-refugiados-sirios-en-libano-siguen-con-su-formacion-educativa-distancia\\\/\",\"name\":\"Los ni\u00f1os y ni\u00f1as refugiados sirios en L\u00edbano siguen con su formaci\u00f3n educativa a distancia - Entreculturas\",\"isPartOf\":{\"@id\":\"https:\\\/\\\/www.entreculturas.org\\\/gl\\\/#website\"},\"primaryImageOfPage\":{\"@id\":\"https:\\\/\\\/www.entreculturas.org\\\/gl\\\/noticia\\\/los-ninos-y-ninas-refugiados-sirios-en-libano-siguen-con-su-formacion-educativa-distancia\\\/#primaryimage\"},\"image\":{\"@id\":\"https:\\\/\\\/www.entreculturas.org\\\/gl\\\/noticia\\\/los-ninos-y-ninas-refugiados-sirios-en-libano-siguen-con-su-formacion-educativa-distancia\\\/#primaryimage\"},\"thumbnailUrl\":\"https:\\\/\\\/www.entreculturas.org\\\/wp-content\\\/uploads\\\/2020\\\/05\\\/clasesdistancialibano_0.png\",\"datePublished\":\"2020-05-28T10:32:00+00:00\",\"dateModified\":\"2024-03-14T13:52:42+00:00\",\"breadcrumb\":{\"@id\":\"https:\\\/\\\/www.entreculturas.org\\\/gl\\\/noticia\\\/los-ninos-y-ninas-refugiados-sirios-en-libano-siguen-con-su-formacion-educativa-distancia\\\/#breadcrumb\"},\"inLanguage\":\"gl-ES\",\"potentialAction\":[{\"@type\":\"ReadAction\",\"target\":[\"https:\\\/\\\/www.entreculturas.org\\\/gl\\\/noticia\\\/los-ninos-y-ninas-refugiados-sirios-en-libano-siguen-con-su-formacion-educativa-distancia\\\/\"]}]},{\"@type\":\"ImageObject\",\"inLanguage\":\"gl-ES\",\"@id\":\"https:\\\/\\\/www.entreculturas.org\\\/gl\\\/noticia\\\/los-ninos-y-ninas-refugiados-sirios-en-libano-siguen-con-su-formacion-educativa-distancia\\\/#primaryimage\",\"url\":\"https:\\\/\\\/www.entreculturas.org\\\/wp-content\\\/uploads\\\/2020\\\/05\\\/clasesdistancialibano_0.png\",\"contentUrl\":\"https:\\\/\\\/www.entreculturas.org\\\/wp-content\\\/uploads\\\/2020\\\/05\\\/clasesdistancialibano_0.png\",\"width\":800,\"height\":450},{\"@type\":\"BreadcrumbList\",\"@id\":\"https:\\\/\\\/www.entreculturas.org\\\/gl\\\/noticia\\\/los-ninos-y-ninas-refugiados-sirios-en-libano-siguen-con-su-formacion-educativa-distancia\\\/#breadcrumb\",\"itemListElement\":[{\"@type\":\"ListItem\",\"position\":1,\"name\":\"Home\",\"item\":\"https:\\\/\\\/www.entreculturas.org\\\/gl\\\/\"},{\"@type\":\"ListItem\",\"position\":2,\"name\":\"Noticias\",\"item\":\"https:\\\/\\\/www.entreculturas.org\\\/gl\\\/noticias\\\/\"},{\"@type\":\"ListItem\",\"position\":3,\"name\":\"Los ni\u00f1os y ni\u00f1as refugiados sirios en L\u00edbano siguen con su formaci\u00f3n educativa a distancia\"}]},{\"@type\":\"WebSite\",\"@id\":\"https:\\\/\\\/www.entreculturas.org\\\/gl\\\/#website\",\"url\":\"https:\\\/\\\/www.entreculturas.org\\\/gl\\\/\",\"name\":\"Entreculturas\",\"description\":\"\",\"publisher\":{\"@id\":\"https:\\\/\\\/www.entreculturas.org\\\/gl\\\/#organization\"},\"alternateName\":\"Entreculturas\",\"potentialAction\":[{\"@type\":\"SearchAction\",\"target\":{\"@type\":\"EntryPoint\",\"urlTemplate\":\"https:\\\/\\\/www.entreculturas.org\\\/gl\\\/?s={search_term_string}\"},\"query-input\":{\"@type\":\"PropertyValueSpecification\",\"valueRequired\":true,\"valueName\":\"search_term_string\"}}],\"inLanguage\":\"gl-ES\"},{\"@type\":\"Organization\",\"@id\":\"https:\\\/\\\/www.entreculturas.org\\\/gl\\\/#organization\",\"name\":\"Entreculturas\",\"url\":\"https:\\\/\\\/www.entreculturas.org\\\/gl\\\/\",\"logo\":{\"@type\":\"ImageObject\",\"inLanguage\":\"gl-ES\",\"@id\":\"https:\\\/\\\/www.entreculturas.org\\\/gl\\\/#\\\/schema\\\/logo\\\/image\\\/\",\"url\":\"https:\\\/\\\/www.entreculturas.org\\\/wp-content\\\/uploads\\\/2025\\\/10\\\/ESP.svg\",\"contentUrl\":\"https:\\\/\\\/www.entreculturas.org\\\/wp-content\\\/uploads\\\/2025\\\/10\\\/ESP.svg\",\"caption\":\"Entreculturas\"},\"image\":{\"@id\":\"https:\\\/\\\/www.entreculturas.org\\\/gl\\\/#\\\/schema\\\/logo\\\/image\\\/\"},\"sameAs\":[\"https:\\\/\\\/www.facebook.com\\\/entreculturas\",\"https:\\\/\\\/x.com\\\/Entreculturas\",\"https:\\\/\\\/www.instagram.com\\\/entreculturas\\\/\",\"https:\\\/\\\/www.youtube.com\\\/user\\\/entreculturasvideo\",\"https:\\\/\\\/www.linkedin.com\\\/company\\\/fundacion-entreculturas-ngdo\\\/\",\"https:\\\/\\\/www.flickr.com\\\/photos\\\/98455522@N04\\\/albums\\\/\"]}]}<\/script>\n<!-- \/ Yoast SEO Premium plugin. -->","yoast_head_json":{"title":"Los ni\u00f1os y ni\u00f1as refugiados sirios en L\u00edbano siguen con su formaci\u00f3n educativa a distancia - Entreculturas","robots":{"index":"index","follow":"follow","max-snippet":"max-snippet:-1","max-image-preview":"max-image-preview:large","max-video-preview":"max-video-preview:-1"},"canonical":"https:\/\/www.entreculturas.org\/gl\/noticia\/los-ninos-y-ninas-refugiados-sirios-en-libano-siguen-con-su-formacion-educativa-distancia\/","og_locale":"gl_ES","og_type":"article","og_title":"Los ni\u00f1os y ni\u00f1as refugiados sirios en L\u00edbano siguen con su formaci\u00f3n educativa a distancia","og_description":"Desde Entreculturas, junto el Servicio Jesuita de Refugiados (JRS) en L\u00edbano, seguimos trabajando para que los ni\u00f1os y ni\u00f1as refugiados sirios puedan continuar con su formaci\u00f3n acad\u00e9mica desde casa. Los centros educativos de Bourj Hammoud, Bar Elias y Baalbek, a los que apoyamos, han puesto todo su empe\u00f1o en adaptar las lecciones a distancia mediante v\u00eddeos que se env\u00edan por WhatsApp y otras plataformas digitales.","og_url":"https:\/\/www.entreculturas.org\/gl\/noticia\/los-ninos-y-ninas-refugiados-sirios-en-libano-siguen-con-su-formacion-educativa-distancia\/","og_site_name":"Entreculturas","article_publisher":"https:\/\/www.facebook.com\/entreculturas","article_modified_time":"2024-03-14T13:52:42+00:00","og_image":[{"width":800,"height":450,"url":"https:\/\/www.entreculturas.org\/wp-content\/uploads\/2020\/05\/clasesdistancialibano_0.png","type":"image\/png"}],"twitter_card":"summary_large_image","twitter_site":"@Entreculturas","schema":{"@context":"https:\/\/schema.org","@graph":[{"@type":"WebPage","@id":"https:\/\/www.entreculturas.org\/gl\/noticia\/los-ninos-y-ninas-refugiados-sirios-en-libano-siguen-con-su-formacion-educativa-distancia\/","url":"https:\/\/www.entreculturas.org\/gl\/noticia\/los-ninos-y-ninas-refugiados-sirios-en-libano-siguen-con-su-formacion-educativa-distancia\/","name":"Los ni\u00f1os y ni\u00f1as refugiados sirios en L\u00edbano siguen con su formaci\u00f3n educativa a distancia - Entreculturas","isPartOf":{"@id":"https:\/\/www.entreculturas.org\/gl\/#website"},"primaryImageOfPage":{"@id":"https:\/\/www.entreculturas.org\/gl\/noticia\/los-ninos-y-ninas-refugiados-sirios-en-libano-siguen-con-su-formacion-educativa-distancia\/#primaryimage"},"image":{"@id":"https:\/\/www.entreculturas.org\/gl\/noticia\/los-ninos-y-ninas-refugiados-sirios-en-libano-siguen-con-su-formacion-educativa-distancia\/#primaryimage"},"thumbnailUrl":"https:\/\/www.entreculturas.org\/wp-content\/uploads\/2020\/05\/clasesdistancialibano_0.png","datePublished":"2020-05-28T10:32:00+00:00","dateModified":"2024-03-14T13:52:42+00:00","breadcrumb":{"@id":"https:\/\/www.entreculturas.org\/gl\/noticia\/los-ninos-y-ninas-refugiados-sirios-en-libano-siguen-con-su-formacion-educativa-distancia\/#breadcrumb"},"inLanguage":"gl-ES","potentialAction":[{"@type":"ReadAction","target":["https:\/\/www.entreculturas.org\/gl\/noticia\/los-ninos-y-ninas-refugiados-sirios-en-libano-siguen-con-su-formacion-educativa-distancia\/"]}]},{"@type":"ImageObject","inLanguage":"gl-ES","@id":"https:\/\/www.entreculturas.org\/gl\/noticia\/los-ninos-y-ninas-refugiados-sirios-en-libano-siguen-con-su-formacion-educativa-distancia\/#primaryimage","url":"https:\/\/www.entreculturas.org\/wp-content\/uploads\/2020\/05\/clasesdistancialibano_0.png","contentUrl":"https:\/\/www.entreculturas.org\/wp-content\/uploads\/2020\/05\/clasesdistancialibano_0.png","width":800,"height":450},{"@type":"BreadcrumbList","@id":"https:\/\/www.entreculturas.org\/gl\/noticia\/los-ninos-y-ninas-refugiados-sirios-en-libano-siguen-con-su-formacion-educativa-distancia\/#breadcrumb","itemListElement":[{"@type":"ListItem","position":1,"name":"Home","item":"https:\/\/www.entreculturas.org\/gl\/"},{"@type":"ListItem","position":2,"name":"Noticias","item":"https:\/\/www.entreculturas.org\/gl\/noticias\/"},{"@type":"ListItem","position":3,"name":"Los ni\u00f1os y ni\u00f1as refugiados sirios en L\u00edbano siguen con su formaci\u00f3n educativa a distancia"}]},{"@type":"WebSite","@id":"https:\/\/www.entreculturas.org\/gl\/#website","url":"https:\/\/www.entreculturas.org\/gl\/","name":"Entreculturas","description":"","publisher":{"@id":"https:\/\/www.entreculturas.org\/gl\/#organization"},"alternateName":"Entreculturas","potentialAction":[{"@type":"SearchAction","target":{"@type":"EntryPoint","urlTemplate":"https:\/\/www.entreculturas.org\/gl\/?s={search_term_string}"},"query-input":{"@type":"PropertyValueSpecification","valueRequired":true,"valueName":"search_term_string"}}],"inLanguage":"gl-ES"},{"@type":"Organization","@id":"https:\/\/www.entreculturas.org\/gl\/#organization","name":"Entreculturas","url":"https:\/\/www.entreculturas.org\/gl\/","logo":{"@type":"ImageObject","inLanguage":"gl-ES","@id":"https:\/\/www.entreculturas.org\/gl\/#\/schema\/logo\/image\/","url":"https:\/\/www.entreculturas.org\/wp-content\/uploads\/2025\/10\/ESP.svg","contentUrl":"https:\/\/www.entreculturas.org\/wp-content\/uploads\/2025\/10\/ESP.svg","caption":"Entreculturas"},"image":{"@id":"https:\/\/www.entreculturas.org\/gl\/#\/schema\/logo\/image\/"},"sameAs":["https:\/\/www.facebook.com\/entreculturas","https:\/\/x.com\/Entreculturas","https:\/\/www.instagram.com\/entreculturas\/","https:\/\/www.youtube.com\/user\/entreculturasvideo","https:\/\/www.linkedin.com\/company\/fundacion-entreculturas-ngdo\/","https:\/\/www.flickr.com\/photos\/98455522@N04\/albums\/"]}]}},"_links":{"self":[{"href":"https:\/\/www.entreculturas.org\/gl\/wp-json\/wp\/v2\/noticia\/4710","targetHints":{"allow":["GET"]}}],"collection":[{"href":"https:\/\/www.entreculturas.org\/gl\/wp-json\/wp\/v2\/noticia"}],"about":[{"href":"https:\/\/www.entreculturas.org\/gl\/wp-json\/wp\/v2\/types\/noticia"}],"wp:featuredmedia":[{"embeddable":true,"href":"https:\/\/www.entreculturas.org\/gl\/wp-json\/wp\/v2\/media\/4707"}],"wp:attachment":[{"href":"https:\/\/www.entreculturas.org\/gl\/wp-json\/wp\/v2\/media?parent=4710"}],"wp:term":[{"taxonomy":"category","embeddable":true,"href":"https:\/\/www.entreculturas.org\/gl\/wp-json\/wp\/v2\/categories?post=4710"},{"taxonomy":"post_tag","embeddable":true,"href":"https:\/\/www.entreculturas.org\/gl\/wp-json\/wp\/v2\/tags?post=4710"},{"taxonomy":"country","embeddable":true,"href":"https:\/\/www.entreculturas.org\/gl\/wp-json\/wp\/v2\/country?post=4710"},{"taxonomy":"cause","embeddable":true,"href":"https:\/\/www.entreculturas.org\/gl\/wp-json\/wp\/v2\/cause?post=4710"}],"curies":[{"name":"wp","href":"https:\/\/api.w.org\/{rel}","templated":true}]}}