{"id":46740,"date":"2026-03-05T08:15:00","date_gmt":"2026-03-05T07:15:00","guid":{"rendered":"https:\/\/www.entreculturas.org\/?post_type=noticia&#038;p=46740"},"modified":"2026-03-05T10:08:56","modified_gmt":"2026-03-05T09:08:56","slug":"mujeres-que-construyen-futuro","status":"publish","type":"noticia","link":"https:\/\/www.entreculturas.org\/gl\/noticia\/mujeres-que-construyen-futuro\/","title":{"rendered":"Mujeres que construyen futuro #Juntas por el D\u00eda Internacional de la Mujer"},"content":{"rendered":"\n<p>Con motivo del 8 de marzo, D\u00eda Internacional de las Mujeres, <strong>Entreculturas, Atalaya Intercultural, SJM Valencia, Pueblos Unidos y Fundaci\u00f3n Amoverse lanzamos la <a href=\"https:\/\/www.entreculturas.org\/mujeres-que-construyen-futuro\/\">campa\u00f1a\u00a0 \u201cMujeres que construyen futuro\u201d<\/a><\/strong> con la que buscan visibilizar las desigualdades estructurales que contin\u00faan afectando a mujeres y ni\u00f1as en distintos contextos del mundo y tambi\u00e9n en Espa\u00f1a.<\/p>\n\n\n\n<p>Los datos reflejan la magnitud de este desaf\u00edo global. Una de cada tres mujeres ha sufrido violencia f\u00edsica o sexual, mientras que <strong>132 millones de ni\u00f1as entre 6 y 17 a\u00f1os no asisten a la escuela<\/strong>. Adem\u00e1s, si las tendencias actuales no cambian, 351 millones de mujeres y ni\u00f1as podr\u00edan seguir viviendo en pobreza extrema en 2030. Seg\u00fan las organizaciones, estas cifras muestran c\u00f3mo determinadas estructuras sociales, econ\u00f3micas y pol\u00edticas siguen limitando el acceso de muchas mujeres a la educaci\u00f3n, al trabajo y a la participaci\u00f3n en la vida p\u00fablica.<\/p>\n\n\n\n<p>La campa\u00f1a recuerda que estas desigualdades tambi\u00e9n atraviesan la realidad espa\u00f1ola. <strong>En el sector del empleo del hogar y los cuidados trabajan m\u00e1s de 600.000 personas, de las cuales el 88 % son mujeres<\/strong> y el 56 % tiene nacionalidad extracomunitaria. Para Luc\u00eda Rodr\u00edguez Donate, responsable de Incidencia Pol\u00edtica de Entreculturas, esta situaci\u00f3n \u201cevidencia una brecha persistente de derechos y de reconocimiento social en un \u00e1mbito tan esencial para el sostenimiento de la vida como es el de los cuidados\u201d.<\/p>\n\n\n\n<p>Frente a este escenario, destacamos el papel de las redes comunitarias y de apoyo mutuo. En el<strong> <\/strong><a href=\"https:\/\/pueblosunidos.org\/2025\/03\/07\/8m-reivindicando-la-sororidad-como-refugio-para-las-mujeres-migrantes-en-madrid-soy-acogida\/\">Grupo de Mujeres del Centro Social Pueblos Unidos<\/a>, en Madrid, <strong>mujeres de distintas procedencias comparten espacios de aprendizaje y acompa\u00f1amiento<\/strong>. Carolina Trujillo, participante del grupo, explica que \u201cjuntas nos damos la mano, aprendemos unas de otras y nos apoyamos para seguir adelante y construir nuestro d\u00eda a d\u00eda\u201d.<\/p>\n\n\n\n<p>La campa\u00f1a tambi\u00e9n <strong>recoge experiencias de organizaci\u00f3n y liderazgo de mujeres en diferentes lugares de Am\u00e9rica Latina y \u00c1frica<\/strong>. En <a href=\"https:\/\/www.entreculturas.org\/noticia\/el-papel-vital-de-las-mujeres-en-la-reconstruccion-del-tejido-social-el-testimonio-de-eridenia-co-coordinadora-de-puente-de-paz\/\">Ixc\u00e1n (Quich\u00e9, Guatemala)<\/a>, donde Entreculturas apoya la labor de la organizaci\u00f3n Puente de Paz, mujeres maya q\u2019eqchi\u2019 trabajan para fortalecer su participaci\u00f3n pol\u00edtica y la defensa de sus derechos colectivos. Ana Mar\u00eda Choc, alcaldesa ind\u00edgena de la comunidad Santa Mar\u00eda Samococh, recuerda que \u201ctodas las mujeres tenemos derecho a participar, a tener cargos comunitarios. Muchas veces los hombres nos han dicho que no tenemos derecho a participar y no lo tenemos que permitir\u201d.<\/p>\n\n\n\n<p>En contextos de desplazamiento forzado como <a href=\"https:\/\/www.entreculturas.org\/noticia\/conflicto-en-sudan\">Sud\u00e1n<\/a>, donde m\u00e1s de 15 millones de personas han tenido que abandonar sus hogares desde abril de 2023, <strong>mujeres y ni\u00f1as enfrentan riesgos espec\u00edficos de violencia y exclusi\u00f3n educativa<\/strong>. En el campo de personas refugiadas de Kakuma (Kenia), Nawal, tutora acad\u00e9mica sudanesa voluntaria del Servicio Jesuita a Refugiados (JRS), anima a las personas j\u00f3venes a seguir estudiando: \u201cson m\u00e1s fuertes de lo que creen y, aunque la vida sea dif\u00edcil ahora, es importante que sigan aprendiendo, manteni\u00e9ndose solidarios y apoy\u00e1ndose mutuamente porque un d\u00eda las cosas mejorar\u00e1n\u201d.<\/p>\n\n\n\n<p>Asimismo, a trav\u00e9s del <a href=\"https:\/\/www.entreculturas.org\/noticia\/maestras-que-iluminan-el-camino-el-poder-transformador-de-la-educacion-en-manos-de-mujeres-refugiadas\/\">programa MAESTRAS<\/a>, que Entreculturas desarrolla en Chad, Rep\u00fablica Democr\u00e1tica del Congo y Uganda junto a JRS y Fe y Alegr\u00eda, se <strong>acompa\u00f1an procesos de liderazgo educativo de mujeres docentes<\/strong>. Mariam*, profesora formada en Gu\u00e9ra (Chad), explica que \u201cgracias a la formaci\u00f3n, el seguimiento y el apoyo individual, estoy mejorando poco a poco mi t\u00e9cnica. Tambi\u00e9n he desarrollado mi creatividad\u201d.<\/p>\n\n\n\n<p>El 8 de marzo representa una oportunidad para reforzar pol\u00edticas p\u00fablicas con perspectiva de g\u00e9nero y reconocer el papel de las mujeres en la construcci\u00f3n de comunidades m\u00e1s justas. Como se\u00f1ala Luc\u00eda Rodr\u00edguez, \u201cel D\u00eda Internacional de las Mujeres es una oportunidad para reforzar pol\u00edticas p\u00fablicas con perspectiva de g\u00e9nero, consolidar la cooperaci\u00f3n feminista y reconocer el papel esencial de las mujeres en la construcci\u00f3n de comunidades m\u00e1s justas. \u2018Mujeres que construyen futuro\u2019 pone el foco en una idea central: <strong>la desigualdad y la violencia hacia las mujeres persiste, pero no es inevitable<\/strong>, y eliminarla requiere decisiones pol\u00edticas, judiciales y cambios sociales y culturales\u201d.<\/p>\n\n\n\n<p>*Nombre ficticio para proteger su identidad.<\/p>\n","protected":false},"excerpt":{"rendered":"<p>Con motivo del 8 de marzo, D\u00eda Internacional de las Mujeres, Entreculturas, Atalaya Intercultural, SJM Valencia, Pueblos Unidos y Fundaci\u00f3n Amoverse lanzamos la campa\u00f1a\u00a0 \u201cMujeres que construyen futuro\u201d con la que buscan visibilizar las desigualdades estructurales que contin\u00faan afectando a mujeres y ni\u00f1as en distintos contextos del mundo y tambi\u00e9n en Espa\u00f1a. Los datos reflejan la magnitud de este desaf\u00edo global. Una de cada tres mujeres ha sufrido violencia f\u00edsica o sexual, mientras que 132 millones de ni\u00f1as entre 6 y 17 a\u00f1os no asisten a la escuela. Adem\u00e1s, si las tendencias actuales no cambian, 351 millones de mujeres y ni\u00f1as podr\u00edan seguir viviendo en pobreza extrema en 2030. Seg\u00fan las organizaciones, estas cifras muestran c\u00f3mo determinadas estructuras sociales, econ\u00f3micas y pol\u00edticas siguen limitando el acceso de muchas mujeres a la educaci\u00f3n, al trabajo y a la participaci\u00f3n en la vida p\u00fablica. La campa\u00f1a recuerda que estas desigualdades tambi\u00e9n atraviesan [&hellip;]<\/p>\n","protected":false},"featured_media":46756,"template":"","meta":{"_acf_changed":false},"categories":[7],"tags":[293],"country":[],"cause":[130],"class_list":["post-46740","noticia","type-noticia","status-publish","has-post-thumbnail","hentry","category-noticia","tag-genero","cause-genero"],"acf":[],"yoast_head":"<!-- This site is optimized with the Yoast SEO Premium plugin v21.6 (Yoast SEO v27.5) - https:\/\/yoast.com\/product\/yoast-seo-premium-wordpress\/ -->\n<title>Mujeres que construyen futuro #Juntas por el D\u00eda de la Mujer<\/title>\n<meta name=\"description\" content=\"Entreculturas, Atalaya Intercultural, SJM Valencia, Pueblos Unidos y Amoverse lanzamos la campa\u00f1a\u00a0\u201cMujeres que construyen futuro&#039; por el 8M.\" \/>\n<meta name=\"robots\" content=\"index, follow, max-snippet:-1, max-image-preview:large, max-video-preview:-1\" \/>\n<link rel=\"canonical\" href=\"https:\/\/www.entreculturas.org\/gl\/noticia\/mujeres-que-construyen-futuro\/\" \/>\n<meta property=\"og:locale\" content=\"gl_ES\" \/>\n<meta property=\"og:type\" content=\"article\" \/>\n<meta property=\"og:title\" content=\"Mujeres que construyen futuro #Juntas por el D\u00eda Internacional de la Mujer\" \/>\n<meta property=\"og:description\" content=\"Entreculturas, Atalaya Intercultural, SJM Valencia, Pueblos Unidos y Amoverse lanzamos la campa\u00f1a\u00a0\u201cMujeres que construyen futuro&#039; por el 8M.\" \/>\n<meta property=\"og:url\" content=\"https:\/\/www.entreculturas.org\/gl\/noticia\/mujeres-que-construyen-futuro\/\" \/>\n<meta property=\"og:site_name\" content=\"Entreculturas\" \/>\n<meta property=\"article:publisher\" content=\"https:\/\/www.facebook.com\/entreculturas\" \/>\n<meta property=\"article:modified_time\" content=\"2026-03-05T09:08:56+00:00\" \/>\n<meta property=\"og:image\" content=\"https:\/\/www.entreculturas.org\/wp-content\/uploads\/2026\/03\/Campana-8M-Entreculturas.jpg\" \/>\n\t<meta property=\"og:image:width\" content=\"2048\" \/>\n\t<meta property=\"og:image:height\" content=\"776\" \/>\n\t<meta property=\"og:image:type\" content=\"image\/jpeg\" \/>\n<meta name=\"twitter:card\" content=\"summary_large_image\" \/>\n<meta name=\"twitter:site\" content=\"@Entreculturas\" \/>\n<script type=\"application\/ld+json\" class=\"yoast-schema-graph\">{\"@context\":\"https:\\\/\\\/schema.org\",\"@graph\":[{\"@type\":\"WebPage\",\"@id\":\"https:\\\/\\\/www.entreculturas.org\\\/gl\\\/noticia\\\/mujeres-que-construyen-futuro\\\/\",\"url\":\"https:\\\/\\\/www.entreculturas.org\\\/gl\\\/noticia\\\/mujeres-que-construyen-futuro\\\/\",\"name\":\"Mujeres que construyen futuro #Juntas por el D\u00eda de la Mujer\",\"isPartOf\":{\"@id\":\"https:\\\/\\\/www.entreculturas.org\\\/gl\\\/#website\"},\"primaryImageOfPage\":{\"@id\":\"https:\\\/\\\/www.entreculturas.org\\\/gl\\\/noticia\\\/mujeres-que-construyen-futuro\\\/#primaryimage\"},\"image\":{\"@id\":\"https:\\\/\\\/www.entreculturas.org\\\/gl\\\/noticia\\\/mujeres-que-construyen-futuro\\\/#primaryimage\"},\"thumbnailUrl\":\"https:\\\/\\\/www.entreculturas.org\\\/wp-content\\\/uploads\\\/2026\\\/03\\\/Campana-8M-Entreculturas.jpg\",\"datePublished\":\"2026-03-05T07:15:00+00:00\",\"dateModified\":\"2026-03-05T09:08:56+00:00\",\"description\":\"Entreculturas, Atalaya Intercultural, SJM Valencia, Pueblos Unidos y Amoverse lanzamos la campa\u00f1a\u00a0\u201cMujeres que construyen futuro' por el 8M.\",\"breadcrumb\":{\"@id\":\"https:\\\/\\\/www.entreculturas.org\\\/gl\\\/noticia\\\/mujeres-que-construyen-futuro\\\/#breadcrumb\"},\"inLanguage\":\"gl-ES\",\"potentialAction\":[{\"@type\":\"ReadAction\",\"target\":[\"https:\\\/\\\/www.entreculturas.org\\\/gl\\\/noticia\\\/mujeres-que-construyen-futuro\\\/\"]}]},{\"@type\":\"ImageObject\",\"inLanguage\":\"gl-ES\",\"@id\":\"https:\\\/\\\/www.entreculturas.org\\\/gl\\\/noticia\\\/mujeres-que-construyen-futuro\\\/#primaryimage\",\"url\":\"https:\\\/\\\/www.entreculturas.org\\\/wp-content\\\/uploads\\\/2026\\\/03\\\/Campana-8M-Entreculturas.jpg\",\"contentUrl\":\"https:\\\/\\\/www.entreculturas.org\\\/wp-content\\\/uploads\\\/2026\\\/03\\\/Campana-8M-Entreculturas.jpg\",\"width\":2048,\"height\":776,\"caption\":\"Campa\u00f1a Entreculturas 8M\"},{\"@type\":\"BreadcrumbList\",\"@id\":\"https:\\\/\\\/www.entreculturas.org\\\/gl\\\/noticia\\\/mujeres-que-construyen-futuro\\\/#breadcrumb\",\"itemListElement\":[{\"@type\":\"ListItem\",\"position\":1,\"name\":\"Home\",\"item\":\"https:\\\/\\\/www.entreculturas.org\\\/gl\\\/\"},{\"@type\":\"ListItem\",\"position\":2,\"name\":\"Noticias\",\"item\":\"https:\\\/\\\/www.entreculturas.org\\\/gl\\\/noticias\\\/\"},{\"@type\":\"ListItem\",\"position\":3,\"name\":\"Mujeres que construyen futuro #Juntas por el D\u00eda Internacional de la Mujer\"}]},{\"@type\":\"WebSite\",\"@id\":\"https:\\\/\\\/www.entreculturas.org\\\/gl\\\/#website\",\"url\":\"https:\\\/\\\/www.entreculturas.org\\\/gl\\\/\",\"name\":\"Entreculturas\",\"description\":\"\",\"publisher\":{\"@id\":\"https:\\\/\\\/www.entreculturas.org\\\/gl\\\/#organization\"},\"alternateName\":\"Entreculturas\",\"potentialAction\":[{\"@type\":\"SearchAction\",\"target\":{\"@type\":\"EntryPoint\",\"urlTemplate\":\"https:\\\/\\\/www.entreculturas.org\\\/gl\\\/?s={search_term_string}\"},\"query-input\":{\"@type\":\"PropertyValueSpecification\",\"valueRequired\":true,\"valueName\":\"search_term_string\"}}],\"inLanguage\":\"gl-ES\"},{\"@type\":\"Organization\",\"@id\":\"https:\\\/\\\/www.entreculturas.org\\\/gl\\\/#organization\",\"name\":\"Entreculturas\",\"url\":\"https:\\\/\\\/www.entreculturas.org\\\/gl\\\/\",\"logo\":{\"@type\":\"ImageObject\",\"inLanguage\":\"gl-ES\",\"@id\":\"https:\\\/\\\/www.entreculturas.org\\\/gl\\\/#\\\/schema\\\/logo\\\/image\\\/\",\"url\":\"https:\\\/\\\/www.entreculturas.org\\\/wp-content\\\/uploads\\\/2025\\\/10\\\/ESP.svg\",\"contentUrl\":\"https:\\\/\\\/www.entreculturas.org\\\/wp-content\\\/uploads\\\/2025\\\/10\\\/ESP.svg\",\"caption\":\"Entreculturas\"},\"image\":{\"@id\":\"https:\\\/\\\/www.entreculturas.org\\\/gl\\\/#\\\/schema\\\/logo\\\/image\\\/\"},\"sameAs\":[\"https:\\\/\\\/www.facebook.com\\\/entreculturas\",\"https:\\\/\\\/x.com\\\/Entreculturas\",\"https:\\\/\\\/www.instagram.com\\\/entreculturas\\\/\",\"https:\\\/\\\/www.youtube.com\\\/user\\\/entreculturasvideo\",\"https:\\\/\\\/www.linkedin.com\\\/company\\\/fundacion-entreculturas-ngdo\\\/\",\"https:\\\/\\\/www.flickr.com\\\/photos\\\/98455522@N04\\\/albums\\\/\"]}]}<\/script>\n<!-- \/ Yoast SEO Premium plugin. -->","yoast_head_json":{"title":"Mujeres que construyen futuro #Juntas por el D\u00eda de la Mujer","description":"Entreculturas, Atalaya Intercultural, SJM Valencia, Pueblos Unidos y Amoverse lanzamos la campa\u00f1a\u00a0\u201cMujeres que construyen futuro' por el 8M.","robots":{"index":"index","follow":"follow","max-snippet":"max-snippet:-1","max-image-preview":"max-image-preview:large","max-video-preview":"max-video-preview:-1"},"canonical":"https:\/\/www.entreculturas.org\/gl\/noticia\/mujeres-que-construyen-futuro\/","og_locale":"gl_ES","og_type":"article","og_title":"Mujeres que construyen futuro #Juntas por el D\u00eda Internacional de la Mujer","og_description":"Entreculturas, Atalaya Intercultural, SJM Valencia, Pueblos Unidos y Amoverse lanzamos la campa\u00f1a\u00a0\u201cMujeres que construyen futuro' por el 8M.","og_url":"https:\/\/www.entreculturas.org\/gl\/noticia\/mujeres-que-construyen-futuro\/","og_site_name":"Entreculturas","article_publisher":"https:\/\/www.facebook.com\/entreculturas","article_modified_time":"2026-03-05T09:08:56+00:00","og_image":[{"width":2048,"height":776,"url":"https:\/\/www.entreculturas.org\/wp-content\/uploads\/2026\/03\/Campana-8M-Entreculturas.jpg","type":"image\/jpeg"}],"twitter_card":"summary_large_image","twitter_site":"@Entreculturas","schema":{"@context":"https:\/\/schema.org","@graph":[{"@type":"WebPage","@id":"https:\/\/www.entreculturas.org\/gl\/noticia\/mujeres-que-construyen-futuro\/","url":"https:\/\/www.entreculturas.org\/gl\/noticia\/mujeres-que-construyen-futuro\/","name":"Mujeres que construyen futuro #Juntas por el D\u00eda de la Mujer","isPartOf":{"@id":"https:\/\/www.entreculturas.org\/gl\/#website"},"primaryImageOfPage":{"@id":"https:\/\/www.entreculturas.org\/gl\/noticia\/mujeres-que-construyen-futuro\/#primaryimage"},"image":{"@id":"https:\/\/www.entreculturas.org\/gl\/noticia\/mujeres-que-construyen-futuro\/#primaryimage"},"thumbnailUrl":"https:\/\/www.entreculturas.org\/wp-content\/uploads\/2026\/03\/Campana-8M-Entreculturas.jpg","datePublished":"2026-03-05T07:15:00+00:00","dateModified":"2026-03-05T09:08:56+00:00","description":"Entreculturas, Atalaya Intercultural, SJM Valencia, Pueblos Unidos y Amoverse lanzamos la campa\u00f1a\u00a0\u201cMujeres que construyen futuro' por el 8M.","breadcrumb":{"@id":"https:\/\/www.entreculturas.org\/gl\/noticia\/mujeres-que-construyen-futuro\/#breadcrumb"},"inLanguage":"gl-ES","potentialAction":[{"@type":"ReadAction","target":["https:\/\/www.entreculturas.org\/gl\/noticia\/mujeres-que-construyen-futuro\/"]}]},{"@type":"ImageObject","inLanguage":"gl-ES","@id":"https:\/\/www.entreculturas.org\/gl\/noticia\/mujeres-que-construyen-futuro\/#primaryimage","url":"https:\/\/www.entreculturas.org\/wp-content\/uploads\/2026\/03\/Campana-8M-Entreculturas.jpg","contentUrl":"https:\/\/www.entreculturas.org\/wp-content\/uploads\/2026\/03\/Campana-8M-Entreculturas.jpg","width":2048,"height":776,"caption":"Campa\u00f1a Entreculturas 8M"},{"@type":"BreadcrumbList","@id":"https:\/\/www.entreculturas.org\/gl\/noticia\/mujeres-que-construyen-futuro\/#breadcrumb","itemListElement":[{"@type":"ListItem","position":1,"name":"Home","item":"https:\/\/www.entreculturas.org\/gl\/"},{"@type":"ListItem","position":2,"name":"Noticias","item":"https:\/\/www.entreculturas.org\/gl\/noticias\/"},{"@type":"ListItem","position":3,"name":"Mujeres que construyen futuro #Juntas por el D\u00eda Internacional de la Mujer"}]},{"@type":"WebSite","@id":"https:\/\/www.entreculturas.org\/gl\/#website","url":"https:\/\/www.entreculturas.org\/gl\/","name":"Entreculturas","description":"","publisher":{"@id":"https:\/\/www.entreculturas.org\/gl\/#organization"},"alternateName":"Entreculturas","potentialAction":[{"@type":"SearchAction","target":{"@type":"EntryPoint","urlTemplate":"https:\/\/www.entreculturas.org\/gl\/?s={search_term_string}"},"query-input":{"@type":"PropertyValueSpecification","valueRequired":true,"valueName":"search_term_string"}}],"inLanguage":"gl-ES"},{"@type":"Organization","@id":"https:\/\/www.entreculturas.org\/gl\/#organization","name":"Entreculturas","url":"https:\/\/www.entreculturas.org\/gl\/","logo":{"@type":"ImageObject","inLanguage":"gl-ES","@id":"https:\/\/www.entreculturas.org\/gl\/#\/schema\/logo\/image\/","url":"https:\/\/www.entreculturas.org\/wp-content\/uploads\/2025\/10\/ESP.svg","contentUrl":"https:\/\/www.entreculturas.org\/wp-content\/uploads\/2025\/10\/ESP.svg","caption":"Entreculturas"},"image":{"@id":"https:\/\/www.entreculturas.org\/gl\/#\/schema\/logo\/image\/"},"sameAs":["https:\/\/www.facebook.com\/entreculturas","https:\/\/x.com\/Entreculturas","https:\/\/www.instagram.com\/entreculturas\/","https:\/\/www.youtube.com\/user\/entreculturasvideo","https:\/\/www.linkedin.com\/company\/fundacion-entreculturas-ngdo\/","https:\/\/www.flickr.com\/photos\/98455522@N04\/albums\/"]}]}},"_links":{"self":[{"href":"https:\/\/www.entreculturas.org\/gl\/wp-json\/wp\/v2\/noticia\/46740","targetHints":{"allow":["GET"]}}],"collection":[{"href":"https:\/\/www.entreculturas.org\/gl\/wp-json\/wp\/v2\/noticia"}],"about":[{"href":"https:\/\/www.entreculturas.org\/gl\/wp-json\/wp\/v2\/types\/noticia"}],"wp:featuredmedia":[{"embeddable":true,"href":"https:\/\/www.entreculturas.org\/gl\/wp-json\/wp\/v2\/media\/46756"}],"wp:attachment":[{"href":"https:\/\/www.entreculturas.org\/gl\/wp-json\/wp\/v2\/media?parent=46740"}],"wp:term":[{"taxonomy":"category","embeddable":true,"href":"https:\/\/www.entreculturas.org\/gl\/wp-json\/wp\/v2\/categories?post=46740"},{"taxonomy":"post_tag","embeddable":true,"href":"https:\/\/www.entreculturas.org\/gl\/wp-json\/wp\/v2\/tags?post=46740"},{"taxonomy":"country","embeddable":true,"href":"https:\/\/www.entreculturas.org\/gl\/wp-json\/wp\/v2\/country?post=46740"},{"taxonomy":"cause","embeddable":true,"href":"https:\/\/www.entreculturas.org\/gl\/wp-json\/wp\/v2\/cause?post=46740"}],"curies":[{"name":"wp","href":"https:\/\/api.w.org\/{rel}","templated":true}]}}