{"id":45449,"date":"2025-12-18T10:43:02","date_gmt":"2025-12-18T09:43:02","guid":{"rendered":"https:\/\/www.entreculturas.org\/?post_type=noticia&#038;p=45449"},"modified":"2025-12-18T10:44:27","modified_gmt":"2025-12-18T09:44:27","slug":"dia-internacional-personas-migrantes-pueblos-unidos","status":"publish","type":"noticia","link":"https:\/\/www.entreculturas.org\/gl\/noticia\/dia-internacional-personas-migrantes-pueblos-unidos\/","title":{"rendered":"En el D\u00eda Internacional de las Personas Migrantes, elegimos ser acogida"},"content":{"rendered":"\n<p>Hoy, <strong>18 de diciembre<\/strong>, D\u00eda Internacional de las Personas Migrantes, desde <strong><a href=\"https:\/\/pueblosunidos.org\/\">Pueblos Unidos<\/a> y Entreculturas<\/strong> nos detenemos para reflexionar, pero sobre todo para denunciar y proponer. En el marco de nuestra campa\u00f1a <strong>#SoyAcogida<\/strong>, no solo celebramos la riqueza de la diversidad, sino que ponemos el foco en las deudas pendientes que Espa\u00f1a y Europa mantienen con los derechos humanos.<\/p>\n\n\n\n<h2 class=\"wp-block-heading\" id=\"h-el-contexto-actual-entre-la-hostilidad-y-la-necesidad-de-anticiparnos\"><strong>El contexto actual: Entre la hostilidad y la necesidad de&#8221;Anticiparnos&#8221;<\/strong><\/h2>\n\n\n\n<p>Vivimos un momento cr\u00edtico. Mientras los discursos de odio se filtran en las instituciones, la realidad en nuestras fronteras y barrios nos dicta una urgencia distinta. Europa parece haberse instalado en la gesti\u00f3n de la crisis, olvidando la gesti\u00f3n de la humanidad.<\/p>\n\n\n\n<p>En este escenario, rescatamos la visi\u00f3n de Iv\u00e1n Lendrino en su art\u00edculo para Europa Press, <em>Anticiparnos<\/em>. No podemos seguir reaccionando tarde y mal ante el fen\u00f3meno migratorio. Como bien se\u00f1ala Iv\u00e1n:<\/p>\n\n\n\n<p>&#8220;Anticiparnos significa preparar el terreno, no solo para recibir, sino para convivir. Es una mirada proactiva que busca derribar barreras antes de que se levanten muros&#8221;.<\/p>\n\n\n\n<p>Esa anticipaci\u00f3n requiere un cambio de paradigma: pasar de la &#8220;contenci\u00f3n&#8221; en las fronteras a la &#8220;preparaci\u00f3n&#8221; de nuestras comunidades para ser verdaderas tierras de hospitalidad.<\/p>\n\n\n\n<h2 class=\"wp-block-heading\" id=\"h-espana-y-europa-un-sistema-que-invisibiliza\"><strong>Espa\u00f1a y Europa: Un sistema que invisibiliza<\/strong><\/h2>\n\n\n\n<p>En Espa\u00f1a, miles de personas se encuentran en un limbo administrativo que les impide ser ciudadanos de pleno derecho. La Ley de Extranjer\u00eda actual, lejos de facilitar la integraci\u00f3n, a menudo se convierte en una carrera de obst\u00e1culos burocr\u00e1ticos que aboca a la exclusi\u00f3n.<\/p>\n\n\n\n<p>En el \u00e1mbito europeo, el endurecimiento de las pol\u00edticas migratorias y la externalizaci\u00f3n de fronteras han convertido el Mediterr\u00e1neo y la Ruta Canaria en fosas comunes. La narrativa oficial se centra en la seguridad, pero desde <strong>Pueblos Unidos<\/strong> recordamos que <strong>la mayor inseguridad es la que sufren quienes huyen de la guerra, el hambre o la persecuci\u00f3n<\/strong>.<\/p>\n\n\n\n<h4 class=\"wp-block-heading\" id=\"h-voces-de-esperanza-y-resiliencia\"><strong>Voces de esperanza y resiliencia<\/strong><\/h4>\n\n\n\n<p>Para nosotros, la migraci\u00f3n no son datos; son vidas que se entrelazan con las nuestras. <strong>Raiza<\/strong> nos recordaba en su testimonio la dureza del desarraigo: <em>&#8220;Llegar a un lugar desconocido da miedo, pero encontrar una mano tendida te devuelve la identidad que el camino a veces te quita&#8221;<\/em>. Esa identidad se pierde cuando el sistema te trata como un n\u00famero y no como una persona con capacidades y sue\u00f1os.<\/p>\n\n\n\n<p>Por su parte, <strong>Boris<\/strong> pone el dedo en la llaga sobre la hipocres\u00eda del sistema laboral: <em>&#8220;No pedimos privilegios, pedimos la oportunidad de aportar, de trabajar y de ser parte de esta comunidad que ahora tambi\u00e9n es la nuestra&#8221;<\/em>. Su voz representa a miles de personas que, estando ya entre nosotros, ven frenada su voluntad de contribuci\u00f3n por la falta de papeles o el estigma social.<\/p>\n\n\n\n<figure class=\"wp-block-embed is-type-video is-provider-youtube wp-block-embed-youtube wp-embed-aspect-16-9 wp-has-aspect-ratio\"><div class=\"wp-block-embed__wrapper\">\n<iframe loading=\"lazy\" title=\"18D - D\u00eda de las Personas Migrantes &quot;Elegimos ser acogida&quot; | Soy Acogida\" width=\"500\" height=\"281\" src=\"https:\/\/www.youtube.com\/embed\/Is2L6o4IpgE?feature=oembed\" frameborder=\"0\" allow=\"accelerometer; autoplay; clipboard-write; encrypted-media; gyroscope; picture-in-picture; web-share\" referrerpolicy=\"strict-origin-when-cross-origin\" allowfullscreen><\/iframe>\n<\/div><\/figure>\n\n\n\n<h2 class=\"wp-block-heading\" id=\"h-soy-acogida-una-narrativa-de-comunidad-y-derechos\"><strong>Soy Acogida: Una narrativa de comunidad y derechos<\/strong><\/h2>\n\n\n\n<p>Nuestra campa\u00f1a <strong>Soy Acogida<\/strong> nace para contrarrestar el miedo con conocimiento. Es una apuesta pol\u00edtica por la convivencia. Queremos que cada vecino y vecina haga de la acogida un proceso bidireccional que nos enriquece a todas.<\/p>\n\n\n\n<p>Para que esta acogida sea real y no solo un lema, desde el guion de nuestra acci\u00f3n reivindicativa exigimos con firmeza:<\/p>\n\n\n\n<ol class=\"wp-block-list\">\n<li><strong>V\u00edas seguras y legales:<\/strong> Es imperativo que las personas no tengan que arriesgar su vida para ejercer su derecho a migrar.<\/li>\n\n\n\n<li><strong>Regularizaci\u00f3n extraordinaria:<\/strong> Apoyamos la iniciativa ciudadana para dar seguridad jur\u00eddica a quienes ya viven y trabajan aqu\u00ed.<\/li>\n\n\n\n<li><strong>Cierre de los CIE:<\/strong> No se puede privar de libertad a nadie por una falta administrativa. Los Centros de Internamiento de Extranjeros son una anomal\u00eda democr\u00e1tica.<\/li>\n\n\n\n<li><strong>Acceso a la vivienda y salud:<\/strong> Blindar los derechos sociales b\u00e1sicos para que no dependan de la situaci\u00f3n administrativa.<\/li>\n\n\n\n<li><strong>Narrativas de encuentro:<\/strong> Combatir los bulos medi\u00e1ticos con la realidad cotidiana de nuestros barrios, donde la convivencia es la norma, no la excepci\u00f3n.<\/li>\n<\/ol>\n\n\n\n<h2 class=\"wp-block-heading\" id=\"h-un-compromiso-que-no-termina-hoy\"><strong>Un compromiso que no termina hoy<\/strong><\/h2>\n\n\n\n<p>El 18 de diciembre es un recordatorio, pero el trabajo de <strong>Pueblos Unidos<\/strong> contin\u00faa el 19, el 20 y cada d\u00eda del a\u00f1o. Creemos firmemente que la acogida es una herramienta de transformaci\u00f3n social. Cuando decimos <strong>#SoyAcogida<\/strong>, estamos diciendo que elegimos la empat\u00eda sobre el miedo y la justicia sobre la indiferencia.<\/p>\n\n\n\n<p>Invitamos a toda la ciudadan\u00eda a leer el reportaje completo de nuestra campa\u00f1a, a escuchar sin prejuicios las historias de sus vecinos migrantes y a sumarse a nuestras demandas.<\/p>\n","protected":false},"excerpt":{"rendered":"<p>Hoy, 18 de diciembre, D\u00eda Internacional de las Personas Migrantes, desde Pueblos Unidos y Entreculturas nos detenemos para reflexionar, pero sobre todo para denunciar y proponer. En el marco de nuestra campa\u00f1a #SoyAcogida, no solo celebramos la riqueza de la diversidad, sino que ponemos el foco en las deudas pendientes que Espa\u00f1a y Europa mantienen con los derechos humanos. El contexto actual: Entre la hostilidad y la necesidad de&#8221;Anticiparnos&#8221; Vivimos un momento cr\u00edtico. Mientras los discursos de odio se filtran en las instituciones, la realidad en nuestras fronteras y barrios nos dicta una urgencia distinta. Europa parece haberse instalado en la gesti\u00f3n de la crisis, olvidando la gesti\u00f3n de la humanidad. En este escenario, rescatamos la visi\u00f3n de Iv\u00e1n Lendrino en su art\u00edculo para Europa Press, Anticiparnos. No podemos seguir reaccionando tarde y mal ante el fen\u00f3meno migratorio. Como bien se\u00f1ala Iv\u00e1n: &#8220;Anticiparnos significa preparar el terreno, no solo para [&hellip;]<\/p>\n","protected":false},"featured_media":45452,"template":"","meta":{"_acf_changed":false},"categories":[7],"tags":[10],"country":[],"cause":[129],"class_list":["post-45449","noticia","type-noticia","status-publish","has-post-thumbnail","hentry","category-noticia","tag-migracion-y-refugio","cause-migracion-y-refugio"],"acf":[],"yoast_head":"<!-- This site is optimized with the Yoast SEO Premium plugin v21.6 (Yoast SEO v27.5) - https:\/\/yoast.com\/product\/yoast-seo-premium-wordpress\/ -->\n<title>En el D\u00eda Mundial de las Personas Migrantes, elegimos ser acogida<\/title>\n<meta name=\"description\" content=\"En el D\u00eda Internacional de las Personas Migrantes, desde Pueblos Unidos y Entreculturas nos detenemos para reflexionar, denunciar y proponer.\" \/>\n<meta name=\"robots\" content=\"index, follow, max-snippet:-1, max-image-preview:large, max-video-preview:-1\" \/>\n<link rel=\"canonical\" href=\"https:\/\/www.entreculturas.org\/gl\/noticia\/dia-internacional-personas-migrantes-pueblos-unidos\/\" \/>\n<meta property=\"og:locale\" content=\"gl_ES\" \/>\n<meta property=\"og:type\" content=\"article\" \/>\n<meta property=\"og:title\" content=\"En el D\u00eda Internacional de las Personas Migrantes, elegimos ser acogida\" \/>\n<meta property=\"og:description\" content=\"En el D\u00eda Internacional de las Personas Migrantes, desde Pueblos Unidos y Entreculturas nos detenemos para reflexionar, denunciar y proponer.\" \/>\n<meta property=\"og:url\" content=\"https:\/\/www.entreculturas.org\/gl\/noticia\/dia-internacional-personas-migrantes-pueblos-unidos\/\" \/>\n<meta property=\"og:site_name\" content=\"Entreculturas\" \/>\n<meta property=\"article:publisher\" content=\"https:\/\/www.facebook.com\/entreculturas\" \/>\n<meta property=\"article:modified_time\" content=\"2025-12-18T09:44:27+00:00\" \/>\n<meta property=\"og:image\" content=\"https:\/\/www.entreculturas.org\/wp-content\/uploads\/2025\/12\/DSC00728_\u00a9-Paola-Gomez-Entreculturas-scaled-e1768392741514.jpg\" \/>\n\t<meta property=\"og:image:width\" content=\"1750\" \/>\n\t<meta property=\"og:image:height\" content=\"1166\" \/>\n\t<meta property=\"og:image:type\" content=\"image\/jpeg\" \/>\n<meta name=\"twitter:card\" content=\"summary_large_image\" \/>\n<meta name=\"twitter:site\" content=\"@Entreculturas\" \/>\n<script type=\"application\/ld+json\" class=\"yoast-schema-graph\">{\"@context\":\"https:\\\/\\\/schema.org\",\"@graph\":[{\"@type\":\"WebPage\",\"@id\":\"https:\\\/\\\/www.entreculturas.org\\\/gl\\\/noticia\\\/dia-internacional-personas-migrantes-pueblos-unidos\\\/\",\"url\":\"https:\\\/\\\/www.entreculturas.org\\\/gl\\\/noticia\\\/dia-internacional-personas-migrantes-pueblos-unidos\\\/\",\"name\":\"En el D\u00eda Mundial de las Personas Migrantes, elegimos ser acogida\",\"isPartOf\":{\"@id\":\"https:\\\/\\\/www.entreculturas.org\\\/gl\\\/#website\"},\"primaryImageOfPage\":{\"@id\":\"https:\\\/\\\/www.entreculturas.org\\\/gl\\\/noticia\\\/dia-internacional-personas-migrantes-pueblos-unidos\\\/#primaryimage\"},\"image\":{\"@id\":\"https:\\\/\\\/www.entreculturas.org\\\/gl\\\/noticia\\\/dia-internacional-personas-migrantes-pueblos-unidos\\\/#primaryimage\"},\"thumbnailUrl\":\"https:\\\/\\\/www.entreculturas.org\\\/wp-content\\\/uploads\\\/2025\\\/12\\\/DSC00728_\u00a9-Paola-Gomez-Entreculturas-scaled-e1768392741514.jpg\",\"datePublished\":\"2025-12-18T09:43:02+00:00\",\"dateModified\":\"2025-12-18T09:44:27+00:00\",\"description\":\"En el D\u00eda Internacional de las Personas Migrantes, desde Pueblos Unidos y Entreculturas nos detenemos para reflexionar, denunciar y proponer.\",\"breadcrumb\":{\"@id\":\"https:\\\/\\\/www.entreculturas.org\\\/gl\\\/noticia\\\/dia-internacional-personas-migrantes-pueblos-unidos\\\/#breadcrumb\"},\"inLanguage\":\"gl-ES\",\"potentialAction\":[{\"@type\":\"ReadAction\",\"target\":[\"https:\\\/\\\/www.entreculturas.org\\\/gl\\\/noticia\\\/dia-internacional-personas-migrantes-pueblos-unidos\\\/\"]}]},{\"@type\":\"ImageObject\",\"inLanguage\":\"gl-ES\",\"@id\":\"https:\\\/\\\/www.entreculturas.org\\\/gl\\\/noticia\\\/dia-internacional-personas-migrantes-pueblos-unidos\\\/#primaryimage\",\"url\":\"https:\\\/\\\/www.entreculturas.org\\\/wp-content\\\/uploads\\\/2025\\\/12\\\/DSC00728_\u00a9-Paola-Gomez-Entreculturas-scaled-e1768392741514.jpg\",\"contentUrl\":\"https:\\\/\\\/www.entreculturas.org\\\/wp-content\\\/uploads\\\/2025\\\/12\\\/DSC00728_\u00a9-Paola-Gomez-Entreculturas-scaled-e1768392741514.jpg\",\"width\":1750,\"height\":1166,\"caption\":\"En el D\u00eda de las Personas Migrantes, elegimos ser acogida\"},{\"@type\":\"BreadcrumbList\",\"@id\":\"https:\\\/\\\/www.entreculturas.org\\\/gl\\\/noticia\\\/dia-internacional-personas-migrantes-pueblos-unidos\\\/#breadcrumb\",\"itemListElement\":[{\"@type\":\"ListItem\",\"position\":1,\"name\":\"Home\",\"item\":\"https:\\\/\\\/www.entreculturas.org\\\/gl\\\/\"},{\"@type\":\"ListItem\",\"position\":2,\"name\":\"Noticias\",\"item\":\"https:\\\/\\\/www.entreculturas.org\\\/gl\\\/noticias\\\/\"},{\"@type\":\"ListItem\",\"position\":3,\"name\":\"En el D\u00eda Internacional de las Personas Migrantes, elegimos ser acogida\"}]},{\"@type\":\"WebSite\",\"@id\":\"https:\\\/\\\/www.entreculturas.org\\\/gl\\\/#website\",\"url\":\"https:\\\/\\\/www.entreculturas.org\\\/gl\\\/\",\"name\":\"Entreculturas\",\"description\":\"\",\"publisher\":{\"@id\":\"https:\\\/\\\/www.entreculturas.org\\\/gl\\\/#organization\"},\"alternateName\":\"Entreculturas\",\"potentialAction\":[{\"@type\":\"SearchAction\",\"target\":{\"@type\":\"EntryPoint\",\"urlTemplate\":\"https:\\\/\\\/www.entreculturas.org\\\/gl\\\/?s={search_term_string}\"},\"query-input\":{\"@type\":\"PropertyValueSpecification\",\"valueRequired\":true,\"valueName\":\"search_term_string\"}}],\"inLanguage\":\"gl-ES\"},{\"@type\":\"Organization\",\"@id\":\"https:\\\/\\\/www.entreculturas.org\\\/gl\\\/#organization\",\"name\":\"Entreculturas\",\"url\":\"https:\\\/\\\/www.entreculturas.org\\\/gl\\\/\",\"logo\":{\"@type\":\"ImageObject\",\"inLanguage\":\"gl-ES\",\"@id\":\"https:\\\/\\\/www.entreculturas.org\\\/gl\\\/#\\\/schema\\\/logo\\\/image\\\/\",\"url\":\"https:\\\/\\\/www.entreculturas.org\\\/wp-content\\\/uploads\\\/2025\\\/10\\\/ESP.svg\",\"contentUrl\":\"https:\\\/\\\/www.entreculturas.org\\\/wp-content\\\/uploads\\\/2025\\\/10\\\/ESP.svg\",\"caption\":\"Entreculturas\"},\"image\":{\"@id\":\"https:\\\/\\\/www.entreculturas.org\\\/gl\\\/#\\\/schema\\\/logo\\\/image\\\/\"},\"sameAs\":[\"https:\\\/\\\/www.facebook.com\\\/entreculturas\",\"https:\\\/\\\/x.com\\\/Entreculturas\",\"https:\\\/\\\/www.instagram.com\\\/entreculturas\\\/\",\"https:\\\/\\\/www.youtube.com\\\/user\\\/entreculturasvideo\",\"https:\\\/\\\/www.linkedin.com\\\/company\\\/fundacion-entreculturas-ngdo\\\/\",\"https:\\\/\\\/www.flickr.com\\\/photos\\\/98455522@N04\\\/albums\\\/\"]}]}<\/script>\n<!-- \/ Yoast SEO Premium plugin. -->","yoast_head_json":{"title":"En el D\u00eda Mundial de las Personas Migrantes, elegimos ser acogida","description":"En el D\u00eda Internacional de las Personas Migrantes, desde Pueblos Unidos y Entreculturas nos detenemos para reflexionar, denunciar y proponer.","robots":{"index":"index","follow":"follow","max-snippet":"max-snippet:-1","max-image-preview":"max-image-preview:large","max-video-preview":"max-video-preview:-1"},"canonical":"https:\/\/www.entreculturas.org\/gl\/noticia\/dia-internacional-personas-migrantes-pueblos-unidos\/","og_locale":"gl_ES","og_type":"article","og_title":"En el D\u00eda Internacional de las Personas Migrantes, elegimos ser acogida","og_description":"En el D\u00eda Internacional de las Personas Migrantes, desde Pueblos Unidos y Entreculturas nos detenemos para reflexionar, denunciar y proponer.","og_url":"https:\/\/www.entreculturas.org\/gl\/noticia\/dia-internacional-personas-migrantes-pueblos-unidos\/","og_site_name":"Entreculturas","article_publisher":"https:\/\/www.facebook.com\/entreculturas","article_modified_time":"2025-12-18T09:44:27+00:00","og_image":[{"width":1750,"height":1166,"url":"https:\/\/www.entreculturas.org\/wp-content\/uploads\/2025\/12\/DSC00728_\u00a9-Paola-Gomez-Entreculturas-scaled-e1768392741514.jpg","type":"image\/jpeg"}],"twitter_card":"summary_large_image","twitter_site":"@Entreculturas","schema":{"@context":"https:\/\/schema.org","@graph":[{"@type":"WebPage","@id":"https:\/\/www.entreculturas.org\/gl\/noticia\/dia-internacional-personas-migrantes-pueblos-unidos\/","url":"https:\/\/www.entreculturas.org\/gl\/noticia\/dia-internacional-personas-migrantes-pueblos-unidos\/","name":"En el D\u00eda Mundial de las Personas Migrantes, elegimos ser acogida","isPartOf":{"@id":"https:\/\/www.entreculturas.org\/gl\/#website"},"primaryImageOfPage":{"@id":"https:\/\/www.entreculturas.org\/gl\/noticia\/dia-internacional-personas-migrantes-pueblos-unidos\/#primaryimage"},"image":{"@id":"https:\/\/www.entreculturas.org\/gl\/noticia\/dia-internacional-personas-migrantes-pueblos-unidos\/#primaryimage"},"thumbnailUrl":"https:\/\/www.entreculturas.org\/wp-content\/uploads\/2025\/12\/DSC00728_\u00a9-Paola-Gomez-Entreculturas-scaled-e1768392741514.jpg","datePublished":"2025-12-18T09:43:02+00:00","dateModified":"2025-12-18T09:44:27+00:00","description":"En el D\u00eda Internacional de las Personas Migrantes, desde Pueblos Unidos y Entreculturas nos detenemos para reflexionar, denunciar y proponer.","breadcrumb":{"@id":"https:\/\/www.entreculturas.org\/gl\/noticia\/dia-internacional-personas-migrantes-pueblos-unidos\/#breadcrumb"},"inLanguage":"gl-ES","potentialAction":[{"@type":"ReadAction","target":["https:\/\/www.entreculturas.org\/gl\/noticia\/dia-internacional-personas-migrantes-pueblos-unidos\/"]}]},{"@type":"ImageObject","inLanguage":"gl-ES","@id":"https:\/\/www.entreculturas.org\/gl\/noticia\/dia-internacional-personas-migrantes-pueblos-unidos\/#primaryimage","url":"https:\/\/www.entreculturas.org\/wp-content\/uploads\/2025\/12\/DSC00728_\u00a9-Paola-Gomez-Entreculturas-scaled-e1768392741514.jpg","contentUrl":"https:\/\/www.entreculturas.org\/wp-content\/uploads\/2025\/12\/DSC00728_\u00a9-Paola-Gomez-Entreculturas-scaled-e1768392741514.jpg","width":1750,"height":1166,"caption":"En el D\u00eda de las Personas Migrantes, elegimos ser acogida"},{"@type":"BreadcrumbList","@id":"https:\/\/www.entreculturas.org\/gl\/noticia\/dia-internacional-personas-migrantes-pueblos-unidos\/#breadcrumb","itemListElement":[{"@type":"ListItem","position":1,"name":"Home","item":"https:\/\/www.entreculturas.org\/gl\/"},{"@type":"ListItem","position":2,"name":"Noticias","item":"https:\/\/www.entreculturas.org\/gl\/noticias\/"},{"@type":"ListItem","position":3,"name":"En el D\u00eda Internacional de las Personas Migrantes, elegimos ser acogida"}]},{"@type":"WebSite","@id":"https:\/\/www.entreculturas.org\/gl\/#website","url":"https:\/\/www.entreculturas.org\/gl\/","name":"Entreculturas","description":"","publisher":{"@id":"https:\/\/www.entreculturas.org\/gl\/#organization"},"alternateName":"Entreculturas","potentialAction":[{"@type":"SearchAction","target":{"@type":"EntryPoint","urlTemplate":"https:\/\/www.entreculturas.org\/gl\/?s={search_term_string}"},"query-input":{"@type":"PropertyValueSpecification","valueRequired":true,"valueName":"search_term_string"}}],"inLanguage":"gl-ES"},{"@type":"Organization","@id":"https:\/\/www.entreculturas.org\/gl\/#organization","name":"Entreculturas","url":"https:\/\/www.entreculturas.org\/gl\/","logo":{"@type":"ImageObject","inLanguage":"gl-ES","@id":"https:\/\/www.entreculturas.org\/gl\/#\/schema\/logo\/image\/","url":"https:\/\/www.entreculturas.org\/wp-content\/uploads\/2025\/10\/ESP.svg","contentUrl":"https:\/\/www.entreculturas.org\/wp-content\/uploads\/2025\/10\/ESP.svg","caption":"Entreculturas"},"image":{"@id":"https:\/\/www.entreculturas.org\/gl\/#\/schema\/logo\/image\/"},"sameAs":["https:\/\/www.facebook.com\/entreculturas","https:\/\/x.com\/Entreculturas","https:\/\/www.instagram.com\/entreculturas\/","https:\/\/www.youtube.com\/user\/entreculturasvideo","https:\/\/www.linkedin.com\/company\/fundacion-entreculturas-ngdo\/","https:\/\/www.flickr.com\/photos\/98455522@N04\/albums\/"]}]}},"_links":{"self":[{"href":"https:\/\/www.entreculturas.org\/gl\/wp-json\/wp\/v2\/noticia\/45449","targetHints":{"allow":["GET"]}}],"collection":[{"href":"https:\/\/www.entreculturas.org\/gl\/wp-json\/wp\/v2\/noticia"}],"about":[{"href":"https:\/\/www.entreculturas.org\/gl\/wp-json\/wp\/v2\/types\/noticia"}],"wp:featuredmedia":[{"embeddable":true,"href":"https:\/\/www.entreculturas.org\/gl\/wp-json\/wp\/v2\/media\/45452"}],"wp:attachment":[{"href":"https:\/\/www.entreculturas.org\/gl\/wp-json\/wp\/v2\/media?parent=45449"}],"wp:term":[{"taxonomy":"category","embeddable":true,"href":"https:\/\/www.entreculturas.org\/gl\/wp-json\/wp\/v2\/categories?post=45449"},{"taxonomy":"post_tag","embeddable":true,"href":"https:\/\/www.entreculturas.org\/gl\/wp-json\/wp\/v2\/tags?post=45449"},{"taxonomy":"country","embeddable":true,"href":"https:\/\/www.entreculturas.org\/gl\/wp-json\/wp\/v2\/country?post=45449"},{"taxonomy":"cause","embeddable":true,"href":"https:\/\/www.entreculturas.org\/gl\/wp-json\/wp\/v2\/cause?post=45449"}],"curies":[{"name":"wp","href":"https:\/\/api.w.org\/{rel}","templated":true}]}}