{"id":45267,"date":"2025-12-09T12:41:29","date_gmt":"2025-12-09T11:41:29","guid":{"rendered":"https:\/\/www.entreculturas.org\/?post_type=noticia&#038;p=45267"},"modified":"2025-12-09T17:10:58","modified_gmt":"2025-12-09T16:10:58","slug":"campana-navidad2025-entreculturas","status":"publish","type":"noticia","link":"https:\/\/www.entreculturas.org\/gl\/noticia\/campana-navidad2025-entreculturas\/","title":{"rendered":"Entreculturas presenta su campa\u00f1a de Navidad 2025 \u201cGracias por SER humanidad\u201d"},"content":{"rendered":"\n<p>Desde Entreculturas, lanzamos nuestra <a href=\"http:\/\/www.entreculturas.org\/navidad\">campa\u00f1a de Navidad<\/a> en un final de a\u00f1o en el que los conflictos prolongados, el desplazamiento forzado y las desigualdades vuelven a situarse en el centro de la agenda internacional. Seg\u00fan denuncia la entidad y recoge la UNESCO, 2025 termina con el mayor n\u00famero de conflictos activos desde la Segunda Guerra Mundial y con 272 millones de ni\u00f1os y ni\u00f1as fuera de la escuela, la cifra m\u00e1s alta de los \u00faltimos tiempos que anticipa c\u00f3mo el derecho a la educaci\u00f3n seguir\u00e1 siendo uno de los m\u00e1s vulnerados en 2026.<\/p>\n\n\n\n<p>En este escenario, con el lema <a href=\"http:\/\/www.entreculturas.org\/navidad\">\u201cGracias por SER humanidad<\/a>\u201d,  llamamos a la ciudadan\u00eda y a los agentes sociales a recordar que la educaci\u00f3n, especialmente en escenarios de emergencia, exclusi\u00f3n o desplazamiento, juega un papel determinante en la cohesi\u00f3n social y en la construcci\u00f3n de la paz. Desde Entreculturas insistimos en que <strong>la Navidad debe ser tambi\u00e9n un momento para mirar con honestidad el mundo<\/strong> y renovar el compromiso colectivo con la justicia y la educaci\u00f3n como herramientas que mantienen viva la esperanza incluso en los escenarios m\u00e1s dif\u00edciles.&nbsp;<\/p>\n\n\n\n<p>Mart\u00edn Iriberri, nuestro Director General, subraya la necesidad de afrontar la actual realidad global desde una responsabilidad compartida: \u201cHoy, m\u00e1s que nunca, <strong>necesitamos asumir de verdad lo que significa ser humanidad<\/strong>: una comunidad que se implica, que no mira hacia otro lado y que reconoce la fragilidad de quienes atraviesan situaciones dif\u00edciles. Solo as\u00ed podremos avanzar hacia un mundo que ofrezca posibilidades reales para todas las personas\u201d.<\/p>\n\n\n\n<p>Estas palabras enmarcan una campa\u00f1a con la que apelamos a la participaci\u00f3n social y que <strong>pone el foco en la capacidad de las comunidades para sostener sus propios procesos educativos<\/strong>, incluso en condiciones adversas. Un acompa\u00f1amiento que supone estar cerca de quienes han tenido que dejar atr\u00e1s su hogar, colaborando en sus iniciativas comunitarias y creando espacios educativos seguros. En palabras de Mart\u00edn, \u201cnuestro trabajo responde a la convicci\u00f3n de que las comunidades pueden sostener sus propios proyectos de vida y de que la esperanza y el progreso se multiplican cuando se construye en red\u201d.<\/p>\n\n\n\n<h2 class=\"wp-block-heading\" id=\"h-la-experiencia-internacional-que-sostiene-la-llamada-a-ser-humanidad\"><strong>La experiencia internacional que sostiene la llamada a \u201cser humanidad\u201d<\/strong><\/h2>\n\n\n\n<p>Desde Entreculturas<strong> acompa\u00f1amos a m\u00e1s de 400.000 personas en 42 pa\u00edses de \u00c1frica, Am\u00e9rica Latina, Asia y Europa<\/strong>, trabajando junto a comunidades que afrontan exclusi\u00f3n social, situaciones de emergencias o desplazamiento. Toda esta experiencia nos permite denunciar que el retroceso educativo actual no es una consecuencia inevitable de los conflictos o de la crisis clim\u00e1tica, sino del resultado de desigualdades estructurales que pueden revertirse mediante pol\u00edticas p\u00fablicas ambiciosas, financiaci\u00f3n suficiente y alianzas que entiendan la educaci\u00f3n como un derecho irrenunciable.<\/p>\n\n\n\n<p>En el marco de esta campa\u00f1a, subrayamos adem\u00e1s el impacto que la crisis clim\u00e1tica ha tenido este a\u00f1o en la vida de millones de personas, coincidiendo con la celebraci\u00f3n de la COP30 y con la constataci\u00f3n de que las comunidades m\u00e1s afectadas por la degradaci\u00f3n ambiental son, a menudo, las mismas que ya enfrentan exclusi\u00f3n, pobreza o desplazamiento. Desde Entreculturas insistimos en que<strong> la educaci\u00f3n es un factor decisivo para fortalecer la resiliencia<\/strong> comunitaria frente a la emergencia clim\u00e1tica y para avanzar hacia modelos de desarrollo m\u00e1s justos y sostenibles.<\/p>\n\n\n\n<p>Desde Entreculturas queremos se\u00f1alas que, aunque 2025 ha sido un a\u00f1o especialmente duro en t\u00e9rminos de desigualdad y de retrocesos de derechos, tambi\u00e9n <strong>ha dejado ejemplos de colaboraci\u00f3n, redes de apoyo mutuo<\/strong> y procesos educativos que demuestran que el cambio es posible cuando existen recursos, alianzas y compromisos. La <a href=\"http:\/\/www.entreculturas.org\/navidad\">campa\u00f1a <em>\u201cGracias por SER humanidad\u201d<\/em><\/a> aspira a reforzar esa mirada y a recordar que la educaci\u00f3n constituye una herramienta fundamental para construir un futuro m\u00e1s justo, no solo en Navidad, sino durante todo el a\u00f1o.<br><\/p>\n\n\n\n<div class=\"wp-block-group has-global-padding is-layout-constrained wp-container-core-group-is-layout-fc54cf0f wp-block-group-is-layout-constrained\">\n<figure class=\"wp-block-embed is-type-video is-provider-youtube wp-block-embed-youtube wp-embed-aspect-16-9 wp-has-aspect-ratio\"><div class=\"wp-block-embed__wrapper\">\n<iframe loading=\"lazy\" title=\"Gracias por Ser Humanidad - Navidad 2025\" width=\"500\" height=\"281\" src=\"https:\/\/www.youtube.com\/embed\/Kazll5yWkr4?feature=oembed\" frameborder=\"0\" allow=\"accelerometer; autoplay; clipboard-write; encrypted-media; gyroscope; picture-in-picture; web-share\" referrerpolicy=\"strict-origin-when-cross-origin\" allowfullscreen><\/iframe>\n<\/div><\/figure>\n\n\n\n<p><\/p>\n<\/div>\n","protected":false},"excerpt":{"rendered":"<p>Desde Entreculturas, lanzamos nuestra campa\u00f1a de Navidad en un final de a\u00f1o en el que los conflictos prolongados, el desplazamiento forzado y las desigualdades vuelven a situarse en el centro de la agenda internacional. Seg\u00fan denuncia la entidad y recoge la UNESCO, 2025 termina con el mayor n\u00famero de conflictos activos desde la Segunda Guerra Mundial y con 272 millones de ni\u00f1os y ni\u00f1as fuera de la escuela, la cifra m\u00e1s alta de los \u00faltimos tiempos que anticipa c\u00f3mo el derecho a la educaci\u00f3n seguir\u00e1 siendo uno de los m\u00e1s vulnerados en 2026. En este escenario, con el lema \u201cGracias por SER humanidad\u201d, llamamos a la ciudadan\u00eda y a los agentes sociales a recordar que la educaci\u00f3n, especialmente en escenarios de emergencia, exclusi\u00f3n o desplazamiento, juega un papel determinante en la cohesi\u00f3n social y en la construcci\u00f3n de la paz. Desde Entreculturas insistimos en que la Navidad debe ser tambi\u00e9n [&hellip;]<\/p>\n","protected":false},"featured_media":45269,"template":"","meta":{"_acf_changed":false},"categories":[7],"tags":[733],"country":[],"cause":[],"class_list":["post-45267","noticia","type-noticia","status-publish","has-post-thumbnail","hentry","category-noticia","tag-navidad"],"acf":[],"yoast_head":"<!-- This site is optimized with the Yoast SEO Premium plugin v21.6 (Yoast SEO v27.5) - https:\/\/yoast.com\/product\/yoast-seo-premium-wordpress\/ -->\n<title>Campa\u00f1a navide\u00f1a de Entreculturas: Gracias por SER humanidad<\/title>\n<meta name=\"description\" content=\"Defendemos que la Navidad es tambi\u00e9n un momento para mirar con honestidad el mundo y renovar el compromiso con la justicia y la educaci\u00f3n.\" \/>\n<meta name=\"robots\" content=\"index, follow, max-snippet:-1, max-image-preview:large, max-video-preview:-1\" \/>\n<link rel=\"canonical\" href=\"https:\/\/www.entreculturas.org\/gl\/noticia\/campana-navidad2025-entreculturas\/\" \/>\n<meta property=\"og:locale\" content=\"gl_ES\" \/>\n<meta property=\"og:type\" content=\"article\" \/>\n<meta property=\"og:title\" content=\"Entreculturas presenta su campa\u00f1a de Navidad 2025 \u201cGracias por SER humanidad\u201d\" \/>\n<meta property=\"og:description\" content=\"Defendemos que la Navidad es tambi\u00e9n un momento para mirar con honestidad el mundo y renovar el compromiso con la justicia y la educaci\u00f3n.\" \/>\n<meta property=\"og:url\" content=\"https:\/\/www.entreculturas.org\/gl\/noticia\/campana-navidad2025-entreculturas\/\" \/>\n<meta property=\"og:site_name\" content=\"Entreculturas\" \/>\n<meta property=\"article:publisher\" content=\"https:\/\/www.facebook.com\/entreculturas\" \/>\n<meta property=\"article:modified_time\" content=\"2025-12-09T16:10:58+00:00\" \/>\n<meta property=\"og:image\" content=\"https:\/\/www.entreculturas.org\/wp-content\/uploads\/2025\/12\/Navidad_cabecera-x_1500x500-e1765280897934.jpg\" \/>\n\t<meta property=\"og:image:width\" content=\"1135\" \/>\n\t<meta property=\"og:image:height\" content=\"463\" \/>\n\t<meta property=\"og:image:type\" content=\"image\/jpeg\" \/>\n<meta name=\"twitter:card\" content=\"summary_large_image\" \/>\n<meta name=\"twitter:site\" content=\"@Entreculturas\" \/>\n<script type=\"application\/ld+json\" class=\"yoast-schema-graph\">{\"@context\":\"https:\\\/\\\/schema.org\",\"@graph\":[{\"@type\":\"WebPage\",\"@id\":\"https:\\\/\\\/www.entreculturas.org\\\/gl\\\/noticia\\\/campana-navidad2025-entreculturas\\\/\",\"url\":\"https:\\\/\\\/www.entreculturas.org\\\/gl\\\/noticia\\\/campana-navidad2025-entreculturas\\\/\",\"name\":\"Campa\u00f1a navide\u00f1a de Entreculturas: Gracias por SER humanidad\",\"isPartOf\":{\"@id\":\"https:\\\/\\\/www.entreculturas.org\\\/gl\\\/#website\"},\"primaryImageOfPage\":{\"@id\":\"https:\\\/\\\/www.entreculturas.org\\\/gl\\\/noticia\\\/campana-navidad2025-entreculturas\\\/#primaryimage\"},\"image\":{\"@id\":\"https:\\\/\\\/www.entreculturas.org\\\/gl\\\/noticia\\\/campana-navidad2025-entreculturas\\\/#primaryimage\"},\"thumbnailUrl\":\"https:\\\/\\\/www.entreculturas.org\\\/wp-content\\\/uploads\\\/2025\\\/12\\\/Navidad_cabecera-x_1500x500-e1765280897934.jpg\",\"datePublished\":\"2025-12-09T11:41:29+00:00\",\"dateModified\":\"2025-12-09T16:10:58+00:00\",\"description\":\"Defendemos que la Navidad es tambi\u00e9n un momento para mirar con honestidad el mundo y renovar el compromiso con la justicia y la educaci\u00f3n.\",\"breadcrumb\":{\"@id\":\"https:\\\/\\\/www.entreculturas.org\\\/gl\\\/noticia\\\/campana-navidad2025-entreculturas\\\/#breadcrumb\"},\"inLanguage\":\"gl-ES\",\"potentialAction\":[{\"@type\":\"ReadAction\",\"target\":[\"https:\\\/\\\/www.entreculturas.org\\\/gl\\\/noticia\\\/campana-navidad2025-entreculturas\\\/\"]}]},{\"@type\":\"ImageObject\",\"inLanguage\":\"gl-ES\",\"@id\":\"https:\\\/\\\/www.entreculturas.org\\\/gl\\\/noticia\\\/campana-navidad2025-entreculturas\\\/#primaryimage\",\"url\":\"https:\\\/\\\/www.entreculturas.org\\\/wp-content\\\/uploads\\\/2025\\\/12\\\/Navidad_cabecera-x_1500x500-e1765280897934.jpg\",\"contentUrl\":\"https:\\\/\\\/www.entreculturas.org\\\/wp-content\\\/uploads\\\/2025\\\/12\\\/Navidad_cabecera-x_1500x500-e1765280897934.jpg\",\"width\":1135,\"height\":463,\"caption\":\"Navidad 2025\"},{\"@type\":\"BreadcrumbList\",\"@id\":\"https:\\\/\\\/www.entreculturas.org\\\/gl\\\/noticia\\\/campana-navidad2025-entreculturas\\\/#breadcrumb\",\"itemListElement\":[{\"@type\":\"ListItem\",\"position\":1,\"name\":\"Home\",\"item\":\"https:\\\/\\\/www.entreculturas.org\\\/gl\\\/\"},{\"@type\":\"ListItem\",\"position\":2,\"name\":\"Noticias\",\"item\":\"https:\\\/\\\/www.entreculturas.org\\\/gl\\\/noticias\\\/\"},{\"@type\":\"ListItem\",\"position\":3,\"name\":\"Entreculturas presenta su campa\u00f1a de Navidad 2025 \u201cGracias por SER humanidad\u201d\"}]},{\"@type\":\"WebSite\",\"@id\":\"https:\\\/\\\/www.entreculturas.org\\\/gl\\\/#website\",\"url\":\"https:\\\/\\\/www.entreculturas.org\\\/gl\\\/\",\"name\":\"Entreculturas\",\"description\":\"\",\"publisher\":{\"@id\":\"https:\\\/\\\/www.entreculturas.org\\\/gl\\\/#organization\"},\"alternateName\":\"Entreculturas\",\"potentialAction\":[{\"@type\":\"SearchAction\",\"target\":{\"@type\":\"EntryPoint\",\"urlTemplate\":\"https:\\\/\\\/www.entreculturas.org\\\/gl\\\/?s={search_term_string}\"},\"query-input\":{\"@type\":\"PropertyValueSpecification\",\"valueRequired\":true,\"valueName\":\"search_term_string\"}}],\"inLanguage\":\"gl-ES\"},{\"@type\":\"Organization\",\"@id\":\"https:\\\/\\\/www.entreculturas.org\\\/gl\\\/#organization\",\"name\":\"Entreculturas\",\"url\":\"https:\\\/\\\/www.entreculturas.org\\\/gl\\\/\",\"logo\":{\"@type\":\"ImageObject\",\"inLanguage\":\"gl-ES\",\"@id\":\"https:\\\/\\\/www.entreculturas.org\\\/gl\\\/#\\\/schema\\\/logo\\\/image\\\/\",\"url\":\"https:\\\/\\\/www.entreculturas.org\\\/wp-content\\\/uploads\\\/2025\\\/10\\\/ESP.svg\",\"contentUrl\":\"https:\\\/\\\/www.entreculturas.org\\\/wp-content\\\/uploads\\\/2025\\\/10\\\/ESP.svg\",\"caption\":\"Entreculturas\"},\"image\":{\"@id\":\"https:\\\/\\\/www.entreculturas.org\\\/gl\\\/#\\\/schema\\\/logo\\\/image\\\/\"},\"sameAs\":[\"https:\\\/\\\/www.facebook.com\\\/entreculturas\",\"https:\\\/\\\/x.com\\\/Entreculturas\",\"https:\\\/\\\/www.instagram.com\\\/entreculturas\\\/\",\"https:\\\/\\\/www.youtube.com\\\/user\\\/entreculturasvideo\",\"https:\\\/\\\/www.linkedin.com\\\/company\\\/fundacion-entreculturas-ngdo\\\/\",\"https:\\\/\\\/www.flickr.com\\\/photos\\\/98455522@N04\\\/albums\\\/\"]}]}<\/script>\n<!-- \/ Yoast SEO Premium plugin. -->","yoast_head_json":{"title":"Campa\u00f1a navide\u00f1a de Entreculturas: Gracias por SER humanidad","description":"Defendemos que la Navidad es tambi\u00e9n un momento para mirar con honestidad el mundo y renovar el compromiso con la justicia y la educaci\u00f3n.","robots":{"index":"index","follow":"follow","max-snippet":"max-snippet:-1","max-image-preview":"max-image-preview:large","max-video-preview":"max-video-preview:-1"},"canonical":"https:\/\/www.entreculturas.org\/gl\/noticia\/campana-navidad2025-entreculturas\/","og_locale":"gl_ES","og_type":"article","og_title":"Entreculturas presenta su campa\u00f1a de Navidad 2025 \u201cGracias por SER humanidad\u201d","og_description":"Defendemos que la Navidad es tambi\u00e9n un momento para mirar con honestidad el mundo y renovar el compromiso con la justicia y la educaci\u00f3n.","og_url":"https:\/\/www.entreculturas.org\/gl\/noticia\/campana-navidad2025-entreculturas\/","og_site_name":"Entreculturas","article_publisher":"https:\/\/www.facebook.com\/entreculturas","article_modified_time":"2025-12-09T16:10:58+00:00","og_image":[{"width":1135,"height":463,"url":"https:\/\/www.entreculturas.org\/wp-content\/uploads\/2025\/12\/Navidad_cabecera-x_1500x500-e1765280897934.jpg","type":"image\/jpeg"}],"twitter_card":"summary_large_image","twitter_site":"@Entreculturas","schema":{"@context":"https:\/\/schema.org","@graph":[{"@type":"WebPage","@id":"https:\/\/www.entreculturas.org\/gl\/noticia\/campana-navidad2025-entreculturas\/","url":"https:\/\/www.entreculturas.org\/gl\/noticia\/campana-navidad2025-entreculturas\/","name":"Campa\u00f1a navide\u00f1a de Entreculturas: Gracias por SER humanidad","isPartOf":{"@id":"https:\/\/www.entreculturas.org\/gl\/#website"},"primaryImageOfPage":{"@id":"https:\/\/www.entreculturas.org\/gl\/noticia\/campana-navidad2025-entreculturas\/#primaryimage"},"image":{"@id":"https:\/\/www.entreculturas.org\/gl\/noticia\/campana-navidad2025-entreculturas\/#primaryimage"},"thumbnailUrl":"https:\/\/www.entreculturas.org\/wp-content\/uploads\/2025\/12\/Navidad_cabecera-x_1500x500-e1765280897934.jpg","datePublished":"2025-12-09T11:41:29+00:00","dateModified":"2025-12-09T16:10:58+00:00","description":"Defendemos que la Navidad es tambi\u00e9n un momento para mirar con honestidad el mundo y renovar el compromiso con la justicia y la educaci\u00f3n.","breadcrumb":{"@id":"https:\/\/www.entreculturas.org\/gl\/noticia\/campana-navidad2025-entreculturas\/#breadcrumb"},"inLanguage":"gl-ES","potentialAction":[{"@type":"ReadAction","target":["https:\/\/www.entreculturas.org\/gl\/noticia\/campana-navidad2025-entreculturas\/"]}]},{"@type":"ImageObject","inLanguage":"gl-ES","@id":"https:\/\/www.entreculturas.org\/gl\/noticia\/campana-navidad2025-entreculturas\/#primaryimage","url":"https:\/\/www.entreculturas.org\/wp-content\/uploads\/2025\/12\/Navidad_cabecera-x_1500x500-e1765280897934.jpg","contentUrl":"https:\/\/www.entreculturas.org\/wp-content\/uploads\/2025\/12\/Navidad_cabecera-x_1500x500-e1765280897934.jpg","width":1135,"height":463,"caption":"Navidad 2025"},{"@type":"BreadcrumbList","@id":"https:\/\/www.entreculturas.org\/gl\/noticia\/campana-navidad2025-entreculturas\/#breadcrumb","itemListElement":[{"@type":"ListItem","position":1,"name":"Home","item":"https:\/\/www.entreculturas.org\/gl\/"},{"@type":"ListItem","position":2,"name":"Noticias","item":"https:\/\/www.entreculturas.org\/gl\/noticias\/"},{"@type":"ListItem","position":3,"name":"Entreculturas presenta su campa\u00f1a de Navidad 2025 \u201cGracias por SER humanidad\u201d"}]},{"@type":"WebSite","@id":"https:\/\/www.entreculturas.org\/gl\/#website","url":"https:\/\/www.entreculturas.org\/gl\/","name":"Entreculturas","description":"","publisher":{"@id":"https:\/\/www.entreculturas.org\/gl\/#organization"},"alternateName":"Entreculturas","potentialAction":[{"@type":"SearchAction","target":{"@type":"EntryPoint","urlTemplate":"https:\/\/www.entreculturas.org\/gl\/?s={search_term_string}"},"query-input":{"@type":"PropertyValueSpecification","valueRequired":true,"valueName":"search_term_string"}}],"inLanguage":"gl-ES"},{"@type":"Organization","@id":"https:\/\/www.entreculturas.org\/gl\/#organization","name":"Entreculturas","url":"https:\/\/www.entreculturas.org\/gl\/","logo":{"@type":"ImageObject","inLanguage":"gl-ES","@id":"https:\/\/www.entreculturas.org\/gl\/#\/schema\/logo\/image\/","url":"https:\/\/www.entreculturas.org\/wp-content\/uploads\/2025\/10\/ESP.svg","contentUrl":"https:\/\/www.entreculturas.org\/wp-content\/uploads\/2025\/10\/ESP.svg","caption":"Entreculturas"},"image":{"@id":"https:\/\/www.entreculturas.org\/gl\/#\/schema\/logo\/image\/"},"sameAs":["https:\/\/www.facebook.com\/entreculturas","https:\/\/x.com\/Entreculturas","https:\/\/www.instagram.com\/entreculturas\/","https:\/\/www.youtube.com\/user\/entreculturasvideo","https:\/\/www.linkedin.com\/company\/fundacion-entreculturas-ngdo\/","https:\/\/www.flickr.com\/photos\/98455522@N04\/albums\/"]}]}},"_links":{"self":[{"href":"https:\/\/www.entreculturas.org\/gl\/wp-json\/wp\/v2\/noticia\/45267","targetHints":{"allow":["GET"]}}],"collection":[{"href":"https:\/\/www.entreculturas.org\/gl\/wp-json\/wp\/v2\/noticia"}],"about":[{"href":"https:\/\/www.entreculturas.org\/gl\/wp-json\/wp\/v2\/types\/noticia"}],"wp:featuredmedia":[{"embeddable":true,"href":"https:\/\/www.entreculturas.org\/gl\/wp-json\/wp\/v2\/media\/45269"}],"wp:attachment":[{"href":"https:\/\/www.entreculturas.org\/gl\/wp-json\/wp\/v2\/media?parent=45267"}],"wp:term":[{"taxonomy":"category","embeddable":true,"href":"https:\/\/www.entreculturas.org\/gl\/wp-json\/wp\/v2\/categories?post=45267"},{"taxonomy":"post_tag","embeddable":true,"href":"https:\/\/www.entreculturas.org\/gl\/wp-json\/wp\/v2\/tags?post=45267"},{"taxonomy":"country","embeddable":true,"href":"https:\/\/www.entreculturas.org\/gl\/wp-json\/wp\/v2\/country?post=45267"},{"taxonomy":"cause","embeddable":true,"href":"https:\/\/www.entreculturas.org\/gl\/wp-json\/wp\/v2\/cause?post=45267"}],"curies":[{"name":"wp","href":"https:\/\/api.w.org\/{rel}","templated":true}]}}