{"id":4484,"date":"2020-04-08T12:16:03","date_gmt":"2020-04-08T12:16:03","guid":{"rendered":"https:\/\/entreculturasi.wpenginepowered.com\/?noticias=lamejorleccion-la-campana-mundial-por-la-educacion-hace-un-llamamiento-social-para-proteger"},"modified":"2024-03-14T14:55:11","modified_gmt":"2024-03-14T13:55:11","slug":"lamejorleccion-la-campana-mundial-por-la-educacion-hace-un-llamamiento-social-para-proteger","status":"publish","type":"noticia","link":"https:\/\/www.entreculturas.org\/gl\/noticia\/lamejorleccion-la-campana-mundial-por-la-educacion-hace-un-llamamiento-social-para-proteger\/","title":{"rendered":"#LaMejorLecci\u00f3n: La Campa\u00f1a Mundial por la Educaci\u00f3n hace un llamamiento social para proteger el derecho a la educaci\u00f3n durante la crisis del coronavirus"},"content":{"rendered":"<p>El sector educativo tambi\u00e9n se est\u00e1 viendo profundamente afectado por<strong> la pandemia global del COVID-19, que ha sacado de las aulas a m\u00e1s de 1.500 millones de ni\u00f1os, ni\u00f1as y j\u00f3venes de 188 pa\u00edses, aproximadamente 10 millones de ellos en Espa\u00f1a.<\/strong> Esta situaci\u00f3n afecta en mayor medida a las personas y comunidades m\u00e1s vulnerables, tanto en Espa\u00f1a como en el resto del mundo. Algunos de esos ni\u00f1os y ni\u00f1as no volver\u00e1n a retomar su educaci\u00f3n, y otros lo har\u00e1n desde una situaci\u00f3n de desventaja. Con el objetivo de visibilizar esta brecha y de poner en valor el papel esencial de la educaci\u00f3n en la recuperaci\u00f3n de esta crisis, la Campa\u00f1a Mundial por la Educaci\u00f3n (CME) <a href=\"https:\/\/cme-espana.org\/lamejorleccion\/\" target=\"_blank\" rel=\"noopener\">lanza su iniciativa #LaMejorLecci\u00f3n<\/a>, en la que invita a todas las personas a compartir sus reflexiones y lecciones aprendidas en torno a la educaci\u00f3n en el contexto excepcional en que nos encontramos.&nbsp;<\/p>\n<\/p>\n<p>La continuidad del aprendizaje de millones y ni\u00f1os y ni\u00f1as est\u00e1 en riesgo a causa de retos globales que dificultan la educaci\u00f3n a distancia, como la brecha digital (entre el 10% y el 15% de los ni\u00f1os carece de conexi\u00f3n a internet o de ordenador), la falta de acceso a los comedores, o la imposibilidad de las familias de apoyar adecuadamente el proceso educativo de ni\u00f1os y ni\u00f1as. &#8220;Esta crisis ha puesto de manifiesto las brechas de desigualdad que ya exist\u00edan en nuestras sociedades. La crisis pasar\u00e1, pero no podemos correr el riesgo de que, cuando lo haga, millones de los ni\u00f1os y ni\u00f1as m\u00e1s vulnerables se hayan quedado atr\u00e1s&#8221;, reflexiona Cristina \u00c1lvarez, la Coordinadora de la Campa\u00f1a Mundial por la Educaci\u00f3n en Espa\u00f1a. Por eso, &#8220;pedimos a los responsables pol\u00edticos que el derecho a una educaci\u00f3n equitativa, inclusiva y de calidad siga siendo una prioridad pol\u00edtica y social, tanto en la gesti\u00f3n de esta crisis como en los planes de recuperaci\u00f3n posteriores, lo cual requiere que se asignen los recursos humanos y econ\u00f3micos necesarios. Nos jugamos mucho&#8221;, demanda Cristina \u00c1lvarez.&nbsp;<\/p>\n<p>&nbsp;<\/p>\n<p><strong>#LaMejorLecci\u00f3n<\/strong><\/p>\n<p>\u00bfQuieres ser parte de #LaMejorLecci\u00f3n? La #COVID19 nos est\u00e1 poniendo a prueba, pero tambi\u00e9n nos deja tiempo y espacio para la reflexi\u00f3n, para sacar aprendizajes y asegurarnos que la situaci\u00f3n que estamos viviendo nos ense\u00f1a y nos cambia como sociedad. \u00bfQu\u00e9 est\u00e1s&nbsp; aprendiendo en estos d\u00edas de aislamiento en relaci\u00f3n a la #educaci\u00f3n?<\/p>\n<p>Participar es muy f\u00e1cil, simplemente tienes que hacerte una foto, grabarte un video o escribir un texto sobre c\u00f3mo te sientes y c\u00f3mo crees que la educaci\u00f3n puede contribuir a que salgamos reforzados de esta crisis. Despu\u00e9s puedes compartirlo en tus redes sociales usando #LaMejorLecci\u00f3n. Recopilaremos todas las lecciones recibidas para generar una reflexi\u00f3n conjunta en torno a los aprendizajes que no tenemos que olvidar cuando todo esto acabe. \u00a1Participa! \u00bfcu\u00e1l es para ti #LaMejorLecci\u00f3n?&nbsp;<\/p>\n<\/p>\n<p>Campa\u00f1a Mundial por la Educaci\u00f3n (CME). La CME es una coalici\u00f3n internacional presente en m\u00e1s de 100 pa\u00edses, formada por ONG, sindicatos del entorno educativo, centros escolares y movimientos sociales de muy diverso signo que se moviliza para reclamar el cumplimiento \u00edntegro de los compromisos internacionales firmados por los Estados para garantizar el acceso a una educaci\u00f3n de calidad para todas las personas del mundo. En Espa\u00f1a est\u00e1 liderada por Ayuda en Acci\u00f3n, EDUCO, Entreculturas y Plan International Espa\u00f1a.&nbsp;<\/p>\n","protected":false},"excerpt":{"rendered":"<p>Con el objetivo de visibilizar esta brecha y de poner en valor el papel esencial de la educaci\u00f3n en la recuperaci\u00f3n de esta crisis, la Campa\u00f1a Mundial por la Educaci\u00f3n (CME) lanza su iniciativa #LaMejorLecci\u00f3n, en la que invita a todas las personas a compartir sus reflexiones y lecciones aprendidas en torno a la educaci\u00f3n en el contexto excepcional en que nos encontramos. <\/p>\n","protected":false},"featured_media":4483,"template":"single-noticia","meta":{"_acf_changed":false},"categories":[7],"tags":[289],"country":[],"cause":[128],"class_list":["post-4484","noticia","type-noticia","status-publish","has-post-thumbnail","hentry","category-noticia","tag-educacion","cause-educacion"],"acf":[],"yoast_head":"<!-- This site is optimized with the Yoast SEO Premium plugin v21.6 (Yoast SEO v27.5) - https:\/\/yoast.com\/product\/yoast-seo-premium-wordpress\/ -->\n<title>#LaMejorLecci\u00f3n: La Campa\u00f1a Mundial por la Educaci\u00f3n hace un llamamiento social para proteger el derecho a la educaci\u00f3n durante la crisis del coronavirus - Entreculturas<\/title>\n<meta name=\"robots\" content=\"index, follow, max-snippet:-1, max-image-preview:large, max-video-preview:-1\" \/>\n<link rel=\"canonical\" href=\"https:\/\/www.entreculturas.org\/gl\/noticia\/lamejorleccion-la-campana-mundial-por-la-educacion-hace-un-llamamiento-social-para-proteger\/\" \/>\n<meta property=\"og:locale\" content=\"gl_ES\" \/>\n<meta property=\"og:type\" content=\"article\" \/>\n<meta property=\"og:title\" content=\"#LaMejorLecci\u00f3n: La Campa\u00f1a Mundial por la Educaci\u00f3n hace un llamamiento social para proteger el derecho a la educaci\u00f3n durante la crisis del coronavirus\" \/>\n<meta property=\"og:description\" content=\"Con el objetivo de visibilizar esta brecha y de poner en valor el papel esencial de la educaci\u00f3n en la recuperaci\u00f3n de esta crisis, la Campa\u00f1a Mundial por la Educaci\u00f3n (CME) lanza su iniciativa #LaMejorLecci\u00f3n, en la que invita a todas las personas a compartir sus reflexiones y lecciones aprendidas en torno a la educaci\u00f3n en el contexto excepcional en que nos encontramos.\" \/>\n<meta property=\"og:url\" content=\"https:\/\/www.entreculturas.org\/gl\/noticia\/lamejorleccion-la-campana-mundial-por-la-educacion-hace-un-llamamiento-social-para-proteger\/\" \/>\n<meta property=\"og:site_name\" content=\"Entreculturas\" \/>\n<meta property=\"article:publisher\" content=\"https:\/\/www.facebook.com\/entreculturas\" \/>\n<meta property=\"article:modified_time\" content=\"2024-03-14T13:55:11+00:00\" \/>\n<meta property=\"og:image\" content=\"https:\/\/www.entreculturas.org\/wp-content\/uploads\/2020\/04\/tezza_2020_04_03_171938745.jpg\" \/>\n\t<meta property=\"og:image:width\" content=\"800\" \/>\n\t<meta property=\"og:image:height\" content=\"1067\" \/>\n\t<meta property=\"og:image:type\" content=\"image\/jpeg\" \/>\n<meta name=\"twitter:card\" content=\"summary_large_image\" \/>\n<meta name=\"twitter:site\" content=\"@Entreculturas\" \/>\n<script type=\"application\/ld+json\" class=\"yoast-schema-graph\">{\"@context\":\"https:\\\/\\\/schema.org\",\"@graph\":[{\"@type\":\"WebPage\",\"@id\":\"https:\\\/\\\/www.entreculturas.org\\\/gl\\\/noticia\\\/lamejorleccion-la-campana-mundial-por-la-educacion-hace-un-llamamiento-social-para-proteger\\\/\",\"url\":\"https:\\\/\\\/www.entreculturas.org\\\/gl\\\/noticia\\\/lamejorleccion-la-campana-mundial-por-la-educacion-hace-un-llamamiento-social-para-proteger\\\/\",\"name\":\"#LaMejorLecci\u00f3n: La Campa\u00f1a Mundial por la Educaci\u00f3n hace un llamamiento social para proteger el derecho a la educaci\u00f3n durante la crisis del coronavirus - Entreculturas\",\"isPartOf\":{\"@id\":\"https:\\\/\\\/www.entreculturas.org\\\/gl\\\/#website\"},\"primaryImageOfPage\":{\"@id\":\"https:\\\/\\\/www.entreculturas.org\\\/gl\\\/noticia\\\/lamejorleccion-la-campana-mundial-por-la-educacion-hace-un-llamamiento-social-para-proteger\\\/#primaryimage\"},\"image\":{\"@id\":\"https:\\\/\\\/www.entreculturas.org\\\/gl\\\/noticia\\\/lamejorleccion-la-campana-mundial-por-la-educacion-hace-un-llamamiento-social-para-proteger\\\/#primaryimage\"},\"thumbnailUrl\":\"https:\\\/\\\/www.entreculturas.org\\\/wp-content\\\/uploads\\\/2020\\\/04\\\/tezza_2020_04_03_171938745.jpg\",\"datePublished\":\"2020-04-08T12:16:03+00:00\",\"dateModified\":\"2024-03-14T13:55:11+00:00\",\"breadcrumb\":{\"@id\":\"https:\\\/\\\/www.entreculturas.org\\\/gl\\\/noticia\\\/lamejorleccion-la-campana-mundial-por-la-educacion-hace-un-llamamiento-social-para-proteger\\\/#breadcrumb\"},\"inLanguage\":\"gl-ES\",\"potentialAction\":[{\"@type\":\"ReadAction\",\"target\":[\"https:\\\/\\\/www.entreculturas.org\\\/gl\\\/noticia\\\/lamejorleccion-la-campana-mundial-por-la-educacion-hace-un-llamamiento-social-para-proteger\\\/\"]}]},{\"@type\":\"ImageObject\",\"inLanguage\":\"gl-ES\",\"@id\":\"https:\\\/\\\/www.entreculturas.org\\\/gl\\\/noticia\\\/lamejorleccion-la-campana-mundial-por-la-educacion-hace-un-llamamiento-social-para-proteger\\\/#primaryimage\",\"url\":\"https:\\\/\\\/www.entreculturas.org\\\/wp-content\\\/uploads\\\/2020\\\/04\\\/tezza_2020_04_03_171938745.jpg\",\"contentUrl\":\"https:\\\/\\\/www.entreculturas.org\\\/wp-content\\\/uploads\\\/2020\\\/04\\\/tezza_2020_04_03_171938745.jpg\",\"width\":800,\"height\":1067},{\"@type\":\"BreadcrumbList\",\"@id\":\"https:\\\/\\\/www.entreculturas.org\\\/gl\\\/noticia\\\/lamejorleccion-la-campana-mundial-por-la-educacion-hace-un-llamamiento-social-para-proteger\\\/#breadcrumb\",\"itemListElement\":[{\"@type\":\"ListItem\",\"position\":1,\"name\":\"Home\",\"item\":\"https:\\\/\\\/www.entreculturas.org\\\/gl\\\/\"},{\"@type\":\"ListItem\",\"position\":2,\"name\":\"Noticias\",\"item\":\"https:\\\/\\\/www.entreculturas.org\\\/gl\\\/noticias\\\/\"},{\"@type\":\"ListItem\",\"position\":3,\"name\":\"#LaMejorLecci\u00f3n: La Campa\u00f1a Mundial por la Educaci\u00f3n hace un llamamiento social para proteger el derecho a la educaci\u00f3n durante la crisis del coronavirus\"}]},{\"@type\":\"WebSite\",\"@id\":\"https:\\\/\\\/www.entreculturas.org\\\/gl\\\/#website\",\"url\":\"https:\\\/\\\/www.entreculturas.org\\\/gl\\\/\",\"name\":\"Entreculturas\",\"description\":\"\",\"publisher\":{\"@id\":\"https:\\\/\\\/www.entreculturas.org\\\/gl\\\/#organization\"},\"alternateName\":\"Entreculturas\",\"potentialAction\":[{\"@type\":\"SearchAction\",\"target\":{\"@type\":\"EntryPoint\",\"urlTemplate\":\"https:\\\/\\\/www.entreculturas.org\\\/gl\\\/?s={search_term_string}\"},\"query-input\":{\"@type\":\"PropertyValueSpecification\",\"valueRequired\":true,\"valueName\":\"search_term_string\"}}],\"inLanguage\":\"gl-ES\"},{\"@type\":\"Organization\",\"@id\":\"https:\\\/\\\/www.entreculturas.org\\\/gl\\\/#organization\",\"name\":\"Entreculturas\",\"url\":\"https:\\\/\\\/www.entreculturas.org\\\/gl\\\/\",\"logo\":{\"@type\":\"ImageObject\",\"inLanguage\":\"gl-ES\",\"@id\":\"https:\\\/\\\/www.entreculturas.org\\\/gl\\\/#\\\/schema\\\/logo\\\/image\\\/\",\"url\":\"https:\\\/\\\/www.entreculturas.org\\\/wp-content\\\/uploads\\\/2025\\\/10\\\/ESP.svg\",\"contentUrl\":\"https:\\\/\\\/www.entreculturas.org\\\/wp-content\\\/uploads\\\/2025\\\/10\\\/ESP.svg\",\"caption\":\"Entreculturas\"},\"image\":{\"@id\":\"https:\\\/\\\/www.entreculturas.org\\\/gl\\\/#\\\/schema\\\/logo\\\/image\\\/\"},\"sameAs\":[\"https:\\\/\\\/www.facebook.com\\\/entreculturas\",\"https:\\\/\\\/x.com\\\/Entreculturas\",\"https:\\\/\\\/www.instagram.com\\\/entreculturas\\\/\",\"https:\\\/\\\/www.youtube.com\\\/user\\\/entreculturasvideo\",\"https:\\\/\\\/www.linkedin.com\\\/company\\\/fundacion-entreculturas-ngdo\\\/\",\"https:\\\/\\\/www.flickr.com\\\/photos\\\/98455522@N04\\\/albums\\\/\"]}]}<\/script>\n<!-- \/ Yoast SEO Premium plugin. -->","yoast_head_json":{"title":"#LaMejorLecci\u00f3n: La Campa\u00f1a Mundial por la Educaci\u00f3n hace un llamamiento social para proteger el derecho a la educaci\u00f3n durante la crisis del coronavirus - Entreculturas","robots":{"index":"index","follow":"follow","max-snippet":"max-snippet:-1","max-image-preview":"max-image-preview:large","max-video-preview":"max-video-preview:-1"},"canonical":"https:\/\/www.entreculturas.org\/gl\/noticia\/lamejorleccion-la-campana-mundial-por-la-educacion-hace-un-llamamiento-social-para-proteger\/","og_locale":"gl_ES","og_type":"article","og_title":"#LaMejorLecci\u00f3n: La Campa\u00f1a Mundial por la Educaci\u00f3n hace un llamamiento social para proteger el derecho a la educaci\u00f3n durante la crisis del coronavirus","og_description":"Con el objetivo de visibilizar esta brecha y de poner en valor el papel esencial de la educaci\u00f3n en la recuperaci\u00f3n de esta crisis, la Campa\u00f1a Mundial por la Educaci\u00f3n (CME) lanza su iniciativa #LaMejorLecci\u00f3n, en la que invita a todas las personas a compartir sus reflexiones y lecciones aprendidas en torno a la educaci\u00f3n en el contexto excepcional en que nos encontramos.","og_url":"https:\/\/www.entreculturas.org\/gl\/noticia\/lamejorleccion-la-campana-mundial-por-la-educacion-hace-un-llamamiento-social-para-proteger\/","og_site_name":"Entreculturas","article_publisher":"https:\/\/www.facebook.com\/entreculturas","article_modified_time":"2024-03-14T13:55:11+00:00","og_image":[{"width":800,"height":1067,"url":"https:\/\/www.entreculturas.org\/wp-content\/uploads\/2020\/04\/tezza_2020_04_03_171938745.jpg","type":"image\/jpeg"}],"twitter_card":"summary_large_image","twitter_site":"@Entreculturas","schema":{"@context":"https:\/\/schema.org","@graph":[{"@type":"WebPage","@id":"https:\/\/www.entreculturas.org\/gl\/noticia\/lamejorleccion-la-campana-mundial-por-la-educacion-hace-un-llamamiento-social-para-proteger\/","url":"https:\/\/www.entreculturas.org\/gl\/noticia\/lamejorleccion-la-campana-mundial-por-la-educacion-hace-un-llamamiento-social-para-proteger\/","name":"#LaMejorLecci\u00f3n: La Campa\u00f1a Mundial por la Educaci\u00f3n hace un llamamiento social para proteger el derecho a la educaci\u00f3n durante la crisis del coronavirus - Entreculturas","isPartOf":{"@id":"https:\/\/www.entreculturas.org\/gl\/#website"},"primaryImageOfPage":{"@id":"https:\/\/www.entreculturas.org\/gl\/noticia\/lamejorleccion-la-campana-mundial-por-la-educacion-hace-un-llamamiento-social-para-proteger\/#primaryimage"},"image":{"@id":"https:\/\/www.entreculturas.org\/gl\/noticia\/lamejorleccion-la-campana-mundial-por-la-educacion-hace-un-llamamiento-social-para-proteger\/#primaryimage"},"thumbnailUrl":"https:\/\/www.entreculturas.org\/wp-content\/uploads\/2020\/04\/tezza_2020_04_03_171938745.jpg","datePublished":"2020-04-08T12:16:03+00:00","dateModified":"2024-03-14T13:55:11+00:00","breadcrumb":{"@id":"https:\/\/www.entreculturas.org\/gl\/noticia\/lamejorleccion-la-campana-mundial-por-la-educacion-hace-un-llamamiento-social-para-proteger\/#breadcrumb"},"inLanguage":"gl-ES","potentialAction":[{"@type":"ReadAction","target":["https:\/\/www.entreculturas.org\/gl\/noticia\/lamejorleccion-la-campana-mundial-por-la-educacion-hace-un-llamamiento-social-para-proteger\/"]}]},{"@type":"ImageObject","inLanguage":"gl-ES","@id":"https:\/\/www.entreculturas.org\/gl\/noticia\/lamejorleccion-la-campana-mundial-por-la-educacion-hace-un-llamamiento-social-para-proteger\/#primaryimage","url":"https:\/\/www.entreculturas.org\/wp-content\/uploads\/2020\/04\/tezza_2020_04_03_171938745.jpg","contentUrl":"https:\/\/www.entreculturas.org\/wp-content\/uploads\/2020\/04\/tezza_2020_04_03_171938745.jpg","width":800,"height":1067},{"@type":"BreadcrumbList","@id":"https:\/\/www.entreculturas.org\/gl\/noticia\/lamejorleccion-la-campana-mundial-por-la-educacion-hace-un-llamamiento-social-para-proteger\/#breadcrumb","itemListElement":[{"@type":"ListItem","position":1,"name":"Home","item":"https:\/\/www.entreculturas.org\/gl\/"},{"@type":"ListItem","position":2,"name":"Noticias","item":"https:\/\/www.entreculturas.org\/gl\/noticias\/"},{"@type":"ListItem","position":3,"name":"#LaMejorLecci\u00f3n: La Campa\u00f1a Mundial por la Educaci\u00f3n hace un llamamiento social para proteger el derecho a la educaci\u00f3n durante la crisis del coronavirus"}]},{"@type":"WebSite","@id":"https:\/\/www.entreculturas.org\/gl\/#website","url":"https:\/\/www.entreculturas.org\/gl\/","name":"Entreculturas","description":"","publisher":{"@id":"https:\/\/www.entreculturas.org\/gl\/#organization"},"alternateName":"Entreculturas","potentialAction":[{"@type":"SearchAction","target":{"@type":"EntryPoint","urlTemplate":"https:\/\/www.entreculturas.org\/gl\/?s={search_term_string}"},"query-input":{"@type":"PropertyValueSpecification","valueRequired":true,"valueName":"search_term_string"}}],"inLanguage":"gl-ES"},{"@type":"Organization","@id":"https:\/\/www.entreculturas.org\/gl\/#organization","name":"Entreculturas","url":"https:\/\/www.entreculturas.org\/gl\/","logo":{"@type":"ImageObject","inLanguage":"gl-ES","@id":"https:\/\/www.entreculturas.org\/gl\/#\/schema\/logo\/image\/","url":"https:\/\/www.entreculturas.org\/wp-content\/uploads\/2025\/10\/ESP.svg","contentUrl":"https:\/\/www.entreculturas.org\/wp-content\/uploads\/2025\/10\/ESP.svg","caption":"Entreculturas"},"image":{"@id":"https:\/\/www.entreculturas.org\/gl\/#\/schema\/logo\/image\/"},"sameAs":["https:\/\/www.facebook.com\/entreculturas","https:\/\/x.com\/Entreculturas","https:\/\/www.instagram.com\/entreculturas\/","https:\/\/www.youtube.com\/user\/entreculturasvideo","https:\/\/www.linkedin.com\/company\/fundacion-entreculturas-ngdo\/","https:\/\/www.flickr.com\/photos\/98455522@N04\/albums\/"]}]}},"_links":{"self":[{"href":"https:\/\/www.entreculturas.org\/gl\/wp-json\/wp\/v2\/noticia\/4484","targetHints":{"allow":["GET"]}}],"collection":[{"href":"https:\/\/www.entreculturas.org\/gl\/wp-json\/wp\/v2\/noticia"}],"about":[{"href":"https:\/\/www.entreculturas.org\/gl\/wp-json\/wp\/v2\/types\/noticia"}],"wp:featuredmedia":[{"embeddable":true,"href":"https:\/\/www.entreculturas.org\/gl\/wp-json\/wp\/v2\/media\/4483"}],"wp:attachment":[{"href":"https:\/\/www.entreculturas.org\/gl\/wp-json\/wp\/v2\/media?parent=4484"}],"wp:term":[{"taxonomy":"category","embeddable":true,"href":"https:\/\/www.entreculturas.org\/gl\/wp-json\/wp\/v2\/categories?post=4484"},{"taxonomy":"post_tag","embeddable":true,"href":"https:\/\/www.entreculturas.org\/gl\/wp-json\/wp\/v2\/tags?post=4484"},{"taxonomy":"country","embeddable":true,"href":"https:\/\/www.entreculturas.org\/gl\/wp-json\/wp\/v2\/country?post=4484"},{"taxonomy":"cause","embeddable":true,"href":"https:\/\/www.entreculturas.org\/gl\/wp-json\/wp\/v2\/cause?post=4484"}],"curies":[{"name":"wp","href":"https:\/\/api.w.org\/{rel}","templated":true}]}}