{"id":4477,"date":"2020-04-07T09:24:27","date_gmt":"2020-04-07T09:24:27","guid":{"rendered":"https:\/\/entreculturasi.wpenginepowered.com\/?noticias=kemi-y-albertine-historias-de-refugio-en-sudafrica"},"modified":"2024-03-20T10:38:44","modified_gmt":"2024-03-20T09:38:44","slug":"kemi-y-albertine-historias-de-refugio-en-sudafrica","status":"publish","type":"noticia","link":"https:\/\/www.entreculturas.org\/gl\/noticia\/kemi-y-albertine-historias-de-refugio-en-sudafrica\/","title":{"rendered":"Kemi y Albertine: historias de refugio en Sud\u00e1frica"},"content":{"rendered":"<p><em>En Sud\u00e1frica, junto con JRS, ofrecemos formaci\u00f3n profesional a mujeres refugiadas y solicitantes de asilo.<\/em><\/p>\n<p>En Sud\u00e1frica, junto con el Servicio Jesuita a Refugiados (JRS), trabajamos con la poblaci\u00f3n refugiada urbana y solicitantes de asilo que viven en la provincia de Gauteng para que logren integrarse social y econ\u00f3micamente&nbsp;en la comunidad de acogida. Para lograrlo, se trabaja en cinco l\u00edneas de acci\u00f3n: acceso a la educaci\u00f3n, atenci\u00f3n sanitaria, medios de vida, formaci\u00f3n t\u00e9cnica e incidencia. Recientemente, nuestro compa\u00f1ero Miguel Santiuste, Responsable de Proyectos de Sud\u00e1frica, ha viajado recientemente el pa\u00eds, visitando algunos de los proyectos y conociendo historias de lucha y resiliencia. Aqu\u00ed os dejamos su escrito.<\/p>\n<p><em>Pocos d\u00edas antes del confinamiento, visit\u00e9 a nuestros compa\u00f1eros y compa\u00f1eras del JRS en Johannesburgo, Sud\u00e1frica. El primer d\u00eda que llegu\u00e9, me escap\u00e9 a dar una vuelta por la ciudad y le\u00ed algo que me llam\u00f3 poderosamente la atenci\u00f3n. Escrito en piedra, en un monumento a la constituci\u00f3n de 1996, las primeras frases del pre\u00e1mbulo de la misma:<\/em><\/p>\n<p><em><strong>\u201cNosotros, la gente de Sud\u00e1frica, reconocemos las injusticias de nuestro pasado, honramos aquellos que sufrieron por la justicia y la libertad en nuestra tierra; Respetamos aquellos que trabajaron para levantar y desarrollar nuestro pa\u00eds, y Creemos que Sud\u00e1frica pertenece a todo aquel que vive en ella, unidos en nuestra diversidad\u201d.<\/strong><\/em><\/p>\n<p><em>Es realmente revelador que el primer p\u00e1rrafo del documento que sirve como ley fundamental del gobierno de un estado, comience <strong>reconociendo los errores del pasado<\/strong> y acabe asegurando que <strong>la tierra de Sud\u00e1frica es para todo aquel que vive en ella<\/strong>, y que las diferencias de sus gentes no son sino una raz\u00f3n m\u00e1s para celebrar la unidad del pa\u00eds.<\/em><\/p>\n<p><img decoding=\"async\" alt=\"\" src=\"https:\/\/www.entreculturas.org\/wp-content\/uploads\/2020\/04\/sudafrica-copy2.jpg\" style=\"width: 800px;height: 532px\"><\/p>\n<p><em>Sud\u00e1frica tiene, sobre el papel, la que probablemente sea la constituci\u00f3n m\u00e1s progresista del mundo en materia de defensa de derechos para los refugiados. Con la debida documentaci\u00f3n, las personas refugiadas tienen libertad de movimiento, derecho a trabajar y acceso al sistema de educaci\u00f3n y sanidad p\u00fablica. Pero desafortunadamente, la realidad es muy distinta. Para muchas persoans,<strong> la petici\u00f3n de asilo se convierte en una espiral administrativa y xen\u00f3foba que les imposibilita acceder a estos servicios b\u00e1sicos.<\/strong><\/em><\/p>\n<p><em>Xolani, uno de los fieles conductores de JRS, nos lleva por Hillbrow, un barrio ca\u00f3tico y decadente de la capital, donde hay una gran concentraci\u00f3n de poblaci\u00f3n refugiada. <strong>En Sud\u00e1frica no hay campos de personas refugiadas y estos conviven con la poblaci\u00f3n local<\/strong>. Cientos de personas abarrotan las calles, repletas de negocios y ruido. Yo soy incapaz de reconocerlos, no los veo, pero est\u00e1n ah\u00ed, invisibles a los ojos de mucha gente. Y es esa precisamente la misi\u00f3n de JRS en el pa\u00eds, <strong>encontrarles en medio del caos, conocer sus historias y atender a su grito de ayuda.<\/strong><\/em><\/p>\n<p><em>Aparte de con informes, fotos, notas de reuniones e imanes para la nevera, me he vuelto de Sud\u00e1frica con historias. <strong>Detr\u00e1s de cada puerta que toc\u00e1bamos nos encontr\u00e1bamos con una historia. <\/strong>Historias de cambio, de huida, historias que te rompen el coraz\u00f3n, que te indignan, que te averg\u00fcenzan. Pero tambi\u00e9n otras que te inspiran, que te alivian, que te hacen creer que estamos yendo por el camino correcto y que todo esto merece la pena.<\/em><\/p>\n<p><em>Y esto es lo que os quer\u00eda contar. He elegido dos de las historias que m\u00e1s me han emocionado y en las que a\u00fan pienso cada d\u00eda, aunque sea por un momento.<\/em><\/p>\n<p><em>Entramos en \u201cColour Me Crazy\u201d un sal\u00f3n de belleza de Pretoria, donde nos recibe <strong>Kemi, una mujer joven que huy\u00f3 de Nigeria hace 2 a\u00f1os, dejando all\u00ed a su marido y a sus dos hijos peque\u00f1os<\/strong> para ganarse la vida en Sud\u00e1frica. Kemi me invita a un caf\u00e9 y nos sentamos a conversar un rato. La conversaci\u00f3n fluye, es una mujer que desprende un chorro de energ\u00eda que se te contagia. Respira hondo antes de cada respuesta, me busca con los ojos, que le brillan y a cada pregunta que le hago parece que la sonrisa se le fuera a salir del rostro. Los primeros 6 meses en Pretoria fueron duros para ella, apenas conoc\u00eda a nadie y se encontraba muy desubicada. Todo empez\u00f3 a cambiar cuando escuch\u00f3 acerca de los cursos que ofertaba el centro de formaci\u00f3n \u201cPadre Arrupe\u201d que el JRS gestiona en la ciudad.<strong> Decidi\u00f3 matricularse en peluquer\u00eda y tras finalizarlo con \u00e9xito y con el apoyo de JRS, encontr\u00f3 trabajo en este sal\u00f3n de belleza<\/strong>. \u201cLos Sudafricanos desconf\u00edan mucho de los inmigrantes, prefieren contratar a gente local, pero JRS les convenci\u00f3 para que me dieran una oportunidad\u201d. Hoy Kemi trabaja en el sal\u00f3n a tiempo completo y con sus propios clientes. Me dice que el salario le da para vivir y con mucho esfuerzo est\u00e1 ahorrando para traer a sus hijos, a los que lleva sin ver desde entonces. Kemi por cierto, es su nombre real, cuando le pregunt\u00e9 si pod\u00eda contar su historia y usar su nombre me grit\u00f3: &#8220;\u00bfClaro! \u00a1Cu\u00e9ntaselo a todo el mundo!&#8221;. Y los dos nos echamos una buena carcajada.<\/em><\/p>\n<p><em>Albertine tuvo que huir de Lubumbashi (Rep\u00fablica Democr\u00e1tica del Congo) hace unos 12 a\u00f1os junto con su marido y su hijo Grajevie, cuando este ten\u00eda apenas dos a\u00f1os. Al poco tiempo, <strong>Grajevie fue diagnosticado con espectro de autismo<\/strong> y el padre, abrumado por la situaci\u00f3n, les abandon\u00f3<strong>. Albertine y Grajevie viven en un min\u00fasculo apartamento del barrio Springs, un suburbio al este de Johannesburgo<\/strong>. Grajevie tiene ahora 15 a\u00f1os, es alto, fuerte, delgado y como otras personas con autismo, vive encerrado en su propio cuerpo. Rara vez consigue que su cuerpo responda a lo que la mente le dicta. Su energ\u00eda, frustraciones o miedos se transforman en gritos, ara\u00f1azos o incluso mordiscos, que Albertine nos muestra en sus brazos.<strong> JRS<\/strong>, como a otras familias con enfermos cr\u00f3nicos, <strong>les apoya con una aportaci\u00f3n para pagar el alquiler, comprar la medicaci\u00f3n que Grajevie necesita y con acompa\u00f1amiento psicol\u00f3gico<\/strong>. Pero esto no es suficiente, Grajevie se pasa los d\u00edas encerrado en casa pese a que, como cualquier otro ni\u00f1o, tiene derecho a aprender y tener una vida social. El \u00fanico colegio donde le aceptaron es privado y tuvieron que dejarlo por no poderse permitir las costosas tasas (unos 80 euros al mes). Los colegios p\u00fablicos son m\u00e1s asequibles, pero siempre tienen lleno el cupo de estudiantes con discapacidad.<\/em><\/p>\n<p><em>Albertine est\u00e1 cansada, desesperada y deprimida. Tiene 38 a\u00f1os, pero aparenta m\u00e1s de 50.&nbsp;Recientemente sufri\u00f3 un infarto que le ha provocado problemas de movilidad y tiene que recibir atenci\u00f3n m\u00e9dica. A pesar de esto, cuando nos vamos de la casa, mira a Marceline, trabajadora social de JRS y le dice: \u201cgracias por todo. No s\u00e9 qu\u00e9 har\u00eda sin vosotras\u201d.&nbsp;<\/em><\/p>\n<p><em>Cada d\u00eda Albertine, ya sea por la ma\u00f1ana o a media noche porque Grajevie est\u00e1 gritando, se enfrenta a una realidad cuya complejidad nunca llegar\u00e9 a entender en mi privilegiada existencia. Albertine nunca tendr\u00e1 una placa conmemorativa o un evento de reconocimiento por su lucha y entrega diaria, pero en solo media hora pude entender que se trata de alguien digna de tanta admiraci\u00f3n y respeto, que no se me ocurrir\u00eda nadie mejor a quien reconocer.<\/em><\/p>\n<p><img decoding=\"async\" alt=\"\" height=\"461\" src=\"https:\/\/www.entreculturas.org\/wp-content\/uploads\/2020\/04\/20_03_2019_home_visits_health_ivette_1.jpg\" width=\"800\"><em>Ofrecemos apoyo psicosocial y visitas a domicilio para dar seguimiento a los casos.<\/em><\/p>\n<p><em>En estos d\u00edas raros, pienso mucho en todos ellos y ellas.&nbsp;Debido a la emergencia del COVID19,&nbsp; JRS ha tenido que parar las visitas que no son estrictamente necesarias. La urgencia de parar se confunde con la urgencia de seguir apoy\u00e1ndoles, de seguir golpeando en su puerta y escuchar sus historias.<\/em><\/p>\n<p>&nbsp;<\/p>\n","protected":false},"excerpt":{"rendered":"<p>En Sud\u00e1frica, junto con el Servicio Jesuita a Refugiados (JRS), trabajamos con la poblaci\u00f3n refugiada urbana y solicitantes de asilo que viven en la provincia de Gauteng para que logren integrarse social y econ\u00f3micamente en la comunidad de acogida. nuestro compa\u00f1ero Miguel Santiuste ha viajado recientemente el pa\u00eds. Aqu\u00ed os dejamos su escrito.<\/p>\n","protected":false},"featured_media":4474,"template":"single-noticia","meta":{"_acf_changed":false},"categories":[7],"tags":[10],"country":[124],"cause":[129],"class_list":["post-4477","noticia","type-noticia","status-publish","has-post-thumbnail","hentry","category-noticia","tag-migracion-y-refugio","country-sudafrica","cause-migracion-y-refugio"],"acf":[],"yoast_head":"<!-- This site is optimized with the Yoast SEO Premium plugin v21.6 (Yoast SEO v27.5) - https:\/\/yoast.com\/product\/yoast-seo-premium-wordpress\/ -->\n<title>Kemi y Albertine: historias de refugio en Sud\u00e1frica - Entreculturas<\/title>\n<meta name=\"robots\" content=\"index, follow, max-snippet:-1, max-image-preview:large, max-video-preview:-1\" \/>\n<link rel=\"canonical\" href=\"https:\/\/www.entreculturas.org\/gl\/noticia\/kemi-y-albertine-historias-de-refugio-en-sudafrica\/\" \/>\n<meta property=\"og:locale\" content=\"gl_ES\" \/>\n<meta property=\"og:type\" content=\"article\" \/>\n<meta property=\"og:title\" content=\"Kemi y Albertine: historias de refugio en Sud\u00e1frica\" \/>\n<meta property=\"og:description\" content=\"En Sud\u00e1frica, junto con el Servicio Jesuita a Refugiados (JRS), trabajamos con la poblaci\u00f3n refugiada urbana y solicitantes de asilo que viven en la provincia de Gauteng para que logren integrarse social y econ\u00f3micamente en la comunidad de acogida. nuestro compa\u00f1ero Miguel Santiuste ha viajado recientemente el pa\u00eds. Aqu\u00ed os dejamos su escrito.\" \/>\n<meta property=\"og:url\" content=\"https:\/\/www.entreculturas.org\/gl\/noticia\/kemi-y-albertine-historias-de-refugio-en-sudafrica\/\" \/>\n<meta property=\"og:site_name\" content=\"Entreculturas\" \/>\n<meta property=\"article:publisher\" content=\"https:\/\/www.facebook.com\/entreculturas\" \/>\n<meta property=\"article:modified_time\" content=\"2024-03-20T09:38:44+00:00\" \/>\n<meta property=\"og:image\" content=\"https:\/\/www.entreculturas.org\/wp-content\/uploads\/2020\/04\/sudafrica-copy2.jpg\" \/>\n\t<meta property=\"og:image:width\" content=\"800\" \/>\n\t<meta property=\"og:image:height\" content=\"532\" \/>\n\t<meta property=\"og:image:type\" content=\"image\/jpeg\" \/>\n<meta name=\"twitter:card\" content=\"summary_large_image\" \/>\n<meta name=\"twitter:site\" content=\"@Entreculturas\" \/>\n<script type=\"application\/ld+json\" class=\"yoast-schema-graph\">{\"@context\":\"https:\\\/\\\/schema.org\",\"@graph\":[{\"@type\":\"WebPage\",\"@id\":\"https:\\\/\\\/www.entreculturas.org\\\/gl\\\/noticia\\\/kemi-y-albertine-historias-de-refugio-en-sudafrica\\\/\",\"url\":\"https:\\\/\\\/www.entreculturas.org\\\/gl\\\/noticia\\\/kemi-y-albertine-historias-de-refugio-en-sudafrica\\\/\",\"name\":\"Kemi y Albertine: historias de refugio en Sud\u00e1frica - Entreculturas\",\"isPartOf\":{\"@id\":\"https:\\\/\\\/www.entreculturas.org\\\/gl\\\/#website\"},\"primaryImageOfPage\":{\"@id\":\"https:\\\/\\\/www.entreculturas.org\\\/gl\\\/noticia\\\/kemi-y-albertine-historias-de-refugio-en-sudafrica\\\/#primaryimage\"},\"image\":{\"@id\":\"https:\\\/\\\/www.entreculturas.org\\\/gl\\\/noticia\\\/kemi-y-albertine-historias-de-refugio-en-sudafrica\\\/#primaryimage\"},\"thumbnailUrl\":\"https:\\\/\\\/www.entreculturas.org\\\/wp-content\\\/uploads\\\/2020\\\/04\\\/sudafrica-copy2.jpg\",\"datePublished\":\"2020-04-07T09:24:27+00:00\",\"dateModified\":\"2024-03-20T09:38:44+00:00\",\"breadcrumb\":{\"@id\":\"https:\\\/\\\/www.entreculturas.org\\\/gl\\\/noticia\\\/kemi-y-albertine-historias-de-refugio-en-sudafrica\\\/#breadcrumb\"},\"inLanguage\":\"gl-ES\",\"potentialAction\":[{\"@type\":\"ReadAction\",\"target\":[\"https:\\\/\\\/www.entreculturas.org\\\/gl\\\/noticia\\\/kemi-y-albertine-historias-de-refugio-en-sudafrica\\\/\"]}]},{\"@type\":\"ImageObject\",\"inLanguage\":\"gl-ES\",\"@id\":\"https:\\\/\\\/www.entreculturas.org\\\/gl\\\/noticia\\\/kemi-y-albertine-historias-de-refugio-en-sudafrica\\\/#primaryimage\",\"url\":\"https:\\\/\\\/www.entreculturas.org\\\/wp-content\\\/uploads\\\/2020\\\/04\\\/sudafrica-copy2.jpg\",\"contentUrl\":\"https:\\\/\\\/www.entreculturas.org\\\/wp-content\\\/uploads\\\/2020\\\/04\\\/sudafrica-copy2.jpg\",\"width\":800,\"height\":532},{\"@type\":\"BreadcrumbList\",\"@id\":\"https:\\\/\\\/www.entreculturas.org\\\/gl\\\/noticia\\\/kemi-y-albertine-historias-de-refugio-en-sudafrica\\\/#breadcrumb\",\"itemListElement\":[{\"@type\":\"ListItem\",\"position\":1,\"name\":\"Home\",\"item\":\"https:\\\/\\\/www.entreculturas.org\\\/gl\\\/\"},{\"@type\":\"ListItem\",\"position\":2,\"name\":\"Noticias\",\"item\":\"https:\\\/\\\/www.entreculturas.org\\\/gl\\\/noticias\\\/\"},{\"@type\":\"ListItem\",\"position\":3,\"name\":\"Kemi y Albertine: historias de refugio en Sud\u00e1frica\"}]},{\"@type\":\"WebSite\",\"@id\":\"https:\\\/\\\/www.entreculturas.org\\\/gl\\\/#website\",\"url\":\"https:\\\/\\\/www.entreculturas.org\\\/gl\\\/\",\"name\":\"Entreculturas\",\"description\":\"\",\"publisher\":{\"@id\":\"https:\\\/\\\/www.entreculturas.org\\\/gl\\\/#organization\"},\"alternateName\":\"Entreculturas\",\"potentialAction\":[{\"@type\":\"SearchAction\",\"target\":{\"@type\":\"EntryPoint\",\"urlTemplate\":\"https:\\\/\\\/www.entreculturas.org\\\/gl\\\/?s={search_term_string}\"},\"query-input\":{\"@type\":\"PropertyValueSpecification\",\"valueRequired\":true,\"valueName\":\"search_term_string\"}}],\"inLanguage\":\"gl-ES\"},{\"@type\":\"Organization\",\"@id\":\"https:\\\/\\\/www.entreculturas.org\\\/gl\\\/#organization\",\"name\":\"Entreculturas\",\"url\":\"https:\\\/\\\/www.entreculturas.org\\\/gl\\\/\",\"logo\":{\"@type\":\"ImageObject\",\"inLanguage\":\"gl-ES\",\"@id\":\"https:\\\/\\\/www.entreculturas.org\\\/gl\\\/#\\\/schema\\\/logo\\\/image\\\/\",\"url\":\"https:\\\/\\\/www.entreculturas.org\\\/wp-content\\\/uploads\\\/2025\\\/10\\\/ESP.svg\",\"contentUrl\":\"https:\\\/\\\/www.entreculturas.org\\\/wp-content\\\/uploads\\\/2025\\\/10\\\/ESP.svg\",\"caption\":\"Entreculturas\"},\"image\":{\"@id\":\"https:\\\/\\\/www.entreculturas.org\\\/gl\\\/#\\\/schema\\\/logo\\\/image\\\/\"},\"sameAs\":[\"https:\\\/\\\/www.facebook.com\\\/entreculturas\",\"https:\\\/\\\/x.com\\\/Entreculturas\",\"https:\\\/\\\/www.instagram.com\\\/entreculturas\\\/\",\"https:\\\/\\\/www.youtube.com\\\/user\\\/entreculturasvideo\",\"https:\\\/\\\/www.linkedin.com\\\/company\\\/fundacion-entreculturas-ngdo\\\/\",\"https:\\\/\\\/www.flickr.com\\\/photos\\\/98455522@N04\\\/albums\\\/\"]}]}<\/script>\n<!-- \/ Yoast SEO Premium plugin. -->","yoast_head_json":{"title":"Kemi y Albertine: historias de refugio en Sud\u00e1frica - Entreculturas","robots":{"index":"index","follow":"follow","max-snippet":"max-snippet:-1","max-image-preview":"max-image-preview:large","max-video-preview":"max-video-preview:-1"},"canonical":"https:\/\/www.entreculturas.org\/gl\/noticia\/kemi-y-albertine-historias-de-refugio-en-sudafrica\/","og_locale":"gl_ES","og_type":"article","og_title":"Kemi y Albertine: historias de refugio en Sud\u00e1frica","og_description":"En Sud\u00e1frica, junto con el Servicio Jesuita a Refugiados (JRS), trabajamos con la poblaci\u00f3n refugiada urbana y solicitantes de asilo que viven en la provincia de Gauteng para que logren integrarse social y econ\u00f3micamente en la comunidad de acogida. nuestro compa\u00f1ero Miguel Santiuste ha viajado recientemente el pa\u00eds. Aqu\u00ed os dejamos su escrito.","og_url":"https:\/\/www.entreculturas.org\/gl\/noticia\/kemi-y-albertine-historias-de-refugio-en-sudafrica\/","og_site_name":"Entreculturas","article_publisher":"https:\/\/www.facebook.com\/entreculturas","article_modified_time":"2024-03-20T09:38:44+00:00","og_image":[{"width":800,"height":532,"url":"https:\/\/www.entreculturas.org\/wp-content\/uploads\/2020\/04\/sudafrica-copy2.jpg","type":"image\/jpeg"}],"twitter_card":"summary_large_image","twitter_site":"@Entreculturas","schema":{"@context":"https:\/\/schema.org","@graph":[{"@type":"WebPage","@id":"https:\/\/www.entreculturas.org\/gl\/noticia\/kemi-y-albertine-historias-de-refugio-en-sudafrica\/","url":"https:\/\/www.entreculturas.org\/gl\/noticia\/kemi-y-albertine-historias-de-refugio-en-sudafrica\/","name":"Kemi y Albertine: historias de refugio en Sud\u00e1frica - Entreculturas","isPartOf":{"@id":"https:\/\/www.entreculturas.org\/gl\/#website"},"primaryImageOfPage":{"@id":"https:\/\/www.entreculturas.org\/gl\/noticia\/kemi-y-albertine-historias-de-refugio-en-sudafrica\/#primaryimage"},"image":{"@id":"https:\/\/www.entreculturas.org\/gl\/noticia\/kemi-y-albertine-historias-de-refugio-en-sudafrica\/#primaryimage"},"thumbnailUrl":"https:\/\/www.entreculturas.org\/wp-content\/uploads\/2020\/04\/sudafrica-copy2.jpg","datePublished":"2020-04-07T09:24:27+00:00","dateModified":"2024-03-20T09:38:44+00:00","breadcrumb":{"@id":"https:\/\/www.entreculturas.org\/gl\/noticia\/kemi-y-albertine-historias-de-refugio-en-sudafrica\/#breadcrumb"},"inLanguage":"gl-ES","potentialAction":[{"@type":"ReadAction","target":["https:\/\/www.entreculturas.org\/gl\/noticia\/kemi-y-albertine-historias-de-refugio-en-sudafrica\/"]}]},{"@type":"ImageObject","inLanguage":"gl-ES","@id":"https:\/\/www.entreculturas.org\/gl\/noticia\/kemi-y-albertine-historias-de-refugio-en-sudafrica\/#primaryimage","url":"https:\/\/www.entreculturas.org\/wp-content\/uploads\/2020\/04\/sudafrica-copy2.jpg","contentUrl":"https:\/\/www.entreculturas.org\/wp-content\/uploads\/2020\/04\/sudafrica-copy2.jpg","width":800,"height":532},{"@type":"BreadcrumbList","@id":"https:\/\/www.entreculturas.org\/gl\/noticia\/kemi-y-albertine-historias-de-refugio-en-sudafrica\/#breadcrumb","itemListElement":[{"@type":"ListItem","position":1,"name":"Home","item":"https:\/\/www.entreculturas.org\/gl\/"},{"@type":"ListItem","position":2,"name":"Noticias","item":"https:\/\/www.entreculturas.org\/gl\/noticias\/"},{"@type":"ListItem","position":3,"name":"Kemi y Albertine: historias de refugio en Sud\u00e1frica"}]},{"@type":"WebSite","@id":"https:\/\/www.entreculturas.org\/gl\/#website","url":"https:\/\/www.entreculturas.org\/gl\/","name":"Entreculturas","description":"","publisher":{"@id":"https:\/\/www.entreculturas.org\/gl\/#organization"},"alternateName":"Entreculturas","potentialAction":[{"@type":"SearchAction","target":{"@type":"EntryPoint","urlTemplate":"https:\/\/www.entreculturas.org\/gl\/?s={search_term_string}"},"query-input":{"@type":"PropertyValueSpecification","valueRequired":true,"valueName":"search_term_string"}}],"inLanguage":"gl-ES"},{"@type":"Organization","@id":"https:\/\/www.entreculturas.org\/gl\/#organization","name":"Entreculturas","url":"https:\/\/www.entreculturas.org\/gl\/","logo":{"@type":"ImageObject","inLanguage":"gl-ES","@id":"https:\/\/www.entreculturas.org\/gl\/#\/schema\/logo\/image\/","url":"https:\/\/www.entreculturas.org\/wp-content\/uploads\/2025\/10\/ESP.svg","contentUrl":"https:\/\/www.entreculturas.org\/wp-content\/uploads\/2025\/10\/ESP.svg","caption":"Entreculturas"},"image":{"@id":"https:\/\/www.entreculturas.org\/gl\/#\/schema\/logo\/image\/"},"sameAs":["https:\/\/www.facebook.com\/entreculturas","https:\/\/x.com\/Entreculturas","https:\/\/www.instagram.com\/entreculturas\/","https:\/\/www.youtube.com\/user\/entreculturasvideo","https:\/\/www.linkedin.com\/company\/fundacion-entreculturas-ngdo\/","https:\/\/www.flickr.com\/photos\/98455522@N04\/albums\/"]}]}},"_links":{"self":[{"href":"https:\/\/www.entreculturas.org\/gl\/wp-json\/wp\/v2\/noticia\/4477","targetHints":{"allow":["GET"]}}],"collection":[{"href":"https:\/\/www.entreculturas.org\/gl\/wp-json\/wp\/v2\/noticia"}],"about":[{"href":"https:\/\/www.entreculturas.org\/gl\/wp-json\/wp\/v2\/types\/noticia"}],"wp:featuredmedia":[{"embeddable":true,"href":"https:\/\/www.entreculturas.org\/gl\/wp-json\/wp\/v2\/media\/4474"}],"wp:attachment":[{"href":"https:\/\/www.entreculturas.org\/gl\/wp-json\/wp\/v2\/media?parent=4477"}],"wp:term":[{"taxonomy":"category","embeddable":true,"href":"https:\/\/www.entreculturas.org\/gl\/wp-json\/wp\/v2\/categories?post=4477"},{"taxonomy":"post_tag","embeddable":true,"href":"https:\/\/www.entreculturas.org\/gl\/wp-json\/wp\/v2\/tags?post=4477"},{"taxonomy":"country","embeddable":true,"href":"https:\/\/www.entreculturas.org\/gl\/wp-json\/wp\/v2\/country?post=4477"},{"taxonomy":"cause","embeddable":true,"href":"https:\/\/www.entreculturas.org\/gl\/wp-json\/wp\/v2\/cause?post=4477"}],"curies":[{"name":"wp","href":"https:\/\/api.w.org\/{rel}","templated":true}]}}