{"id":4430,"date":"2020-03-25T09:56:52","date_gmt":"2020-03-25T09:56:52","guid":{"rendered":"https:\/\/entreculturasi.wpenginepowered.com\/?noticias=estefania-franco-tecnica-de-ciudadania-global-en-galicia"},"modified":"2024-03-14T15:09:34","modified_gmt":"2024-03-14T14:09:34","slug":"estefania-franco-tecnica-de-ciudadania-global-en-galicia","status":"publish","type":"noticia","link":"https:\/\/www.entreculturas.org\/gl\/noticia\/estefania-franco-tecnica-de-ciudadania-global-en-galicia\/","title":{"rendered":"Estefan\u00eda Franco. T\u00e9cnica de Ciudadan\u00eda Global en Galicia"},"content":{"rendered":"<p dir=\"ltr\" style=\"margin-top: 0pt;margin-bottom: 0pt;line-height: 1.2;text-align: justify\">\n<p dir=\"ltr\" style=\"margin-top: 0pt;margin-bottom: 0pt;line-height: 1.2;text-align: justify\">&nbsp;<\/p>\n<p dir=\"ltr\" style=\"margin-top: 0pt;margin-bottom: 0pt;line-height: 1.2;text-align: justify\">Mi nombre es Estefan\u00eda Franco \u00c1lvarez, aunque casi todo el mundo me llama Fanny. Llevo vinculada a Entreculturas 13 a\u00f1os, literalmente hablando, la mitad de mi vida.<\/p>\n<p dir=\"ltr\" style=\"margin-top: 0pt;margin-bottom: 0pt;line-height: 1.2;text-align: justify\">&nbsp;<\/p>\n<p dir=\"ltr\" style=\"margin-top: 0pt;margin-bottom: 0pt;line-height: 1.2;text-align: justify\">Entr\u00e9 en la Red Solidaria de J\u00f3venes en el a\u00f1o 2006. Nunca podr\u00e9 olvidar aquel primer d\u00eda de octubre en el que Milagros Mart\u00ednez, mi profesora de Religi\u00f3n por aquel entonces, nos habl\u00f3 de la Red y nos present\u00f3 a Sandra Rodr\u00edguez, que en aquel momento era la T\u00e9cnica de Educaci\u00f3n de Entreculturas Galicia.&nbsp;<strong>Gracias a ellas dos puedo decir hoy, orgullosa, que soy la T\u00e9cnica de Ciudadan\u00eda Global en Galicia.<\/strong><\/p>\n<p dir=\"ltr\" style=\"margin-top: 0pt;margin-bottom: 0pt;line-height: 1.2;text-align: justify\">&nbsp;<\/p>\n<p dir=\"ltr\" style=\"margin-top: 0pt;margin-bottom: 0pt;line-height: 1.2;text-align: justify\">En mis diferentes etapas dentro de la organizaci\u00f3n he descubierto que Entreculturas no es simplemente una ONG que promueva la educaci\u00f3n. Entreculturas es un sentimiento; es idea de pertenencia; es concepto de utop\u00eda como realidad; la casa com\u00fan en la que crecer, creer, crear y compartir. Incluso en cierta etapa, como durante mi \u00e9poca como voluntaria joven, se transform\u00f3 en familia.&nbsp;<\/p>\n<p dir=\"ltr\" style=\"margin-top: 0pt;margin-bottom: 0pt;line-height: 1.2;text-align: justify\">&nbsp;<\/p>\n<p dir=\"ltr\" style=\"margin-top: 0pt;margin-bottom: 0pt;line-height: 1.2;text-align: justify\"><strong>Como educadora social que soy, la propuesta de transformaci\u00f3n a trav\u00e9s de la educaci\u00f3n de Entreculturas fue lo que me atrajo<\/strong>, y ahora, es un proyecto de vida que dif\u00edcilmente podr\u00eda rechazar. Creo en lo que hacemos porque, en gran medida y durante mucho tiempo, he sido beneficiaria de ese proyecto de educaci\u00f3n transformadora para una ciudadan\u00eda global.&nbsp;<\/p>\n<p dir=\"ltr\" style=\"margin-top: 0pt;margin-bottom: 0pt;line-height: 1.2;text-align: justify\">&nbsp;<\/p>\n<p dir=\"ltr\" style=\"margin-top: 0pt;margin-bottom: 0pt;line-height: 1.2;text-align: justify\">Y, aprovech\u00e1ndome de las palabras de una gran mujer como es Angela Davis, puedo decir que, gracias a Entreculturas, \u201c<em>no estoy aceptando las cosas que no puedo cambiar, estoy cambiando las cosas que no puedo aceptar<\/em>\u201d.<\/p>\n","protected":false},"excerpt":{"rendered":"<p>&#8220;Mi nombre es Estefan\u00eda Franco \u00c1lvarez, aunque casi todo el mundo me llama Fanny. Llevo vinculada a Entreculturas 13 a\u00f1os, literalmente hablando, la mitad de mi vida. En mis diferentes etapas dentro de la organizaci\u00f3n he descubierto que Entreculturas no es simplemente una ONG que promueva la educaci\u00f3n&#8221;.<\/p>\n","protected":false},"featured_media":4429,"template":"single-noticia","meta":{"_acf_changed":false},"categories":[7],"tags":[8],"country":[],"cause":[132],"class_list":["post-4430","noticia","type-noticia","status-publish","has-post-thumbnail","hentry","category-noticia","tag-participacion-y-ciudadania-global","cause-participacion-y-ciudadania-global"],"acf":[],"yoast_head":"<!-- This site is optimized with the Yoast SEO Premium plugin v21.6 (Yoast SEO v27.5) - https:\/\/yoast.com\/product\/yoast-seo-premium-wordpress\/ -->\n<title>Estefan\u00eda Franco. T\u00e9cnica de Ciudadan\u00eda Global en Galicia - Entreculturas<\/title>\n<meta name=\"robots\" content=\"index, follow, max-snippet:-1, max-image-preview:large, max-video-preview:-1\" \/>\n<link rel=\"canonical\" href=\"https:\/\/www.entreculturas.org\/gl\/noticia\/estefania-franco-tecnica-de-ciudadania-global-en-galicia\/\" \/>\n<meta property=\"og:locale\" content=\"gl_ES\" \/>\n<meta property=\"og:type\" content=\"article\" \/>\n<meta property=\"og:title\" content=\"Estefan\u00eda Franco. T\u00e9cnica de Ciudadan\u00eda Global en Galicia\" \/>\n<meta property=\"og:description\" content=\"&quot;Mi nombre es Estefan\u00eda Franco \u00c1lvarez, aunque casi todo el mundo me llama Fanny. Llevo vinculada a Entreculturas 13 a\u00f1os, literalmente hablando, la mitad de mi vida. En mis diferentes etapas dentro de la organizaci\u00f3n he descubierto que Entreculturas no es simplemente una ONG que promueva la educaci\u00f3n&quot;.\" \/>\n<meta property=\"og:url\" content=\"https:\/\/www.entreculturas.org\/gl\/noticia\/estefania-franco-tecnica-de-ciudadania-global-en-galicia\/\" \/>\n<meta property=\"og:site_name\" content=\"Entreculturas\" \/>\n<meta property=\"article:publisher\" content=\"https:\/\/www.facebook.com\/entreculturas\" \/>\n<meta property=\"article:modified_time\" content=\"2024-03-14T14:09:34+00:00\" \/>\n<meta property=\"og:image\" content=\"https:\/\/www.entreculturas.org\/wp-content\/uploads\/2020\/03\/estefania_franco.png\" \/>\n\t<meta property=\"og:image:width\" content=\"660\" \/>\n\t<meta property=\"og:image:height\" content=\"482\" \/>\n\t<meta property=\"og:image:type\" content=\"image\/png\" \/>\n<meta name=\"twitter:card\" content=\"summary_large_image\" \/>\n<meta name=\"twitter:site\" content=\"@Entreculturas\" \/>\n<script type=\"application\/ld+json\" class=\"yoast-schema-graph\">{\"@context\":\"https:\\\/\\\/schema.org\",\"@graph\":[{\"@type\":\"WebPage\",\"@id\":\"https:\\\/\\\/www.entreculturas.org\\\/gl\\\/noticia\\\/estefania-franco-tecnica-de-ciudadania-global-en-galicia\\\/\",\"url\":\"https:\\\/\\\/www.entreculturas.org\\\/gl\\\/noticia\\\/estefania-franco-tecnica-de-ciudadania-global-en-galicia\\\/\",\"name\":\"Estefan\u00eda Franco. T\u00e9cnica de Ciudadan\u00eda Global en Galicia - Entreculturas\",\"isPartOf\":{\"@id\":\"https:\\\/\\\/www.entreculturas.org\\\/gl\\\/#website\"},\"primaryImageOfPage\":{\"@id\":\"https:\\\/\\\/www.entreculturas.org\\\/gl\\\/noticia\\\/estefania-franco-tecnica-de-ciudadania-global-en-galicia\\\/#primaryimage\"},\"image\":{\"@id\":\"https:\\\/\\\/www.entreculturas.org\\\/gl\\\/noticia\\\/estefania-franco-tecnica-de-ciudadania-global-en-galicia\\\/#primaryimage\"},\"thumbnailUrl\":\"https:\\\/\\\/www.entreculturas.org\\\/wp-content\\\/uploads\\\/2020\\\/03\\\/estefania_franco.png\",\"datePublished\":\"2020-03-25T09:56:52+00:00\",\"dateModified\":\"2024-03-14T14:09:34+00:00\",\"breadcrumb\":{\"@id\":\"https:\\\/\\\/www.entreculturas.org\\\/gl\\\/noticia\\\/estefania-franco-tecnica-de-ciudadania-global-en-galicia\\\/#breadcrumb\"},\"inLanguage\":\"gl-ES\",\"potentialAction\":[{\"@type\":\"ReadAction\",\"target\":[\"https:\\\/\\\/www.entreculturas.org\\\/gl\\\/noticia\\\/estefania-franco-tecnica-de-ciudadania-global-en-galicia\\\/\"]}]},{\"@type\":\"ImageObject\",\"inLanguage\":\"gl-ES\",\"@id\":\"https:\\\/\\\/www.entreculturas.org\\\/gl\\\/noticia\\\/estefania-franco-tecnica-de-ciudadania-global-en-galicia\\\/#primaryimage\",\"url\":\"https:\\\/\\\/www.entreculturas.org\\\/wp-content\\\/uploads\\\/2020\\\/03\\\/estefania_franco.png\",\"contentUrl\":\"https:\\\/\\\/www.entreculturas.org\\\/wp-content\\\/uploads\\\/2020\\\/03\\\/estefania_franco.png\",\"width\":660,\"height\":482},{\"@type\":\"BreadcrumbList\",\"@id\":\"https:\\\/\\\/www.entreculturas.org\\\/gl\\\/noticia\\\/estefania-franco-tecnica-de-ciudadania-global-en-galicia\\\/#breadcrumb\",\"itemListElement\":[{\"@type\":\"ListItem\",\"position\":1,\"name\":\"Home\",\"item\":\"https:\\\/\\\/www.entreculturas.org\\\/gl\\\/\"},{\"@type\":\"ListItem\",\"position\":2,\"name\":\"Noticias\",\"item\":\"https:\\\/\\\/www.entreculturas.org\\\/gl\\\/noticias\\\/\"},{\"@type\":\"ListItem\",\"position\":3,\"name\":\"Estefan\u00eda Franco. T\u00e9cnica de Ciudadan\u00eda Global en Galicia\"}]},{\"@type\":\"WebSite\",\"@id\":\"https:\\\/\\\/www.entreculturas.org\\\/gl\\\/#website\",\"url\":\"https:\\\/\\\/www.entreculturas.org\\\/gl\\\/\",\"name\":\"Entreculturas\",\"description\":\"\",\"publisher\":{\"@id\":\"https:\\\/\\\/www.entreculturas.org\\\/gl\\\/#organization\"},\"alternateName\":\"Entreculturas\",\"potentialAction\":[{\"@type\":\"SearchAction\",\"target\":{\"@type\":\"EntryPoint\",\"urlTemplate\":\"https:\\\/\\\/www.entreculturas.org\\\/gl\\\/?s={search_term_string}\"},\"query-input\":{\"@type\":\"PropertyValueSpecification\",\"valueRequired\":true,\"valueName\":\"search_term_string\"}}],\"inLanguage\":\"gl-ES\"},{\"@type\":\"Organization\",\"@id\":\"https:\\\/\\\/www.entreculturas.org\\\/gl\\\/#organization\",\"name\":\"Entreculturas\",\"url\":\"https:\\\/\\\/www.entreculturas.org\\\/gl\\\/\",\"logo\":{\"@type\":\"ImageObject\",\"inLanguage\":\"gl-ES\",\"@id\":\"https:\\\/\\\/www.entreculturas.org\\\/gl\\\/#\\\/schema\\\/logo\\\/image\\\/\",\"url\":\"https:\\\/\\\/www.entreculturas.org\\\/wp-content\\\/uploads\\\/2025\\\/10\\\/ESP.svg\",\"contentUrl\":\"https:\\\/\\\/www.entreculturas.org\\\/wp-content\\\/uploads\\\/2025\\\/10\\\/ESP.svg\",\"caption\":\"Entreculturas\"},\"image\":{\"@id\":\"https:\\\/\\\/www.entreculturas.org\\\/gl\\\/#\\\/schema\\\/logo\\\/image\\\/\"},\"sameAs\":[\"https:\\\/\\\/www.facebook.com\\\/entreculturas\",\"https:\\\/\\\/x.com\\\/Entreculturas\",\"https:\\\/\\\/www.instagram.com\\\/entreculturas\\\/\",\"https:\\\/\\\/www.youtube.com\\\/user\\\/entreculturasvideo\",\"https:\\\/\\\/www.linkedin.com\\\/company\\\/fundacion-entreculturas-ngdo\\\/\",\"https:\\\/\\\/www.flickr.com\\\/photos\\\/98455522@N04\\\/albums\\\/\"]}]}<\/script>\n<!-- \/ Yoast SEO Premium plugin. -->","yoast_head_json":{"title":"Estefan\u00eda Franco. T\u00e9cnica de Ciudadan\u00eda Global en Galicia - Entreculturas","robots":{"index":"index","follow":"follow","max-snippet":"max-snippet:-1","max-image-preview":"max-image-preview:large","max-video-preview":"max-video-preview:-1"},"canonical":"https:\/\/www.entreculturas.org\/gl\/noticia\/estefania-franco-tecnica-de-ciudadania-global-en-galicia\/","og_locale":"gl_ES","og_type":"article","og_title":"Estefan\u00eda Franco. T\u00e9cnica de Ciudadan\u00eda Global en Galicia","og_description":"\"Mi nombre es Estefan\u00eda Franco \u00c1lvarez, aunque casi todo el mundo me llama Fanny. Llevo vinculada a Entreculturas 13 a\u00f1os, literalmente hablando, la mitad de mi vida. En mis diferentes etapas dentro de la organizaci\u00f3n he descubierto que Entreculturas no es simplemente una ONG que promueva la educaci\u00f3n\".","og_url":"https:\/\/www.entreculturas.org\/gl\/noticia\/estefania-franco-tecnica-de-ciudadania-global-en-galicia\/","og_site_name":"Entreculturas","article_publisher":"https:\/\/www.facebook.com\/entreculturas","article_modified_time":"2024-03-14T14:09:34+00:00","og_image":[{"width":660,"height":482,"url":"https:\/\/www.entreculturas.org\/wp-content\/uploads\/2020\/03\/estefania_franco.png","type":"image\/png"}],"twitter_card":"summary_large_image","twitter_site":"@Entreculturas","schema":{"@context":"https:\/\/schema.org","@graph":[{"@type":"WebPage","@id":"https:\/\/www.entreculturas.org\/gl\/noticia\/estefania-franco-tecnica-de-ciudadania-global-en-galicia\/","url":"https:\/\/www.entreculturas.org\/gl\/noticia\/estefania-franco-tecnica-de-ciudadania-global-en-galicia\/","name":"Estefan\u00eda Franco. T\u00e9cnica de Ciudadan\u00eda Global en Galicia - Entreculturas","isPartOf":{"@id":"https:\/\/www.entreculturas.org\/gl\/#website"},"primaryImageOfPage":{"@id":"https:\/\/www.entreculturas.org\/gl\/noticia\/estefania-franco-tecnica-de-ciudadania-global-en-galicia\/#primaryimage"},"image":{"@id":"https:\/\/www.entreculturas.org\/gl\/noticia\/estefania-franco-tecnica-de-ciudadania-global-en-galicia\/#primaryimage"},"thumbnailUrl":"https:\/\/www.entreculturas.org\/wp-content\/uploads\/2020\/03\/estefania_franco.png","datePublished":"2020-03-25T09:56:52+00:00","dateModified":"2024-03-14T14:09:34+00:00","breadcrumb":{"@id":"https:\/\/www.entreculturas.org\/gl\/noticia\/estefania-franco-tecnica-de-ciudadania-global-en-galicia\/#breadcrumb"},"inLanguage":"gl-ES","potentialAction":[{"@type":"ReadAction","target":["https:\/\/www.entreculturas.org\/gl\/noticia\/estefania-franco-tecnica-de-ciudadania-global-en-galicia\/"]}]},{"@type":"ImageObject","inLanguage":"gl-ES","@id":"https:\/\/www.entreculturas.org\/gl\/noticia\/estefania-franco-tecnica-de-ciudadania-global-en-galicia\/#primaryimage","url":"https:\/\/www.entreculturas.org\/wp-content\/uploads\/2020\/03\/estefania_franco.png","contentUrl":"https:\/\/www.entreculturas.org\/wp-content\/uploads\/2020\/03\/estefania_franco.png","width":660,"height":482},{"@type":"BreadcrumbList","@id":"https:\/\/www.entreculturas.org\/gl\/noticia\/estefania-franco-tecnica-de-ciudadania-global-en-galicia\/#breadcrumb","itemListElement":[{"@type":"ListItem","position":1,"name":"Home","item":"https:\/\/www.entreculturas.org\/gl\/"},{"@type":"ListItem","position":2,"name":"Noticias","item":"https:\/\/www.entreculturas.org\/gl\/noticias\/"},{"@type":"ListItem","position":3,"name":"Estefan\u00eda Franco. T\u00e9cnica de Ciudadan\u00eda Global en Galicia"}]},{"@type":"WebSite","@id":"https:\/\/www.entreculturas.org\/gl\/#website","url":"https:\/\/www.entreculturas.org\/gl\/","name":"Entreculturas","description":"","publisher":{"@id":"https:\/\/www.entreculturas.org\/gl\/#organization"},"alternateName":"Entreculturas","potentialAction":[{"@type":"SearchAction","target":{"@type":"EntryPoint","urlTemplate":"https:\/\/www.entreculturas.org\/gl\/?s={search_term_string}"},"query-input":{"@type":"PropertyValueSpecification","valueRequired":true,"valueName":"search_term_string"}}],"inLanguage":"gl-ES"},{"@type":"Organization","@id":"https:\/\/www.entreculturas.org\/gl\/#organization","name":"Entreculturas","url":"https:\/\/www.entreculturas.org\/gl\/","logo":{"@type":"ImageObject","inLanguage":"gl-ES","@id":"https:\/\/www.entreculturas.org\/gl\/#\/schema\/logo\/image\/","url":"https:\/\/www.entreculturas.org\/wp-content\/uploads\/2025\/10\/ESP.svg","contentUrl":"https:\/\/www.entreculturas.org\/wp-content\/uploads\/2025\/10\/ESP.svg","caption":"Entreculturas"},"image":{"@id":"https:\/\/www.entreculturas.org\/gl\/#\/schema\/logo\/image\/"},"sameAs":["https:\/\/www.facebook.com\/entreculturas","https:\/\/x.com\/Entreculturas","https:\/\/www.instagram.com\/entreculturas\/","https:\/\/www.youtube.com\/user\/entreculturasvideo","https:\/\/www.linkedin.com\/company\/fundacion-entreculturas-ngdo\/","https:\/\/www.flickr.com\/photos\/98455522@N04\/albums\/"]}]}},"_links":{"self":[{"href":"https:\/\/www.entreculturas.org\/gl\/wp-json\/wp\/v2\/noticia\/4430","targetHints":{"allow":["GET"]}}],"collection":[{"href":"https:\/\/www.entreculturas.org\/gl\/wp-json\/wp\/v2\/noticia"}],"about":[{"href":"https:\/\/www.entreculturas.org\/gl\/wp-json\/wp\/v2\/types\/noticia"}],"wp:featuredmedia":[{"embeddable":true,"href":"https:\/\/www.entreculturas.org\/gl\/wp-json\/wp\/v2\/media\/4429"}],"wp:attachment":[{"href":"https:\/\/www.entreculturas.org\/gl\/wp-json\/wp\/v2\/media?parent=4430"}],"wp:term":[{"taxonomy":"category","embeddable":true,"href":"https:\/\/www.entreculturas.org\/gl\/wp-json\/wp\/v2\/categories?post=4430"},{"taxonomy":"post_tag","embeddable":true,"href":"https:\/\/www.entreculturas.org\/gl\/wp-json\/wp\/v2\/tags?post=4430"},{"taxonomy":"country","embeddable":true,"href":"https:\/\/www.entreculturas.org\/gl\/wp-json\/wp\/v2\/country?post=4430"},{"taxonomy":"cause","embeddable":true,"href":"https:\/\/www.entreculturas.org\/gl\/wp-json\/wp\/v2\/cause?post=4430"}],"curies":[{"name":"wp","href":"https:\/\/api.w.org\/{rel}","templated":true}]}}