{"id":4357,"date":"2020-03-02T08:40:18","date_gmt":"2020-03-02T08:40:18","guid":{"rendered":"https:\/\/entreculturasi.wpenginepowered.com\/?noticias=cinco-mujeres-que-construyen-futuro"},"modified":"2024-03-14T15:12:51","modified_gmt":"2024-03-14T14:12:51","slug":"cinco-mujeres-que-construyen-futuro","status":"publish","type":"noticia","link":"https:\/\/www.entreculturas.org\/gl\/noticia\/cinco-mujeres-que-construyen-futuro\/","title":{"rendered":"Cinco  Mujeres que Construyen Futuro"},"content":{"rendered":"<\/p>\n<p>El pr\u00f3ximo domingo celebraremos el D\u00eda de la Mujer, un d\u00eda muy importante por la especial relevancia que tiene la igualdad en el trabajo que realizamos.<\/p>\n<p>Para&nbsp;Entreculturas es un compromiso&nbsp;la visibilizaci\u00f3n y el desarrollo de las mujeres, especialmente de las que viven en los contextos m\u00e1s complejos y en circunstancias que las&nbsp;obligadan&nbsp;a dejar la escuela, a migrar o a casarse a una edad muy temprana, sin posibilidad de formarse y de tener una vida digna. Pero tambi\u00e9n tenemos el compromiso de&nbsp;visibilizar las historias que reflejan la fuerza que une a todas esas mujeres: m\u00e1s all\u00e1 de sus fronteras, sus culturas o sus creencias, son mujeres con ganas de construir su propio futuro y que act\u00faan como agentes catalizadores de cambio y de desarrollo en sus comunidades.<\/p>\n<p><strong><span style=\"color:#FF0000\">Anitalia<\/span><\/strong> es lideresa del pueblo ind\u00edgena Okaina, en Colombia, y parte de la REPAM (Red Eclesial Panamaz\u00f3nica). A pesar de las amenazas que ha recibido a lo largo de su vida, lucha cada d\u00eda para defender los derechos de su pueblo, su tierra y su libertad.<\/p>\n<p><span style=\"color:#FF0000\"><strong>Yrian<\/strong><\/span> tuvo que huir de Venezuela porque la situaci\u00f3n era tan dif\u00edcil que no ten\u00eda nada con lo que alimentar a su familia. Dej\u00f3 a sus 5 hijos y sali\u00f3 en busca de una vida mejor en Brasil que le permitiera darles un futuro. A pesar de la dureza de lo que ha vivido, no se rinde, lucha para encontrar trabajo y poder traer a sus hijos a Sao Paulo.<\/p>\n<p><strong><span style=\"color:#FF0000\">Texia<\/span><\/strong> quiere ser soldadora de barcos, por eso, su decisi\u00f3n de apuntarse al curso de soldadura fue firme pese a las dificultades que ten\u00eda en casa y a ser la \u00fanica mujer en su clase. Ya est\u00e1 en segundo curso. Est\u00e1 convencida de que la educaci\u00f3n le abrir\u00e1 las puertas para poder elegir la vida que desea.<\/p>\n<p><span style=\"color:#FF0000\"><strong>Nur<\/strong><\/span> es refugiada. Tiene un hijo peque\u00f1o que cr\u00eda sola en unas condiciones de vida muy duras en Chad. No cuenta con recursos econ\u00f3micos para seguir estudiando, pero no quiere dejar la escuela. Est\u00e1 decidida a ir a la universidad para ser doctora, salir adelante y ayudar a su comunidad.<\/p>\n<p><span style=\"color:#FF0000\"><strong>Mar\u00eda Jos\u00e9<\/strong><\/span> es profesora y acompa\u00f1a a un grupo de j\u00f3venes de la Red Solidaria porque cree que son el motor de cambio de esta sociedad. A trav\u00e9s de la red, definen su agenda solidaria, priorizan las tem\u00e1ticas que quieren tratar e inciden en la sociedad donde viven, en sus Ayuntamientos y las asociaciones locales, para generar un entorno m\u00e1s justo e igualitario.<\/p>\n<p><span style=\"font-size:16px\"><span style=\"color:#FF0000\"><strong>Son mujeres que construyen futuro.<\/strong><\/span><\/span><\/p>\n<p>Ante la gran desigualdad que viven las mujeres y las dificultades extra a las que deben enfrentarse, apostamos por su desarrollo, especialmente de las que viven en los contextos m\u00e1s vulnerables. Atendemos y protegemos a mujeres y ni\u00f1as v\u00edctimas de violencia, promovemos su acceso a una educaci\u00f3n de calidad y facilitamos su participaci\u00f3n en la toma de decisiones. Nuestra apuesta pasa tambi\u00e9n por la generaci\u00f3n de una ciudadan\u00eda global que promueva la justicia y la igualdad.<\/p>\n<p>Aqu\u00ed pod\u00e9is encontrar todos los elementos y acciones de la campa\u00f1a, para que cada vez seamos m\u00e1s las personas que construyamos futuro junto a todas ellas.<\/p>\n<p><span><strong><span style=\"font-size: 20px\">ELEMENTOS DE LA CAMPA\u00d1A<\/span><\/strong><\/span><\/p>\n<table border=\"0\" cellpadding=\"0\" cellspacing=\"8\" style=\"width:1183.33px\">\n<tbody>\n<tr>\n<td rowspan=\"1\" style=\"width: 250px\"><a href=\"https:\/\/mujeres.entreculturas.org\/\" target=\"_blank\" rel=\"noopener\"><img decoding=\"async\" alt=\"\" height=\"123\" src=\"https:\/\/www.entreculturas.org\/wp-content\/uploads\/2020\/03\/mujeres_que.jpg\" width=\"216\"><\/a><\/td>\n<td style=\"width: 400px\">\n<p><strong>MUJERES QUE DEFIENDEN EL DERECHO DE LOS PUEBLOS IND\u00cdGENAS<\/strong><br \/>Entra en la web de la campa\u00f1a <a href=\"https:\/\/mujeres.entreculturas.org\/\" target=\"_blank\" rel=\"noopener\">mujeres.entreculturas.org<\/a> y conoce a Anitalia, Yrian, Texia, Nur y Mar\u00eda Jos\u00e9, mujeres que construyen futuro cada d\u00eda con su fuerza, su valent\u00eda y su trabajo.<\/p>\n<\/td>\n<\/tr>\n<tr>\n<td style=\"width: 250px\">&nbsp;<\/td>\n<td style=\"width: 400px\">&nbsp;<\/td>\n<\/tr>\n<tr>\n<td rowspan=\"1\"><a href=\"https:\/\/www.youtube.com\/playlist?list=PLZf-VRg9lQ375wb1xaZyD39t9dBlW4rX9\" target=\"_blank\" rel=\"noopener\"><img decoding=\"async\" alt=\"\" height=\"142\" src=\"https:\/\/www.entreculturas.org\/wp-content\/uploads\/2020\/03\/yrian_mujeres_que.jpg\" width=\"216\"><\/a><\/td>\n<td>\n<p><strong>QUE SUPERAN LA EMERGENCIA<\/strong><br \/>\u00a1Aqu\u00ed podemos <a href=\"https:\/\/www.youtube.com\/playlist?list=PLZf-VRg9lQ375wb1xaZyD39t9dBlW4rX9\" target=\"_blank\" rel=\"noopener\">ver los v\u00eddeos<\/a> de Anitalia, Yrian, Texia, Nur y Mar\u00eda Jos\u00e9 y conocer su historia!<\/p>\n<\/td>\n<\/tr>\n<tr>\n<td>&nbsp;<\/td>\n<td>&nbsp;<\/td>\n<\/tr>\n<tr>\n<td rowspan=\"1\"><a href=\"https:\/\/mujeres.entreculturas.org\/Mujeres_que_construyen_futuro\/Mujeres_que_construyen_futuro.pdf\" target=\"_blank\" rel=\"noopener\"><img decoding=\"async\" alt=\"\" height=\"213\" src=\"https:\/\/www.entreculturas.org\/wp-content\/uploads\/2020\/03\/folleto_muejeres_que_02.jpg\" width=\"150\"><\/a><\/td>\n<td>\n<p><strong>QUE SIGUEN APRENDIENDO<\/strong><br \/>Con este <a href=\"https:\/\/mujeres.entreculturas.org\/Mujeres_que_construyen_futuro\/Mujeres_que_construyen_futuro.pdf\" target=\"_blank\" rel=\"noopener\">folleto<\/a> de mailing postal queremos poner rostro concreto a las personas con las que trabajamos, as\u00ed como de sumar apoyos para nuestros proyectos.&nbsp;<\/p>\n<\/td>\n<\/tr>\n<tr>\n<td>&nbsp;<\/td>\n<td>&nbsp;<\/td>\n<\/tr>\n<tr>\n<td rowspan=\"1\"><a href=\"https:\/\/www.entreculturas.org\/informate\/publicaciones\/revista-trimestral\" target=\"_blank\" rel=\"noopener\"><img decoding=\"async\" alt=\"\" height=\"213\" src=\"https:\/\/www.entreculturas.org\/wp-content\/uploads\/2020\/03\/revista_muejeres_que_02.jpg\" width=\"150\"><\/a><\/td>\n<td>\n<p><strong>QUE SUPERAN PREJUICIOS<\/strong><br \/>Muy pronto, en el<a href=\"https:\/\/www.entreculturas.org\/informate\/publicaciones\/revista-trimestral\" target=\"_blank\" rel=\"noopener\"> Bolet\u00edn 77 <\/a>encontraremos toda la informaci\u00f3n de la campa\u00f1a. Junto con las noticias m\u00e1s relevantes, tendremos una especial mirada a las distintas situaciones que viven estas mujeres y los contextos que acompa\u00f1amos.<\/p>\n<\/td>\n<\/tr>\n<tr>\n<td>&nbsp;<\/td>\n<td>&nbsp;<\/td>\n<\/tr>\n<tr>\n<td rowspan=\"1\"><img decoding=\"async\" alt=\"\" height=\"108\" src=\"https:\/\/www.entreculturas.org\/wp-content\/uploads\/2020\/03\/unnamed_0.jpg\" width=\"216\"><\/td>\n<td>\n<p><strong>CON ELLAS DIFUNDIMOS LA CAMPA\u00d1A<\/strong><br \/>Entre todos y todas hacemos posible que nuestra campa\u00f1a llegue cada vez a m\u00e1s personas. Te ofrecemos esta <a href=\"https:\/\/docs.google.com\/document\/d\/17DhumrpF7GBGrVKsJYTRJZJoYRCMK59UILtin5E6E2g\/edit\" target=\"_blank\" rel=\"noopener\">propuesta de contenidos para compartir la campa\u00f1a en Facebook y Twitter<\/a> y defender los derechos de las mujeres.<br \/>Adem\u00e1s, disponemos de esta <a href=\"https:\/\/www.entreculturas.org\/wp-content\/uploads\/2020\/03\/NP_Mujeres-Que_2020.pdf\" target=\"_blank\" rel=\"noopener\">nota de prensa <\/a>que podemos hacer llegar a los medios de comunicaci\u00f3n.<\/p>\n<\/td>\n<\/tr>\n<tr>\n<td>&nbsp;<\/td>\n<td>&nbsp;<\/td>\n<\/tr>\n<tr>\n<td rowspan=\"1\" style=\"text-align: center\"><a href=\"https:\/\/mundoentusmanos.org\/wp-content\/uploads\/2019\/05\/PromovemosIgualdad_Espa%C3%B1ol.pdf\"><img decoding=\"async\" alt=\"\" height=\"213\" src=\"https:\/\/www.entreculturas.org\/wp-content\/uploads\/2020\/03\/unnamed_1_1.jpg\" width=\"150\"><\/a><\/td>\n<td>\n<p><strong>TRABAJAMOS EL D\u00cdA INTERNACIONAL DE LA MUJER<\/strong><br \/>Podemos trabajar el <a href=\"https:\/\/mundoentusmanos.org\/wp-content\/uploads\/2019\/05\/PromovemosIgualdad_Espa%C3%B1ol.pdf\" target=\"_blank\" rel=\"noopener\">material did\u00e1ctico <\/a>que el equipo de Ciudadan\u00eda elabora por el D\u00eda Internacional de la Mujer, no s\u00f3lo en el aula, sino tambi\u00e9n con nuestras familias y entorno cercano.<\/p>\n<\/td>\n<\/tr>\n<\/tbody>\n<\/table>\n<p>&nbsp;<\/p>\n","protected":false},"excerpt":{"rendered":"<p>El pr\u00f3ximo domingo celebraremos el D\u00eda Internacional de la Mujer, un d\u00eda muy importante por la especial relevancia que tiene la igualdad en el trabajo que realizamos. Por lo que les presentamos las historias de cuatro Mujeres que, con talento, esfuerzo y dedicaci\u00f3n, construyen un mejor futuro para ellas y para quienes las rodean. Mujeres como Yrian, Nur, Texia y Anitalia, protagonistas de la campa\u00f1a que lanza Entreculturas para este 8 de marzo \u201cMujeres Que Construyen Futuro\u201d. <\/p>\n","protected":false},"featured_media":4348,"template":"single-noticia","meta":{"_acf_changed":false},"categories":[7],"tags":[293],"country":[],"cause":[130],"class_list":["post-4357","noticia","type-noticia","status-publish","has-post-thumbnail","hentry","category-noticia","tag-genero","cause-genero"],"acf":[],"yoast_head":"<!-- This site is optimized with the Yoast SEO Premium plugin v21.6 (Yoast SEO v27.5) - https:\/\/yoast.com\/product\/yoast-seo-premium-wordpress\/ -->\n<title>Cinco Mujeres que Construyen Futuro - Entreculturas<\/title>\n<meta name=\"robots\" content=\"index, follow, max-snippet:-1, max-image-preview:large, max-video-preview:-1\" \/>\n<link rel=\"canonical\" href=\"https:\/\/www.entreculturas.org\/gl\/noticia\/cinco-mujeres-que-construyen-futuro\/\" \/>\n<meta property=\"og:locale\" content=\"gl_ES\" \/>\n<meta property=\"og:type\" content=\"article\" \/>\n<meta property=\"og:title\" content=\"Cinco Mujeres que Construyen Futuro\" \/>\n<meta property=\"og:description\" content=\"El pr\u00f3ximo domingo celebraremos el D\u00eda Internacional de la Mujer, un d\u00eda muy importante por la especial relevancia que tiene la igualdad en el trabajo que realizamos. Por lo que les presentamos las historias de cuatro Mujeres que, con talento, esfuerzo y dedicaci\u00f3n, construyen un mejor futuro para ellas y para quienes las rodean. Mujeres como Yrian, Nur, Texia y Anitalia, protagonistas de la campa\u00f1a que lanza Entreculturas para este 8 de marzo \u201cMujeres Que Construyen Futuro\u201d.\" \/>\n<meta property=\"og:url\" content=\"https:\/\/www.entreculturas.org\/gl\/noticia\/cinco-mujeres-que-construyen-futuro\/\" \/>\n<meta property=\"og:site_name\" content=\"Entreculturas\" \/>\n<meta property=\"article:publisher\" content=\"https:\/\/www.facebook.com\/entreculturas\" \/>\n<meta property=\"article:modified_time\" content=\"2024-03-14T14:12:51+00:00\" \/>\n<meta property=\"og:image\" content=\"https:\/\/www.entreculturas.org\/wp-content\/uploads\/2020\/03\/muejres_que_construyen_futuro_2020_entreculturas.jpg\" \/>\n\t<meta property=\"og:image:width\" content=\"648\" \/>\n\t<meta property=\"og:image:height\" content=\"240\" \/>\n\t<meta property=\"og:image:type\" content=\"image\/jpeg\" \/>\n<meta name=\"twitter:card\" content=\"summary_large_image\" \/>\n<meta name=\"twitter:site\" content=\"@Entreculturas\" \/>\n<script type=\"application\/ld+json\" class=\"yoast-schema-graph\">{\"@context\":\"https:\\\/\\\/schema.org\",\"@graph\":[{\"@type\":\"WebPage\",\"@id\":\"https:\\\/\\\/www.entreculturas.org\\\/gl\\\/noticia\\\/cinco-mujeres-que-construyen-futuro\\\/\",\"url\":\"https:\\\/\\\/www.entreculturas.org\\\/gl\\\/noticia\\\/cinco-mujeres-que-construyen-futuro\\\/\",\"name\":\"Cinco Mujeres que Construyen Futuro - Entreculturas\",\"isPartOf\":{\"@id\":\"https:\\\/\\\/www.entreculturas.org\\\/gl\\\/#website\"},\"primaryImageOfPage\":{\"@id\":\"https:\\\/\\\/www.entreculturas.org\\\/gl\\\/noticia\\\/cinco-mujeres-que-construyen-futuro\\\/#primaryimage\"},\"image\":{\"@id\":\"https:\\\/\\\/www.entreculturas.org\\\/gl\\\/noticia\\\/cinco-mujeres-que-construyen-futuro\\\/#primaryimage\"},\"thumbnailUrl\":\"https:\\\/\\\/www.entreculturas.org\\\/wp-content\\\/uploads\\\/2020\\\/03\\\/muejres_que_construyen_futuro_2020_entreculturas.jpg\",\"datePublished\":\"2020-03-02T08:40:18+00:00\",\"dateModified\":\"2024-03-14T14:12:51+00:00\",\"breadcrumb\":{\"@id\":\"https:\\\/\\\/www.entreculturas.org\\\/gl\\\/noticia\\\/cinco-mujeres-que-construyen-futuro\\\/#breadcrumb\"},\"inLanguage\":\"gl-ES\",\"potentialAction\":[{\"@type\":\"ReadAction\",\"target\":[\"https:\\\/\\\/www.entreculturas.org\\\/gl\\\/noticia\\\/cinco-mujeres-que-construyen-futuro\\\/\"]}]},{\"@type\":\"ImageObject\",\"inLanguage\":\"gl-ES\",\"@id\":\"https:\\\/\\\/www.entreculturas.org\\\/gl\\\/noticia\\\/cinco-mujeres-que-construyen-futuro\\\/#primaryimage\",\"url\":\"https:\\\/\\\/www.entreculturas.org\\\/wp-content\\\/uploads\\\/2020\\\/03\\\/muejres_que_construyen_futuro_2020_entreculturas.jpg\",\"contentUrl\":\"https:\\\/\\\/www.entreculturas.org\\\/wp-content\\\/uploads\\\/2020\\\/03\\\/muejres_que_construyen_futuro_2020_entreculturas.jpg\",\"width\":648,\"height\":240},{\"@type\":\"BreadcrumbList\",\"@id\":\"https:\\\/\\\/www.entreculturas.org\\\/gl\\\/noticia\\\/cinco-mujeres-que-construyen-futuro\\\/#breadcrumb\",\"itemListElement\":[{\"@type\":\"ListItem\",\"position\":1,\"name\":\"Home\",\"item\":\"https:\\\/\\\/www.entreculturas.org\\\/gl\\\/\"},{\"@type\":\"ListItem\",\"position\":2,\"name\":\"Noticias\",\"item\":\"https:\\\/\\\/www.entreculturas.org\\\/gl\\\/noticias\\\/\"},{\"@type\":\"ListItem\",\"position\":3,\"name\":\"Cinco Mujeres que Construyen Futuro\"}]},{\"@type\":\"WebSite\",\"@id\":\"https:\\\/\\\/www.entreculturas.org\\\/gl\\\/#website\",\"url\":\"https:\\\/\\\/www.entreculturas.org\\\/gl\\\/\",\"name\":\"Entreculturas\",\"description\":\"\",\"publisher\":{\"@id\":\"https:\\\/\\\/www.entreculturas.org\\\/gl\\\/#organization\"},\"alternateName\":\"Entreculturas\",\"potentialAction\":[{\"@type\":\"SearchAction\",\"target\":{\"@type\":\"EntryPoint\",\"urlTemplate\":\"https:\\\/\\\/www.entreculturas.org\\\/gl\\\/?s={search_term_string}\"},\"query-input\":{\"@type\":\"PropertyValueSpecification\",\"valueRequired\":true,\"valueName\":\"search_term_string\"}}],\"inLanguage\":\"gl-ES\"},{\"@type\":\"Organization\",\"@id\":\"https:\\\/\\\/www.entreculturas.org\\\/gl\\\/#organization\",\"name\":\"Entreculturas\",\"url\":\"https:\\\/\\\/www.entreculturas.org\\\/gl\\\/\",\"logo\":{\"@type\":\"ImageObject\",\"inLanguage\":\"gl-ES\",\"@id\":\"https:\\\/\\\/www.entreculturas.org\\\/gl\\\/#\\\/schema\\\/logo\\\/image\\\/\",\"url\":\"https:\\\/\\\/www.entreculturas.org\\\/wp-content\\\/uploads\\\/2025\\\/10\\\/ESP.svg\",\"contentUrl\":\"https:\\\/\\\/www.entreculturas.org\\\/wp-content\\\/uploads\\\/2025\\\/10\\\/ESP.svg\",\"caption\":\"Entreculturas\"},\"image\":{\"@id\":\"https:\\\/\\\/www.entreculturas.org\\\/gl\\\/#\\\/schema\\\/logo\\\/image\\\/\"},\"sameAs\":[\"https:\\\/\\\/www.facebook.com\\\/entreculturas\",\"https:\\\/\\\/x.com\\\/Entreculturas\",\"https:\\\/\\\/www.instagram.com\\\/entreculturas\\\/\",\"https:\\\/\\\/www.youtube.com\\\/user\\\/entreculturasvideo\",\"https:\\\/\\\/www.linkedin.com\\\/company\\\/fundacion-entreculturas-ngdo\\\/\",\"https:\\\/\\\/www.flickr.com\\\/photos\\\/98455522@N04\\\/albums\\\/\"]}]}<\/script>\n<!-- \/ Yoast SEO Premium plugin. -->","yoast_head_json":{"title":"Cinco Mujeres que Construyen Futuro - Entreculturas","robots":{"index":"index","follow":"follow","max-snippet":"max-snippet:-1","max-image-preview":"max-image-preview:large","max-video-preview":"max-video-preview:-1"},"canonical":"https:\/\/www.entreculturas.org\/gl\/noticia\/cinco-mujeres-que-construyen-futuro\/","og_locale":"gl_ES","og_type":"article","og_title":"Cinco Mujeres que Construyen Futuro","og_description":"El pr\u00f3ximo domingo celebraremos el D\u00eda Internacional de la Mujer, un d\u00eda muy importante por la especial relevancia que tiene la igualdad en el trabajo que realizamos. Por lo que les presentamos las historias de cuatro Mujeres que, con talento, esfuerzo y dedicaci\u00f3n, construyen un mejor futuro para ellas y para quienes las rodean. Mujeres como Yrian, Nur, Texia y Anitalia, protagonistas de la campa\u00f1a que lanza Entreculturas para este 8 de marzo \u201cMujeres Que Construyen Futuro\u201d.","og_url":"https:\/\/www.entreculturas.org\/gl\/noticia\/cinco-mujeres-que-construyen-futuro\/","og_site_name":"Entreculturas","article_publisher":"https:\/\/www.facebook.com\/entreculturas","article_modified_time":"2024-03-14T14:12:51+00:00","og_image":[{"width":648,"height":240,"url":"https:\/\/www.entreculturas.org\/wp-content\/uploads\/2020\/03\/muejres_que_construyen_futuro_2020_entreculturas.jpg","type":"image\/jpeg"}],"twitter_card":"summary_large_image","twitter_site":"@Entreculturas","schema":{"@context":"https:\/\/schema.org","@graph":[{"@type":"WebPage","@id":"https:\/\/www.entreculturas.org\/gl\/noticia\/cinco-mujeres-que-construyen-futuro\/","url":"https:\/\/www.entreculturas.org\/gl\/noticia\/cinco-mujeres-que-construyen-futuro\/","name":"Cinco Mujeres que Construyen Futuro - Entreculturas","isPartOf":{"@id":"https:\/\/www.entreculturas.org\/gl\/#website"},"primaryImageOfPage":{"@id":"https:\/\/www.entreculturas.org\/gl\/noticia\/cinco-mujeres-que-construyen-futuro\/#primaryimage"},"image":{"@id":"https:\/\/www.entreculturas.org\/gl\/noticia\/cinco-mujeres-que-construyen-futuro\/#primaryimage"},"thumbnailUrl":"https:\/\/www.entreculturas.org\/wp-content\/uploads\/2020\/03\/muejres_que_construyen_futuro_2020_entreculturas.jpg","datePublished":"2020-03-02T08:40:18+00:00","dateModified":"2024-03-14T14:12:51+00:00","breadcrumb":{"@id":"https:\/\/www.entreculturas.org\/gl\/noticia\/cinco-mujeres-que-construyen-futuro\/#breadcrumb"},"inLanguage":"gl-ES","potentialAction":[{"@type":"ReadAction","target":["https:\/\/www.entreculturas.org\/gl\/noticia\/cinco-mujeres-que-construyen-futuro\/"]}]},{"@type":"ImageObject","inLanguage":"gl-ES","@id":"https:\/\/www.entreculturas.org\/gl\/noticia\/cinco-mujeres-que-construyen-futuro\/#primaryimage","url":"https:\/\/www.entreculturas.org\/wp-content\/uploads\/2020\/03\/muejres_que_construyen_futuro_2020_entreculturas.jpg","contentUrl":"https:\/\/www.entreculturas.org\/wp-content\/uploads\/2020\/03\/muejres_que_construyen_futuro_2020_entreculturas.jpg","width":648,"height":240},{"@type":"BreadcrumbList","@id":"https:\/\/www.entreculturas.org\/gl\/noticia\/cinco-mujeres-que-construyen-futuro\/#breadcrumb","itemListElement":[{"@type":"ListItem","position":1,"name":"Home","item":"https:\/\/www.entreculturas.org\/gl\/"},{"@type":"ListItem","position":2,"name":"Noticias","item":"https:\/\/www.entreculturas.org\/gl\/noticias\/"},{"@type":"ListItem","position":3,"name":"Cinco Mujeres que Construyen Futuro"}]},{"@type":"WebSite","@id":"https:\/\/www.entreculturas.org\/gl\/#website","url":"https:\/\/www.entreculturas.org\/gl\/","name":"Entreculturas","description":"","publisher":{"@id":"https:\/\/www.entreculturas.org\/gl\/#organization"},"alternateName":"Entreculturas","potentialAction":[{"@type":"SearchAction","target":{"@type":"EntryPoint","urlTemplate":"https:\/\/www.entreculturas.org\/gl\/?s={search_term_string}"},"query-input":{"@type":"PropertyValueSpecification","valueRequired":true,"valueName":"search_term_string"}}],"inLanguage":"gl-ES"},{"@type":"Organization","@id":"https:\/\/www.entreculturas.org\/gl\/#organization","name":"Entreculturas","url":"https:\/\/www.entreculturas.org\/gl\/","logo":{"@type":"ImageObject","inLanguage":"gl-ES","@id":"https:\/\/www.entreculturas.org\/gl\/#\/schema\/logo\/image\/","url":"https:\/\/www.entreculturas.org\/wp-content\/uploads\/2025\/10\/ESP.svg","contentUrl":"https:\/\/www.entreculturas.org\/wp-content\/uploads\/2025\/10\/ESP.svg","caption":"Entreculturas"},"image":{"@id":"https:\/\/www.entreculturas.org\/gl\/#\/schema\/logo\/image\/"},"sameAs":["https:\/\/www.facebook.com\/entreculturas","https:\/\/x.com\/Entreculturas","https:\/\/www.instagram.com\/entreculturas\/","https:\/\/www.youtube.com\/user\/entreculturasvideo","https:\/\/www.linkedin.com\/company\/fundacion-entreculturas-ngdo\/","https:\/\/www.flickr.com\/photos\/98455522@N04\/albums\/"]}]}},"_links":{"self":[{"href":"https:\/\/www.entreculturas.org\/gl\/wp-json\/wp\/v2\/noticia\/4357","targetHints":{"allow":["GET"]}}],"collection":[{"href":"https:\/\/www.entreculturas.org\/gl\/wp-json\/wp\/v2\/noticia"}],"about":[{"href":"https:\/\/www.entreculturas.org\/gl\/wp-json\/wp\/v2\/types\/noticia"}],"wp:featuredmedia":[{"embeddable":true,"href":"https:\/\/www.entreculturas.org\/gl\/wp-json\/wp\/v2\/media\/4348"}],"wp:attachment":[{"href":"https:\/\/www.entreculturas.org\/gl\/wp-json\/wp\/v2\/media?parent=4357"}],"wp:term":[{"taxonomy":"category","embeddable":true,"href":"https:\/\/www.entreculturas.org\/gl\/wp-json\/wp\/v2\/categories?post=4357"},{"taxonomy":"post_tag","embeddable":true,"href":"https:\/\/www.entreculturas.org\/gl\/wp-json\/wp\/v2\/tags?post=4357"},{"taxonomy":"country","embeddable":true,"href":"https:\/\/www.entreculturas.org\/gl\/wp-json\/wp\/v2\/country?post=4357"},{"taxonomy":"cause","embeddable":true,"href":"https:\/\/www.entreculturas.org\/gl\/wp-json\/wp\/v2\/cause?post=4357"}],"curies":[{"name":"wp","href":"https:\/\/api.w.org\/{rel}","templated":true}]}}