{"id":4322,"date":"2020-02-24T12:38:09","date_gmt":"2020-02-24T12:38:09","guid":{"rendered":"https:\/\/entreculturasi.wpenginepowered.com\/?noticias=junto-con-la-fundacion-real-valladolid-para-vincular-deporte-y-educacion-para-las-personas"},"modified":"2024-03-14T15:11:03","modified_gmt":"2024-03-14T14:11:03","slug":"junto-con-la-fundacion-real-valladolid-para-vincular-deporte-y-educacion-para-las-personas","status":"publish","type":"noticia","link":"https:\/\/www.entreculturas.org\/gl\/noticia\/junto-con-la-fundacion-real-valladolid-para-vincular-deporte-y-educacion-para-las-personas\/","title":{"rendered":"Junto con la Fundaci\u00f3n Real Valladolid para vincular deporte y educaci\u00f3n para las personas m\u00e1s vulnerables"},"content":{"rendered":"<p>Unimos&nbsp;fuerzas con la Fundaci\u00f3n Real Valladolid con el objetivo de<strong> vincular deporte y educaci\u00f3n como veh\u00edculo de transmisi\u00f3n de valores<\/strong>. Romper la limitaci\u00f3n en los roles de g\u00e9nero, luchar contra la exclusi\u00f3n y la falta de recursos, y poder crear oportunidades para todos son las metas planteadas.<\/p>\n<p>A trav\u00e9s del bal\u00f3n se pretende expresar el compromiso social y motivar, educar e inspirar, tanto en la ciudad de Valladolid como en la Comunidad y tambi\u00e9n a nivel internacional.<\/p>\n<p>Por eso, junto con la Fundaci\u00f3n Real Valladolid, sapoyamos el proyecto &#8216;<strong>Jugando sin fronteras&#8217; <\/strong>para empoderar a las personas m\u00e1s vulnerables y atender a las comunidades que, a trav\u00e9s del f\u00fatbol, puedan disponer de <strong>herramientas para su desarrollo personal y global.<\/strong><\/p>\n<\/p>\n<p><span style=\"color:#FF0000\"><strong>Entreculturas con el deporte: Corre por una causa<\/strong><\/span><\/p>\n<p>En este marco, el domingo 1 de marzo se celebra en Valladolid la carrera de #CorreXunaCausa en Valladolid, una prueba solidaria por la educaci\u00f3n de las ni\u00f1as en \u00c1frica y Am\u00e9rica Latina. La Fundaci\u00f3n Real Valladolid ha apoyado&nbsp;este evento deportivo&nbsp;y animado a sus trabajadores y trabajadoras a&nbsp;colaborar como voluntarios\/as y aportar su grano de arena.<\/p>\n<p>El circuito, abierto a todas las personas ya que se cuenta adem\u00e1s con diferentes distancias a las que poder apuntarse, tiene su punto de salida y llegada en Arroyo de la Encomienda. Se celebrar\u00e1 a partir de las 10,45 horas y puedes <a href=\"https:\/\/www.correporunacausa.org\/carrera-valladolid\/\" target=\"_blank\" rel=\"noopener\">inscribirte aqu\u00ed.<\/a><\/p>\n","protected":false},"excerpt":{"rendered":"<p>Unimos fuerzas con la Fundaci\u00f3n Real Valladolid con el objetivo de vincular deporte y educaci\u00f3n como veh\u00edculo de transmisi\u00f3n de valores. Romper la limitaci\u00f3n en los roles de g\u00e9nero, luchar contra la exclusi\u00f3n y la falta de recursos, y poder crear oportunidades para todos son las metas planteadas.<\/p>\n","protected":false},"featured_media":4321,"template":"single-noticia","meta":{"_acf_changed":false},"categories":[7],"tags":[8],"country":[],"cause":[132],"class_list":["post-4322","noticia","type-noticia","status-publish","has-post-thumbnail","hentry","category-noticia","tag-participacion-y-ciudadania-global","cause-participacion-y-ciudadania-global"],"acf":[],"yoast_head":"<!-- This site is optimized with the Yoast SEO Premium plugin v21.6 (Yoast SEO v27.5) - https:\/\/yoast.com\/product\/yoast-seo-premium-wordpress\/ -->\n<title>Junto con la Fundaci\u00f3n Real Valladolid para vincular deporte y educaci\u00f3n para las personas m\u00e1s vulnerables - Entreculturas<\/title>\n<meta name=\"robots\" content=\"index, follow, max-snippet:-1, max-image-preview:large, max-video-preview:-1\" \/>\n<link rel=\"canonical\" href=\"https:\/\/www.entreculturas.org\/gl\/noticia\/junto-con-la-fundacion-real-valladolid-para-vincular-deporte-y-educacion-para-las-personas\/\" \/>\n<meta property=\"og:locale\" content=\"gl_ES\" \/>\n<meta property=\"og:type\" content=\"article\" \/>\n<meta property=\"og:title\" content=\"Junto con la Fundaci\u00f3n Real Valladolid para vincular deporte y educaci\u00f3n para las personas m\u00e1s vulnerables\" \/>\n<meta property=\"og:description\" content=\"Unimos fuerzas con la Fundaci\u00f3n Real Valladolid con el objetivo de vincular deporte y educaci\u00f3n como veh\u00edculo de transmisi\u00f3n de valores. Romper la limitaci\u00f3n en los roles de g\u00e9nero, luchar contra la exclusi\u00f3n y la falta de recursos, y poder crear oportunidades para todos son las metas planteadas.\" \/>\n<meta property=\"og:url\" content=\"https:\/\/www.entreculturas.org\/gl\/noticia\/junto-con-la-fundacion-real-valladolid-para-vincular-deporte-y-educacion-para-las-personas\/\" \/>\n<meta property=\"og:site_name\" content=\"Entreculturas\" \/>\n<meta property=\"article:publisher\" content=\"https:\/\/www.facebook.com\/entreculturas\" \/>\n<meta property=\"article:modified_time\" content=\"2024-03-14T14:11:03+00:00\" \/>\n<meta property=\"og:image\" content=\"https:\/\/www.entreculturas.org\/wp-content\/uploads\/2020\/02\/captura_de_pantalla_2020-02-24_a_las_13.33.11.png\" \/>\n\t<meta property=\"og:image:width\" content=\"800\" \/>\n\t<meta property=\"og:image:height\" content=\"586\" \/>\n\t<meta property=\"og:image:type\" content=\"image\/png\" \/>\n<meta name=\"twitter:card\" content=\"summary_large_image\" \/>\n<meta name=\"twitter:site\" content=\"@Entreculturas\" \/>\n<script type=\"application\/ld+json\" class=\"yoast-schema-graph\">{\"@context\":\"https:\\\/\\\/schema.org\",\"@graph\":[{\"@type\":\"WebPage\",\"@id\":\"https:\\\/\\\/www.entreculturas.org\\\/gl\\\/noticia\\\/junto-con-la-fundacion-real-valladolid-para-vincular-deporte-y-educacion-para-las-personas\\\/\",\"url\":\"https:\\\/\\\/www.entreculturas.org\\\/gl\\\/noticia\\\/junto-con-la-fundacion-real-valladolid-para-vincular-deporte-y-educacion-para-las-personas\\\/\",\"name\":\"Junto con la Fundaci\u00f3n Real Valladolid para vincular deporte y educaci\u00f3n para las personas m\u00e1s vulnerables - Entreculturas\",\"isPartOf\":{\"@id\":\"https:\\\/\\\/www.entreculturas.org\\\/gl\\\/#website\"},\"primaryImageOfPage\":{\"@id\":\"https:\\\/\\\/www.entreculturas.org\\\/gl\\\/noticia\\\/junto-con-la-fundacion-real-valladolid-para-vincular-deporte-y-educacion-para-las-personas\\\/#primaryimage\"},\"image\":{\"@id\":\"https:\\\/\\\/www.entreculturas.org\\\/gl\\\/noticia\\\/junto-con-la-fundacion-real-valladolid-para-vincular-deporte-y-educacion-para-las-personas\\\/#primaryimage\"},\"thumbnailUrl\":\"https:\\\/\\\/www.entreculturas.org\\\/wp-content\\\/uploads\\\/2020\\\/02\\\/captura_de_pantalla_2020-02-24_a_las_13.33.11.png\",\"datePublished\":\"2020-02-24T12:38:09+00:00\",\"dateModified\":\"2024-03-14T14:11:03+00:00\",\"breadcrumb\":{\"@id\":\"https:\\\/\\\/www.entreculturas.org\\\/gl\\\/noticia\\\/junto-con-la-fundacion-real-valladolid-para-vincular-deporte-y-educacion-para-las-personas\\\/#breadcrumb\"},\"inLanguage\":\"gl-ES\",\"potentialAction\":[{\"@type\":\"ReadAction\",\"target\":[\"https:\\\/\\\/www.entreculturas.org\\\/gl\\\/noticia\\\/junto-con-la-fundacion-real-valladolid-para-vincular-deporte-y-educacion-para-las-personas\\\/\"]}]},{\"@type\":\"ImageObject\",\"inLanguage\":\"gl-ES\",\"@id\":\"https:\\\/\\\/www.entreculturas.org\\\/gl\\\/noticia\\\/junto-con-la-fundacion-real-valladolid-para-vincular-deporte-y-educacion-para-las-personas\\\/#primaryimage\",\"url\":\"https:\\\/\\\/www.entreculturas.org\\\/wp-content\\\/uploads\\\/2020\\\/02\\\/captura_de_pantalla_2020-02-24_a_las_13.33.11.png\",\"contentUrl\":\"https:\\\/\\\/www.entreculturas.org\\\/wp-content\\\/uploads\\\/2020\\\/02\\\/captura_de_pantalla_2020-02-24_a_las_13.33.11.png\",\"width\":800,\"height\":586},{\"@type\":\"BreadcrumbList\",\"@id\":\"https:\\\/\\\/www.entreculturas.org\\\/gl\\\/noticia\\\/junto-con-la-fundacion-real-valladolid-para-vincular-deporte-y-educacion-para-las-personas\\\/#breadcrumb\",\"itemListElement\":[{\"@type\":\"ListItem\",\"position\":1,\"name\":\"Home\",\"item\":\"https:\\\/\\\/www.entreculturas.org\\\/gl\\\/\"},{\"@type\":\"ListItem\",\"position\":2,\"name\":\"Noticias\",\"item\":\"https:\\\/\\\/www.entreculturas.org\\\/gl\\\/noticias\\\/\"},{\"@type\":\"ListItem\",\"position\":3,\"name\":\"Junto con la Fundaci\u00f3n Real Valladolid para vincular deporte y educaci\u00f3n para las personas m\u00e1s vulnerables\"}]},{\"@type\":\"WebSite\",\"@id\":\"https:\\\/\\\/www.entreculturas.org\\\/gl\\\/#website\",\"url\":\"https:\\\/\\\/www.entreculturas.org\\\/gl\\\/\",\"name\":\"Entreculturas\",\"description\":\"\",\"publisher\":{\"@id\":\"https:\\\/\\\/www.entreculturas.org\\\/gl\\\/#organization\"},\"alternateName\":\"Entreculturas\",\"potentialAction\":[{\"@type\":\"SearchAction\",\"target\":{\"@type\":\"EntryPoint\",\"urlTemplate\":\"https:\\\/\\\/www.entreculturas.org\\\/gl\\\/?s={search_term_string}\"},\"query-input\":{\"@type\":\"PropertyValueSpecification\",\"valueRequired\":true,\"valueName\":\"search_term_string\"}}],\"inLanguage\":\"gl-ES\"},{\"@type\":\"Organization\",\"@id\":\"https:\\\/\\\/www.entreculturas.org\\\/gl\\\/#organization\",\"name\":\"Entreculturas\",\"url\":\"https:\\\/\\\/www.entreculturas.org\\\/gl\\\/\",\"logo\":{\"@type\":\"ImageObject\",\"inLanguage\":\"gl-ES\",\"@id\":\"https:\\\/\\\/www.entreculturas.org\\\/gl\\\/#\\\/schema\\\/logo\\\/image\\\/\",\"url\":\"https:\\\/\\\/www.entreculturas.org\\\/wp-content\\\/uploads\\\/2025\\\/10\\\/ESP.svg\",\"contentUrl\":\"https:\\\/\\\/www.entreculturas.org\\\/wp-content\\\/uploads\\\/2025\\\/10\\\/ESP.svg\",\"caption\":\"Entreculturas\"},\"image\":{\"@id\":\"https:\\\/\\\/www.entreculturas.org\\\/gl\\\/#\\\/schema\\\/logo\\\/image\\\/\"},\"sameAs\":[\"https:\\\/\\\/www.facebook.com\\\/entreculturas\",\"https:\\\/\\\/x.com\\\/Entreculturas\",\"https:\\\/\\\/www.instagram.com\\\/entreculturas\\\/\",\"https:\\\/\\\/www.youtube.com\\\/user\\\/entreculturasvideo\",\"https:\\\/\\\/www.linkedin.com\\\/company\\\/fundacion-entreculturas-ngdo\\\/\",\"https:\\\/\\\/www.flickr.com\\\/photos\\\/98455522@N04\\\/albums\\\/\"]}]}<\/script>\n<!-- \/ Yoast SEO Premium plugin. -->","yoast_head_json":{"title":"Junto con la Fundaci\u00f3n Real Valladolid para vincular deporte y educaci\u00f3n para las personas m\u00e1s vulnerables - Entreculturas","robots":{"index":"index","follow":"follow","max-snippet":"max-snippet:-1","max-image-preview":"max-image-preview:large","max-video-preview":"max-video-preview:-1"},"canonical":"https:\/\/www.entreculturas.org\/gl\/noticia\/junto-con-la-fundacion-real-valladolid-para-vincular-deporte-y-educacion-para-las-personas\/","og_locale":"gl_ES","og_type":"article","og_title":"Junto con la Fundaci\u00f3n Real Valladolid para vincular deporte y educaci\u00f3n para las personas m\u00e1s vulnerables","og_description":"Unimos fuerzas con la Fundaci\u00f3n Real Valladolid con el objetivo de vincular deporte y educaci\u00f3n como veh\u00edculo de transmisi\u00f3n de valores. Romper la limitaci\u00f3n en los roles de g\u00e9nero, luchar contra la exclusi\u00f3n y la falta de recursos, y poder crear oportunidades para todos son las metas planteadas.","og_url":"https:\/\/www.entreculturas.org\/gl\/noticia\/junto-con-la-fundacion-real-valladolid-para-vincular-deporte-y-educacion-para-las-personas\/","og_site_name":"Entreculturas","article_publisher":"https:\/\/www.facebook.com\/entreculturas","article_modified_time":"2024-03-14T14:11:03+00:00","og_image":[{"width":800,"height":586,"url":"https:\/\/www.entreculturas.org\/wp-content\/uploads\/2020\/02\/captura_de_pantalla_2020-02-24_a_las_13.33.11.png","type":"image\/png"}],"twitter_card":"summary_large_image","twitter_site":"@Entreculturas","schema":{"@context":"https:\/\/schema.org","@graph":[{"@type":"WebPage","@id":"https:\/\/www.entreculturas.org\/gl\/noticia\/junto-con-la-fundacion-real-valladolid-para-vincular-deporte-y-educacion-para-las-personas\/","url":"https:\/\/www.entreculturas.org\/gl\/noticia\/junto-con-la-fundacion-real-valladolid-para-vincular-deporte-y-educacion-para-las-personas\/","name":"Junto con la Fundaci\u00f3n Real Valladolid para vincular deporte y educaci\u00f3n para las personas m\u00e1s vulnerables - Entreculturas","isPartOf":{"@id":"https:\/\/www.entreculturas.org\/gl\/#website"},"primaryImageOfPage":{"@id":"https:\/\/www.entreculturas.org\/gl\/noticia\/junto-con-la-fundacion-real-valladolid-para-vincular-deporte-y-educacion-para-las-personas\/#primaryimage"},"image":{"@id":"https:\/\/www.entreculturas.org\/gl\/noticia\/junto-con-la-fundacion-real-valladolid-para-vincular-deporte-y-educacion-para-las-personas\/#primaryimage"},"thumbnailUrl":"https:\/\/www.entreculturas.org\/wp-content\/uploads\/2020\/02\/captura_de_pantalla_2020-02-24_a_las_13.33.11.png","datePublished":"2020-02-24T12:38:09+00:00","dateModified":"2024-03-14T14:11:03+00:00","breadcrumb":{"@id":"https:\/\/www.entreculturas.org\/gl\/noticia\/junto-con-la-fundacion-real-valladolid-para-vincular-deporte-y-educacion-para-las-personas\/#breadcrumb"},"inLanguage":"gl-ES","potentialAction":[{"@type":"ReadAction","target":["https:\/\/www.entreculturas.org\/gl\/noticia\/junto-con-la-fundacion-real-valladolid-para-vincular-deporte-y-educacion-para-las-personas\/"]}]},{"@type":"ImageObject","inLanguage":"gl-ES","@id":"https:\/\/www.entreculturas.org\/gl\/noticia\/junto-con-la-fundacion-real-valladolid-para-vincular-deporte-y-educacion-para-las-personas\/#primaryimage","url":"https:\/\/www.entreculturas.org\/wp-content\/uploads\/2020\/02\/captura_de_pantalla_2020-02-24_a_las_13.33.11.png","contentUrl":"https:\/\/www.entreculturas.org\/wp-content\/uploads\/2020\/02\/captura_de_pantalla_2020-02-24_a_las_13.33.11.png","width":800,"height":586},{"@type":"BreadcrumbList","@id":"https:\/\/www.entreculturas.org\/gl\/noticia\/junto-con-la-fundacion-real-valladolid-para-vincular-deporte-y-educacion-para-las-personas\/#breadcrumb","itemListElement":[{"@type":"ListItem","position":1,"name":"Home","item":"https:\/\/www.entreculturas.org\/gl\/"},{"@type":"ListItem","position":2,"name":"Noticias","item":"https:\/\/www.entreculturas.org\/gl\/noticias\/"},{"@type":"ListItem","position":3,"name":"Junto con la Fundaci\u00f3n Real Valladolid para vincular deporte y educaci\u00f3n para las personas m\u00e1s vulnerables"}]},{"@type":"WebSite","@id":"https:\/\/www.entreculturas.org\/gl\/#website","url":"https:\/\/www.entreculturas.org\/gl\/","name":"Entreculturas","description":"","publisher":{"@id":"https:\/\/www.entreculturas.org\/gl\/#organization"},"alternateName":"Entreculturas","potentialAction":[{"@type":"SearchAction","target":{"@type":"EntryPoint","urlTemplate":"https:\/\/www.entreculturas.org\/gl\/?s={search_term_string}"},"query-input":{"@type":"PropertyValueSpecification","valueRequired":true,"valueName":"search_term_string"}}],"inLanguage":"gl-ES"},{"@type":"Organization","@id":"https:\/\/www.entreculturas.org\/gl\/#organization","name":"Entreculturas","url":"https:\/\/www.entreculturas.org\/gl\/","logo":{"@type":"ImageObject","inLanguage":"gl-ES","@id":"https:\/\/www.entreculturas.org\/gl\/#\/schema\/logo\/image\/","url":"https:\/\/www.entreculturas.org\/wp-content\/uploads\/2025\/10\/ESP.svg","contentUrl":"https:\/\/www.entreculturas.org\/wp-content\/uploads\/2025\/10\/ESP.svg","caption":"Entreculturas"},"image":{"@id":"https:\/\/www.entreculturas.org\/gl\/#\/schema\/logo\/image\/"},"sameAs":["https:\/\/www.facebook.com\/entreculturas","https:\/\/x.com\/Entreculturas","https:\/\/www.instagram.com\/entreculturas\/","https:\/\/www.youtube.com\/user\/entreculturasvideo","https:\/\/www.linkedin.com\/company\/fundacion-entreculturas-ngdo\/","https:\/\/www.flickr.com\/photos\/98455522@N04\/albums\/"]}]}},"_links":{"self":[{"href":"https:\/\/www.entreculturas.org\/gl\/wp-json\/wp\/v2\/noticia\/4322","targetHints":{"allow":["GET"]}}],"collection":[{"href":"https:\/\/www.entreculturas.org\/gl\/wp-json\/wp\/v2\/noticia"}],"about":[{"href":"https:\/\/www.entreculturas.org\/gl\/wp-json\/wp\/v2\/types\/noticia"}],"wp:featuredmedia":[{"embeddable":true,"href":"https:\/\/www.entreculturas.org\/gl\/wp-json\/wp\/v2\/media\/4321"}],"wp:attachment":[{"href":"https:\/\/www.entreculturas.org\/gl\/wp-json\/wp\/v2\/media?parent=4322"}],"wp:term":[{"taxonomy":"category","embeddable":true,"href":"https:\/\/www.entreculturas.org\/gl\/wp-json\/wp\/v2\/categories?post=4322"},{"taxonomy":"post_tag","embeddable":true,"href":"https:\/\/www.entreculturas.org\/gl\/wp-json\/wp\/v2\/tags?post=4322"},{"taxonomy":"country","embeddable":true,"href":"https:\/\/www.entreculturas.org\/gl\/wp-json\/wp\/v2\/country?post=4322"},{"taxonomy":"cause","embeddable":true,"href":"https:\/\/www.entreculturas.org\/gl\/wp-json\/wp\/v2\/cause?post=4322"}],"curies":[{"name":"wp","href":"https:\/\/api.w.org\/{rel}","templated":true}]}}