{"id":4250,"date":"2020-02-11T12:46:23","date_gmt":"2020-02-11T12:46:23","guid":{"rendered":"https:\/\/entreculturasi.wpenginepowered.com\/?noticias=para-que-en-ninguna-parte-del-mundo-existan-menores-soldados-papa-francisco"},"modified":"2024-03-14T15:09:22","modified_gmt":"2024-03-14T14:09:22","slug":"para-que-en-ninguna-parte-del-mundo-existan-menores-soldados-papa-francisco","status":"publish","type":"noticia","link":"https:\/\/www.entreculturas.org\/gl\/noticia\/para-que-en-ninguna-parte-del-mundo-existan-menores-soldados-papa-francisco\/","title":{"rendered":"&#8220;Para que en ninguna parte del mundo existan menores soldados&#8221;, Papa Francisco"},"content":{"rendered":"<p>Hoy, <strong>D\u00eda Internacional contra la utilizaci\u00f3n de Menores Soldado<\/strong>, seguimos reivindicando el respeto y la defensa de los derechos de los ni\u00f1os y ni\u00f1as que son v\u00edctimas de esta forma de esclavitud tan terrible. Por eso, el pasado 31 de enero <strong>entregamos al Papa Francisco el apoyo de las 10.545 personas que se han sumado a su llamado contra esta explotaci\u00f3n<\/strong> que sufren los ni\u00f1os y ni\u00f1as y que afecta a m\u00e1s de 250.000 menores en todo el mundo. Lo hicimos a trav\u00e9s Frederic Fornos SJ, director de la Red Mundial de Oraci\u00f3n por el Papa (RMOP).&nbsp;&nbsp;<\/p>\n<p>Junto a la RMOP, <strong>hemos trabajado durante dos a\u00f1os para sensibilizar sobre esta realidad y sumar apoyos a esta intenci\u00f3n<\/strong>, pidiendo a los gobiernos que hagan \u201ctodo lo posible para que se respete la dignidad de los ni\u00f1os y terminar con esta forma de esclavitud\u201d. Nuestra propuesta, lanzada en m\u00e1s de 20 pa\u00edses, se ha centrado en cinco puntos principales:<\/p>\n<ul>\n<li>Que se garantice el acceso de ni\u00f1os y ni\u00f1as a la educaci\u00f3n gratuita para acabar as\u00ed con los miles de ni\u00f1os explotados, en muy diversas formas, para que puedan tener un futuro digno, en igualdad de oportunidades.<\/li>\n<li>Que se garantice un trato igualitario. Todos los ni\u00f1os y ni\u00f1as deben ser respetados, sea cual sea su origen, sexo, idioma, religi\u00f3n, posici\u00f3n econ\u00f3mica, condiciones f\u00edsicas o mentales.<\/li>\n<li>Que se garantice su derecho a una buena salud, higiene y alimentaci\u00f3n, para que los ni\u00f1os crezcan y puedan desarrollarse.<\/li>\n<li>Que se preserve a los ni\u00f1os de los conflictos armados y del acceso a las armas.<\/li>\n<li>Que no se escatimen esfuerzos para evitar que los m\u00e1s vulnerables sean v\u00edctimas de la violencia, f\u00edsica, psicol\u00f3gica y sexual.<br \/>&nbsp;<\/li>\n<\/ul>\n<p>A trav\u00e9s de tres pa\u00edses en los que trabajamos junto al Servicio Jesuita a Refugiados, Rep\u00fablica Centroafricana, Sud\u00e1n del Sur y Colombia, hemos dado a conocer la situaci\u00f3n que viven los menores que han sido reclutados como soldados y nuestro trabajo para <strong>protegerlos y que permanezcan en la escuela.&nbsp;<\/strong><\/p>\n<p>En este tiempo, son muchas las personas que han mostrado su adhesi\u00f3n a la causa o la han apoyado econ\u00f3micamente. <strong>Agradecemos profundamente el compromiso de todas ellas y, en especial, la&nbsp;implicaci\u00f3n del Papa Francisco<\/strong>, que nos ayuda a seguir trabajando por la protecci\u00f3n y la defensa de los derechos de los ni\u00f1os y ni\u00f1as.<\/p>\n<p>&nbsp;<\/p>\n","protected":false},"excerpt":{"rendered":"<p>Hoy, D\u00eda Internacional contra la utilizaci\u00f3n de Menores Soldado, seguimos reivindicando el respeto y la defensa de los derechos de los ni\u00f1os y ni\u00f1as que son v\u00edctimas de esta forma de esclavitud tan terrible. Por eso, el pasado 31 de enero entregamos al Papa Francisco el apoyo de las 10.545 personas que se han sumado a su llamado. Lo hicimos a trav\u00e9s Frederic Fornos SJ, director de la Red Mundial de Oraci\u00f3n por el Papa (RMOP).  <\/p>\n","protected":false},"featured_media":4249,"template":"single-noticia","meta":{"_acf_changed":false},"categories":[7],"tags":[10],"country":[],"cause":[129],"class_list":["post-4250","noticia","type-noticia","status-publish","has-post-thumbnail","hentry","category-noticia","tag-migracion-y-refugio","cause-migracion-y-refugio"],"acf":[],"yoast_head":"<!-- This site is optimized with the Yoast SEO Premium plugin v21.6 (Yoast SEO v27.5) - https:\/\/yoast.com\/product\/yoast-seo-premium-wordpress\/ -->\n<title>&quot;Para que en ninguna parte del mundo existan menores soldados&quot;, Papa Francisco - Entreculturas<\/title>\n<meta name=\"robots\" content=\"index, follow, max-snippet:-1, max-image-preview:large, max-video-preview:-1\" \/>\n<link rel=\"canonical\" href=\"https:\/\/www.entreculturas.org\/gl\/noticia\/para-que-en-ninguna-parte-del-mundo-existan-menores-soldados-papa-francisco\/\" \/>\n<meta property=\"og:locale\" content=\"gl_ES\" \/>\n<meta property=\"og:type\" content=\"article\" \/>\n<meta property=\"og:title\" content=\"&quot;Para que en ninguna parte del mundo existan menores soldados&quot;, Papa Francisco\" \/>\n<meta property=\"og:description\" content=\"Hoy, D\u00eda Internacional contra la utilizaci\u00f3n de Menores Soldado, seguimos reivindicando el respeto y la defensa de los derechos de los ni\u00f1os y ni\u00f1as que son v\u00edctimas de esta forma de esclavitud tan terrible. Por eso, el pasado 31 de enero entregamos al Papa Francisco el apoyo de las 10.545 personas que se han sumado a su llamado. Lo hicimos a trav\u00e9s Frederic Fornos SJ, director de la Red Mundial de Oraci\u00f3n por el Papa (RMOP).\" \/>\n<meta property=\"og:url\" content=\"https:\/\/www.entreculturas.org\/gl\/noticia\/para-que-en-ninguna-parte-del-mundo-existan-menores-soldados-papa-francisco\/\" \/>\n<meta property=\"og:site_name\" content=\"Entreculturas\" \/>\n<meta property=\"article:publisher\" content=\"https:\/\/www.facebook.com\/entreculturas\" \/>\n<meta property=\"article:modified_time\" content=\"2024-03-14T14:09:22+00:00\" \/>\n<meta property=\"og:image\" content=\"https:\/\/www.entreculturas.org\/wp-content\/uploads\/2020\/02\/image.jpeg\" \/>\n\t<meta property=\"og:image:width\" content=\"800\" \/>\n\t<meta property=\"og:image:height\" content=\"533\" \/>\n\t<meta property=\"og:image:type\" content=\"image\/jpeg\" \/>\n<meta name=\"twitter:card\" content=\"summary_large_image\" \/>\n<meta name=\"twitter:site\" content=\"@Entreculturas\" \/>\n<script type=\"application\/ld+json\" class=\"yoast-schema-graph\">{\"@context\":\"https:\\\/\\\/schema.org\",\"@graph\":[{\"@type\":\"WebPage\",\"@id\":\"https:\\\/\\\/www.entreculturas.org\\\/gl\\\/noticia\\\/para-que-en-ninguna-parte-del-mundo-existan-menores-soldados-papa-francisco\\\/\",\"url\":\"https:\\\/\\\/www.entreculturas.org\\\/gl\\\/noticia\\\/para-que-en-ninguna-parte-del-mundo-existan-menores-soldados-papa-francisco\\\/\",\"name\":\"\\\"Para que en ninguna parte del mundo existan menores soldados\\\", Papa Francisco - Entreculturas\",\"isPartOf\":{\"@id\":\"https:\\\/\\\/www.entreculturas.org\\\/gl\\\/#website\"},\"primaryImageOfPage\":{\"@id\":\"https:\\\/\\\/www.entreculturas.org\\\/gl\\\/noticia\\\/para-que-en-ninguna-parte-del-mundo-existan-menores-soldados-papa-francisco\\\/#primaryimage\"},\"image\":{\"@id\":\"https:\\\/\\\/www.entreculturas.org\\\/gl\\\/noticia\\\/para-que-en-ninguna-parte-del-mundo-existan-menores-soldados-papa-francisco\\\/#primaryimage\"},\"thumbnailUrl\":\"https:\\\/\\\/www.entreculturas.org\\\/wp-content\\\/uploads\\\/2020\\\/02\\\/image.jpeg\",\"datePublished\":\"2020-02-11T12:46:23+00:00\",\"dateModified\":\"2024-03-14T14:09:22+00:00\",\"breadcrumb\":{\"@id\":\"https:\\\/\\\/www.entreculturas.org\\\/gl\\\/noticia\\\/para-que-en-ninguna-parte-del-mundo-existan-menores-soldados-papa-francisco\\\/#breadcrumb\"},\"inLanguage\":\"gl-ES\",\"potentialAction\":[{\"@type\":\"ReadAction\",\"target\":[\"https:\\\/\\\/www.entreculturas.org\\\/gl\\\/noticia\\\/para-que-en-ninguna-parte-del-mundo-existan-menores-soldados-papa-francisco\\\/\"]}]},{\"@type\":\"ImageObject\",\"inLanguage\":\"gl-ES\",\"@id\":\"https:\\\/\\\/www.entreculturas.org\\\/gl\\\/noticia\\\/para-que-en-ninguna-parte-del-mundo-existan-menores-soldados-papa-francisco\\\/#primaryimage\",\"url\":\"https:\\\/\\\/www.entreculturas.org\\\/wp-content\\\/uploads\\\/2020\\\/02\\\/image.jpeg\",\"contentUrl\":\"https:\\\/\\\/www.entreculturas.org\\\/wp-content\\\/uploads\\\/2020\\\/02\\\/image.jpeg\",\"width\":800,\"height\":533},{\"@type\":\"BreadcrumbList\",\"@id\":\"https:\\\/\\\/www.entreculturas.org\\\/gl\\\/noticia\\\/para-que-en-ninguna-parte-del-mundo-existan-menores-soldados-papa-francisco\\\/#breadcrumb\",\"itemListElement\":[{\"@type\":\"ListItem\",\"position\":1,\"name\":\"Home\",\"item\":\"https:\\\/\\\/www.entreculturas.org\\\/gl\\\/\"},{\"@type\":\"ListItem\",\"position\":2,\"name\":\"Noticias\",\"item\":\"https:\\\/\\\/www.entreculturas.org\\\/gl\\\/noticias\\\/\"},{\"@type\":\"ListItem\",\"position\":3,\"name\":\"&#8220;Para que en ninguna parte del mundo existan menores soldados&#8221;, Papa Francisco\"}]},{\"@type\":\"WebSite\",\"@id\":\"https:\\\/\\\/www.entreculturas.org\\\/gl\\\/#website\",\"url\":\"https:\\\/\\\/www.entreculturas.org\\\/gl\\\/\",\"name\":\"Entreculturas\",\"description\":\"\",\"publisher\":{\"@id\":\"https:\\\/\\\/www.entreculturas.org\\\/gl\\\/#organization\"},\"alternateName\":\"Entreculturas\",\"potentialAction\":[{\"@type\":\"SearchAction\",\"target\":{\"@type\":\"EntryPoint\",\"urlTemplate\":\"https:\\\/\\\/www.entreculturas.org\\\/gl\\\/?s={search_term_string}\"},\"query-input\":{\"@type\":\"PropertyValueSpecification\",\"valueRequired\":true,\"valueName\":\"search_term_string\"}}],\"inLanguage\":\"gl-ES\"},{\"@type\":\"Organization\",\"@id\":\"https:\\\/\\\/www.entreculturas.org\\\/gl\\\/#organization\",\"name\":\"Entreculturas\",\"url\":\"https:\\\/\\\/www.entreculturas.org\\\/gl\\\/\",\"logo\":{\"@type\":\"ImageObject\",\"inLanguage\":\"gl-ES\",\"@id\":\"https:\\\/\\\/www.entreculturas.org\\\/gl\\\/#\\\/schema\\\/logo\\\/image\\\/\",\"url\":\"https:\\\/\\\/www.entreculturas.org\\\/wp-content\\\/uploads\\\/2025\\\/10\\\/ESP.svg\",\"contentUrl\":\"https:\\\/\\\/www.entreculturas.org\\\/wp-content\\\/uploads\\\/2025\\\/10\\\/ESP.svg\",\"caption\":\"Entreculturas\"},\"image\":{\"@id\":\"https:\\\/\\\/www.entreculturas.org\\\/gl\\\/#\\\/schema\\\/logo\\\/image\\\/\"},\"sameAs\":[\"https:\\\/\\\/www.facebook.com\\\/entreculturas\",\"https:\\\/\\\/x.com\\\/Entreculturas\",\"https:\\\/\\\/www.instagram.com\\\/entreculturas\\\/\",\"https:\\\/\\\/www.youtube.com\\\/user\\\/entreculturasvideo\",\"https:\\\/\\\/www.linkedin.com\\\/company\\\/fundacion-entreculturas-ngdo\\\/\",\"https:\\\/\\\/www.flickr.com\\\/photos\\\/98455522@N04\\\/albums\\\/\"]}]}<\/script>\n<!-- \/ Yoast SEO Premium plugin. -->","yoast_head_json":{"title":"\"Para que en ninguna parte del mundo existan menores soldados\", Papa Francisco - Entreculturas","robots":{"index":"index","follow":"follow","max-snippet":"max-snippet:-1","max-image-preview":"max-image-preview:large","max-video-preview":"max-video-preview:-1"},"canonical":"https:\/\/www.entreculturas.org\/gl\/noticia\/para-que-en-ninguna-parte-del-mundo-existan-menores-soldados-papa-francisco\/","og_locale":"gl_ES","og_type":"article","og_title":"\"Para que en ninguna parte del mundo existan menores soldados\", Papa Francisco","og_description":"Hoy, D\u00eda Internacional contra la utilizaci\u00f3n de Menores Soldado, seguimos reivindicando el respeto y la defensa de los derechos de los ni\u00f1os y ni\u00f1as que son v\u00edctimas de esta forma de esclavitud tan terrible. Por eso, el pasado 31 de enero entregamos al Papa Francisco el apoyo de las 10.545 personas que se han sumado a su llamado. Lo hicimos a trav\u00e9s Frederic Fornos SJ, director de la Red Mundial de Oraci\u00f3n por el Papa (RMOP).","og_url":"https:\/\/www.entreculturas.org\/gl\/noticia\/para-que-en-ninguna-parte-del-mundo-existan-menores-soldados-papa-francisco\/","og_site_name":"Entreculturas","article_publisher":"https:\/\/www.facebook.com\/entreculturas","article_modified_time":"2024-03-14T14:09:22+00:00","og_image":[{"width":800,"height":533,"url":"https:\/\/www.entreculturas.org\/wp-content\/uploads\/2020\/02\/image.jpeg","type":"image\/jpeg"}],"twitter_card":"summary_large_image","twitter_site":"@Entreculturas","schema":{"@context":"https:\/\/schema.org","@graph":[{"@type":"WebPage","@id":"https:\/\/www.entreculturas.org\/gl\/noticia\/para-que-en-ninguna-parte-del-mundo-existan-menores-soldados-papa-francisco\/","url":"https:\/\/www.entreculturas.org\/gl\/noticia\/para-que-en-ninguna-parte-del-mundo-existan-menores-soldados-papa-francisco\/","name":"\"Para que en ninguna parte del mundo existan menores soldados\", Papa Francisco - Entreculturas","isPartOf":{"@id":"https:\/\/www.entreculturas.org\/gl\/#website"},"primaryImageOfPage":{"@id":"https:\/\/www.entreculturas.org\/gl\/noticia\/para-que-en-ninguna-parte-del-mundo-existan-menores-soldados-papa-francisco\/#primaryimage"},"image":{"@id":"https:\/\/www.entreculturas.org\/gl\/noticia\/para-que-en-ninguna-parte-del-mundo-existan-menores-soldados-papa-francisco\/#primaryimage"},"thumbnailUrl":"https:\/\/www.entreculturas.org\/wp-content\/uploads\/2020\/02\/image.jpeg","datePublished":"2020-02-11T12:46:23+00:00","dateModified":"2024-03-14T14:09:22+00:00","breadcrumb":{"@id":"https:\/\/www.entreculturas.org\/gl\/noticia\/para-que-en-ninguna-parte-del-mundo-existan-menores-soldados-papa-francisco\/#breadcrumb"},"inLanguage":"gl-ES","potentialAction":[{"@type":"ReadAction","target":["https:\/\/www.entreculturas.org\/gl\/noticia\/para-que-en-ninguna-parte-del-mundo-existan-menores-soldados-papa-francisco\/"]}]},{"@type":"ImageObject","inLanguage":"gl-ES","@id":"https:\/\/www.entreculturas.org\/gl\/noticia\/para-que-en-ninguna-parte-del-mundo-existan-menores-soldados-papa-francisco\/#primaryimage","url":"https:\/\/www.entreculturas.org\/wp-content\/uploads\/2020\/02\/image.jpeg","contentUrl":"https:\/\/www.entreculturas.org\/wp-content\/uploads\/2020\/02\/image.jpeg","width":800,"height":533},{"@type":"BreadcrumbList","@id":"https:\/\/www.entreculturas.org\/gl\/noticia\/para-que-en-ninguna-parte-del-mundo-existan-menores-soldados-papa-francisco\/#breadcrumb","itemListElement":[{"@type":"ListItem","position":1,"name":"Home","item":"https:\/\/www.entreculturas.org\/gl\/"},{"@type":"ListItem","position":2,"name":"Noticias","item":"https:\/\/www.entreculturas.org\/gl\/noticias\/"},{"@type":"ListItem","position":3,"name":"&#8220;Para que en ninguna parte del mundo existan menores soldados&#8221;, Papa Francisco"}]},{"@type":"WebSite","@id":"https:\/\/www.entreculturas.org\/gl\/#website","url":"https:\/\/www.entreculturas.org\/gl\/","name":"Entreculturas","description":"","publisher":{"@id":"https:\/\/www.entreculturas.org\/gl\/#organization"},"alternateName":"Entreculturas","potentialAction":[{"@type":"SearchAction","target":{"@type":"EntryPoint","urlTemplate":"https:\/\/www.entreculturas.org\/gl\/?s={search_term_string}"},"query-input":{"@type":"PropertyValueSpecification","valueRequired":true,"valueName":"search_term_string"}}],"inLanguage":"gl-ES"},{"@type":"Organization","@id":"https:\/\/www.entreculturas.org\/gl\/#organization","name":"Entreculturas","url":"https:\/\/www.entreculturas.org\/gl\/","logo":{"@type":"ImageObject","inLanguage":"gl-ES","@id":"https:\/\/www.entreculturas.org\/gl\/#\/schema\/logo\/image\/","url":"https:\/\/www.entreculturas.org\/wp-content\/uploads\/2025\/10\/ESP.svg","contentUrl":"https:\/\/www.entreculturas.org\/wp-content\/uploads\/2025\/10\/ESP.svg","caption":"Entreculturas"},"image":{"@id":"https:\/\/www.entreculturas.org\/gl\/#\/schema\/logo\/image\/"},"sameAs":["https:\/\/www.facebook.com\/entreculturas","https:\/\/x.com\/Entreculturas","https:\/\/www.instagram.com\/entreculturas\/","https:\/\/www.youtube.com\/user\/entreculturasvideo","https:\/\/www.linkedin.com\/company\/fundacion-entreculturas-ngdo\/","https:\/\/www.flickr.com\/photos\/98455522@N04\/albums\/"]}]}},"_links":{"self":[{"href":"https:\/\/www.entreculturas.org\/gl\/wp-json\/wp\/v2\/noticia\/4250","targetHints":{"allow":["GET"]}}],"collection":[{"href":"https:\/\/www.entreculturas.org\/gl\/wp-json\/wp\/v2\/noticia"}],"about":[{"href":"https:\/\/www.entreculturas.org\/gl\/wp-json\/wp\/v2\/types\/noticia"}],"wp:featuredmedia":[{"embeddable":true,"href":"https:\/\/www.entreculturas.org\/gl\/wp-json\/wp\/v2\/media\/4249"}],"wp:attachment":[{"href":"https:\/\/www.entreculturas.org\/gl\/wp-json\/wp\/v2\/media?parent=4250"}],"wp:term":[{"taxonomy":"category","embeddable":true,"href":"https:\/\/www.entreculturas.org\/gl\/wp-json\/wp\/v2\/categories?post=4250"},{"taxonomy":"post_tag","embeddable":true,"href":"https:\/\/www.entreculturas.org\/gl\/wp-json\/wp\/v2\/tags?post=4250"},{"taxonomy":"country","embeddable":true,"href":"https:\/\/www.entreculturas.org\/gl\/wp-json\/wp\/v2\/country?post=4250"},{"taxonomy":"cause","embeddable":true,"href":"https:\/\/www.entreculturas.org\/gl\/wp-json\/wp\/v2\/cause?post=4250"}],"curies":[{"name":"wp","href":"https:\/\/api.w.org\/{rel}","templated":true}]}}