{"id":42349,"date":"2025-09-11T13:49:27","date_gmt":"2025-09-11T11:49:27","guid":{"rendered":"https:\/\/www.entreculturas.org\/?post_type=noticia&#038;p=42349"},"modified":"2025-09-11T15:08:27","modified_gmt":"2025-09-11T13:08:27","slug":"vuelta-cole-solidaria-educacion","status":"publish","type":"noticia","link":"https:\/\/www.entreculturas.org\/gl\/noticia\/vuelta-cole-solidaria-educacion\/","title":{"rendered":"Vuelta al cole solidaria: c\u00f3mo apoyar la educaci\u00f3n de ni\u00f1os y ni\u00f1as en contextos vulnerables"},"content":{"rendered":"\n<p>Cada septiembre millones de estudiantes en el mundo se preparan para volver al cole. Pero para 272 millones de ni\u00f1os y ni\u00f1as no es posible: la pobreza, los conflictos, la desigualdad de g\u00e9nero o la falta de infraestructuras educativas les arrebatan su derecho a aprender.<br>Desde Entreculturas creemos que la educaci\u00f3n no es un privilegio, es justicia. Por eso, queremos que esta vuelta al cole sea solidaria. Este a\u00f1o lanzamos una nueva edici\u00f3n de La Silla Roja, nuestra campa\u00f1a que, desde hace 14 a\u00f1os, nos recuerda que debemos seguir defendiendo el derecho a la educaci\u00f3n de todas las personas.<\/p>\n\n\n\n<h2 class=\"wp-block-heading\" id=\"h-la-silla-roja-14-anos-de-compromiso-con-la-justicia-educativa\"><strong>La Silla Roja: 14 a\u00f1os de compromiso con la justicia educativa<\/strong><\/h2>\n\n\n\n<p>El s\u00edmbolo de una silla roja vac\u00eda representa a cada ni\u00f1o o ni\u00f1a que no puede estudiar. Es una llamada a la acci\u00f3n: llenar esas sillas con oportunidades, esperanza y futuro.<br>Bajo el lema \u201cNo podemos retroceder, la educaci\u00f3n es futuro\u201d, reafirmamos este a\u00f1o que defender la educaci\u00f3n es defender la dignidad y la justicia social.<\/p>\n\n\n\n<h2 class=\"wp-block-heading\" id=\"h-informe-rojo-lo-prometido-es-deuda\"><strong>Informe Rojo: Lo prometido es deuda<\/strong><\/h2>\n\n\n\n<p>En el marco de esta vuelta al cole solidaria presentamos el informe Lo prometido es deuda, que alerta de que en 2030 no se alcanzar\u00e1n las metas del ODS 4: Educaci\u00f3n de calidad si no se act\u00faa con decisi\u00f3n.<br>Algunos datos clave:<\/p>\n\n\n\n<ul class=\"wp-block-list\">\n<li><strong>272 millones<\/strong> de ni\u00f1as y ni\u00f1os siguen sin escolarizar.<br><\/li>\n\n\n\n<li>Har\u00e1n falta <strong>44 millones de docentes<\/strong> para garantizar el derecho a aprender.<br><\/li>\n\n\n\n<li>La pandemia y los conflictos armados han agravado la crisis educativa.<br><\/li>\n<\/ul>\n\n\n\n<p>En Espa\u00f1a, el abandono escolar temprano sigue siendo uno de los m\u00e1s altos de Europa (<strong>13%<\/strong>).<\/p>\n\n\n\n<p><br>Ver el <a href=\"https:\/\/www.entreculturas.org\/wp-content\/uploads\/2025\/08\/Informe-Rojo-18_Lo-prometido-es-deuda_web.pdf\">informe completo aqu\u00ed<\/a><\/p>\n\n\n\n<h2 class=\"wp-block-heading\" id=\"h-como-sumarte-a-la-vuelta-al-cole-solidaria\"><strong>C\u00f3mo sumarte a la vuelta al cole solidaria<\/strong><\/h2>\n\n\n\n<p>La educaci\u00f3n transforma vidas, pero <strong>necesita de tu apoyo<\/strong>. En esta vuelta al cole puedes sumarte a la <strong>campa\u00f1a La Silla Roja<\/strong>, y hacer posible que juntos garanticemos una educaci\u00f3n de calidad en los lugares m\u00e1s remotos y que sufren una mayor exclusi\u00f3n.<\/p>\n\n\n\n<p>\ud83d\udc49<a href=\"https:\/\/www.lasillaroja.org\"> <\/a><a href=\"https:\/\/www.entreculturas.org\/dona-la-silla-roja\/?utm_medium=ad_sociales&amp;utm_source=grants&amp;utm_campaign=donasillaroja\">QUIERO HACER UN DONATIVO<\/a><\/p>\n\n\n\n<p>\ud83d\udc49 <a href=\"https:\/\/www.entreculturas.org\/hazte-socio-la-silla-roja\/?utm_medium=ad_sociales&amp;utm_source=grants&amp;utm_campaign=sociosillaroja\">HACERME SOCIO\/A<\/a><\/p>\n\n\n\n<h2 class=\"wp-block-heading\" id=\"h-educacion-justicia-un-compromiso-que-nos-une\"><strong>Educaci\u00f3n = justicia: un compromiso que nos une<\/strong><\/h2>\n\n\n\n<p>La educaci\u00f3n es mucho m\u00e1s que un pupitre ocupado: es <strong>justicia, igualdad de oportunidades y futuro compartido<\/strong>.<br>En esta vuelta al cole solidaria, levantamos la voz para que ning\u00fan ni\u00f1o o ni\u00f1a se quede atr\u00e1s. Porque como recuerda nuestra campa\u00f1a:<\/p>\n\n\n\n<p><strong>No podemos retroceder. La educaci\u00f3n es futuro<\/strong><br><\/p>\n\n\n\n<div class=\"wp-block-buttons is-layout-flex wp-block-buttons-is-layout-flex\">\n<div class=\"wp-block-button\"><a class=\"wp-block-button__link wp-element-button\" href=\"https:\/\/www.entreculturas.org\/dona-la-silla-roja\/?utm_medium=ad_sociales&amp;utm_source=grants&amp;utm_campaign=donasillaroja\">QUIERO SUMARME<\/a><\/div>\n<\/div>\n\n\n\n<p><\/p>\n","protected":false},"excerpt":{"rendered":"<p>Cada septiembre millones de estudiantes en el mundo se preparan para volver al cole. Pero para 272 millones de ni\u00f1os y ni\u00f1as no es posible: la pobreza, los conflictos, la desigualdad de g\u00e9nero o la falta de infraestructuras educativas les arrebatan su derecho a aprender.Desde Entreculturas creemos que la educaci\u00f3n no es un privilegio, es justicia. Por eso, queremos que esta vuelta al cole sea solidaria. Este a\u00f1o lanzamos una nueva edici\u00f3n de La Silla Roja, nuestra campa\u00f1a que, desde hace 14 a\u00f1os, nos recuerda que debemos seguir defendiendo el derecho a la educaci\u00f3n de todas las personas. La Silla Roja: 14 a\u00f1os de compromiso con la justicia educativa El s\u00edmbolo de una silla roja vac\u00eda representa a cada ni\u00f1o o ni\u00f1a que no puede estudiar. Es una llamada a la acci\u00f3n: llenar esas sillas con oportunidades, esperanza y futuro.Bajo el lema \u201cNo podemos retroceder, la educaci\u00f3n es futuro\u201d, reafirmamos [&hellip;]<\/p>\n","protected":false},"featured_media":42134,"template":"","meta":{"_acf_changed":false},"categories":[7],"tags":[289],"country":[],"cause":[128],"class_list":["post-42349","noticia","type-noticia","status-publish","has-post-thumbnail","hentry","category-noticia","tag-educacion","cause-educacion"],"acf":[],"yoast_head":"<!-- This site is optimized with the Yoast SEO Premium plugin v21.6 (Yoast SEO v27.5) - https:\/\/yoast.com\/product\/yoast-seo-premium-wordpress\/ -->\n<title>Vuelta al cole solidaria: c\u00f3mo apoyar la educaci\u00f3n de ni\u00f1os y ni\u00f1as en contextos vulnerables - Entreculturas<\/title>\n<meta name=\"description\" content=\"Descubre la campa\u00f1a Vuelta al cole solidaria de Entreculturas y apoya la educaci\u00f3n de ni\u00f1os y ni\u00f1as en contextos vulnerables.\" \/>\n<meta name=\"robots\" content=\"index, follow, max-snippet:-1, max-image-preview:large, max-video-preview:-1\" \/>\n<link rel=\"canonical\" href=\"https:\/\/www.entreculturas.org\/gl\/noticia\/vuelta-cole-solidaria-educacion\/\" \/>\n<meta property=\"og:locale\" content=\"gl_ES\" \/>\n<meta property=\"og:type\" content=\"article\" \/>\n<meta property=\"og:title\" content=\"Vuelta al cole solidaria: c\u00f3mo apoyar la educaci\u00f3n de ni\u00f1os y ni\u00f1as en contextos vulnerables\" \/>\n<meta property=\"og:description\" content=\"Descubre la campa\u00f1a Vuelta al cole solidaria de Entreculturas y apoya la educaci\u00f3n de ni\u00f1os y ni\u00f1as en contextos vulnerables.\" \/>\n<meta property=\"og:url\" content=\"https:\/\/www.entreculturas.org\/gl\/noticia\/vuelta-cole-solidaria-educacion\/\" \/>\n<meta property=\"og:site_name\" content=\"Entreculturas\" \/>\n<meta property=\"article:publisher\" content=\"https:\/\/www.facebook.com\/entreculturas\" \/>\n<meta property=\"article:modified_time\" content=\"2025-09-11T13:08:27+00:00\" \/>\n<meta property=\"og:image\" content=\"https:\/\/www.entreculturas.org\/wp-content\/uploads\/2025\/09\/La-silla-roja-2025_Noticia_2048-x-776.jpg\" \/>\n\t<meta property=\"og:image:width\" content=\"1024\" \/>\n\t<meta property=\"og:image:height\" content=\"388\" \/>\n\t<meta property=\"og:image:type\" content=\"image\/jpeg\" \/>\n<meta name=\"twitter:card\" content=\"summary_large_image\" \/>\n<meta name=\"twitter:site\" content=\"@Entreculturas\" \/>\n<script type=\"application\/ld+json\" class=\"yoast-schema-graph\">{\"@context\":\"https:\\\/\\\/schema.org\",\"@graph\":[{\"@type\":\"WebPage\",\"@id\":\"https:\\\/\\\/www.entreculturas.org\\\/gl\\\/noticia\\\/vuelta-cole-solidaria-educacion\\\/\",\"url\":\"https:\\\/\\\/www.entreculturas.org\\\/gl\\\/noticia\\\/vuelta-cole-solidaria-educacion\\\/\",\"name\":\"Vuelta al cole solidaria: c\u00f3mo apoyar la educaci\u00f3n de ni\u00f1os y ni\u00f1as en contextos vulnerables - Entreculturas\",\"isPartOf\":{\"@id\":\"https:\\\/\\\/www.entreculturas.org\\\/gl\\\/#website\"},\"primaryImageOfPage\":{\"@id\":\"https:\\\/\\\/www.entreculturas.org\\\/gl\\\/noticia\\\/vuelta-cole-solidaria-educacion\\\/#primaryimage\"},\"image\":{\"@id\":\"https:\\\/\\\/www.entreculturas.org\\\/gl\\\/noticia\\\/vuelta-cole-solidaria-educacion\\\/#primaryimage\"},\"thumbnailUrl\":\"https:\\\/\\\/www.entreculturas.org\\\/wp-content\\\/uploads\\\/2025\\\/09\\\/La-silla-roja-2025_Noticia_2048-x-776.jpg\",\"datePublished\":\"2025-09-11T11:49:27+00:00\",\"dateModified\":\"2025-09-11T13:08:27+00:00\",\"description\":\"Descubre la campa\u00f1a Vuelta al cole solidaria de Entreculturas y apoya la educaci\u00f3n de ni\u00f1os y ni\u00f1as en contextos vulnerables.\",\"breadcrumb\":{\"@id\":\"https:\\\/\\\/www.entreculturas.org\\\/gl\\\/noticia\\\/vuelta-cole-solidaria-educacion\\\/#breadcrumb\"},\"inLanguage\":\"gl-ES\",\"potentialAction\":[{\"@type\":\"ReadAction\",\"target\":[\"https:\\\/\\\/www.entreculturas.org\\\/gl\\\/noticia\\\/vuelta-cole-solidaria-educacion\\\/\"]}]},{\"@type\":\"ImageObject\",\"inLanguage\":\"gl-ES\",\"@id\":\"https:\\\/\\\/www.entreculturas.org\\\/gl\\\/noticia\\\/vuelta-cole-solidaria-educacion\\\/#primaryimage\",\"url\":\"https:\\\/\\\/www.entreculturas.org\\\/wp-content\\\/uploads\\\/2025\\\/09\\\/La-silla-roja-2025_Noticia_2048-x-776.jpg\",\"contentUrl\":\"https:\\\/\\\/www.entreculturas.org\\\/wp-content\\\/uploads\\\/2025\\\/09\\\/La-silla-roja-2025_Noticia_2048-x-776.jpg\",\"width\":1024,\"height\":388,\"caption\":\"La Silla Roja noticia\"},{\"@type\":\"BreadcrumbList\",\"@id\":\"https:\\\/\\\/www.entreculturas.org\\\/gl\\\/noticia\\\/vuelta-cole-solidaria-educacion\\\/#breadcrumb\",\"itemListElement\":[{\"@type\":\"ListItem\",\"position\":1,\"name\":\"Home\",\"item\":\"https:\\\/\\\/www.entreculturas.org\\\/gl\\\/\"},{\"@type\":\"ListItem\",\"position\":2,\"name\":\"Noticias\",\"item\":\"https:\\\/\\\/www.entreculturas.org\\\/gl\\\/noticias\\\/\"},{\"@type\":\"ListItem\",\"position\":3,\"name\":\"Vuelta al cole solidaria: c\u00f3mo apoyar la educaci\u00f3n de ni\u00f1os y ni\u00f1as en contextos vulnerables\"}]},{\"@type\":\"WebSite\",\"@id\":\"https:\\\/\\\/www.entreculturas.org\\\/gl\\\/#website\",\"url\":\"https:\\\/\\\/www.entreculturas.org\\\/gl\\\/\",\"name\":\"Entreculturas\",\"description\":\"\",\"publisher\":{\"@id\":\"https:\\\/\\\/www.entreculturas.org\\\/gl\\\/#organization\"},\"alternateName\":\"Entreculturas\",\"potentialAction\":[{\"@type\":\"SearchAction\",\"target\":{\"@type\":\"EntryPoint\",\"urlTemplate\":\"https:\\\/\\\/www.entreculturas.org\\\/gl\\\/?s={search_term_string}\"},\"query-input\":{\"@type\":\"PropertyValueSpecification\",\"valueRequired\":true,\"valueName\":\"search_term_string\"}}],\"inLanguage\":\"gl-ES\"},{\"@type\":\"Organization\",\"@id\":\"https:\\\/\\\/www.entreculturas.org\\\/gl\\\/#organization\",\"name\":\"Entreculturas\",\"url\":\"https:\\\/\\\/www.entreculturas.org\\\/gl\\\/\",\"logo\":{\"@type\":\"ImageObject\",\"inLanguage\":\"gl-ES\",\"@id\":\"https:\\\/\\\/www.entreculturas.org\\\/gl\\\/#\\\/schema\\\/logo\\\/image\\\/\",\"url\":\"https:\\\/\\\/www.entreculturas.org\\\/wp-content\\\/uploads\\\/2025\\\/10\\\/ESP.svg\",\"contentUrl\":\"https:\\\/\\\/www.entreculturas.org\\\/wp-content\\\/uploads\\\/2025\\\/10\\\/ESP.svg\",\"caption\":\"Entreculturas\"},\"image\":{\"@id\":\"https:\\\/\\\/www.entreculturas.org\\\/gl\\\/#\\\/schema\\\/logo\\\/image\\\/\"},\"sameAs\":[\"https:\\\/\\\/www.facebook.com\\\/entreculturas\",\"https:\\\/\\\/x.com\\\/Entreculturas\",\"https:\\\/\\\/www.instagram.com\\\/entreculturas\\\/\",\"https:\\\/\\\/www.youtube.com\\\/user\\\/entreculturasvideo\",\"https:\\\/\\\/www.linkedin.com\\\/company\\\/fundacion-entreculturas-ngdo\\\/\",\"https:\\\/\\\/www.flickr.com\\\/photos\\\/98455522@N04\\\/albums\\\/\"]}]}<\/script>\n<!-- \/ Yoast SEO Premium plugin. -->","yoast_head_json":{"title":"Vuelta al cole solidaria: c\u00f3mo apoyar la educaci\u00f3n de ni\u00f1os y ni\u00f1as en contextos vulnerables - Entreculturas","description":"Descubre la campa\u00f1a Vuelta al cole solidaria de Entreculturas y apoya la educaci\u00f3n de ni\u00f1os y ni\u00f1as en contextos vulnerables.","robots":{"index":"index","follow":"follow","max-snippet":"max-snippet:-1","max-image-preview":"max-image-preview:large","max-video-preview":"max-video-preview:-1"},"canonical":"https:\/\/www.entreculturas.org\/gl\/noticia\/vuelta-cole-solidaria-educacion\/","og_locale":"gl_ES","og_type":"article","og_title":"Vuelta al cole solidaria: c\u00f3mo apoyar la educaci\u00f3n de ni\u00f1os y ni\u00f1as en contextos vulnerables","og_description":"Descubre la campa\u00f1a Vuelta al cole solidaria de Entreculturas y apoya la educaci\u00f3n de ni\u00f1os y ni\u00f1as en contextos vulnerables.","og_url":"https:\/\/www.entreculturas.org\/gl\/noticia\/vuelta-cole-solidaria-educacion\/","og_site_name":"Entreculturas","article_publisher":"https:\/\/www.facebook.com\/entreculturas","article_modified_time":"2025-09-11T13:08:27+00:00","og_image":[{"width":1024,"height":388,"url":"https:\/\/www.entreculturas.org\/wp-content\/uploads\/2025\/09\/La-silla-roja-2025_Noticia_2048-x-776.jpg","type":"image\/jpeg"}],"twitter_card":"summary_large_image","twitter_site":"@Entreculturas","schema":{"@context":"https:\/\/schema.org","@graph":[{"@type":"WebPage","@id":"https:\/\/www.entreculturas.org\/gl\/noticia\/vuelta-cole-solidaria-educacion\/","url":"https:\/\/www.entreculturas.org\/gl\/noticia\/vuelta-cole-solidaria-educacion\/","name":"Vuelta al cole solidaria: c\u00f3mo apoyar la educaci\u00f3n de ni\u00f1os y ni\u00f1as en contextos vulnerables - Entreculturas","isPartOf":{"@id":"https:\/\/www.entreculturas.org\/gl\/#website"},"primaryImageOfPage":{"@id":"https:\/\/www.entreculturas.org\/gl\/noticia\/vuelta-cole-solidaria-educacion\/#primaryimage"},"image":{"@id":"https:\/\/www.entreculturas.org\/gl\/noticia\/vuelta-cole-solidaria-educacion\/#primaryimage"},"thumbnailUrl":"https:\/\/www.entreculturas.org\/wp-content\/uploads\/2025\/09\/La-silla-roja-2025_Noticia_2048-x-776.jpg","datePublished":"2025-09-11T11:49:27+00:00","dateModified":"2025-09-11T13:08:27+00:00","description":"Descubre la campa\u00f1a Vuelta al cole solidaria de Entreculturas y apoya la educaci\u00f3n de ni\u00f1os y ni\u00f1as en contextos vulnerables.","breadcrumb":{"@id":"https:\/\/www.entreculturas.org\/gl\/noticia\/vuelta-cole-solidaria-educacion\/#breadcrumb"},"inLanguage":"gl-ES","potentialAction":[{"@type":"ReadAction","target":["https:\/\/www.entreculturas.org\/gl\/noticia\/vuelta-cole-solidaria-educacion\/"]}]},{"@type":"ImageObject","inLanguage":"gl-ES","@id":"https:\/\/www.entreculturas.org\/gl\/noticia\/vuelta-cole-solidaria-educacion\/#primaryimage","url":"https:\/\/www.entreculturas.org\/wp-content\/uploads\/2025\/09\/La-silla-roja-2025_Noticia_2048-x-776.jpg","contentUrl":"https:\/\/www.entreculturas.org\/wp-content\/uploads\/2025\/09\/La-silla-roja-2025_Noticia_2048-x-776.jpg","width":1024,"height":388,"caption":"La Silla Roja noticia"},{"@type":"BreadcrumbList","@id":"https:\/\/www.entreculturas.org\/gl\/noticia\/vuelta-cole-solidaria-educacion\/#breadcrumb","itemListElement":[{"@type":"ListItem","position":1,"name":"Home","item":"https:\/\/www.entreculturas.org\/gl\/"},{"@type":"ListItem","position":2,"name":"Noticias","item":"https:\/\/www.entreculturas.org\/gl\/noticias\/"},{"@type":"ListItem","position":3,"name":"Vuelta al cole solidaria: c\u00f3mo apoyar la educaci\u00f3n de ni\u00f1os y ni\u00f1as en contextos vulnerables"}]},{"@type":"WebSite","@id":"https:\/\/www.entreculturas.org\/gl\/#website","url":"https:\/\/www.entreculturas.org\/gl\/","name":"Entreculturas","description":"","publisher":{"@id":"https:\/\/www.entreculturas.org\/gl\/#organization"},"alternateName":"Entreculturas","potentialAction":[{"@type":"SearchAction","target":{"@type":"EntryPoint","urlTemplate":"https:\/\/www.entreculturas.org\/gl\/?s={search_term_string}"},"query-input":{"@type":"PropertyValueSpecification","valueRequired":true,"valueName":"search_term_string"}}],"inLanguage":"gl-ES"},{"@type":"Organization","@id":"https:\/\/www.entreculturas.org\/gl\/#organization","name":"Entreculturas","url":"https:\/\/www.entreculturas.org\/gl\/","logo":{"@type":"ImageObject","inLanguage":"gl-ES","@id":"https:\/\/www.entreculturas.org\/gl\/#\/schema\/logo\/image\/","url":"https:\/\/www.entreculturas.org\/wp-content\/uploads\/2025\/10\/ESP.svg","contentUrl":"https:\/\/www.entreculturas.org\/wp-content\/uploads\/2025\/10\/ESP.svg","caption":"Entreculturas"},"image":{"@id":"https:\/\/www.entreculturas.org\/gl\/#\/schema\/logo\/image\/"},"sameAs":["https:\/\/www.facebook.com\/entreculturas","https:\/\/x.com\/Entreculturas","https:\/\/www.instagram.com\/entreculturas\/","https:\/\/www.youtube.com\/user\/entreculturasvideo","https:\/\/www.linkedin.com\/company\/fundacion-entreculturas-ngdo\/","https:\/\/www.flickr.com\/photos\/98455522@N04\/albums\/"]}]}},"_links":{"self":[{"href":"https:\/\/www.entreculturas.org\/gl\/wp-json\/wp\/v2\/noticia\/42349","targetHints":{"allow":["GET"]}}],"collection":[{"href":"https:\/\/www.entreculturas.org\/gl\/wp-json\/wp\/v2\/noticia"}],"about":[{"href":"https:\/\/www.entreculturas.org\/gl\/wp-json\/wp\/v2\/types\/noticia"}],"wp:featuredmedia":[{"embeddable":true,"href":"https:\/\/www.entreculturas.org\/gl\/wp-json\/wp\/v2\/media\/42134"}],"wp:attachment":[{"href":"https:\/\/www.entreculturas.org\/gl\/wp-json\/wp\/v2\/media?parent=42349"}],"wp:term":[{"taxonomy":"category","embeddable":true,"href":"https:\/\/www.entreculturas.org\/gl\/wp-json\/wp\/v2\/categories?post=42349"},{"taxonomy":"post_tag","embeddable":true,"href":"https:\/\/www.entreculturas.org\/gl\/wp-json\/wp\/v2\/tags?post=42349"},{"taxonomy":"country","embeddable":true,"href":"https:\/\/www.entreculturas.org\/gl\/wp-json\/wp\/v2\/country?post=42349"},{"taxonomy":"cause","embeddable":true,"href":"https:\/\/www.entreculturas.org\/gl\/wp-json\/wp\/v2\/cause?post=42349"}],"curies":[{"name":"wp","href":"https:\/\/api.w.org\/{rel}","templated":true}]}}