{"id":4174,"date":"2019-12-19T09:11:33","date_gmt":"2019-12-19T09:11:33","guid":{"rendered":"https:\/\/entreculturasi.wpenginepowered.com\/?noticias=las-artes-como-acogida-miradas-que-migran-enmarca-una-semana-de-encuentros-con-la"},"modified":"2024-03-14T15:05:16","modified_gmt":"2024-03-14T14:05:16","slug":"las-artes-como-acogida-miradas-que-migran-enmarca-una-semana-de-encuentros-con-la","status":"publish","type":"noticia","link":"https:\/\/www.entreculturas.org\/gl\/noticia\/las-artes-como-acogida-miradas-que-migran-enmarca-una-semana-de-encuentros-con-la\/","title":{"rendered":"Las artes como acogida: Miradas que Migran enmarca una semana de encuentros con la ciudadan\u00eda para promover convivencia y cultura de acogida en nuestros entornos"},"content":{"rendered":"<p><a href=\"https:\/\/www.redec.es\/es\/content\/miradas-que-migran-2019\">La exposici\u00f3n Miradas que Migran<\/a> ha sido el marco de una semana de encuentro, compartir y di\u00e1logo con mirada a seguir promoviendo narrativas y una cultura de acogida desde la comunidad educativa y la ciudadan\u00eda. En torno al d\u00eda internacional de las personas migrantes, el 18 de diciembre, este trabajo socioeducativo que acompa\u00f1amos desde Entreculturas junto al alumnado y equipo docente del <strong>Grado en Dise\u00f1o de la Facultad de Bellas Artes de la Universidad Complutense de Madrid (UCM)<\/strong>, ha acogido una semana de actividades comunitarias y educativas en la Casa San Ignacio, en el barrio madrile\u00f1o de Ventilla. Estas oportunidades de encuentro en torno a las artes y el dise\u00f1o como herramientas transformadoras, nos han acercado como ciudadan\u00eda a la realidad de las migraciones forzosas y la necesidad de seguir promoviendo entre todas y todos una cultura de acogida desde los centros educativos, barrios, ciudades, y tejido social del que formamos parte.&nbsp;<\/p>\n<p>Desde un enfoque de Educaci\u00f3n para la Ciudadan\u00eda Global, Miradas que Migran se enmarca como un proyecto de aprendizaje y servicio sobre la realidad de las migraciones forzosas en el mundo, que busca contribuir a cambiar nuestra manera de ver las migraciones. El objetivo del proyecto es reflexionar con el alumnado participante sobre la situaci\u00f3n de movilidad forzosa en el mundo, <strong>promoviendo que los y las j\u00f3venes se conviertan en agentes promotores de una cultura de acogida en sus entornos<\/strong> a trav\u00e9s de sus creaciones de Dise\u00f1o y su implicaci\u00f3n con la ciudadan\u00eda. En su cuarta edici\u00f3n, m\u00e1s de 600 alumnas\/os han contribuido ya a generar cultura de acogida y convertirse en agentes de cambio en su comunidad universitaria y en la ciudadan\u00eda en general mediante sus creaciones sobre migraciones forzosas.&nbsp;<\/p>\n<p><img decoding=\"async\" alt=\"\" src=\"https:\/\/www.entreculturas.org\/wp-content\/uploads\/2019\/12\/p1040466-scaled-1.jpg\" style=\"margin: 10px;width: 400px;float: right;height: 267px\"><\/p>\n<p>Este diciembre, de nuevo, estudiantes y docentes del proyecto han acercado su trabajo a espacios comunitarios m\u00e1s all\u00e1 de la Universidad para promover encuentro y di\u00e1logo con la ciudadan\u00eda, con el objetivo de sensibilizar y seguir construyendo <strong>una cultura acogedora, solidaria y defensora de los derechos humanos de las personas en situaci\u00f3n de movilidad forzosa.<\/strong> Como respuesta frente a discursos que hablan desde el miedo, el rechazo y la discriminaci\u00f3n, que vemos en aumento en nuestras sociedades e instituciones, los encuentros que han tenido lugar alrededor de la exposici\u00f3n esta semana nos han hecho comprobar una vez m\u00e1s que s\u00ed es posible crear puentes donde hay muros que nos separan, que la educaci\u00f3n y las artes pueden ser una herramienta de cambio para revertir estas fronteras de discriminaci\u00f3n, y que s\u00ed es posible <strong>generar narrativas y acciones que incidan en la creaci\u00f3n de acogida a partir de la ciudadan\u00eda.<\/strong><\/p>\n<div>&nbsp;<\/div>\n<p><img decoding=\"async\" alt=\"\" src=\"https:\/\/www.entreculturas.org\/wp-content\/uploads\/2019\/12\/p1040694-scaled-1.jpg\" style=\"margin: 10px;width: 300px;float: left;height: 200px\"><\/p>\n<p>El mi\u00e9rcoles 11 de diciembre se celebr\u00f3 el <strong>segundo Encuentro de Artes Comunitarias para la acogida y la convivencia,<\/strong> una oportunidad de encuentro enriquecedor en el que vecinas y vecinos del barrio de Ventilla, grupos art\u00edsticos y entidades diversas se juntaron para compartir, encontrarse, tomarse de las manos y reconocerse entre personas, todas comprometidas por cambiar las narrativas y miradas sobre las migraciones forzosas. Con la participaci\u00f3n de personas y colectivos artistas diversos, se compartieron miradas y voces sobre c\u00f3mo podemos seguir tejiendo entornos de acogida desde el dise\u00f1o, la m\u00fasica, la poes\u00eda, el teatro y la danza, entre otras.<br \/><img decoding=\"async\" alt=\"\" src=\"https:\/\/www.entreculturas.org\/wp-content\/uploads\/2019\/12\/p1040473-scaled-1.jpg\" style=\"width: 400px;margin: 10px;float: right;height: 267px\"><br \/>Este espacio abierto a la ciudadan\u00eda, que de nuevo ha sido impulsado desde Entreculturas junto al tejido asociativo de Ventilla, la Casa San Ignacio y Pueblos Unidos, y en torno a la exposici\u00f3n Miradas que Migran, ha visibilizado una vez m\u00e1s la fortaleza del trabajo colectivo y la ilusi\u00f3n compartida en promover oportunidades participativas para acercarnos a las realidades de las migraciones forzosas y fortalecer nuestro papel como ciudadan\u00eda activa. Entre las intervenciones art\u00edsticas estuvieron presentes: el grupo de <strong>teatro comunitario Mosaicos Ventilla<\/strong> que nos invit\u00f3 a tomarnos de la mano y pensar en la familia humana que podemos ser para que todas las personas se sientan acogidas y part\u00edcipes de una cultura de encuentro en diversidad; Azdine y Chema del <strong>grupo de breakdance Open Step<\/strong>, que promueve el aprendizaje y la convivencia intercultural a trav\u00e9s de este baile; Mamadou y su grupo de bailarines, que a trav\u00e9s de la m\u00fasica reafirmaron el mensaje de encuentro en igualdad entre personas y culturas diversas; y finalmente, el <strong>Grupo Actoral Teatro Acci\u00f3n<\/strong>, con la participaci\u00f3n de Jes\u00fas y Marcos, quienes nos acercaron a trav\u00e9s del teatro a la realidad de las migraciones en diversos contextos de Am\u00e9rica Latina, en concreto desde sus miradas y camino andado desde Venezuela.<\/p>\n<p>&nbsp;<\/p>\n<p>&nbsp;<img decoding=\"async\" alt=\"\" src=\"https:\/\/www.entreculturas.org\/wp-content\/uploads\/2019\/12\/p1040557-scaled-1.jpg\" style=\"width: 500px;height: 333px;margin: 10px;float: left\"><img decoding=\"async\" alt=\"\" src=\"https:\/\/www.entreculturas.org\/wp-content\/uploads\/2019\/12\/p1040504-scaled-1.jpg\" style=\"width: 500px;height: 333px;margin: 10px;float: left\"><\/p>\n<p>&nbsp;<\/p>\n<p>&nbsp;<\/p>\n<p>&nbsp;<\/p>\n<p>&nbsp;<\/p>\n<p>&nbsp;<\/p>\n<p>&nbsp;<\/p>\n<p>&nbsp;<\/p>\n<p><img decoding=\"async\" alt=\"\" src=\"https:\/\/www.entreculturas.org\/wp-content\/uploads\/2019\/12\/p1040488-scaled-1.jpg\" style=\"margin: 10px;width: 400px;height: 267px;float: left\"><\/p>\n<p>&nbsp;<\/p>\n<p>&nbsp;<\/p>\n<p>&nbsp;<\/p>\n<p>&nbsp;<\/p>\n<p>&nbsp;<\/p>\n<p>Cada una de estas personas que se encontraron durante esta tarde de artes comunitarias contribuyeron con su propio arte, sensibilidad y cercan\u00eda humana a generar este ambiente de acogida para todas y todos, poniendo en evidencia el poder transformador de las artes y la <strong>participaci\u00f3n ciudadana para humanizar las realidades de las migraciones en el mundo, y desde ah\u00ed revertir discursos de miedo, rechazo y discriminaci\u00f3n.<\/strong><\/p>\n<p>&nbsp;<\/p>\n<p>&nbsp;<\/p>\n<p>&nbsp;<\/p>\n<p>&nbsp;<\/p>\n<p>&nbsp;<\/p>\n<p><img decoding=\"async\" alt=\"\" src=\"https:\/\/www.entreculturas.org\/wp-content\/uploads\/2019\/12\/p1040660-scaled-1.jpg\" style=\"width: 400px;height: 267px;margin: 10px;float: left\"><img decoding=\"async\" alt=\"\" src=\"https:\/\/www.entreculturas.org\/wp-content\/uploads\/2019\/12\/p1040705-scaled-1.jpg\" style=\"width: 400px;height: 267px;margin: 10px;float: left\"><\/p>\n<p>Durante la semana tambi\u00e9n se han realizado varios espacios socioeducativos entre el alumnado de la Universidad y centros educativos de Madrid. En total han participado alrededor de <strong>40 estudiantes de secundaria del centro educativo Bienaventurada Virgen Mar\u00eda y el Colegio Divino Coraz\u00f3n en una dinamizaci\u00f3n participativa de la exposici\u00f3n Miradas que Migran,<\/strong> liderada por el alumnado de la Universidad. Esta oportunidad de di\u00e1logo, intercambio y aprendizaje conjunto con estudiantes de centros educativos implic\u00f3 de una manera din\u00e1mica al alumnado de la Universidad, e invit\u00f3 a las y los estudiantes de secundaria a proponer una serie de dec\u00e1logos y posicionamientos con actitudes y acciones que consideran necesarias para seguir promoviendo una ciudadan\u00eda acogedora con las personas migrantes y refugiadas, en un mundo en constante movimiento.&nbsp;<img decoding=\"async\" alt=\"\" src=\"https:\/\/www.entreculturas.org\/wp-content\/uploads\/2019\/12\/p1040736-scaled-1.jpg\" style=\"width: 900px;height: 600px;margin: 10px\"><br \/>Completando esta semana de encuentros en torno a Miradas que Migran, el martes 17 de diciembre se present\u00f3 el informe <a href=\"https:\/\/www.entreculturas.org\/es\/publicaciones\/informe-redodem-2019\"><strong>\u201cNuevos rostros, mismas din\u00e1micas. Procesos migratorios en M\u00e9xico.\u201d<\/strong><\/a>, poniendo el foco en las migraciones centroamericanas. En una mesa en la que participamos desde Entreculturas junto al SJM M\u00e9xico, REDODEM, SJM Espa\u00f1a y la Universidad Complutense de Madrid, se compartieron las realidades migratorias en la frontera Norte (M\u00e9xico-Estados Unidos) y la frontera Sur (Marruecos-Espa\u00f1a), y aquellos procesos que se est\u00e1n llevando a cabo para transformar las fronteras en lugares de acogida y defensa de los derechos humanos de las personas migrantes y refugiadas. Desde la Universidad estuvo compartiendo Juanita Bag\u00e9s, vicedecana de Movilidad y coordinadora docente del proyecto Miradas que Migran de la Facultad de Bellas Artes, explicando c\u00f3mo a trav\u00e9s de este trabajo socioeducativo las y los estudiantes llevan cuatro a\u00f1os promoviendo cultura de acogida y cambiando las narrativas sobre las migraciones forzosas.&nbsp;<img decoding=\"async\" alt=\"\" src=\"https:\/\/www.entreculturas.org\/wp-content\/uploads\/2019\/12\/img_1555-scaled-1.jpg\" style=\"width: 900px;height: 600px;margin: 10px\"><\/p>\n<p>Desde Entreculturas defendemos la necesidad de llevar a cabo procesos socioeducativos y ciudadanos que promuevan el desarrollo de una <strong>visi\u00f3n cr\u00edtica e informada de la realidad de las migraciones forzosas<\/strong>, que aborde y cuestione los mitos, prejuicios y estereotipos asociados a esta realidad, y active en las personas su corresponsabilidad y capacidad de acci\u00f3n en esta tem\u00e1tica como parte de una ciudadan\u00eda global comprometida.<\/p>\n","protected":false},"excerpt":{"rendered":"<p>La exposici\u00f3n Miradas que Migran ha sido el marco de una semana de encuentro, compartir y di\u00e1logo con mirada a seguir promoviendo narrativas y una cultura de acogida desde la comunidad educativa y la ciudadan\u00eda. En torno al d\u00eda internacional de las personas migrantes, el 18 de diciembre, este trabajo socioeducativo que acompa\u00f1amos desde Entreculturas junto al alumnado y equipo docente del Grado en Dise\u00f1o de la Facultad de Bellas Artes de la Universidad Complutense de Madrid (UCM), ha acogido una semana de actividades comunitarias y educativas en la Casa San Ignacio, en el barrio madrile\u00f1o de Ventilla. Estas oportunidades de encuentro en torno a las artes y el dise\u00f1o como herramientas transformadoras, nos han acercado como ciudadan\u00eda a la realidad de las migraciones forzosas y la necesidad de seguir promoviendo entre todas y todos una cultura de acogida desde los centros educativos, barrios, ciudades, y tejido social del que [&hellip;]<\/p>\n","protected":false},"featured_media":4105,"template":"single-noticia","meta":{"_acf_changed":false},"categories":[7],"tags":[10],"country":[],"cause":[129],"class_list":["post-4174","noticia","type-noticia","status-publish","has-post-thumbnail","hentry","category-noticia","tag-migracion-y-refugio","cause-migracion-y-refugio"],"acf":[],"yoast_head":"<!-- This site is optimized with the Yoast SEO Premium plugin v21.6 (Yoast SEO v27.5) - https:\/\/yoast.com\/product\/yoast-seo-premium-wordpress\/ -->\n<title>Las artes como acogida: Miradas que Migran enmarca una semana de encuentros con la ciudadan\u00eda para promover convivencia y cultura de acogida en nuestros entornos - Entreculturas<\/title>\n<meta name=\"robots\" content=\"index, follow, max-snippet:-1, max-image-preview:large, max-video-preview:-1\" \/>\n<link rel=\"canonical\" href=\"https:\/\/www.entreculturas.org\/gl\/noticia\/las-artes-como-acogida-miradas-que-migran-enmarca-una-semana-de-encuentros-con-la\/\" \/>\n<meta property=\"og:locale\" content=\"gl_ES\" \/>\n<meta property=\"og:type\" content=\"article\" \/>\n<meta property=\"og:title\" content=\"Las artes como acogida: Miradas que Migran enmarca una semana de encuentros con la ciudadan\u00eda para promover convivencia y cultura de acogida en nuestros entornos\" \/>\n<meta property=\"og:description\" content=\"La exposici\u00f3n Miradas que Migran ha sido el marco de una semana de encuentro, compartir y di\u00e1logo con mirada a seguir promoviendo narrativas y una cultura de acogida desde la comunidad educativa y la ciudadan\u00eda. En torno al d\u00eda internacional de las personas migrantes, el 18 de diciembre, este trabajo socioeducativo que acompa\u00f1amos desde Entreculturas junto al alumnado y equipo docente del Grado en Dise\u00f1o de la Facultad de Bellas Artes de la Universidad Complutense de Madrid (UCM), ha acogido una semana de actividades comunitarias y educativas en la Casa San Ignacio, en el barrio madrile\u00f1o de Ventilla. Estas oportunidades de encuentro en torno a las artes y el dise\u00f1o como herramientas transformadoras, nos han acercado como ciudadan\u00eda a la realidad de las migraciones forzosas y la necesidad de seguir promoviendo entre todas y todos una cultura de acogida desde los centros educativos, barrios, ciudades, y tejido social del que [&hellip;]\" \/>\n<meta property=\"og:url\" content=\"https:\/\/www.entreculturas.org\/gl\/noticia\/las-artes-como-acogida-miradas-que-migran-enmarca-una-semana-de-encuentros-con-la\/\" \/>\n<meta property=\"og:site_name\" content=\"Entreculturas\" \/>\n<meta property=\"article:publisher\" content=\"https:\/\/www.facebook.com\/entreculturas\" \/>\n<meta property=\"article:modified_time\" content=\"2024-03-14T14:05:16+00:00\" \/>\n<meta property=\"og:image\" content=\"https:\/\/www.entreculturas.org\/wp-content\/uploads\/2019\/12\/p1040701-scaled-1.jpg\" \/>\n\t<meta property=\"og:image:width\" content=\"2560\" \/>\n\t<meta property=\"og:image:height\" content=\"1707\" \/>\n\t<meta property=\"og:image:type\" content=\"image\/jpeg\" \/>\n<meta name=\"twitter:card\" content=\"summary_large_image\" \/>\n<meta name=\"twitter:site\" content=\"@Entreculturas\" \/>\n<script type=\"application\/ld+json\" class=\"yoast-schema-graph\">{\"@context\":\"https:\\\/\\\/schema.org\",\"@graph\":[{\"@type\":\"WebPage\",\"@id\":\"https:\\\/\\\/www.entreculturas.org\\\/gl\\\/noticia\\\/las-artes-como-acogida-miradas-que-migran-enmarca-una-semana-de-encuentros-con-la\\\/\",\"url\":\"https:\\\/\\\/www.entreculturas.org\\\/gl\\\/noticia\\\/las-artes-como-acogida-miradas-que-migran-enmarca-una-semana-de-encuentros-con-la\\\/\",\"name\":\"Las artes como acogida: Miradas que Migran enmarca una semana de encuentros con la ciudadan\u00eda para promover convivencia y cultura de acogida en nuestros entornos - Entreculturas\",\"isPartOf\":{\"@id\":\"https:\\\/\\\/www.entreculturas.org\\\/gl\\\/#website\"},\"primaryImageOfPage\":{\"@id\":\"https:\\\/\\\/www.entreculturas.org\\\/gl\\\/noticia\\\/las-artes-como-acogida-miradas-que-migran-enmarca-una-semana-de-encuentros-con-la\\\/#primaryimage\"},\"image\":{\"@id\":\"https:\\\/\\\/www.entreculturas.org\\\/gl\\\/noticia\\\/las-artes-como-acogida-miradas-que-migran-enmarca-una-semana-de-encuentros-con-la\\\/#primaryimage\"},\"thumbnailUrl\":\"https:\\\/\\\/www.entreculturas.org\\\/wp-content\\\/uploads\\\/2019\\\/12\\\/p1040701-scaled-1.jpg\",\"datePublished\":\"2019-12-19T09:11:33+00:00\",\"dateModified\":\"2024-03-14T14:05:16+00:00\",\"breadcrumb\":{\"@id\":\"https:\\\/\\\/www.entreculturas.org\\\/gl\\\/noticia\\\/las-artes-como-acogida-miradas-que-migran-enmarca-una-semana-de-encuentros-con-la\\\/#breadcrumb\"},\"inLanguage\":\"gl-ES\",\"potentialAction\":[{\"@type\":\"ReadAction\",\"target\":[\"https:\\\/\\\/www.entreculturas.org\\\/gl\\\/noticia\\\/las-artes-como-acogida-miradas-que-migran-enmarca-una-semana-de-encuentros-con-la\\\/\"]}]},{\"@type\":\"ImageObject\",\"inLanguage\":\"gl-ES\",\"@id\":\"https:\\\/\\\/www.entreculturas.org\\\/gl\\\/noticia\\\/las-artes-como-acogida-miradas-que-migran-enmarca-una-semana-de-encuentros-con-la\\\/#primaryimage\",\"url\":\"https:\\\/\\\/www.entreculturas.org\\\/wp-content\\\/uploads\\\/2019\\\/12\\\/p1040701-scaled-1.jpg\",\"contentUrl\":\"https:\\\/\\\/www.entreculturas.org\\\/wp-content\\\/uploads\\\/2019\\\/12\\\/p1040701-scaled-1.jpg\",\"width\":2560,\"height\":1707},{\"@type\":\"BreadcrumbList\",\"@id\":\"https:\\\/\\\/www.entreculturas.org\\\/gl\\\/noticia\\\/las-artes-como-acogida-miradas-que-migran-enmarca-una-semana-de-encuentros-con-la\\\/#breadcrumb\",\"itemListElement\":[{\"@type\":\"ListItem\",\"position\":1,\"name\":\"Home\",\"item\":\"https:\\\/\\\/www.entreculturas.org\\\/gl\\\/\"},{\"@type\":\"ListItem\",\"position\":2,\"name\":\"Noticias\",\"item\":\"https:\\\/\\\/www.entreculturas.org\\\/gl\\\/noticias\\\/\"},{\"@type\":\"ListItem\",\"position\":3,\"name\":\"Las artes como acogida: Miradas que Migran enmarca una semana de encuentros con la ciudadan\u00eda para promover convivencia y cultura de acogida en nuestros entornos\"}]},{\"@type\":\"WebSite\",\"@id\":\"https:\\\/\\\/www.entreculturas.org\\\/gl\\\/#website\",\"url\":\"https:\\\/\\\/www.entreculturas.org\\\/gl\\\/\",\"name\":\"Entreculturas\",\"description\":\"\",\"publisher\":{\"@id\":\"https:\\\/\\\/www.entreculturas.org\\\/gl\\\/#organization\"},\"alternateName\":\"Entreculturas\",\"potentialAction\":[{\"@type\":\"SearchAction\",\"target\":{\"@type\":\"EntryPoint\",\"urlTemplate\":\"https:\\\/\\\/www.entreculturas.org\\\/gl\\\/?s={search_term_string}\"},\"query-input\":{\"@type\":\"PropertyValueSpecification\",\"valueRequired\":true,\"valueName\":\"search_term_string\"}}],\"inLanguage\":\"gl-ES\"},{\"@type\":\"Organization\",\"@id\":\"https:\\\/\\\/www.entreculturas.org\\\/gl\\\/#organization\",\"name\":\"Entreculturas\",\"url\":\"https:\\\/\\\/www.entreculturas.org\\\/gl\\\/\",\"logo\":{\"@type\":\"ImageObject\",\"inLanguage\":\"gl-ES\",\"@id\":\"https:\\\/\\\/www.entreculturas.org\\\/gl\\\/#\\\/schema\\\/logo\\\/image\\\/\",\"url\":\"https:\\\/\\\/www.entreculturas.org\\\/wp-content\\\/uploads\\\/2025\\\/10\\\/ESP.svg\",\"contentUrl\":\"https:\\\/\\\/www.entreculturas.org\\\/wp-content\\\/uploads\\\/2025\\\/10\\\/ESP.svg\",\"caption\":\"Entreculturas\"},\"image\":{\"@id\":\"https:\\\/\\\/www.entreculturas.org\\\/gl\\\/#\\\/schema\\\/logo\\\/image\\\/\"},\"sameAs\":[\"https:\\\/\\\/www.facebook.com\\\/entreculturas\",\"https:\\\/\\\/x.com\\\/Entreculturas\",\"https:\\\/\\\/www.instagram.com\\\/entreculturas\\\/\",\"https:\\\/\\\/www.youtube.com\\\/user\\\/entreculturasvideo\",\"https:\\\/\\\/www.linkedin.com\\\/company\\\/fundacion-entreculturas-ngdo\\\/\",\"https:\\\/\\\/www.flickr.com\\\/photos\\\/98455522@N04\\\/albums\\\/\"]}]}<\/script>\n<!-- \/ Yoast SEO Premium plugin. -->","yoast_head_json":{"title":"Las artes como acogida: Miradas que Migran enmarca una semana de encuentros con la ciudadan\u00eda para promover convivencia y cultura de acogida en nuestros entornos - Entreculturas","robots":{"index":"index","follow":"follow","max-snippet":"max-snippet:-1","max-image-preview":"max-image-preview:large","max-video-preview":"max-video-preview:-1"},"canonical":"https:\/\/www.entreculturas.org\/gl\/noticia\/las-artes-como-acogida-miradas-que-migran-enmarca-una-semana-de-encuentros-con-la\/","og_locale":"gl_ES","og_type":"article","og_title":"Las artes como acogida: Miradas que Migran enmarca una semana de encuentros con la ciudadan\u00eda para promover convivencia y cultura de acogida en nuestros entornos","og_description":"La exposici\u00f3n Miradas que Migran ha sido el marco de una semana de encuentro, compartir y di\u00e1logo con mirada a seguir promoviendo narrativas y una cultura de acogida desde la comunidad educativa y la ciudadan\u00eda. En torno al d\u00eda internacional de las personas migrantes, el 18 de diciembre, este trabajo socioeducativo que acompa\u00f1amos desde Entreculturas junto al alumnado y equipo docente del Grado en Dise\u00f1o de la Facultad de Bellas Artes de la Universidad Complutense de Madrid (UCM), ha acogido una semana de actividades comunitarias y educativas en la Casa San Ignacio, en el barrio madrile\u00f1o de Ventilla. Estas oportunidades de encuentro en torno a las artes y el dise\u00f1o como herramientas transformadoras, nos han acercado como ciudadan\u00eda a la realidad de las migraciones forzosas y la necesidad de seguir promoviendo entre todas y todos una cultura de acogida desde los centros educativos, barrios, ciudades, y tejido social del que [&hellip;]","og_url":"https:\/\/www.entreculturas.org\/gl\/noticia\/las-artes-como-acogida-miradas-que-migran-enmarca-una-semana-de-encuentros-con-la\/","og_site_name":"Entreculturas","article_publisher":"https:\/\/www.facebook.com\/entreculturas","article_modified_time":"2024-03-14T14:05:16+00:00","og_image":[{"width":2560,"height":1707,"url":"https:\/\/www.entreculturas.org\/wp-content\/uploads\/2019\/12\/p1040701-scaled-1.jpg","type":"image\/jpeg"}],"twitter_card":"summary_large_image","twitter_site":"@Entreculturas","schema":{"@context":"https:\/\/schema.org","@graph":[{"@type":"WebPage","@id":"https:\/\/www.entreculturas.org\/gl\/noticia\/las-artes-como-acogida-miradas-que-migran-enmarca-una-semana-de-encuentros-con-la\/","url":"https:\/\/www.entreculturas.org\/gl\/noticia\/las-artes-como-acogida-miradas-que-migran-enmarca-una-semana-de-encuentros-con-la\/","name":"Las artes como acogida: Miradas que Migran enmarca una semana de encuentros con la ciudadan\u00eda para promover convivencia y cultura de acogida en nuestros entornos - Entreculturas","isPartOf":{"@id":"https:\/\/www.entreculturas.org\/gl\/#website"},"primaryImageOfPage":{"@id":"https:\/\/www.entreculturas.org\/gl\/noticia\/las-artes-como-acogida-miradas-que-migran-enmarca-una-semana-de-encuentros-con-la\/#primaryimage"},"image":{"@id":"https:\/\/www.entreculturas.org\/gl\/noticia\/las-artes-como-acogida-miradas-que-migran-enmarca-una-semana-de-encuentros-con-la\/#primaryimage"},"thumbnailUrl":"https:\/\/www.entreculturas.org\/wp-content\/uploads\/2019\/12\/p1040701-scaled-1.jpg","datePublished":"2019-12-19T09:11:33+00:00","dateModified":"2024-03-14T14:05:16+00:00","breadcrumb":{"@id":"https:\/\/www.entreculturas.org\/gl\/noticia\/las-artes-como-acogida-miradas-que-migran-enmarca-una-semana-de-encuentros-con-la\/#breadcrumb"},"inLanguage":"gl-ES","potentialAction":[{"@type":"ReadAction","target":["https:\/\/www.entreculturas.org\/gl\/noticia\/las-artes-como-acogida-miradas-que-migran-enmarca-una-semana-de-encuentros-con-la\/"]}]},{"@type":"ImageObject","inLanguage":"gl-ES","@id":"https:\/\/www.entreculturas.org\/gl\/noticia\/las-artes-como-acogida-miradas-que-migran-enmarca-una-semana-de-encuentros-con-la\/#primaryimage","url":"https:\/\/www.entreculturas.org\/wp-content\/uploads\/2019\/12\/p1040701-scaled-1.jpg","contentUrl":"https:\/\/www.entreculturas.org\/wp-content\/uploads\/2019\/12\/p1040701-scaled-1.jpg","width":2560,"height":1707},{"@type":"BreadcrumbList","@id":"https:\/\/www.entreculturas.org\/gl\/noticia\/las-artes-como-acogida-miradas-que-migran-enmarca-una-semana-de-encuentros-con-la\/#breadcrumb","itemListElement":[{"@type":"ListItem","position":1,"name":"Home","item":"https:\/\/www.entreculturas.org\/gl\/"},{"@type":"ListItem","position":2,"name":"Noticias","item":"https:\/\/www.entreculturas.org\/gl\/noticias\/"},{"@type":"ListItem","position":3,"name":"Las artes como acogida: Miradas que Migran enmarca una semana de encuentros con la ciudadan\u00eda para promover convivencia y cultura de acogida en nuestros entornos"}]},{"@type":"WebSite","@id":"https:\/\/www.entreculturas.org\/gl\/#website","url":"https:\/\/www.entreculturas.org\/gl\/","name":"Entreculturas","description":"","publisher":{"@id":"https:\/\/www.entreculturas.org\/gl\/#organization"},"alternateName":"Entreculturas","potentialAction":[{"@type":"SearchAction","target":{"@type":"EntryPoint","urlTemplate":"https:\/\/www.entreculturas.org\/gl\/?s={search_term_string}"},"query-input":{"@type":"PropertyValueSpecification","valueRequired":true,"valueName":"search_term_string"}}],"inLanguage":"gl-ES"},{"@type":"Organization","@id":"https:\/\/www.entreculturas.org\/gl\/#organization","name":"Entreculturas","url":"https:\/\/www.entreculturas.org\/gl\/","logo":{"@type":"ImageObject","inLanguage":"gl-ES","@id":"https:\/\/www.entreculturas.org\/gl\/#\/schema\/logo\/image\/","url":"https:\/\/www.entreculturas.org\/wp-content\/uploads\/2025\/10\/ESP.svg","contentUrl":"https:\/\/www.entreculturas.org\/wp-content\/uploads\/2025\/10\/ESP.svg","caption":"Entreculturas"},"image":{"@id":"https:\/\/www.entreculturas.org\/gl\/#\/schema\/logo\/image\/"},"sameAs":["https:\/\/www.facebook.com\/entreculturas","https:\/\/x.com\/Entreculturas","https:\/\/www.instagram.com\/entreculturas\/","https:\/\/www.youtube.com\/user\/entreculturasvideo","https:\/\/www.linkedin.com\/company\/fundacion-entreculturas-ngdo\/","https:\/\/www.flickr.com\/photos\/98455522@N04\/albums\/"]}]}},"_links":{"self":[{"href":"https:\/\/www.entreculturas.org\/gl\/wp-json\/wp\/v2\/noticia\/4174","targetHints":{"allow":["GET"]}}],"collection":[{"href":"https:\/\/www.entreculturas.org\/gl\/wp-json\/wp\/v2\/noticia"}],"about":[{"href":"https:\/\/www.entreculturas.org\/gl\/wp-json\/wp\/v2\/types\/noticia"}],"wp:featuredmedia":[{"embeddable":true,"href":"https:\/\/www.entreculturas.org\/gl\/wp-json\/wp\/v2\/media\/4105"}],"wp:attachment":[{"href":"https:\/\/www.entreculturas.org\/gl\/wp-json\/wp\/v2\/media?parent=4174"}],"wp:term":[{"taxonomy":"category","embeddable":true,"href":"https:\/\/www.entreculturas.org\/gl\/wp-json\/wp\/v2\/categories?post=4174"},{"taxonomy":"post_tag","embeddable":true,"href":"https:\/\/www.entreculturas.org\/gl\/wp-json\/wp\/v2\/tags?post=4174"},{"taxonomy":"country","embeddable":true,"href":"https:\/\/www.entreculturas.org\/gl\/wp-json\/wp\/v2\/country?post=4174"},{"taxonomy":"cause","embeddable":true,"href":"https:\/\/www.entreculturas.org\/gl\/wp-json\/wp\/v2\/cause?post=4174"}],"curies":[{"name":"wp","href":"https:\/\/api.w.org\/{rel}","templated":true}]}}