{"id":3991,"date":"2019-12-02T09:26:57","date_gmt":"2019-12-02T09:26:57","guid":{"rendered":"https:\/\/entreculturasi.wpenginepowered.com\/?noticias=medioambiente-y-pobreza-construir-resiliencia-frente-al-cambio-climatico"},"modified":"2024-03-14T15:01:12","modified_gmt":"2024-03-14T14:01:12","slug":"medioambiente-y-pobreza-construir-resiliencia-frente-al-cambio-climatico","status":"publish","type":"noticia","link":"https:\/\/www.entreculturas.org\/gl\/noticia\/medioambiente-y-pobreza-construir-resiliencia-frente-al-cambio-climatico\/","title":{"rendered":"Medioambiente y pobreza: construir resiliencia frente al cambio clim\u00e1tico"},"content":{"rendered":"<p>De cara a la 25\u00aa Cumbre de las Partes (COP25) sobre cambio clim\u00e1tico que iba a celebrarse en Chile pero finalmente da comienzo en Madrid esta semana, la Compa\u00f1\u00eda de Jes\u00fas en Chile ha elaborado un documento de posicionamiento pol\u00edtico con motivo de tal relevante cita <strong>poniendo a las personas m\u00e1s vulnerables en el centro<\/strong>. Entre sus conclusiones, nos alineamos y destacamos que <strong>las personas en situaci\u00f3n de pobreza y exclusi\u00f3n social se encuentran m\u00e1s vulnerables a las amenazas medioambientales que el resto de la poblaci\u00f3n<\/strong>. En torno a esto, suelen estar m\u00e1s expuestas a los desastres naturales, sufrir m\u00e1s da\u00f1os al recibir su impacto, y su recuperaci\u00f3n tiende a ser m\u00e1s lenta y dif\u00edcil que en comparaci\u00f3n a las personas no empobrecidas.\u00a0<\/p>\n<p>\u00a0<\/p>\n<p>Adem\u00e1s, en el Informe <a href=\"https:\/\/www.entreculturas.org\/wp-content\/uploads\/2019\/12\/documento_medioambiente_y_pobreza.pdf\"><span style=\"color: #ff0102;\">\u201cMedioambiente y pobreza: construir resiliencia frente al cambio clim\u00e1tico\u201d<\/span><\/a> destacan que cuentan con una <strong>menor capacidad para hacer valer sus derechos civiles<\/strong> relativos a la participaci\u00f3n en decisiones que pueden afectar su bienestar, lo cual los vuelve m\u00e1s vulnerables frente a la desigual distribuci\u00f3n de los costos y beneficios medioambientales (como la contaminaci\u00f3n o los impuestos verdes). El solo hecho de vivir en un medioambiente expuesto a desastres naturales o contaminaci\u00f3n constituye una forma de privaci\u00f3n que puede afectar el cumplimiento de derechos fundamentales, en la medida que constituye una de las dimensiones del bienestar humano. No obstante, la relaci\u00f3n entre la pobreza y el medioambiente es compleja, con caracter\u00edsticas que dependen en gran medida de cada contexto territorial.\u00a0<\/p>\n<p>\u00a0<\/p>\n<p>Pero m\u00e1s all\u00e1 de estas particularidades, <strong>la clave est\u00e1 promover un desarrollo realmente sostenible, capaz de impulsar el crecimiento econ\u00f3mico y la protecci\u00f3n del medioambiente bajo una perspectiva \u00e9tica que ponga la equidad, la justicia social y la dignidad humana al centro.<\/strong> De otro modo, el est\u00edmulo de la productividad y el cuidado del planeta implicar\u00e1n sacrificios que ser\u00e1n asumidos por quienes poseen menos recursos para oponerse a ellos. A pesar del significativo crecimiento econ\u00f3mico y disminuci\u00f3n de la pobreza por parte del pa\u00eds, Chile no est\u00e1 ajeno a este tipo de desigualdad, lo cual nos interpela sobre cu\u00e1les son los costos de ese crecimiento y qui\u00e9nes lo est\u00e1n asumiendo.<\/p>\n<p>\u00a0<\/p>\n<p>Desde Entreculturas, nos alineamos con la propuesta del Informe que impulsa <strong>el rol fundamental de la sociedad civil en lo que respecta a la construcci\u00f3n de resiliencia social<\/strong>, concepto que necesariamente debe ser entendido desde la \u00e9tica de los derechos humanos para ser congruente con el desarrollo humano. Dicho de otra manera, no se espera que las personas en situaci\u00f3n de pobreza y exclusi\u00f3n social se \u201cadapten\u201d a los problemas medioambientales mediante la resignaci\u00f3n y la renuncia a ejercer derechos b\u00e1sicos, sino que \u2013justamente- esa forma de adaptaci\u00f3n les permita garantizar sus derechos fundamentales. Por \u00faltimo, las ONGs abocadas al desarrollo humano, como parte de la sociedad civil, disponemos\u00a0de distintas aproximaciones para contribuir a la<strong> construcci\u00f3n y el fortalecimiento de la resiliencia a escala comunitaria<\/strong>. La reducci\u00f3n de la pobreza y la inclusi\u00f3n social, la participaci\u00f3n en momentos claves del ciclo de gesti\u00f3n de riesgos poniendo a disposici\u00f3n sus recursos y <em>expertise<\/em>, y el fortalecimiento de los v\u00ednculos entre -y dentro de- las comunidades y otros actores organizacionales e institucionales, son ejemplos de este tipo de medidas.<\/p>\n<p>\u00a0<\/p>\n\n\n<div class=\"wp-block-buttons is-layout-flex wp-block-buttons-is-layout-flex\">\n<div class=\"wp-block-button\"><a class=\"wp-block-button__link wp-element-button\" href=\"https:\/\/www.entreculturas.org\/wp-content\/uploads\/2019\/12\/documento_medioambiente_y_pobreza.pdf\" target=\"_blank\" rel=\"noreferrer noopener\">DESCARGAR<\/a><\/div>\n<\/div>\n","protected":false},"excerpt":{"rendered":"<p>De cara a la COP25, que iba a celebrarse en Chile, la Compa\u00f1\u00eda de Jes\u00fas en Chile ha elaborado un documento de posicionamiento pol\u00edtico con motivo de tal relevante cita poniendo a las personas m\u00e1s vulnerables en el centro. Entre sus conclusiones, nos alineamos y destacamos que las personas en situaci\u00f3n de pobreza y exclusi\u00f3n social se encuentran m\u00e1s vulnerables a las amenazas medioambientales que el resto de la poblaci\u00f3n.<\/p>\n","protected":false},"featured_media":3990,"template":"single-noticia","meta":{"_acf_changed":false},"categories":[7],"tags":[256],"country":[],"cause":[131],"class_list":["post-3991","noticia","type-noticia","status-publish","has-post-thumbnail","hentry","category-noticia","tag-justicia-socioambiental","cause-justicia-medioambiental"],"acf":[],"yoast_head":"<!-- This site is optimized with the Yoast SEO Premium plugin v21.6 (Yoast SEO v27.5) - https:\/\/yoast.com\/product\/yoast-seo-premium-wordpress\/ -->\n<title>Medioambiente y pobreza: construir resiliencia frente al cambio clim\u00e1tico - Entreculturas<\/title>\n<meta name=\"robots\" content=\"index, follow, max-snippet:-1, max-image-preview:large, max-video-preview:-1\" \/>\n<link rel=\"canonical\" href=\"https:\/\/www.entreculturas.org\/gl\/noticia\/medioambiente-y-pobreza-construir-resiliencia-frente-al-cambio-climatico\/\" \/>\n<meta property=\"og:locale\" content=\"gl_ES\" \/>\n<meta property=\"og:type\" content=\"article\" \/>\n<meta property=\"og:title\" content=\"Medioambiente y pobreza: construir resiliencia frente al cambio clim\u00e1tico\" \/>\n<meta property=\"og:description\" content=\"De cara a la COP25, que iba a celebrarse en Chile, la Compa\u00f1\u00eda de Jes\u00fas en Chile ha elaborado un documento de posicionamiento pol\u00edtico con motivo de tal relevante cita poniendo a las personas m\u00e1s vulnerables en el centro. Entre sus conclusiones, nos alineamos y destacamos que las personas en situaci\u00f3n de pobreza y exclusi\u00f3n social se encuentran m\u00e1s vulnerables a las amenazas medioambientales que el resto de la poblaci\u00f3n.\" \/>\n<meta property=\"og:url\" content=\"https:\/\/www.entreculturas.org\/gl\/noticia\/medioambiente-y-pobreza-construir-resiliencia-frente-al-cambio-climatico\/\" \/>\n<meta property=\"og:site_name\" content=\"Entreculturas\" \/>\n<meta property=\"article:publisher\" content=\"https:\/\/www.facebook.com\/entreculturas\" \/>\n<meta property=\"article:modified_time\" content=\"2024-03-14T14:01:12+00:00\" \/>\n<meta property=\"og:image\" content=\"https:\/\/www.entreculturas.org\/wp-content\/uploads\/2019\/12\/idai-posi-cop.jpg\" \/>\n\t<meta property=\"og:image:width\" content=\"800\" \/>\n\t<meta property=\"og:image:height\" content=\"533\" \/>\n\t<meta property=\"og:image:type\" content=\"image\/jpeg\" \/>\n<meta name=\"twitter:card\" content=\"summary_large_image\" \/>\n<meta name=\"twitter:site\" content=\"@Entreculturas\" \/>\n<script type=\"application\/ld+json\" class=\"yoast-schema-graph\">{\"@context\":\"https:\\\/\\\/schema.org\",\"@graph\":[{\"@type\":\"WebPage\",\"@id\":\"https:\\\/\\\/www.entreculturas.org\\\/gl\\\/noticia\\\/medioambiente-y-pobreza-construir-resiliencia-frente-al-cambio-climatico\\\/\",\"url\":\"https:\\\/\\\/www.entreculturas.org\\\/gl\\\/noticia\\\/medioambiente-y-pobreza-construir-resiliencia-frente-al-cambio-climatico\\\/\",\"name\":\"Medioambiente y pobreza: construir resiliencia frente al cambio clim\u00e1tico - Entreculturas\",\"isPartOf\":{\"@id\":\"https:\\\/\\\/www.entreculturas.org\\\/gl\\\/#website\"},\"primaryImageOfPage\":{\"@id\":\"https:\\\/\\\/www.entreculturas.org\\\/gl\\\/noticia\\\/medioambiente-y-pobreza-construir-resiliencia-frente-al-cambio-climatico\\\/#primaryimage\"},\"image\":{\"@id\":\"https:\\\/\\\/www.entreculturas.org\\\/gl\\\/noticia\\\/medioambiente-y-pobreza-construir-resiliencia-frente-al-cambio-climatico\\\/#primaryimage\"},\"thumbnailUrl\":\"https:\\\/\\\/www.entreculturas.org\\\/wp-content\\\/uploads\\\/2019\\\/12\\\/idai-posi-cop.jpg\",\"datePublished\":\"2019-12-02T09:26:57+00:00\",\"dateModified\":\"2024-03-14T14:01:12+00:00\",\"breadcrumb\":{\"@id\":\"https:\\\/\\\/www.entreculturas.org\\\/gl\\\/noticia\\\/medioambiente-y-pobreza-construir-resiliencia-frente-al-cambio-climatico\\\/#breadcrumb\"},\"inLanguage\":\"gl-ES\",\"potentialAction\":[{\"@type\":\"ReadAction\",\"target\":[\"https:\\\/\\\/www.entreculturas.org\\\/gl\\\/noticia\\\/medioambiente-y-pobreza-construir-resiliencia-frente-al-cambio-climatico\\\/\"]}]},{\"@type\":\"ImageObject\",\"inLanguage\":\"gl-ES\",\"@id\":\"https:\\\/\\\/www.entreculturas.org\\\/gl\\\/noticia\\\/medioambiente-y-pobreza-construir-resiliencia-frente-al-cambio-climatico\\\/#primaryimage\",\"url\":\"https:\\\/\\\/www.entreculturas.org\\\/wp-content\\\/uploads\\\/2019\\\/12\\\/idai-posi-cop.jpg\",\"contentUrl\":\"https:\\\/\\\/www.entreculturas.org\\\/wp-content\\\/uploads\\\/2019\\\/12\\\/idai-posi-cop.jpg\",\"width\":800,\"height\":533},{\"@type\":\"BreadcrumbList\",\"@id\":\"https:\\\/\\\/www.entreculturas.org\\\/gl\\\/noticia\\\/medioambiente-y-pobreza-construir-resiliencia-frente-al-cambio-climatico\\\/#breadcrumb\",\"itemListElement\":[{\"@type\":\"ListItem\",\"position\":1,\"name\":\"Home\",\"item\":\"https:\\\/\\\/www.entreculturas.org\\\/gl\\\/\"},{\"@type\":\"ListItem\",\"position\":2,\"name\":\"Noticias\",\"item\":\"https:\\\/\\\/www.entreculturas.org\\\/gl\\\/noticias\\\/\"},{\"@type\":\"ListItem\",\"position\":3,\"name\":\"Medioambiente y pobreza: construir resiliencia frente al cambio clim\u00e1tico\"}]},{\"@type\":\"WebSite\",\"@id\":\"https:\\\/\\\/www.entreculturas.org\\\/gl\\\/#website\",\"url\":\"https:\\\/\\\/www.entreculturas.org\\\/gl\\\/\",\"name\":\"Entreculturas\",\"description\":\"\",\"publisher\":{\"@id\":\"https:\\\/\\\/www.entreculturas.org\\\/gl\\\/#organization\"},\"alternateName\":\"Entreculturas\",\"potentialAction\":[{\"@type\":\"SearchAction\",\"target\":{\"@type\":\"EntryPoint\",\"urlTemplate\":\"https:\\\/\\\/www.entreculturas.org\\\/gl\\\/?s={search_term_string}\"},\"query-input\":{\"@type\":\"PropertyValueSpecification\",\"valueRequired\":true,\"valueName\":\"search_term_string\"}}],\"inLanguage\":\"gl-ES\"},{\"@type\":\"Organization\",\"@id\":\"https:\\\/\\\/www.entreculturas.org\\\/gl\\\/#organization\",\"name\":\"Entreculturas\",\"url\":\"https:\\\/\\\/www.entreculturas.org\\\/gl\\\/\",\"logo\":{\"@type\":\"ImageObject\",\"inLanguage\":\"gl-ES\",\"@id\":\"https:\\\/\\\/www.entreculturas.org\\\/gl\\\/#\\\/schema\\\/logo\\\/image\\\/\",\"url\":\"https:\\\/\\\/www.entreculturas.org\\\/wp-content\\\/uploads\\\/2025\\\/10\\\/ESP.svg\",\"contentUrl\":\"https:\\\/\\\/www.entreculturas.org\\\/wp-content\\\/uploads\\\/2025\\\/10\\\/ESP.svg\",\"caption\":\"Entreculturas\"},\"image\":{\"@id\":\"https:\\\/\\\/www.entreculturas.org\\\/gl\\\/#\\\/schema\\\/logo\\\/image\\\/\"},\"sameAs\":[\"https:\\\/\\\/www.facebook.com\\\/entreculturas\",\"https:\\\/\\\/x.com\\\/Entreculturas\",\"https:\\\/\\\/www.instagram.com\\\/entreculturas\\\/\",\"https:\\\/\\\/www.youtube.com\\\/user\\\/entreculturasvideo\",\"https:\\\/\\\/www.linkedin.com\\\/company\\\/fundacion-entreculturas-ngdo\\\/\",\"https:\\\/\\\/www.flickr.com\\\/photos\\\/98455522@N04\\\/albums\\\/\"]}]}<\/script>\n<!-- \/ Yoast SEO Premium plugin. -->","yoast_head_json":{"title":"Medioambiente y pobreza: construir resiliencia frente al cambio clim\u00e1tico - Entreculturas","robots":{"index":"index","follow":"follow","max-snippet":"max-snippet:-1","max-image-preview":"max-image-preview:large","max-video-preview":"max-video-preview:-1"},"canonical":"https:\/\/www.entreculturas.org\/gl\/noticia\/medioambiente-y-pobreza-construir-resiliencia-frente-al-cambio-climatico\/","og_locale":"gl_ES","og_type":"article","og_title":"Medioambiente y pobreza: construir resiliencia frente al cambio clim\u00e1tico","og_description":"De cara a la COP25, que iba a celebrarse en Chile, la Compa\u00f1\u00eda de Jes\u00fas en Chile ha elaborado un documento de posicionamiento pol\u00edtico con motivo de tal relevante cita poniendo a las personas m\u00e1s vulnerables en el centro. Entre sus conclusiones, nos alineamos y destacamos que las personas en situaci\u00f3n de pobreza y exclusi\u00f3n social se encuentran m\u00e1s vulnerables a las amenazas medioambientales que el resto de la poblaci\u00f3n.","og_url":"https:\/\/www.entreculturas.org\/gl\/noticia\/medioambiente-y-pobreza-construir-resiliencia-frente-al-cambio-climatico\/","og_site_name":"Entreculturas","article_publisher":"https:\/\/www.facebook.com\/entreculturas","article_modified_time":"2024-03-14T14:01:12+00:00","og_image":[{"width":800,"height":533,"url":"https:\/\/www.entreculturas.org\/wp-content\/uploads\/2019\/12\/idai-posi-cop.jpg","type":"image\/jpeg"}],"twitter_card":"summary_large_image","twitter_site":"@Entreculturas","schema":{"@context":"https:\/\/schema.org","@graph":[{"@type":"WebPage","@id":"https:\/\/www.entreculturas.org\/gl\/noticia\/medioambiente-y-pobreza-construir-resiliencia-frente-al-cambio-climatico\/","url":"https:\/\/www.entreculturas.org\/gl\/noticia\/medioambiente-y-pobreza-construir-resiliencia-frente-al-cambio-climatico\/","name":"Medioambiente y pobreza: construir resiliencia frente al cambio clim\u00e1tico - Entreculturas","isPartOf":{"@id":"https:\/\/www.entreculturas.org\/gl\/#website"},"primaryImageOfPage":{"@id":"https:\/\/www.entreculturas.org\/gl\/noticia\/medioambiente-y-pobreza-construir-resiliencia-frente-al-cambio-climatico\/#primaryimage"},"image":{"@id":"https:\/\/www.entreculturas.org\/gl\/noticia\/medioambiente-y-pobreza-construir-resiliencia-frente-al-cambio-climatico\/#primaryimage"},"thumbnailUrl":"https:\/\/www.entreculturas.org\/wp-content\/uploads\/2019\/12\/idai-posi-cop.jpg","datePublished":"2019-12-02T09:26:57+00:00","dateModified":"2024-03-14T14:01:12+00:00","breadcrumb":{"@id":"https:\/\/www.entreculturas.org\/gl\/noticia\/medioambiente-y-pobreza-construir-resiliencia-frente-al-cambio-climatico\/#breadcrumb"},"inLanguage":"gl-ES","potentialAction":[{"@type":"ReadAction","target":["https:\/\/www.entreculturas.org\/gl\/noticia\/medioambiente-y-pobreza-construir-resiliencia-frente-al-cambio-climatico\/"]}]},{"@type":"ImageObject","inLanguage":"gl-ES","@id":"https:\/\/www.entreculturas.org\/gl\/noticia\/medioambiente-y-pobreza-construir-resiliencia-frente-al-cambio-climatico\/#primaryimage","url":"https:\/\/www.entreculturas.org\/wp-content\/uploads\/2019\/12\/idai-posi-cop.jpg","contentUrl":"https:\/\/www.entreculturas.org\/wp-content\/uploads\/2019\/12\/idai-posi-cop.jpg","width":800,"height":533},{"@type":"BreadcrumbList","@id":"https:\/\/www.entreculturas.org\/gl\/noticia\/medioambiente-y-pobreza-construir-resiliencia-frente-al-cambio-climatico\/#breadcrumb","itemListElement":[{"@type":"ListItem","position":1,"name":"Home","item":"https:\/\/www.entreculturas.org\/gl\/"},{"@type":"ListItem","position":2,"name":"Noticias","item":"https:\/\/www.entreculturas.org\/gl\/noticias\/"},{"@type":"ListItem","position":3,"name":"Medioambiente y pobreza: construir resiliencia frente al cambio clim\u00e1tico"}]},{"@type":"WebSite","@id":"https:\/\/www.entreculturas.org\/gl\/#website","url":"https:\/\/www.entreculturas.org\/gl\/","name":"Entreculturas","description":"","publisher":{"@id":"https:\/\/www.entreculturas.org\/gl\/#organization"},"alternateName":"Entreculturas","potentialAction":[{"@type":"SearchAction","target":{"@type":"EntryPoint","urlTemplate":"https:\/\/www.entreculturas.org\/gl\/?s={search_term_string}"},"query-input":{"@type":"PropertyValueSpecification","valueRequired":true,"valueName":"search_term_string"}}],"inLanguage":"gl-ES"},{"@type":"Organization","@id":"https:\/\/www.entreculturas.org\/gl\/#organization","name":"Entreculturas","url":"https:\/\/www.entreculturas.org\/gl\/","logo":{"@type":"ImageObject","inLanguage":"gl-ES","@id":"https:\/\/www.entreculturas.org\/gl\/#\/schema\/logo\/image\/","url":"https:\/\/www.entreculturas.org\/wp-content\/uploads\/2025\/10\/ESP.svg","contentUrl":"https:\/\/www.entreculturas.org\/wp-content\/uploads\/2025\/10\/ESP.svg","caption":"Entreculturas"},"image":{"@id":"https:\/\/www.entreculturas.org\/gl\/#\/schema\/logo\/image\/"},"sameAs":["https:\/\/www.facebook.com\/entreculturas","https:\/\/x.com\/Entreculturas","https:\/\/www.instagram.com\/entreculturas\/","https:\/\/www.youtube.com\/user\/entreculturasvideo","https:\/\/www.linkedin.com\/company\/fundacion-entreculturas-ngdo\/","https:\/\/www.flickr.com\/photos\/98455522@N04\/albums\/"]}]}},"_links":{"self":[{"href":"https:\/\/www.entreculturas.org\/gl\/wp-json\/wp\/v2\/noticia\/3991","targetHints":{"allow":["GET"]}}],"collection":[{"href":"https:\/\/www.entreculturas.org\/gl\/wp-json\/wp\/v2\/noticia"}],"about":[{"href":"https:\/\/www.entreculturas.org\/gl\/wp-json\/wp\/v2\/types\/noticia"}],"wp:featuredmedia":[{"embeddable":true,"href":"https:\/\/www.entreculturas.org\/gl\/wp-json\/wp\/v2\/media\/3990"}],"wp:attachment":[{"href":"https:\/\/www.entreculturas.org\/gl\/wp-json\/wp\/v2\/media?parent=3991"}],"wp:term":[{"taxonomy":"category","embeddable":true,"href":"https:\/\/www.entreculturas.org\/gl\/wp-json\/wp\/v2\/categories?post=3991"},{"taxonomy":"post_tag","embeddable":true,"href":"https:\/\/www.entreculturas.org\/gl\/wp-json\/wp\/v2\/tags?post=3991"},{"taxonomy":"country","embeddable":true,"href":"https:\/\/www.entreculturas.org\/gl\/wp-json\/wp\/v2\/country?post=3991"},{"taxonomy":"cause","embeddable":true,"href":"https:\/\/www.entreculturas.org\/gl\/wp-json\/wp\/v2\/cause?post=3991"}],"curies":[{"name":"wp","href":"https:\/\/api.w.org\/{rel}","templated":true}]}}