{"id":3941,"date":"2019-11-27T11:35:58","date_gmt":"2019-11-27T11:35:58","guid":{"rendered":"https:\/\/entreculturasi.wpenginepowered.com\/?noticias=entreculturas-en-la-cop25-la-accion-por-el-clima-no-puede-esperar"},"modified":"2024-03-14T14:59:48","modified_gmt":"2024-03-14T13:59:48","slug":"entreculturas-en-la-cop25-la-accion-por-el-clima-no-puede-esperar","status":"publish","type":"noticia","link":"https:\/\/www.entreculturas.org\/gl\/noticia\/entreculturas-en-la-cop25-la-accion-por-el-clima-no-puede-esperar\/","title":{"rendered":"Entreculturas en la COP25: la acci\u00f3n por el clima no puede esperar"},"content":{"rendered":"<\/p>\n<p>Comienza la cuenta atr\u00e1s para la celebraci\u00f3n de la<a href=\"https:\/\/www.cop25.cl\/#\/\" target=\"_blank\" rel=\"noopener\"> COP25<\/a>, la Conferencia de las Naciones Unidas sobre el Cambio Clim\u00e1tico que tendr\u00e1 lugar en Madrid entre los d\u00edas 2 y 13 de diciembre bajo la presidencia del Gobierno de Chile, lugar donde se iba a realizar la Conferencia inicialmente.<strong> M\u00e1s de 25.000 personas provenientes de 200 pa\u00edses acudir\u00e1n a la reuni\u00f3n<\/strong>, que se celebra anualmente desde hace 25 a\u00f1os.&nbsp;<\/p>\n<p>La agenda de la COP25 se centrar\u00e1 principalmente en la <strong>implementaci\u00f3n de los objetivos del<\/strong>, un compromiso al que se lleg\u00f3 tras la COP21 y que entr\u00f3 en vigor en 2016. Los 195 pa\u00edses firmantes se han comprometido a mejorar la reducci\u00f3n de sus emisiones y poner en marcha los mecanismos necesarios para limitar el calentamiento global por debajo de 2\u00baC.&nbsp;<\/p>\n<p>Sin embargo,<strong> los planes de los Gobiernos para reducir sus emisiones son insuficientes<\/strong> e incluso la ONU ha alertado recientemente de que a\u00fan cumpliendo con los compromisos del Acuerdo el objetivo de limitar el incremento la temperatura mundial estar\u00e1 fuera de alcance antes de 2030. A esto se suma la retirada del Acuerdo de algunas de las naciones m\u00e1s contaminantes del mundo, como EEUU y Brasil.<\/p>\n<p>Es por ello que la COP25 se celebra en un momento crucial, donde adem\u00e1s<strong> la sociedad civil se ha movilizado en todo el mundo<\/strong> &#8211; Fridays For Future, <a href=\"https:\/\/www.entreculturas.org\/es\/noticias\/en-entreculturas-nos-movilizamos-por-el-clima\" target=\"_blank\" rel=\"noopener\">Huelga Mundial por el Clima<\/a>\u2026 &#8211; para expresar la necesidad de establecer medidas urgentes para frenar el cambio clim\u00e1tico y garantizar la sostenibilidad del planeta.&nbsp;<\/p>\n<p><img decoding=\"async\" alt=\"\" src=\"https:\/\/www.entreculturas.org\/wp-content\/uploads\/2019\/11\/cop25-logo.jpg\" style=\"width: 800px;height: 533px\"><\/p>\n<p><span style=\"font-size:16px\"><span style=\"color:#ff0102\"><strong>La COP m\u00e1s movilizadora &#8211; Agenda de eventos:<\/strong><\/span><\/span><\/p>\n<p>En Entreculturas <strong>estaremos presentes en diferentes espacios dentro de la COP25<\/strong>&nbsp; conjuntamente con otras organizaciones hermanas de la Compa\u00f1\u00eda de Jes\u00fas y el Sector Social. Igualmente, <strong>participaremos y promovemos las movilizaciones<\/strong> que se est\u00e1n convocando con motivo de la Cumbre.&nbsp;<\/p>\n<p><strong><u>5 DE DICIEMBRE \u2013 FORO \u201cLA CUMBRE DEL CAMBIO CLIM\u00c1TICO Y EL CUIDADO DE LA CASA COM\u00daN\u201d<\/u><\/strong><\/p>\n<ul>\n<li>LUGAR: Fundaci\u00f3n Pablo VI. Paseo Juan XXIII, 3 (Madrid).<\/li>\n<li>HORA: De 10 a 14 h.<\/li>\n<\/ul>\n<p>&nbsp;<\/p>\n<p>Este Foro reunir\u00e1 a numerosos expertos alrededor a tres grandes temas: ecolog\u00eda integral y la Doctrina Social de la Iglesia; inversiones \u00e9ticas y cambio clim\u00e1tico y la educaci\u00f3n, como motor del cambio social. Inaugurado por el Secretario General de la Conferencia Episcopal Espa\u00f1ola, Mons. Luis Arg\u00fcello, en \u00e9l participar\u00e1n, entre otros, el Presidente del CELAM, Mons. Miguel Cabrejos, Tom\u00e1s Ins\u00faa, Director Ejecutivo del Movimiento Cat\u00f3lico Mundial por el Clima; Mons. Bruno-Marie Duff\u00e9, Secretario del Dicasterio para el Servicio del Desarrollo Humano Integral y Adriana Opromolla, Responsable de Seguridad Alimentaria y Cambio Clim\u00e1tico en C\u00e1ritas Internacional, entre otros.<\/p>\n<p>Programa&nbsp; e&nbsp;inscripciones, <a href=\"https:\/\/www.fpablovi.org\/index.php\/foro-cop25\" target=\"_blank\" rel=\"noopener\">consultar aqu\u00ed.&nbsp;<\/a><\/p>\n<p><u><strong>6 DE DICIMEBRE &#8211; MARCHA POR EL CLIMA<\/strong><\/u><\/p>\n<ul>\n<li>LUGAR: Iglesia de san Jer\u00f3nimo el Real<\/li>\n<li>HORA: Oraci\u00f3n: 16:30h &#8211; 17:30h. \/ Marcha:&nbsp;18:00h<\/li>\n<\/ul>\n<p>Organizada por Alianza por el Clima, se convoca a una oraci\u00f3n por el cuidado de la Casa Com\u00fan, en la Parroquia de San Jer\u00f3nimo el Real, con la idea de agrupar a todos los participantes cat\u00f3licos que deseen unirse despu\u00e9s en la Marcha por el Clima. Esta oraci\u00f3n est\u00e1 orientada a profundizar desde la Fe y nuestra tradici\u00f3n, el sentido que tiene para los cat\u00f3licos la defensa de toda vida, y el apoyo a los buenos resultados de la Cumbre Clim\u00e1tica, como medida para paliar el sufrimiento de millones de personas que se ver\u00e1n afectadas por las consecuencias del Cambio Clim\u00e1tico y la p\u00e9rdida de biodiversidad. (Organizan: Deleju, JEC, Scouts Cat\u00f3licos Madrid, Comisi\u00f3n Ecolog\u00eda Integral, Movimiento Cat\u00f3lico Mundial por el Clima)<\/p>\n<p>Despu\u00e9s de la oraci\u00f3n y saliendo de la Iglesia de los Jer\u00f3nimos, todas las entidades cat\u00f3licas que lo deseen podr\u00e1n sumarse a la<em> <\/em><strong>Marcha por el Clima<\/strong> bajo una \u00fanica gran pancarta con el lema \u201cCat\u00f3licos por el Cuidado de la Casa Com\u00fan\u201d. La marcha saldr\u00e1 desde la Iglesia de San Jer\u00f3nimo el Real para unirse a la convocatoria general que discurrir\u00e1 entre Atocha y Nuevos Ministerios, a las 18:00 h.<\/p>\n<p>&nbsp;<\/p>\n<p><u><strong>8 DE DICIEMBRE \u2013 CELEBRACI\u00d3N EUCAR\u00cdSTICA DE LOS REPRESENTANTE CAT\u00d3LICOS EN LA COP25<\/strong><\/u><\/p>\n<ul>\n<li>LUGAR: Bas\u00edlica de San Francisco el Grande<\/li>\n<li>HORA: 20:00h.<br \/>&nbsp;<\/li>\n<\/ul>\n<p>El Movimiento Cat\u00f3lico Mundial por el Clima, a petici\u00f3n de Mons. Miguel Cabrejos (Presidente del CELAM) y delegado especial en la COP25, celebrar\u00e1 una eucarist\u00eda en una iglesia emblem\u00e1tica de Madrid, para acoger a los l\u00edderes y representantes cat\u00f3licos que participan en la cumbre.&nbsp;<\/p>\n","protected":false},"excerpt":{"rendered":"<p>Comienza la cuenta atr\u00e1s para la celebraci\u00f3n de la COP25, la Conferencia de las Naciones Unidas sobre el Cambio Clim\u00e1tico que tendr\u00e1 lugar en Madrid entre los d\u00edas 2 y 13 de diciembre bajo la presidencia del Gobierno de Chile, lugar donde se iba a realizar la Conferencia inicialmente. M\u00e1s de 25.000 personas provenientes de 200 pa\u00edses acudir\u00e1n a la reuni\u00f3n, que se celebra anualmente desde hace 25 a\u00f1os. <\/p>\n","protected":false},"featured_media":3940,"template":"single-noticia","meta":{"_acf_changed":false},"categories":[7],"tags":[256],"country":[120],"cause":[131],"class_list":["post-3941","noticia","type-noticia","status-publish","has-post-thumbnail","hentry","category-noticia","tag-justicia-socioambiental","country-espana","cause-justicia-medioambiental"],"acf":[],"yoast_head":"<!-- This site is optimized with the Yoast SEO Premium plugin v21.6 (Yoast SEO v27.5) - https:\/\/yoast.com\/product\/yoast-seo-premium-wordpress\/ -->\n<title>Entreculturas en la COP25: la acci\u00f3n por el clima no puede esperar - Entreculturas<\/title>\n<meta name=\"robots\" content=\"index, follow, max-snippet:-1, max-image-preview:large, max-video-preview:-1\" \/>\n<link rel=\"canonical\" href=\"https:\/\/www.entreculturas.org\/gl\/noticia\/entreculturas-en-la-cop25-la-accion-por-el-clima-no-puede-esperar\/\" \/>\n<meta property=\"og:locale\" content=\"gl_ES\" \/>\n<meta property=\"og:type\" content=\"article\" \/>\n<meta property=\"og:title\" content=\"Entreculturas en la COP25: la acci\u00f3n por el clima no puede esperar\" \/>\n<meta property=\"og:description\" content=\"Comienza la cuenta atr\u00e1s para la celebraci\u00f3n de la COP25, la Conferencia de las Naciones Unidas sobre el Cambio Clim\u00e1tico que tendr\u00e1 lugar en Madrid entre los d\u00edas 2 y 13 de diciembre bajo la presidencia del Gobierno de Chile, lugar donde se iba a realizar la Conferencia inicialmente. M\u00e1s de 25.000 personas provenientes de 200 pa\u00edses acudir\u00e1n a la reuni\u00f3n, que se celebra anualmente desde hace 25 a\u00f1os.\" \/>\n<meta property=\"og:url\" content=\"https:\/\/www.entreculturas.org\/gl\/noticia\/entreculturas-en-la-cop25-la-accion-por-el-clima-no-puede-esperar\/\" \/>\n<meta property=\"og:site_name\" content=\"Entreculturas\" \/>\n<meta property=\"article:publisher\" content=\"https:\/\/www.facebook.com\/entreculturas\" \/>\n<meta property=\"article:modified_time\" content=\"2024-03-14T13:59:48+00:00\" \/>\n<meta property=\"og:image\" content=\"https:\/\/www.entreculturas.org\/wp-content\/uploads\/2019\/11\/cop25-logo.jpg\" \/>\n\t<meta property=\"og:image:width\" content=\"800\" \/>\n\t<meta property=\"og:image:height\" content=\"533\" \/>\n\t<meta property=\"og:image:type\" content=\"image\/jpeg\" \/>\n<meta name=\"twitter:card\" content=\"summary_large_image\" \/>\n<meta name=\"twitter:site\" content=\"@Entreculturas\" \/>\n<script type=\"application\/ld+json\" class=\"yoast-schema-graph\">{\"@context\":\"https:\\\/\\\/schema.org\",\"@graph\":[{\"@type\":\"WebPage\",\"@id\":\"https:\\\/\\\/www.entreculturas.org\\\/gl\\\/noticia\\\/entreculturas-en-la-cop25-la-accion-por-el-clima-no-puede-esperar\\\/\",\"url\":\"https:\\\/\\\/www.entreculturas.org\\\/gl\\\/noticia\\\/entreculturas-en-la-cop25-la-accion-por-el-clima-no-puede-esperar\\\/\",\"name\":\"Entreculturas en la COP25: la acci\u00f3n por el clima no puede esperar - Entreculturas\",\"isPartOf\":{\"@id\":\"https:\\\/\\\/www.entreculturas.org\\\/gl\\\/#website\"},\"primaryImageOfPage\":{\"@id\":\"https:\\\/\\\/www.entreculturas.org\\\/gl\\\/noticia\\\/entreculturas-en-la-cop25-la-accion-por-el-clima-no-puede-esperar\\\/#primaryimage\"},\"image\":{\"@id\":\"https:\\\/\\\/www.entreculturas.org\\\/gl\\\/noticia\\\/entreculturas-en-la-cop25-la-accion-por-el-clima-no-puede-esperar\\\/#primaryimage\"},\"thumbnailUrl\":\"https:\\\/\\\/www.entreculturas.org\\\/wp-content\\\/uploads\\\/2019\\\/11\\\/cop25-logo.jpg\",\"datePublished\":\"2019-11-27T11:35:58+00:00\",\"dateModified\":\"2024-03-14T13:59:48+00:00\",\"breadcrumb\":{\"@id\":\"https:\\\/\\\/www.entreculturas.org\\\/gl\\\/noticia\\\/entreculturas-en-la-cop25-la-accion-por-el-clima-no-puede-esperar\\\/#breadcrumb\"},\"inLanguage\":\"gl-ES\",\"potentialAction\":[{\"@type\":\"ReadAction\",\"target\":[\"https:\\\/\\\/www.entreculturas.org\\\/gl\\\/noticia\\\/entreculturas-en-la-cop25-la-accion-por-el-clima-no-puede-esperar\\\/\"]}]},{\"@type\":\"ImageObject\",\"inLanguage\":\"gl-ES\",\"@id\":\"https:\\\/\\\/www.entreculturas.org\\\/gl\\\/noticia\\\/entreculturas-en-la-cop25-la-accion-por-el-clima-no-puede-esperar\\\/#primaryimage\",\"url\":\"https:\\\/\\\/www.entreculturas.org\\\/wp-content\\\/uploads\\\/2019\\\/11\\\/cop25-logo.jpg\",\"contentUrl\":\"https:\\\/\\\/www.entreculturas.org\\\/wp-content\\\/uploads\\\/2019\\\/11\\\/cop25-logo.jpg\",\"width\":800,\"height\":533},{\"@type\":\"BreadcrumbList\",\"@id\":\"https:\\\/\\\/www.entreculturas.org\\\/gl\\\/noticia\\\/entreculturas-en-la-cop25-la-accion-por-el-clima-no-puede-esperar\\\/#breadcrumb\",\"itemListElement\":[{\"@type\":\"ListItem\",\"position\":1,\"name\":\"Home\",\"item\":\"https:\\\/\\\/www.entreculturas.org\\\/gl\\\/\"},{\"@type\":\"ListItem\",\"position\":2,\"name\":\"Noticias\",\"item\":\"https:\\\/\\\/www.entreculturas.org\\\/gl\\\/noticias\\\/\"},{\"@type\":\"ListItem\",\"position\":3,\"name\":\"Entreculturas en la COP25: la acci\u00f3n por el clima no puede esperar\"}]},{\"@type\":\"WebSite\",\"@id\":\"https:\\\/\\\/www.entreculturas.org\\\/gl\\\/#website\",\"url\":\"https:\\\/\\\/www.entreculturas.org\\\/gl\\\/\",\"name\":\"Entreculturas\",\"description\":\"\",\"publisher\":{\"@id\":\"https:\\\/\\\/www.entreculturas.org\\\/gl\\\/#organization\"},\"alternateName\":\"Entreculturas\",\"potentialAction\":[{\"@type\":\"SearchAction\",\"target\":{\"@type\":\"EntryPoint\",\"urlTemplate\":\"https:\\\/\\\/www.entreculturas.org\\\/gl\\\/?s={search_term_string}\"},\"query-input\":{\"@type\":\"PropertyValueSpecification\",\"valueRequired\":true,\"valueName\":\"search_term_string\"}}],\"inLanguage\":\"gl-ES\"},{\"@type\":\"Organization\",\"@id\":\"https:\\\/\\\/www.entreculturas.org\\\/gl\\\/#organization\",\"name\":\"Entreculturas\",\"url\":\"https:\\\/\\\/www.entreculturas.org\\\/gl\\\/\",\"logo\":{\"@type\":\"ImageObject\",\"inLanguage\":\"gl-ES\",\"@id\":\"https:\\\/\\\/www.entreculturas.org\\\/gl\\\/#\\\/schema\\\/logo\\\/image\\\/\",\"url\":\"https:\\\/\\\/www.entreculturas.org\\\/wp-content\\\/uploads\\\/2025\\\/10\\\/ESP.svg\",\"contentUrl\":\"https:\\\/\\\/www.entreculturas.org\\\/wp-content\\\/uploads\\\/2025\\\/10\\\/ESP.svg\",\"caption\":\"Entreculturas\"},\"image\":{\"@id\":\"https:\\\/\\\/www.entreculturas.org\\\/gl\\\/#\\\/schema\\\/logo\\\/image\\\/\"},\"sameAs\":[\"https:\\\/\\\/www.facebook.com\\\/entreculturas\",\"https:\\\/\\\/x.com\\\/Entreculturas\",\"https:\\\/\\\/www.instagram.com\\\/entreculturas\\\/\",\"https:\\\/\\\/www.youtube.com\\\/user\\\/entreculturasvideo\",\"https:\\\/\\\/www.linkedin.com\\\/company\\\/fundacion-entreculturas-ngdo\\\/\",\"https:\\\/\\\/www.flickr.com\\\/photos\\\/98455522@N04\\\/albums\\\/\"]}]}<\/script>\n<!-- \/ Yoast SEO Premium plugin. -->","yoast_head_json":{"title":"Entreculturas en la COP25: la acci\u00f3n por el clima no puede esperar - Entreculturas","robots":{"index":"index","follow":"follow","max-snippet":"max-snippet:-1","max-image-preview":"max-image-preview:large","max-video-preview":"max-video-preview:-1"},"canonical":"https:\/\/www.entreculturas.org\/gl\/noticia\/entreculturas-en-la-cop25-la-accion-por-el-clima-no-puede-esperar\/","og_locale":"gl_ES","og_type":"article","og_title":"Entreculturas en la COP25: la acci\u00f3n por el clima no puede esperar","og_description":"Comienza la cuenta atr\u00e1s para la celebraci\u00f3n de la COP25, la Conferencia de las Naciones Unidas sobre el Cambio Clim\u00e1tico que tendr\u00e1 lugar en Madrid entre los d\u00edas 2 y 13 de diciembre bajo la presidencia del Gobierno de Chile, lugar donde se iba a realizar la Conferencia inicialmente. M\u00e1s de 25.000 personas provenientes de 200 pa\u00edses acudir\u00e1n a la reuni\u00f3n, que se celebra anualmente desde hace 25 a\u00f1os.","og_url":"https:\/\/www.entreculturas.org\/gl\/noticia\/entreculturas-en-la-cop25-la-accion-por-el-clima-no-puede-esperar\/","og_site_name":"Entreculturas","article_publisher":"https:\/\/www.facebook.com\/entreculturas","article_modified_time":"2024-03-14T13:59:48+00:00","og_image":[{"width":800,"height":533,"url":"https:\/\/www.entreculturas.org\/wp-content\/uploads\/2019\/11\/cop25-logo.jpg","type":"image\/jpeg"}],"twitter_card":"summary_large_image","twitter_site":"@Entreculturas","schema":{"@context":"https:\/\/schema.org","@graph":[{"@type":"WebPage","@id":"https:\/\/www.entreculturas.org\/gl\/noticia\/entreculturas-en-la-cop25-la-accion-por-el-clima-no-puede-esperar\/","url":"https:\/\/www.entreculturas.org\/gl\/noticia\/entreculturas-en-la-cop25-la-accion-por-el-clima-no-puede-esperar\/","name":"Entreculturas en la COP25: la acci\u00f3n por el clima no puede esperar - Entreculturas","isPartOf":{"@id":"https:\/\/www.entreculturas.org\/gl\/#website"},"primaryImageOfPage":{"@id":"https:\/\/www.entreculturas.org\/gl\/noticia\/entreculturas-en-la-cop25-la-accion-por-el-clima-no-puede-esperar\/#primaryimage"},"image":{"@id":"https:\/\/www.entreculturas.org\/gl\/noticia\/entreculturas-en-la-cop25-la-accion-por-el-clima-no-puede-esperar\/#primaryimage"},"thumbnailUrl":"https:\/\/www.entreculturas.org\/wp-content\/uploads\/2019\/11\/cop25-logo.jpg","datePublished":"2019-11-27T11:35:58+00:00","dateModified":"2024-03-14T13:59:48+00:00","breadcrumb":{"@id":"https:\/\/www.entreculturas.org\/gl\/noticia\/entreculturas-en-la-cop25-la-accion-por-el-clima-no-puede-esperar\/#breadcrumb"},"inLanguage":"gl-ES","potentialAction":[{"@type":"ReadAction","target":["https:\/\/www.entreculturas.org\/gl\/noticia\/entreculturas-en-la-cop25-la-accion-por-el-clima-no-puede-esperar\/"]}]},{"@type":"ImageObject","inLanguage":"gl-ES","@id":"https:\/\/www.entreculturas.org\/gl\/noticia\/entreculturas-en-la-cop25-la-accion-por-el-clima-no-puede-esperar\/#primaryimage","url":"https:\/\/www.entreculturas.org\/wp-content\/uploads\/2019\/11\/cop25-logo.jpg","contentUrl":"https:\/\/www.entreculturas.org\/wp-content\/uploads\/2019\/11\/cop25-logo.jpg","width":800,"height":533},{"@type":"BreadcrumbList","@id":"https:\/\/www.entreculturas.org\/gl\/noticia\/entreculturas-en-la-cop25-la-accion-por-el-clima-no-puede-esperar\/#breadcrumb","itemListElement":[{"@type":"ListItem","position":1,"name":"Home","item":"https:\/\/www.entreculturas.org\/gl\/"},{"@type":"ListItem","position":2,"name":"Noticias","item":"https:\/\/www.entreculturas.org\/gl\/noticias\/"},{"@type":"ListItem","position":3,"name":"Entreculturas en la COP25: la acci\u00f3n por el clima no puede esperar"}]},{"@type":"WebSite","@id":"https:\/\/www.entreculturas.org\/gl\/#website","url":"https:\/\/www.entreculturas.org\/gl\/","name":"Entreculturas","description":"","publisher":{"@id":"https:\/\/www.entreculturas.org\/gl\/#organization"},"alternateName":"Entreculturas","potentialAction":[{"@type":"SearchAction","target":{"@type":"EntryPoint","urlTemplate":"https:\/\/www.entreculturas.org\/gl\/?s={search_term_string}"},"query-input":{"@type":"PropertyValueSpecification","valueRequired":true,"valueName":"search_term_string"}}],"inLanguage":"gl-ES"},{"@type":"Organization","@id":"https:\/\/www.entreculturas.org\/gl\/#organization","name":"Entreculturas","url":"https:\/\/www.entreculturas.org\/gl\/","logo":{"@type":"ImageObject","inLanguage":"gl-ES","@id":"https:\/\/www.entreculturas.org\/gl\/#\/schema\/logo\/image\/","url":"https:\/\/www.entreculturas.org\/wp-content\/uploads\/2025\/10\/ESP.svg","contentUrl":"https:\/\/www.entreculturas.org\/wp-content\/uploads\/2025\/10\/ESP.svg","caption":"Entreculturas"},"image":{"@id":"https:\/\/www.entreculturas.org\/gl\/#\/schema\/logo\/image\/"},"sameAs":["https:\/\/www.facebook.com\/entreculturas","https:\/\/x.com\/Entreculturas","https:\/\/www.instagram.com\/entreculturas\/","https:\/\/www.youtube.com\/user\/entreculturasvideo","https:\/\/www.linkedin.com\/company\/fundacion-entreculturas-ngdo\/","https:\/\/www.flickr.com\/photos\/98455522@N04\/albums\/"]}]}},"_links":{"self":[{"href":"https:\/\/www.entreculturas.org\/gl\/wp-json\/wp\/v2\/noticia\/3941","targetHints":{"allow":["GET"]}}],"collection":[{"href":"https:\/\/www.entreculturas.org\/gl\/wp-json\/wp\/v2\/noticia"}],"about":[{"href":"https:\/\/www.entreculturas.org\/gl\/wp-json\/wp\/v2\/types\/noticia"}],"wp:featuredmedia":[{"embeddable":true,"href":"https:\/\/www.entreculturas.org\/gl\/wp-json\/wp\/v2\/media\/3940"}],"wp:attachment":[{"href":"https:\/\/www.entreculturas.org\/gl\/wp-json\/wp\/v2\/media?parent=3941"}],"wp:term":[{"taxonomy":"category","embeddable":true,"href":"https:\/\/www.entreculturas.org\/gl\/wp-json\/wp\/v2\/categories?post=3941"},{"taxonomy":"post_tag","embeddable":true,"href":"https:\/\/www.entreculturas.org\/gl\/wp-json\/wp\/v2\/tags?post=3941"},{"taxonomy":"country","embeddable":true,"href":"https:\/\/www.entreculturas.org\/gl\/wp-json\/wp\/v2\/country?post=3941"},{"taxonomy":"cause","embeddable":true,"href":"https:\/\/www.entreculturas.org\/gl\/wp-json\/wp\/v2\/cause?post=3941"}],"curies":[{"name":"wp","href":"https:\/\/api.w.org\/{rel}","templated":true}]}}