{"id":38960,"date":"2025-05-09T11:16:36","date_gmt":"2025-05-09T09:16:36","guid":{"rendered":"https:\/\/www.entreculturas.org\/?post_type=noticia&#038;p=38960"},"modified":"2025-05-09T11:26:37","modified_gmt":"2025-05-09T09:26:37","slug":"educacion-en-movimiento-mujeres-que-aprenden-mujeres-que-transforman","status":"publish","type":"noticia","link":"https:\/\/www.entreculturas.org\/gl\/noticia\/educacion-en-movimiento-mujeres-que-aprenden-mujeres-que-transforman\/","title":{"rendered":"Educaci\u00f3n en movimiento: mujeres que aprenden, mujeres que transforman"},"content":{"rendered":"\n<p><strong>Recientemente, nuestra compa\u00f1era Natalia B\u00e1ez Gonz\u00e1lez<\/strong>, que acompa\u00f1a nuestros&nbsp; proyectos en M\u00e9xico y Per\u00fa, viaj\u00f3 a Per\u00fa para conocer de cerca el trabajo que llevamos adelante junto a <strong>Fe y Alegr\u00eda <\/strong>en contextos rurales y amaz\u00f3nicos.Durante su recorrido por el departamento de Loreto, en plena Amazon\u00eda, conoci\u00f3 la experiencia de los c\u00edrculos de aprendizaje: espacios educativos descentralizados donde j\u00f3venes y personas adultas, especialmente mujeres, retoman sus estudios.<\/p>\n\n\n\n<p><br>Desde la comunidad de Ex Petroleros, Natalia nos comparte una cr\u00f3nica profundamente humana, que refleja el poder transformador de la educaci\u00f3n cuando llega all\u00ed donde m\u00e1s se necesita.<br><\/p>\n\n\n\n<h2 class=\"wp-block-heading has-din-font-family has-x-large-font-size\" id=\"h-un-primer-viaje-un-descubrimiento\"><strong>Un primer viaje, un descubrimiento<\/strong><\/h2>\n\n\n\n<p><br>En octubre del a\u00f1o pasado, hice mi primer viaje a Per\u00fa. Una de las experiencias que m\u00e1s me marc\u00f3 fue conocer Iquitos, una ciudad ubicada en el departamento de Loreto, en plena Amazon\u00eda peruana.<br><br>Iquitos es una puerta de entrada a la selva peruana, con su clima tropical, su gente c\u00e1lida y amable, y ese acento tan caracter\u00edstico que te envuelve con su encanto.<\/p>\n\n\n\n<p>All\u00ed conocimos el incre\u00edble trabajo que lleva adelante la Red Rural Educativa 47 de Fe y Alegr\u00eda Per\u00fa, que acompa\u00f1a a 2.841 estudiantes en 22 comunidades a lo largo de la carretera de Nauta (distrito de San Juan Bautista, Loreto). La red gestiona 17 escuelas iniciales, 22 primarias, 5 secundarias (una con residencia estudiantil), un Centro de Educaci\u00f3n Alternativa (CEBA), un Centro de Educaci\u00f3n T\u00e9cnico-Productiva (CETPRO) y un Instituto Superior Tecnol\u00f3gico (IST). \u00a1Vaya trabajazo!<br><\/p>\n\n\n\n<figure class=\"wp-block-image aligncenter size-large is-resized\"><img decoding=\"async\" width=\"1331\" height=\"749\" src=\"https:\/\/www.entreculturas.org\/wp-content\/uploads\/2025\/05\/1-1-edited.jpg\" alt=\"c\u00edrculos de aprendizaje en Per\u00fa 2\" class=\"wp-image-38973\" style=\"width:948px;height:auto\" srcset=\"https:\/\/www.entreculturas.org\/wp-content\/uploads\/2025\/05\/1-1-edited.jpg 1331w, https:\/\/www.entreculturas.org\/wp-content\/uploads\/2025\/05\/1-1-edited-300x169.jpg 300w, https:\/\/www.entreculturas.org\/wp-content\/uploads\/2025\/05\/1-1-edited-1024x576.jpg 1024w, https:\/\/www.entreculturas.org\/wp-content\/uploads\/2025\/05\/1-1-edited-768x432.jpg 768w\" sizes=\"(max-width: 1331px) 100vw, 1331px\" \/><\/figure>\n\n\n\n<p><br><\/p>\n\n\n\n<h2 class=\"wp-block-heading has-din-font-family has-x-large-font-size\" id=\"h-educacion-que-se-mueve-hacia-donde-hace-falta\"><strong>Educaci\u00f3n que se mueve hacia donde hace falta<\/strong><\/h2>\n\n\n\n<p><br>Si bien me llevo muchas caras, nombres y momentos de este viaje, hay una visita en particular que me dej\u00f3 una experiencia que guardo con mucho cari\u00f1o. Fuimos a la comunidad de Ex Petroleros, donde funcionan los c\u00edrculos de aprendizaje de Educaci\u00f3n B\u00e1sica Alternativa (EBA).<br><\/p>\n\n\n\n<p>Estos c\u00edrculos son espacios descentralizados e itinerantes que llevan la educaci\u00f3n hasta donde realmente se necesita, generalmente en contextos rurales o contextos en situaci\u00f3n de vulnerabilidad donde la escuela no llega, o son dif\u00edciles de acceder. Creo que eso es lo m\u00e1s interesante: la idea de la educaci\u00f3n en movimiento. Estos c\u00edrculos permiten que j\u00f3venes y personas adultas que no pudieron terminar la primaria o secundaria lo hagan sin tener que asistir todos los d\u00edas a un centro educativo.<br><\/p>\n\n\n\n<h2 class=\"wp-block-heading has-din-font-family has-x-large-font-size\" id=\"h-cuando-aprender-es-tambien-reencontrarse\"><strong>Cuando aprender es tambi\u00e9n reencontrarse<\/strong><\/h2>\n\n\n\n<p><br>Llamativamente, en este c\u00edrculo asisten mayoritariamente mujeres. Nos reunimos en el aula donde reciben las clases, en plena siesta, con un calor h\u00famedo caracter\u00edstico de la selva.<br>Escuchamos historias incre\u00edbles, relatos de mujeres valientes que han superado muchas dificultades. Muchas de ellas asisten a las clases con el sue\u00f1o de aprender a leer y escribir para poder ayudar a sus hijos e hijas en la escuela.<br><\/p>\n\n\n\n<p>Pero hubo algo que todas resaltaron y que, en mi opini\u00f3n, es el gran desaf\u00edo: para ellas, estos c\u00edrculos no son solo espacios de aprendizaje, sino tambi\u00e9n de <strong>encuentro con otras mujeres, de escape de la rutina, de liberarse de roles tradicionales<\/strong> con los que han cargado toda su vida (cocinar, encargarse del hogar, cuidar de todo y de todos) para, por primera vez, hacer algo por y para ellas mismas.<br><\/p>\n\n\n\n<p>Tambi\u00e9n valoraron much\u00edsimo a sus profesores y profesoras, que con cari\u00f1o y paciencia las acompa\u00f1an en este proceso. Aquella tarde, en ese peque\u00f1o sal\u00f3n de clases en medio de la selva amaz\u00f3nica peruana, confirm\u00e9 una vez m\u00e1s que lo que hacemos desde Fe y Alegr\u00eda vale la pena. A\u00fan queda mucho por hacer, mucho camino por recorrer, muchos desaf\u00edos que asumir\u2026 pero saber que estamos contribuyendo a cambiar la vida de tantas personas, y en este caso de tantas mujeres, es la mayor fuente de motivaci\u00f3n.<br><\/p>\n\n\n\n<p>Esta experiencia me record\u00f3 que la educaci\u00f3n no solo abre puertas, sino que transforma vidas y comunidades enteras. En Entreculturas creemos firmemente en el poder de la educaci\u00f3n como herramienta para construir un mundo justo y equitativo.<br><br>Por eso, seguimos apostando por iniciativas que, como los c\u00edrculos de aprendizaje en Per\u00fa, llevan la educaci\u00f3n all\u00ed donde m\u00e1s se necesita.<\/p>\n","protected":false},"excerpt":{"rendered":"<p>Recientemente, nuestra compa\u00f1era Natalia B\u00e1ez Gonz\u00e1lez, que acompa\u00f1a nuestros&nbsp; proyectos en M\u00e9xico y Per\u00fa, viaj\u00f3 a Per\u00fa para conocer de cerca el trabajo que llevamos adelante junto a Fe y Alegr\u00eda en contextos rurales y amaz\u00f3nicos.Durante su recorrido por el departamento de Loreto, en plena Amazon\u00eda, conoci\u00f3 la experiencia de los c\u00edrculos de aprendizaje: espacios educativos descentralizados donde j\u00f3venes y personas adultas, especialmente mujeres, retoman sus estudios. Desde la comunidad de Ex Petroleros, Natalia nos comparte una cr\u00f3nica profundamente humana, que refleja el poder transformador de la educaci\u00f3n cuando llega all\u00ed donde m\u00e1s se necesita. Un primer viaje, un descubrimiento En octubre del a\u00f1o pasado, hice mi primer viaje a Per\u00fa. Una de las experiencias que m\u00e1s me marc\u00f3 fue conocer Iquitos, una ciudad ubicada en el departamento de Loreto, en plena Amazon\u00eda peruana. Iquitos es una puerta de entrada a la selva peruana, con su clima tropical, su gente [&hellip;]<\/p>\n","protected":false},"featured_media":38962,"template":"","meta":{"_acf_changed":false},"categories":[7],"tags":[289],"country":[123],"cause":[],"class_list":["post-38960","noticia","type-noticia","status-publish","has-post-thumbnail","hentry","category-noticia","tag-educacion","country-peru"],"acf":[],"yoast_head":"<!-- This site is optimized with the Yoast SEO Premium plugin v21.6 (Yoast SEO v27.5) - https:\/\/yoast.com\/product\/yoast-seo-premium-wordpress\/ -->\n<title>Educaci\u00f3n en movimiento: mujeres que aprenden, mujeres que transforman - Entreculturas<\/title>\n<meta name=\"description\" content=\"Los c\u00edrculos de aprendizaje en Per\u00fa est\u00e1n cambiando vidas en la Amazon\u00eda: mujeres que retoman sus estudios y construyen comunidad.\" \/>\n<meta name=\"robots\" content=\"index, follow, max-snippet:-1, max-image-preview:large, max-video-preview:-1\" \/>\n<link rel=\"canonical\" href=\"https:\/\/www.entreculturas.org\/gl\/noticia\/educacion-en-movimiento-mujeres-que-aprenden-mujeres-que-transforman\/\" \/>\n<meta property=\"og:locale\" content=\"gl_ES\" \/>\n<meta property=\"og:type\" content=\"article\" \/>\n<meta property=\"og:title\" content=\"Educaci\u00f3n en movimiento: mujeres que aprenden, mujeres que transforman\" \/>\n<meta property=\"og:description\" content=\"Los c\u00edrculos de aprendizaje en Per\u00fa est\u00e1n cambiando vidas en la Amazon\u00eda: mujeres que retoman sus estudios y construyen comunidad.\" \/>\n<meta property=\"og:url\" content=\"https:\/\/www.entreculturas.org\/gl\/noticia\/educacion-en-movimiento-mujeres-que-aprenden-mujeres-que-transforman\/\" \/>\n<meta property=\"og:site_name\" content=\"Entreculturas\" \/>\n<meta property=\"article:publisher\" content=\"https:\/\/www.facebook.com\/entreculturas\" \/>\n<meta property=\"article:modified_time\" content=\"2025-05-09T09:26:37+00:00\" \/>\n<meta property=\"og:image\" content=\"https:\/\/www.entreculturas.org\/wp-content\/uploads\/2025\/05\/1.jpg\" \/>\n\t<meta property=\"og:image:width\" content=\"1034\" \/>\n\t<meta property=\"og:image:height\" content=\"450\" \/>\n\t<meta property=\"og:image:type\" content=\"image\/jpeg\" \/>\n<meta name=\"twitter:card\" content=\"summary_large_image\" \/>\n<meta name=\"twitter:site\" content=\"@Entreculturas\" \/>\n<script type=\"application\/ld+json\" class=\"yoast-schema-graph\">{\"@context\":\"https:\\\/\\\/schema.org\",\"@graph\":[{\"@type\":\"WebPage\",\"@id\":\"https:\\\/\\\/www.entreculturas.org\\\/gl\\\/noticia\\\/educacion-en-movimiento-mujeres-que-aprenden-mujeres-que-transforman\\\/\",\"url\":\"https:\\\/\\\/www.entreculturas.org\\\/gl\\\/noticia\\\/educacion-en-movimiento-mujeres-que-aprenden-mujeres-que-transforman\\\/\",\"name\":\"Educaci\u00f3n en movimiento: mujeres que aprenden, mujeres que transforman - Entreculturas\",\"isPartOf\":{\"@id\":\"https:\\\/\\\/www.entreculturas.org\\\/gl\\\/#website\"},\"primaryImageOfPage\":{\"@id\":\"https:\\\/\\\/www.entreculturas.org\\\/gl\\\/noticia\\\/educacion-en-movimiento-mujeres-que-aprenden-mujeres-que-transforman\\\/#primaryimage\"},\"image\":{\"@id\":\"https:\\\/\\\/www.entreculturas.org\\\/gl\\\/noticia\\\/educacion-en-movimiento-mujeres-que-aprenden-mujeres-que-transforman\\\/#primaryimage\"},\"thumbnailUrl\":\"https:\\\/\\\/www.entreculturas.org\\\/wp-content\\\/uploads\\\/2025\\\/05\\\/1.jpg\",\"datePublished\":\"2025-05-09T09:16:36+00:00\",\"dateModified\":\"2025-05-09T09:26:37+00:00\",\"description\":\"Los c\u00edrculos de aprendizaje en Per\u00fa est\u00e1n cambiando vidas en la Amazon\u00eda: mujeres que retoman sus estudios y construyen comunidad.\",\"breadcrumb\":{\"@id\":\"https:\\\/\\\/www.entreculturas.org\\\/gl\\\/noticia\\\/educacion-en-movimiento-mujeres-que-aprenden-mujeres-que-transforman\\\/#breadcrumb\"},\"inLanguage\":\"gl-ES\",\"potentialAction\":[{\"@type\":\"ReadAction\",\"target\":[\"https:\\\/\\\/www.entreculturas.org\\\/gl\\\/noticia\\\/educacion-en-movimiento-mujeres-que-aprenden-mujeres-que-transforman\\\/\"]}]},{\"@type\":\"ImageObject\",\"inLanguage\":\"gl-ES\",\"@id\":\"https:\\\/\\\/www.entreculturas.org\\\/gl\\\/noticia\\\/educacion-en-movimiento-mujeres-que-aprenden-mujeres-que-transforman\\\/#primaryimage\",\"url\":\"https:\\\/\\\/www.entreculturas.org\\\/wp-content\\\/uploads\\\/2025\\\/05\\\/1.jpg\",\"contentUrl\":\"https:\\\/\\\/www.entreculturas.org\\\/wp-content\\\/uploads\\\/2025\\\/05\\\/1.jpg\",\"width\":1034,\"height\":450,\"caption\":\"c\u00edrculos de aprendizaje en Per\u00fa\"},{\"@type\":\"BreadcrumbList\",\"@id\":\"https:\\\/\\\/www.entreculturas.org\\\/gl\\\/noticia\\\/educacion-en-movimiento-mujeres-que-aprenden-mujeres-que-transforman\\\/#breadcrumb\",\"itemListElement\":[{\"@type\":\"ListItem\",\"position\":1,\"name\":\"Home\",\"item\":\"https:\\\/\\\/www.entreculturas.org\\\/gl\\\/\"},{\"@type\":\"ListItem\",\"position\":2,\"name\":\"Noticias\",\"item\":\"https:\\\/\\\/www.entreculturas.org\\\/gl\\\/noticias\\\/\"},{\"@type\":\"ListItem\",\"position\":3,\"name\":\"Educaci\u00f3n en movimiento: mujeres que aprenden, mujeres que transforman\"}]},{\"@type\":\"WebSite\",\"@id\":\"https:\\\/\\\/www.entreculturas.org\\\/gl\\\/#website\",\"url\":\"https:\\\/\\\/www.entreculturas.org\\\/gl\\\/\",\"name\":\"Entreculturas\",\"description\":\"\",\"publisher\":{\"@id\":\"https:\\\/\\\/www.entreculturas.org\\\/gl\\\/#organization\"},\"alternateName\":\"Entreculturas\",\"potentialAction\":[{\"@type\":\"SearchAction\",\"target\":{\"@type\":\"EntryPoint\",\"urlTemplate\":\"https:\\\/\\\/www.entreculturas.org\\\/gl\\\/?s={search_term_string}\"},\"query-input\":{\"@type\":\"PropertyValueSpecification\",\"valueRequired\":true,\"valueName\":\"search_term_string\"}}],\"inLanguage\":\"gl-ES\"},{\"@type\":\"Organization\",\"@id\":\"https:\\\/\\\/www.entreculturas.org\\\/gl\\\/#organization\",\"name\":\"Entreculturas\",\"url\":\"https:\\\/\\\/www.entreculturas.org\\\/gl\\\/\",\"logo\":{\"@type\":\"ImageObject\",\"inLanguage\":\"gl-ES\",\"@id\":\"https:\\\/\\\/www.entreculturas.org\\\/gl\\\/#\\\/schema\\\/logo\\\/image\\\/\",\"url\":\"https:\\\/\\\/www.entreculturas.org\\\/wp-content\\\/uploads\\\/2025\\\/10\\\/ESP.svg\",\"contentUrl\":\"https:\\\/\\\/www.entreculturas.org\\\/wp-content\\\/uploads\\\/2025\\\/10\\\/ESP.svg\",\"caption\":\"Entreculturas\"},\"image\":{\"@id\":\"https:\\\/\\\/www.entreculturas.org\\\/gl\\\/#\\\/schema\\\/logo\\\/image\\\/\"},\"sameAs\":[\"https:\\\/\\\/www.facebook.com\\\/entreculturas\",\"https:\\\/\\\/x.com\\\/Entreculturas\",\"https:\\\/\\\/www.instagram.com\\\/entreculturas\\\/\",\"https:\\\/\\\/www.youtube.com\\\/user\\\/entreculturasvideo\",\"https:\\\/\\\/www.linkedin.com\\\/company\\\/fundacion-entreculturas-ngdo\\\/\",\"https:\\\/\\\/www.flickr.com\\\/photos\\\/98455522@N04\\\/albums\\\/\"]}]}<\/script>\n<!-- \/ Yoast SEO Premium plugin. -->","yoast_head_json":{"title":"Educaci\u00f3n en movimiento: mujeres que aprenden, mujeres que transforman - Entreculturas","description":"Los c\u00edrculos de aprendizaje en Per\u00fa est\u00e1n cambiando vidas en la Amazon\u00eda: mujeres que retoman sus estudios y construyen comunidad.","robots":{"index":"index","follow":"follow","max-snippet":"max-snippet:-1","max-image-preview":"max-image-preview:large","max-video-preview":"max-video-preview:-1"},"canonical":"https:\/\/www.entreculturas.org\/gl\/noticia\/educacion-en-movimiento-mujeres-que-aprenden-mujeres-que-transforman\/","og_locale":"gl_ES","og_type":"article","og_title":"Educaci\u00f3n en movimiento: mujeres que aprenden, mujeres que transforman","og_description":"Los c\u00edrculos de aprendizaje en Per\u00fa est\u00e1n cambiando vidas en la Amazon\u00eda: mujeres que retoman sus estudios y construyen comunidad.","og_url":"https:\/\/www.entreculturas.org\/gl\/noticia\/educacion-en-movimiento-mujeres-que-aprenden-mujeres-que-transforman\/","og_site_name":"Entreculturas","article_publisher":"https:\/\/www.facebook.com\/entreculturas","article_modified_time":"2025-05-09T09:26:37+00:00","og_image":[{"width":1034,"height":450,"url":"https:\/\/www.entreculturas.org\/wp-content\/uploads\/2025\/05\/1.jpg","type":"image\/jpeg"}],"twitter_card":"summary_large_image","twitter_site":"@Entreculturas","schema":{"@context":"https:\/\/schema.org","@graph":[{"@type":"WebPage","@id":"https:\/\/www.entreculturas.org\/gl\/noticia\/educacion-en-movimiento-mujeres-que-aprenden-mujeres-que-transforman\/","url":"https:\/\/www.entreculturas.org\/gl\/noticia\/educacion-en-movimiento-mujeres-que-aprenden-mujeres-que-transforman\/","name":"Educaci\u00f3n en movimiento: mujeres que aprenden, mujeres que transforman - Entreculturas","isPartOf":{"@id":"https:\/\/www.entreculturas.org\/gl\/#website"},"primaryImageOfPage":{"@id":"https:\/\/www.entreculturas.org\/gl\/noticia\/educacion-en-movimiento-mujeres-que-aprenden-mujeres-que-transforman\/#primaryimage"},"image":{"@id":"https:\/\/www.entreculturas.org\/gl\/noticia\/educacion-en-movimiento-mujeres-que-aprenden-mujeres-que-transforman\/#primaryimage"},"thumbnailUrl":"https:\/\/www.entreculturas.org\/wp-content\/uploads\/2025\/05\/1.jpg","datePublished":"2025-05-09T09:16:36+00:00","dateModified":"2025-05-09T09:26:37+00:00","description":"Los c\u00edrculos de aprendizaje en Per\u00fa est\u00e1n cambiando vidas en la Amazon\u00eda: mujeres que retoman sus estudios y construyen comunidad.","breadcrumb":{"@id":"https:\/\/www.entreculturas.org\/gl\/noticia\/educacion-en-movimiento-mujeres-que-aprenden-mujeres-que-transforman\/#breadcrumb"},"inLanguage":"gl-ES","potentialAction":[{"@type":"ReadAction","target":["https:\/\/www.entreculturas.org\/gl\/noticia\/educacion-en-movimiento-mujeres-que-aprenden-mujeres-que-transforman\/"]}]},{"@type":"ImageObject","inLanguage":"gl-ES","@id":"https:\/\/www.entreculturas.org\/gl\/noticia\/educacion-en-movimiento-mujeres-que-aprenden-mujeres-que-transforman\/#primaryimage","url":"https:\/\/www.entreculturas.org\/wp-content\/uploads\/2025\/05\/1.jpg","contentUrl":"https:\/\/www.entreculturas.org\/wp-content\/uploads\/2025\/05\/1.jpg","width":1034,"height":450,"caption":"c\u00edrculos de aprendizaje en Per\u00fa"},{"@type":"BreadcrumbList","@id":"https:\/\/www.entreculturas.org\/gl\/noticia\/educacion-en-movimiento-mujeres-que-aprenden-mujeres-que-transforman\/#breadcrumb","itemListElement":[{"@type":"ListItem","position":1,"name":"Home","item":"https:\/\/www.entreculturas.org\/gl\/"},{"@type":"ListItem","position":2,"name":"Noticias","item":"https:\/\/www.entreculturas.org\/gl\/noticias\/"},{"@type":"ListItem","position":3,"name":"Educaci\u00f3n en movimiento: mujeres que aprenden, mujeres que transforman"}]},{"@type":"WebSite","@id":"https:\/\/www.entreculturas.org\/gl\/#website","url":"https:\/\/www.entreculturas.org\/gl\/","name":"Entreculturas","description":"","publisher":{"@id":"https:\/\/www.entreculturas.org\/gl\/#organization"},"alternateName":"Entreculturas","potentialAction":[{"@type":"SearchAction","target":{"@type":"EntryPoint","urlTemplate":"https:\/\/www.entreculturas.org\/gl\/?s={search_term_string}"},"query-input":{"@type":"PropertyValueSpecification","valueRequired":true,"valueName":"search_term_string"}}],"inLanguage":"gl-ES"},{"@type":"Organization","@id":"https:\/\/www.entreculturas.org\/gl\/#organization","name":"Entreculturas","url":"https:\/\/www.entreculturas.org\/gl\/","logo":{"@type":"ImageObject","inLanguage":"gl-ES","@id":"https:\/\/www.entreculturas.org\/gl\/#\/schema\/logo\/image\/","url":"https:\/\/www.entreculturas.org\/wp-content\/uploads\/2025\/10\/ESP.svg","contentUrl":"https:\/\/www.entreculturas.org\/wp-content\/uploads\/2025\/10\/ESP.svg","caption":"Entreculturas"},"image":{"@id":"https:\/\/www.entreculturas.org\/gl\/#\/schema\/logo\/image\/"},"sameAs":["https:\/\/www.facebook.com\/entreculturas","https:\/\/x.com\/Entreculturas","https:\/\/www.instagram.com\/entreculturas\/","https:\/\/www.youtube.com\/user\/entreculturasvideo","https:\/\/www.linkedin.com\/company\/fundacion-entreculturas-ngdo\/","https:\/\/www.flickr.com\/photos\/98455522@N04\/albums\/"]}]}},"_links":{"self":[{"href":"https:\/\/www.entreculturas.org\/gl\/wp-json\/wp\/v2\/noticia\/38960","targetHints":{"allow":["GET"]}}],"collection":[{"href":"https:\/\/www.entreculturas.org\/gl\/wp-json\/wp\/v2\/noticia"}],"about":[{"href":"https:\/\/www.entreculturas.org\/gl\/wp-json\/wp\/v2\/types\/noticia"}],"wp:featuredmedia":[{"embeddable":true,"href":"https:\/\/www.entreculturas.org\/gl\/wp-json\/wp\/v2\/media\/38962"}],"wp:attachment":[{"href":"https:\/\/www.entreculturas.org\/gl\/wp-json\/wp\/v2\/media?parent=38960"}],"wp:term":[{"taxonomy":"category","embeddable":true,"href":"https:\/\/www.entreculturas.org\/gl\/wp-json\/wp\/v2\/categories?post=38960"},{"taxonomy":"post_tag","embeddable":true,"href":"https:\/\/www.entreculturas.org\/gl\/wp-json\/wp\/v2\/tags?post=38960"},{"taxonomy":"country","embeddable":true,"href":"https:\/\/www.entreculturas.org\/gl\/wp-json\/wp\/v2\/country?post=38960"},{"taxonomy":"cause","embeddable":true,"href":"https:\/\/www.entreculturas.org\/gl\/wp-json\/wp\/v2\/cause?post=38960"}],"curies":[{"name":"wp","href":"https:\/\/api.w.org\/{rel}","templated":true}]}}