{"id":38747,"date":"2025-04-21T12:10:11","date_gmt":"2025-04-21T10:10:11","guid":{"rendered":"https:\/\/www.entreculturas.org\/?post_type=noticia&#038;p=38747"},"modified":"2025-04-30T13:01:41","modified_gmt":"2025-04-30T11:01:41","slug":"y-no-se-olvido-de-los-pobres","status":"publish","type":"noticia","link":"https:\/\/www.entreculturas.org\/gl\/noticia\/y-no-se-olvido-de-los-pobres\/","title":{"rendered":"\u00a1Y NO SE OLVID\u00d3 DE LOS POBRES!"},"content":{"rendered":"\n<p>Por <strong>Mart\u00edn Iriberri SJ<\/strong>, Director General de Entreculturas y Alboan<br><\/p>\n\n\n\n<p>No te olvides de los pobres. Este fue el consejo que Jorge Mario Bergoglio recibi\u00f3 -la noche del 13 de marzo de 2013 en la que fue elegido Papa- del cardenal brasile\u00f1o Hummes compa\u00f1ero de C\u00f3nclave y amigo suyo durante d\u00e9cadas. Dijo el papa en sus primeras declaraciones p\u00fablicas que, inmediatamente, le vino a su coraz\u00f3n la figura y el nombre de San Francisco de As\u00eds pobre entre los pobres y hermano de toda la creaci\u00f3n.<br><\/p>\n\n\n\n<p>Las personas y comunidades que hacemos parte de la misi\u00f3n jesuita podemos decir que la preferencia apost\u00f3lica de la Compa\u00f1\u00eda de Jes\u00fas <em>\u201cCaminar junto a los pobres, los descartados del mundo, los vulnerados en su dignidad en una misi\u00f3n de reconciliaci\u00f3n y justicia\u201d<\/em> ha sido fuertemente iluminada por el pontificado de Francisco. Por su mirada y sus gestos, por sus abrazos y oraciones, por sus frecuentes reuniones con los movimientos sociales, su denuncia continua de los conflictos armados, de las fronteras inhumanas levantadas contra la protecci\u00f3n y la dignidad de quienes migran, por el se\u00f1alamiento permanente a la econom\u00eda que mata, por la atenci\u00f3n permanente a la crisis socio medioambiental que descarta la vida de las personas y los ecosistemas haci\u00e9ndolos cada vez m\u00e1s invivibles. Y su llamado continuo a la sinodalidad, que no es s\u00f3lo el derecho de todos a la participaci\u00f3n y el protagonismo en la Iglesia, sino y sobre todo el reconocimiento de la capacidad que todas las personas tienen de aportar algo valioso a la comunidad, por muy heridas o rotas que lleguen a estar.<br><\/p>\n\n\n\n<p>El primer viaje del Papa Francisco fuera de Roma fue a la isla de Lampedusa para honrar la vida de las personas ahogadas a las puertas de Europa; su primera Semana Santa la celebr\u00f3 en la c\u00e1rcel romana de Marmo ese mismo a\u00f1o 2013; en su participaci\u00f3n en el primero de los encuentros con los movimientos de justicia social en 2014, dijo que <em>\u201cMientras no se resuelvan radicalmente los problemas de los pobres, renunciando a la autonom\u00eda absoluta de los mercados y de la especulaci\u00f3n financiera, y atacando las causas estructurales de la inequidad, no se resolver\u00e1n los problemas del mundo y, en definitiva, ning\u00fan problema. La inequidad es ra\u00edz de los males sociales\u201d<\/em><br><\/p>\n\n\n\n<p>No s\u00f3lo sus gestos, sino tambi\u00e9n sus escritos. Evangelii Gaudium en 2013 en la que se anima a los cristianos a ser portadores de esperanza y de alegr\u00eda en un mundo lleno de conflictos y en la que se denuncia ya el tema de una econom\u00eda que genera desigualdad. &nbsp;Laudato Si en 2015 sobre el cuidado de la Casa Com\u00fan en la que advierte de una \u00fanica crisis social y ambiental provocada por la sobre explotaci\u00f3n de los bienes de la Tierra, el calentamiento global y el cambio clim\u00e1tico que afecta especialmente a las comunidades m\u00e1s vulnerables y las enfrenta con los intereses econ\u00f3micos contrarios al bien com\u00fan. Fratelli Tutti 2020 en la que invita a promover el bien com\u00fan por medio de la fraternidad, la amistad social, la inclusi\u00f3n y el di\u00e1logo, frente al paradigma de la violencia y la imposici\u00f3n para resolver los conflictos sociales.<br><\/p>\n\n\n\n<p>Y c\u00f3mo no sus viajes de pastor. Ha visitado lugares de conflictos y guerras como Palestina e Israel, Albania, o Turqu\u00eda en 2014. Bosnia y Herzegovina, Rep\u00fablica Centroafricana o Uganda en 2015. Colombia o Myanmar 2017. Macedonia del Norte o Mozambique en 2019. Irak en 2021. Rep\u00fablica Democr\u00e1tica del Congo o Sud\u00e1n del Sur en 2023 o Timor Oriental en 2024. &nbsp;Adem\u00e1s, ha participado -en el Vaticano y en todo el mundo- en foros sociales sobre la vivienda, la pobreza o el hambre; en foros medio ambientales y en defensa de las comunidades frente a las industrias extractivas; en foros sobre el derecho a la memoria de las poblaciones originarias; en foros de econom\u00eda social y solidaria desarrollando el movimiento Econom\u00eda de Francisco y de Clara; en espacios de reconocimiento de v\u00edctimas de abusos en el seno de la Iglesia\u2026<br><\/p>\n\n\n\n<p>Y sus \u00e1ngelus y sus oraciones que siempre tuvieron como centro conflictos b\u00e9licos como los de Siria, Sud\u00e1n, Ucrania o Gaza, donde adem\u00e1s ha tenido un papel destacado en las diferentes mediaciones para la resoluci\u00f3n dialogada y justa de dichos conflictos. Ha sido un Papa de clara impronta social desde la experiencia personal de acompa\u00f1ar como pastor bueno, como seguidor de Cristo, a tantas y tantos descartados en las barriadas de Buenos Aires, experiencia que marc\u00f3 definitivamente su pastoreo de la Iglesia universal desde Roma. No se olvid\u00f3 de los pobres, y su papado ha significado para muchas cristianas y cristianos -y para muchas personas comprometidas con el bien com\u00fan y con la fraternidad a lo ancho del mundo- la vuelta de la Iglesia a las bienaventuranzas, los signos y los milagros de Jes\u00fas de Nazaret. Una invitaci\u00f3n a la Iglesia Cat\u00f3lica a compartir las cuestiones sociales cr\u00edticas de nuestro tiempo, ensanchando la tienda del encuentro y de la fraternidad. Un gran Francisco fiel seguidor de San Francisco de As\u00eds pobre entre los pobres y hermano de todo lo creado.<\/p>\n\n\n\n<p><\/p>\n\n\n\n<div style=\"height:58px\" aria-hidden=\"true\" class=\"wp-block-spacer\"><\/div>\n\n\n<div class=\"kb-gallery-wrap-id-38747_b2b860-a7 alignnone wp-block-kadence-advancedgallery\"><div class=\"kb-gallery-ul kb-gallery-non-static kb-gallery-type-fluidcarousel kb-gallery-id-38747_b2b860-a7 kb-gallery-caption-style-bottom-hover kb-gallery-filter-none\" data-image-filter=\"none\" data-lightbox-caption=\"true\"><div class=\"kt-blocks-carousel splide kt-carousel-container-dotstyle-dark kt-carousel-arrowstyle-whiteondark kt-carousel-dotstyle-dark kb-slider-group-arrow kb-slider-arrow-position-center\" data-slider-anim-speed=\"400\" data-slider-scroll=\"1\" data-slider-arrows=\"true\" data-slider-dots=\"true\" data-slider-hover-pause=\"false\" data-slider-auto=\"\" data-slider-speed=\"7000\" data-slider-type=\"fluidcarousel\" data-slider-center-mode=\"true\" data-slider-gap=\"10px\" data-slider-gap-tablet=\"10px\" data-slider-gap-mobile=\"10px\" data-show-pause-button=\"false\"><div class=\"splide__track\"><ul class=\"kt-blocks-carousel-init kb-blocks-fluid-carousel splide__list\"><li class=\"kb-slide-item kb-gallery-carousel-item splide__slide\"><div class=\"kadence-blocks-gallery-item\"><div class=\"kadence-blocks-gallery-item-inner\"><figure class=\"kb-gallery-figure kadence-blocks-gallery-item-hide-caption\"><div class=\"kb-gal-image-radius\"><div class=\"kb-gallery-image-contain\" ><img decoding=\"async\" src=\"https:\/\/www.entreculturas.org\/wp-content\/uploads\/2025\/04\/Mesa-de-trabajo-1-819x1024.jpg\" width=\"819\" height=\"1024\" alt=\"\" data-full-image=\"https:\/\/www.entreculturas.org\/wp-content\/uploads\/2025\/04\/Mesa-de-trabajo-1.jpg\" data-light-image=\"https:\/\/www.entreculturas.org\/wp-content\/uploads\/2025\/04\/Mesa-de-trabajo-1.jpg\" data-id=\"38908\" class=\"wp-image-38908 skip-lazy\" srcset=\"https:\/\/www.entreculturas.org\/wp-content\/uploads\/2025\/04\/Mesa-de-trabajo-1-819x1024.jpg 819w, https:\/\/www.entreculturas.org\/wp-content\/uploads\/2025\/04\/Mesa-de-trabajo-1-240x300.jpg 240w, https:\/\/www.entreculturas.org\/wp-content\/uploads\/2025\/04\/Mesa-de-trabajo-1-768x960.jpg 768w, https:\/\/www.entreculturas.org\/wp-content\/uploads\/2025\/04\/Mesa-de-trabajo-1.jpg 1080w\" sizes=\"(max-width: 819px) 100vw, 819px\" \/><\/div><\/div><\/figure><\/div><\/div><\/li><li class=\"kb-slide-item kb-gallery-carousel-item splide__slide\"><div class=\"kadence-blocks-gallery-item\"><div class=\"kadence-blocks-gallery-item-inner\"><figure class=\"kb-gallery-figure kadence-blocks-gallery-item-hide-caption\"><div class=\"kb-gal-image-radius\"><div class=\"kb-gallery-image-contain\" ><img decoding=\"async\" src=\"https:\/\/www.entreculturas.org\/wp-content\/uploads\/2025\/04\/Mesa-de-trabajo-2-819x1024.jpg\" width=\"819\" height=\"1024\" alt=\"\" data-full-image=\"https:\/\/www.entreculturas.org\/wp-content\/uploads\/2025\/04\/Mesa-de-trabajo-2.jpg\" data-light-image=\"https:\/\/www.entreculturas.org\/wp-content\/uploads\/2025\/04\/Mesa-de-trabajo-2.jpg\" data-id=\"38913\" class=\"wp-image-38913 skip-lazy\" srcset=\"https:\/\/www.entreculturas.org\/wp-content\/uploads\/2025\/04\/Mesa-de-trabajo-2-819x1024.jpg 819w, https:\/\/www.entreculturas.org\/wp-content\/uploads\/2025\/04\/Mesa-de-trabajo-2-240x300.jpg 240w, https:\/\/www.entreculturas.org\/wp-content\/uploads\/2025\/04\/Mesa-de-trabajo-2-768x960.jpg 768w, https:\/\/www.entreculturas.org\/wp-content\/uploads\/2025\/04\/Mesa-de-trabajo-2.jpg 1080w\" sizes=\"(max-width: 819px) 100vw, 819px\" \/><\/div><\/div><\/figure><\/div><\/div><\/li><li class=\"kb-slide-item kb-gallery-carousel-item splide__slide\"><div class=\"kadence-blocks-gallery-item\"><div class=\"kadence-blocks-gallery-item-inner\"><figure class=\"kb-gallery-figure kadence-blocks-gallery-item-hide-caption\"><div class=\"kb-gal-image-radius\"><div class=\"kb-gallery-image-contain\" ><img decoding=\"async\" src=\"https:\/\/www.entreculturas.org\/wp-content\/uploads\/2025\/04\/Mesa-de-trabajo-3-819x1024.jpg\" width=\"819\" height=\"1024\" alt=\"\" data-full-image=\"https:\/\/www.entreculturas.org\/wp-content\/uploads\/2025\/04\/Mesa-de-trabajo-3.jpg\" data-light-image=\"https:\/\/www.entreculturas.org\/wp-content\/uploads\/2025\/04\/Mesa-de-trabajo-3.jpg\" data-id=\"38918\" class=\"wp-image-38918 skip-lazy\" srcset=\"https:\/\/www.entreculturas.org\/wp-content\/uploads\/2025\/04\/Mesa-de-trabajo-3-819x1024.jpg 819w, https:\/\/www.entreculturas.org\/wp-content\/uploads\/2025\/04\/Mesa-de-trabajo-3-240x300.jpg 240w, https:\/\/www.entreculturas.org\/wp-content\/uploads\/2025\/04\/Mesa-de-trabajo-3-768x960.jpg 768w, https:\/\/www.entreculturas.org\/wp-content\/uploads\/2025\/04\/Mesa-de-trabajo-3.jpg 1080w\" sizes=\"(max-width: 819px) 100vw, 819px\" \/><\/div><\/div><\/figure><\/div><\/div><\/li><li class=\"kb-slide-item kb-gallery-carousel-item splide__slide\"><div class=\"kadence-blocks-gallery-item\"><div class=\"kadence-blocks-gallery-item-inner\"><figure class=\"kb-gallery-figure kadence-blocks-gallery-item-hide-caption\"><div class=\"kb-gal-image-radius\"><div class=\"kb-gallery-image-contain\" ><img decoding=\"async\" src=\"https:\/\/www.entreculturas.org\/wp-content\/uploads\/2025\/04\/Mesa-de-trabajo-4-copia-2-819x1024.jpg\" width=\"819\" height=\"1024\" alt=\"\" data-full-image=\"https:\/\/www.entreculturas.org\/wp-content\/uploads\/2025\/04\/Mesa-de-trabajo-4-copia-2.jpg\" data-light-image=\"https:\/\/www.entreculturas.org\/wp-content\/uploads\/2025\/04\/Mesa-de-trabajo-4-copia-2.jpg\" data-id=\"38923\" class=\"wp-image-38923 skip-lazy\" srcset=\"https:\/\/www.entreculturas.org\/wp-content\/uploads\/2025\/04\/Mesa-de-trabajo-4-copia-2-819x1024.jpg 819w, https:\/\/www.entreculturas.org\/wp-content\/uploads\/2025\/04\/Mesa-de-trabajo-4-copia-2-240x300.jpg 240w, https:\/\/www.entreculturas.org\/wp-content\/uploads\/2025\/04\/Mesa-de-trabajo-4-copia-2-768x960.jpg 768w, https:\/\/www.entreculturas.org\/wp-content\/uploads\/2025\/04\/Mesa-de-trabajo-4-copia-2.jpg 1080w\" sizes=\"(max-width: 819px) 100vw, 819px\" \/><\/div><\/div><\/figure><\/div><\/div><\/li><li class=\"kb-slide-item kb-gallery-carousel-item splide__slide\"><div class=\"kadence-blocks-gallery-item\"><div class=\"kadence-blocks-gallery-item-inner\"><figure class=\"kb-gallery-figure kadence-blocks-gallery-item-hide-caption\"><div class=\"kb-gal-image-radius\"><div class=\"kb-gallery-image-contain\" ><img decoding=\"async\" src=\"https:\/\/www.entreculturas.org\/wp-content\/uploads\/2025\/04\/Mesa-de-trabajo-4-copia-819x1024.jpg\" width=\"819\" height=\"1024\" alt=\"\" data-full-image=\"https:\/\/www.entreculturas.org\/wp-content\/uploads\/2025\/04\/Mesa-de-trabajo-4-copia.jpg\" data-light-image=\"https:\/\/www.entreculturas.org\/wp-content\/uploads\/2025\/04\/Mesa-de-trabajo-4-copia.jpg\" data-id=\"38928\" class=\"wp-image-38928 skip-lazy\" srcset=\"https:\/\/www.entreculturas.org\/wp-content\/uploads\/2025\/04\/Mesa-de-trabajo-4-copia-819x1024.jpg 819w, https:\/\/www.entreculturas.org\/wp-content\/uploads\/2025\/04\/Mesa-de-trabajo-4-copia-240x300.jpg 240w, https:\/\/www.entreculturas.org\/wp-content\/uploads\/2025\/04\/Mesa-de-trabajo-4-copia-768x960.jpg 768w, https:\/\/www.entreculturas.org\/wp-content\/uploads\/2025\/04\/Mesa-de-trabajo-4-copia.jpg 1080w\" sizes=\"(max-width: 819px) 100vw, 819px\" \/><\/div><\/div><\/figure><\/div><\/div><\/li><li class=\"kb-slide-item kb-gallery-carousel-item splide__slide\"><div class=\"kadence-blocks-gallery-item\"><div class=\"kadence-blocks-gallery-item-inner\"><figure class=\"kb-gallery-figure kadence-blocks-gallery-item-hide-caption\"><div class=\"kb-gal-image-radius\"><div class=\"kb-gallery-image-contain\" ><img decoding=\"async\" src=\"https:\/\/www.entreculturas.org\/wp-content\/uploads\/2025\/04\/Mesa-de-trabajo-4-819x1024.jpg\" width=\"819\" height=\"1024\" alt=\"\" data-full-image=\"https:\/\/www.entreculturas.org\/wp-content\/uploads\/2025\/04\/Mesa-de-trabajo-4.jpg\" data-light-image=\"https:\/\/www.entreculturas.org\/wp-content\/uploads\/2025\/04\/Mesa-de-trabajo-4.jpg\" data-id=\"38933\" class=\"wp-image-38933 skip-lazy\" srcset=\"https:\/\/www.entreculturas.org\/wp-content\/uploads\/2025\/04\/Mesa-de-trabajo-4-819x1024.jpg 819w, https:\/\/www.entreculturas.org\/wp-content\/uploads\/2025\/04\/Mesa-de-trabajo-4-240x300.jpg 240w, https:\/\/www.entreculturas.org\/wp-content\/uploads\/2025\/04\/Mesa-de-trabajo-4-768x960.jpg 768w, https:\/\/www.entreculturas.org\/wp-content\/uploads\/2025\/04\/Mesa-de-trabajo-4.jpg 1080w\" sizes=\"(max-width: 819px) 100vw, 819px\" \/><\/div><\/div><\/figure><\/div><\/div><\/li><\/ul><\/div><\/div><\/div><\/div>\n\n\n<p class=\"has-text-align-center has-medium-font-size\"><\/p>\n\n\n\n<div style=\"height:74px\" aria-hidden=\"true\" class=\"wp-block-spacer\"><\/div>\n\n\n\n<iframe style=\"border-radius:12px\" src=\"https:\/\/open.spotify.com\/embed\/episode\/004WKfz8bj9nMBNVXebsby?utm_source=generator\" width=\"100%\" height=\"352\" frameBorder=\"0\" allowfullscreen=\"\" allow=\"autoplay; clipboard-write; encrypted-media; fullscreen; picture-in-picture\" loading=\"lazy\"><\/iframe>\n","protected":false},"excerpt":{"rendered":"<p>Por Mart\u00edn Iriberri SJ, Director General de Entreculturas y Alboan No te olvides de los pobres. Este fue el consejo que Jorge Mario Bergoglio recibi\u00f3 -la noche del 13 de marzo de 2013 en la que fue elegido Papa- del cardenal brasile\u00f1o Hummes compa\u00f1ero de C\u00f3nclave y amigo suyo durante d\u00e9cadas. Dijo el papa en sus primeras declaraciones p\u00fablicas que, inmediatamente, le vino a su coraz\u00f3n la figura y el nombre de San Francisco de As\u00eds pobre entre los pobres y hermano de toda la creaci\u00f3n. Las personas y comunidades que hacemos parte de la misi\u00f3n jesuita podemos decir que la preferencia apost\u00f3lica de la Compa\u00f1\u00eda de Jes\u00fas \u201cCaminar junto a los pobres, los descartados del mundo, los vulnerados en su dignidad en una misi\u00f3n de reconciliaci\u00f3n y justicia\u201d ha sido fuertemente iluminada por el pontificado de Francisco. Por su mirada y sus gestos, por sus abrazos y oraciones, por [&hellip;]<\/p>\n","protected":false},"featured_media":38750,"template":"","meta":{"_acf_changed":false},"categories":[7],"tags":[185],"country":[120],"cause":[],"class_list":["post-38747","noticia","type-noticia","status-publish","has-post-thumbnail","hentry","category-noticia","tag-entreculturas","country-espana"],"acf":[],"yoast_head":"<!-- This site is optimized with the Yoast SEO Premium plugin v21.6 (Yoast SEO v27.5) - https:\/\/yoast.com\/product\/yoast-seo-premium-wordpress\/ -->\n<title>\u00a1Y NO SE OLVID\u00d3 DE LOS POBRES! - Entreculturas<\/title>\n<meta name=\"description\" content=\"Nuestro Director General Mart\u00edn Iriberri reflexiona sobre la importancia de compartir las cuestiones sociales cr\u00edticas de nuestro tiempo, ensanchando la tienda del encuentro y de la fraternidad.\" \/>\n<meta name=\"robots\" content=\"index, follow, max-snippet:-1, max-image-preview:large, max-video-preview:-1\" \/>\n<link rel=\"canonical\" href=\"https:\/\/www.entreculturas.org\/gl\/noticia\/y-no-se-olvido-de-los-pobres\/\" \/>\n<meta property=\"og:locale\" content=\"gl_ES\" \/>\n<meta property=\"og:type\" content=\"article\" \/>\n<meta property=\"og:title\" content=\"\u00a1Y NO SE OLVID\u00d3 DE LOS POBRES!\" \/>\n<meta property=\"og:description\" content=\"Nuestro Director General Mart\u00edn Iriberri reflexiona sobre la importancia de compartir las cuestiones sociales cr\u00edticas de nuestro tiempo, ensanchando la tienda del encuentro y de la fraternidad.\" \/>\n<meta property=\"og:url\" content=\"https:\/\/www.entreculturas.org\/gl\/noticia\/y-no-se-olvido-de-los-pobres\/\" \/>\n<meta property=\"og:site_name\" content=\"Entreculturas\" \/>\n<meta property=\"article:publisher\" content=\"https:\/\/www.facebook.com\/entreculturas\" \/>\n<meta property=\"article:modified_time\" content=\"2025-04-30T11:01:41+00:00\" \/>\n<meta property=\"og:image\" content=\"https:\/\/www.entreculturas.org\/wp-content\/uploads\/2025\/04\/1-2.jpg\" \/>\n\t<meta property=\"og:image:width\" content=\"1034\" \/>\n\t<meta property=\"og:image:height\" content=\"450\" \/>\n\t<meta property=\"og:image:type\" content=\"image\/jpeg\" \/>\n<meta name=\"twitter:card\" content=\"summary_large_image\" \/>\n<meta name=\"twitter:site\" content=\"@Entreculturas\" \/>\n<script type=\"application\/ld+json\" class=\"yoast-schema-graph\">{\"@context\":\"https:\\\/\\\/schema.org\",\"@graph\":[{\"@type\":\"WebPage\",\"@id\":\"https:\\\/\\\/www.entreculturas.org\\\/gl\\\/noticia\\\/y-no-se-olvido-de-los-pobres\\\/\",\"url\":\"https:\\\/\\\/www.entreculturas.org\\\/gl\\\/noticia\\\/y-no-se-olvido-de-los-pobres\\\/\",\"name\":\"\u00a1Y NO SE OLVID\u00d3 DE LOS POBRES! - Entreculturas\",\"isPartOf\":{\"@id\":\"https:\\\/\\\/www.entreculturas.org\\\/gl\\\/#website\"},\"primaryImageOfPage\":{\"@id\":\"https:\\\/\\\/www.entreculturas.org\\\/gl\\\/noticia\\\/y-no-se-olvido-de-los-pobres\\\/#primaryimage\"},\"image\":{\"@id\":\"https:\\\/\\\/www.entreculturas.org\\\/gl\\\/noticia\\\/y-no-se-olvido-de-los-pobres\\\/#primaryimage\"},\"thumbnailUrl\":\"https:\\\/\\\/www.entreculturas.org\\\/wp-content\\\/uploads\\\/2025\\\/04\\\/1-2.jpg\",\"datePublished\":\"2025-04-21T10:10:11+00:00\",\"dateModified\":\"2025-04-30T11:01:41+00:00\",\"description\":\"Nuestro Director General Mart\u00edn Iriberri reflexiona sobre la importancia de compartir las cuestiones sociales cr\u00edticas de nuestro tiempo, ensanchando la tienda del encuentro y de la fraternidad.\",\"breadcrumb\":{\"@id\":\"https:\\\/\\\/www.entreculturas.org\\\/gl\\\/noticia\\\/y-no-se-olvido-de-los-pobres\\\/#breadcrumb\"},\"inLanguage\":\"gl-ES\",\"potentialAction\":[{\"@type\":\"ReadAction\",\"target\":[\"https:\\\/\\\/www.entreculturas.org\\\/gl\\\/noticia\\\/y-no-se-olvido-de-los-pobres\\\/\"]}]},{\"@type\":\"ImageObject\",\"inLanguage\":\"gl-ES\",\"@id\":\"https:\\\/\\\/www.entreculturas.org\\\/gl\\\/noticia\\\/y-no-se-olvido-de-los-pobres\\\/#primaryimage\",\"url\":\"https:\\\/\\\/www.entreculturas.org\\\/wp-content\\\/uploads\\\/2025\\\/04\\\/1-2.jpg\",\"contentUrl\":\"https:\\\/\\\/www.entreculturas.org\\\/wp-content\\\/uploads\\\/2025\\\/04\\\/1-2.jpg\",\"width\":1034,\"height\":450,\"caption\":\"No te olvides de los pobres-1\"},{\"@type\":\"BreadcrumbList\",\"@id\":\"https:\\\/\\\/www.entreculturas.org\\\/gl\\\/noticia\\\/y-no-se-olvido-de-los-pobres\\\/#breadcrumb\",\"itemListElement\":[{\"@type\":\"ListItem\",\"position\":1,\"name\":\"Home\",\"item\":\"https:\\\/\\\/www.entreculturas.org\\\/gl\\\/\"},{\"@type\":\"ListItem\",\"position\":2,\"name\":\"Noticias\",\"item\":\"https:\\\/\\\/www.entreculturas.org\\\/gl\\\/noticias\\\/\"},{\"@type\":\"ListItem\",\"position\":3,\"name\":\"\u00a1Y NO SE OLVID\u00d3 DE LOS POBRES!\"}]},{\"@type\":\"WebSite\",\"@id\":\"https:\\\/\\\/www.entreculturas.org\\\/gl\\\/#website\",\"url\":\"https:\\\/\\\/www.entreculturas.org\\\/gl\\\/\",\"name\":\"Entreculturas\",\"description\":\"\",\"publisher\":{\"@id\":\"https:\\\/\\\/www.entreculturas.org\\\/gl\\\/#organization\"},\"alternateName\":\"Entreculturas\",\"potentialAction\":[{\"@type\":\"SearchAction\",\"target\":{\"@type\":\"EntryPoint\",\"urlTemplate\":\"https:\\\/\\\/www.entreculturas.org\\\/gl\\\/?s={search_term_string}\"},\"query-input\":{\"@type\":\"PropertyValueSpecification\",\"valueRequired\":true,\"valueName\":\"search_term_string\"}}],\"inLanguage\":\"gl-ES\"},{\"@type\":\"Organization\",\"@id\":\"https:\\\/\\\/www.entreculturas.org\\\/gl\\\/#organization\",\"name\":\"Entreculturas\",\"url\":\"https:\\\/\\\/www.entreculturas.org\\\/gl\\\/\",\"logo\":{\"@type\":\"ImageObject\",\"inLanguage\":\"gl-ES\",\"@id\":\"https:\\\/\\\/www.entreculturas.org\\\/gl\\\/#\\\/schema\\\/logo\\\/image\\\/\",\"url\":\"https:\\\/\\\/www.entreculturas.org\\\/wp-content\\\/uploads\\\/2025\\\/10\\\/ESP.svg\",\"contentUrl\":\"https:\\\/\\\/www.entreculturas.org\\\/wp-content\\\/uploads\\\/2025\\\/10\\\/ESP.svg\",\"caption\":\"Entreculturas\"},\"image\":{\"@id\":\"https:\\\/\\\/www.entreculturas.org\\\/gl\\\/#\\\/schema\\\/logo\\\/image\\\/\"},\"sameAs\":[\"https:\\\/\\\/www.facebook.com\\\/entreculturas\",\"https:\\\/\\\/x.com\\\/Entreculturas\",\"https:\\\/\\\/www.instagram.com\\\/entreculturas\\\/\",\"https:\\\/\\\/www.youtube.com\\\/user\\\/entreculturasvideo\",\"https:\\\/\\\/www.linkedin.com\\\/company\\\/fundacion-entreculturas-ngdo\\\/\",\"https:\\\/\\\/www.flickr.com\\\/photos\\\/98455522@N04\\\/albums\\\/\"]}]}<\/script>\n<!-- \/ Yoast SEO Premium plugin. -->","yoast_head_json":{"title":"\u00a1Y NO SE OLVID\u00d3 DE LOS POBRES! - Entreculturas","description":"Nuestro Director General Mart\u00edn Iriberri reflexiona sobre la importancia de compartir las cuestiones sociales cr\u00edticas de nuestro tiempo, ensanchando la tienda del encuentro y de la fraternidad.","robots":{"index":"index","follow":"follow","max-snippet":"max-snippet:-1","max-image-preview":"max-image-preview:large","max-video-preview":"max-video-preview:-1"},"canonical":"https:\/\/www.entreculturas.org\/gl\/noticia\/y-no-se-olvido-de-los-pobres\/","og_locale":"gl_ES","og_type":"article","og_title":"\u00a1Y NO SE OLVID\u00d3 DE LOS POBRES!","og_description":"Nuestro Director General Mart\u00edn Iriberri reflexiona sobre la importancia de compartir las cuestiones sociales cr\u00edticas de nuestro tiempo, ensanchando la tienda del encuentro y de la fraternidad.","og_url":"https:\/\/www.entreculturas.org\/gl\/noticia\/y-no-se-olvido-de-los-pobres\/","og_site_name":"Entreculturas","article_publisher":"https:\/\/www.facebook.com\/entreculturas","article_modified_time":"2025-04-30T11:01:41+00:00","og_image":[{"width":1034,"height":450,"url":"https:\/\/www.entreculturas.org\/wp-content\/uploads\/2025\/04\/1-2.jpg","type":"image\/jpeg"}],"twitter_card":"summary_large_image","twitter_site":"@Entreculturas","schema":{"@context":"https:\/\/schema.org","@graph":[{"@type":"WebPage","@id":"https:\/\/www.entreculturas.org\/gl\/noticia\/y-no-se-olvido-de-los-pobres\/","url":"https:\/\/www.entreculturas.org\/gl\/noticia\/y-no-se-olvido-de-los-pobres\/","name":"\u00a1Y NO SE OLVID\u00d3 DE LOS POBRES! - Entreculturas","isPartOf":{"@id":"https:\/\/www.entreculturas.org\/gl\/#website"},"primaryImageOfPage":{"@id":"https:\/\/www.entreculturas.org\/gl\/noticia\/y-no-se-olvido-de-los-pobres\/#primaryimage"},"image":{"@id":"https:\/\/www.entreculturas.org\/gl\/noticia\/y-no-se-olvido-de-los-pobres\/#primaryimage"},"thumbnailUrl":"https:\/\/www.entreculturas.org\/wp-content\/uploads\/2025\/04\/1-2.jpg","datePublished":"2025-04-21T10:10:11+00:00","dateModified":"2025-04-30T11:01:41+00:00","description":"Nuestro Director General Mart\u00edn Iriberri reflexiona sobre la importancia de compartir las cuestiones sociales cr\u00edticas de nuestro tiempo, ensanchando la tienda del encuentro y de la fraternidad.","breadcrumb":{"@id":"https:\/\/www.entreculturas.org\/gl\/noticia\/y-no-se-olvido-de-los-pobres\/#breadcrumb"},"inLanguage":"gl-ES","potentialAction":[{"@type":"ReadAction","target":["https:\/\/www.entreculturas.org\/gl\/noticia\/y-no-se-olvido-de-los-pobres\/"]}]},{"@type":"ImageObject","inLanguage":"gl-ES","@id":"https:\/\/www.entreculturas.org\/gl\/noticia\/y-no-se-olvido-de-los-pobres\/#primaryimage","url":"https:\/\/www.entreculturas.org\/wp-content\/uploads\/2025\/04\/1-2.jpg","contentUrl":"https:\/\/www.entreculturas.org\/wp-content\/uploads\/2025\/04\/1-2.jpg","width":1034,"height":450,"caption":"No te olvides de los pobres-1"},{"@type":"BreadcrumbList","@id":"https:\/\/www.entreculturas.org\/gl\/noticia\/y-no-se-olvido-de-los-pobres\/#breadcrumb","itemListElement":[{"@type":"ListItem","position":1,"name":"Home","item":"https:\/\/www.entreculturas.org\/gl\/"},{"@type":"ListItem","position":2,"name":"Noticias","item":"https:\/\/www.entreculturas.org\/gl\/noticias\/"},{"@type":"ListItem","position":3,"name":"\u00a1Y NO SE OLVID\u00d3 DE LOS POBRES!"}]},{"@type":"WebSite","@id":"https:\/\/www.entreculturas.org\/gl\/#website","url":"https:\/\/www.entreculturas.org\/gl\/","name":"Entreculturas","description":"","publisher":{"@id":"https:\/\/www.entreculturas.org\/gl\/#organization"},"alternateName":"Entreculturas","potentialAction":[{"@type":"SearchAction","target":{"@type":"EntryPoint","urlTemplate":"https:\/\/www.entreculturas.org\/gl\/?s={search_term_string}"},"query-input":{"@type":"PropertyValueSpecification","valueRequired":true,"valueName":"search_term_string"}}],"inLanguage":"gl-ES"},{"@type":"Organization","@id":"https:\/\/www.entreculturas.org\/gl\/#organization","name":"Entreculturas","url":"https:\/\/www.entreculturas.org\/gl\/","logo":{"@type":"ImageObject","inLanguage":"gl-ES","@id":"https:\/\/www.entreculturas.org\/gl\/#\/schema\/logo\/image\/","url":"https:\/\/www.entreculturas.org\/wp-content\/uploads\/2025\/10\/ESP.svg","contentUrl":"https:\/\/www.entreculturas.org\/wp-content\/uploads\/2025\/10\/ESP.svg","caption":"Entreculturas"},"image":{"@id":"https:\/\/www.entreculturas.org\/gl\/#\/schema\/logo\/image\/"},"sameAs":["https:\/\/www.facebook.com\/entreculturas","https:\/\/x.com\/Entreculturas","https:\/\/www.instagram.com\/entreculturas\/","https:\/\/www.youtube.com\/user\/entreculturasvideo","https:\/\/www.linkedin.com\/company\/fundacion-entreculturas-ngdo\/","https:\/\/www.flickr.com\/photos\/98455522@N04\/albums\/"]}]}},"_links":{"self":[{"href":"https:\/\/www.entreculturas.org\/gl\/wp-json\/wp\/v2\/noticia\/38747","targetHints":{"allow":["GET"]}}],"collection":[{"href":"https:\/\/www.entreculturas.org\/gl\/wp-json\/wp\/v2\/noticia"}],"about":[{"href":"https:\/\/www.entreculturas.org\/gl\/wp-json\/wp\/v2\/types\/noticia"}],"wp:featuredmedia":[{"embeddable":true,"href":"https:\/\/www.entreculturas.org\/gl\/wp-json\/wp\/v2\/media\/38750"}],"wp:attachment":[{"href":"https:\/\/www.entreculturas.org\/gl\/wp-json\/wp\/v2\/media?parent=38747"}],"wp:term":[{"taxonomy":"category","embeddable":true,"href":"https:\/\/www.entreculturas.org\/gl\/wp-json\/wp\/v2\/categories?post=38747"},{"taxonomy":"post_tag","embeddable":true,"href":"https:\/\/www.entreculturas.org\/gl\/wp-json\/wp\/v2\/tags?post=38747"},{"taxonomy":"country","embeddable":true,"href":"https:\/\/www.entreculturas.org\/gl\/wp-json\/wp\/v2\/country?post=38747"},{"taxonomy":"cause","embeddable":true,"href":"https:\/\/www.entreculturas.org\/gl\/wp-json\/wp\/v2\/cause?post=38747"}],"curies":[{"name":"wp","href":"https:\/\/api.w.org\/{rel}","templated":true}]}}