{"id":3738,"date":"2019-10-09T08:44:57","date_gmt":"2019-10-09T08:44:57","guid":{"rendered":"https:\/\/entreculturasi.wpenginepowered.com\/?noticias=desde-el-corazon-indigena-de-guatemala-la-gira-de-kim-y-sofia-por-el-derecho-la-educacion"},"modified":"2024-03-19T20:00:39","modified_gmt":"2024-03-19T19:00:39","slug":"desde-el-corazon-indigena-de-guatemala-la-gira-de-kim-y-sofia-por-el-derecho-la-educacion","status":"publish","type":"noticia","link":"https:\/\/www.entreculturas.org\/gl\/noticia\/desde-el-corazon-indigena-de-guatemala-la-gira-de-kim-y-sofia-por-el-derecho-la-educacion\/","title":{"rendered":"Desde el coraz\u00f3n ind\u00edgena de Guatemala: la gira de Kim y Sof\u00eda por el derecho a la educaci\u00f3n de las ni\u00f1as"},"content":{"rendered":"<p>Cuando ten\u00eda 15 a\u00f1os, Kim Chival\u00e1n, que por aquel entonces hab\u00eda abandonado el colegio a instancia de sus padres para trabajar y as\u00ed aportar econ\u00f3micamente a la familia, se plante\u00f3 <strong>qu\u00e9 quer\u00eda para su futuro<\/strong>. De seguir sin estudiar, pens\u00f3, su vida estar\u00eda condenada a trabajar jornadas interminables en el campo o como sirvienta en otras casas.&nbsp;<\/p>\n<p>Este dilema que le quit\u00f3 el sue\u00f1o durante tanto tiempo es el que ha compartido con cientos de personas en los actos que hemos llevado a cabo en las cinco ciudades en las que hemos presentado nuestro \u00faltimo <a href=\"https:\/\/www.entreculturas.org\/wp-content\/uploads\/2019\/09\/Seguras-para-aprender_2019.pdf\" target=\"_blank\" rel=\"noopener\">Informe Rojo: \u201cSeguras para aprender en Libertad\u201d<\/a>, un Informe que sirve para dotar del discurso pol\u00edtico que Entreculturas defiende para<strong> reivindicar estrategias de protecci\u00f3n y empoderamiento de las ni\u00f1as mediante la educaci\u00f3n<\/strong>. La gira ha tenido paradas en las <strong>delegaciones de Zaragoza, Badajoz, M\u00e9rida, Valencia y Madrid<\/strong>, y ha llevado a Kim a contar su historia ante alumnado y profesorado, medios de comunicaci\u00f3n e instituciones pol\u00edticas. Junto a ella, le han acompa\u00f1ado Sof\u00eda Guti\u00e9rrez, Responsable de Comunicaci\u00f3n y Acci\u00f3n P\u00fablica de Fe y Alegr\u00eda Guatemala y Macarena Romero, t\u00e9cnica de Incidencia de Entreculturas y coordinadora del Informe.<\/p>\n<\/p>\n<p>Reacia a un futuro, tal y como ella dice, \u201clleno de tristeza y sufrimiento\u201d, Kim decidi\u00f3 <strong>dar la vuelta a su vida <\/strong>y matricularse, a escondidas de su padre, en el centro&nbsp;Fe y Alegr\u00eda&nbsp;que se realiza en alianza con el Instituto Radiof\u00f3nico de Guatemala (IGER).<\/p>\n<p>Guatemala es uno de los pa\u00edses m\u00e1s desiguales de Am\u00e9rica Latina y son las mujeres y ni\u00f1as quienes m\u00e1s sufren la discriminaci\u00f3n y exclusi\u00f3n.<strong> \u201cPor el simple hecho de ser ni\u00f1a se les enmarca en un papel que no pueden elegir,<\/strong> que generalmente es hacia el cuidado de la casa y de la familia\u201d, denuncia Sof\u00eda Guti\u00e9rrez.&nbsp;<\/p>\n[video:https:\/\/youtu.be\/-XMYIeI7GgM width:800 align:center]\n<p><span style=\"color:#ff0102\"><strong>Gira por cuatro delegaciones<\/strong><\/span><\/p>\n<p>Kim y Sof\u00eda han dando voz a las miles de ni\u00f1as guatemaltecas que ven limitadas sus opciones de futuro. Durante varios d\u00edas, han tenido la oportunidad de contar la realidad que contemplan y sufren y dar a conocer la importancia de la educaci\u00f3n en estos contextos.<\/p>\n<p>Tras la presentaci\u00f3n en el colegio madrile\u00f1o P. Piquer, donde tambi\u00e9n llevaron a cabo distintos talleres con el alumnado, viajaron a Extremadura, donde se reunieron con \u00c1ngel Calle, Director de la Agencia Extreme\u00f1a de Cooperaci\u00f3n (AEXCID), con quien abordaron la importancia de que se avance hacia el <strong>cumplimiento del ODS4:&nbsp;<\/strong>\u201cuna educaci\u00f3n de calidad e inclusiva para todas y todos\u201d.<\/p>\n<p><img decoding=\"async\" alt=\"\" height=\"551\" src=\"https:\/\/www.entreculturas.org\/wp-content\/uploads\/2019\/10\/ods-extremadura.jpg\" width=\"800\"><\/p>\n<p>En Badajoz, visitaron la Escuela Virgen de Guadalupe y el CEIP Enrique Iglesias; y en M\u00e9rida llevaron su mensaje a la Residencia Universitaria Hern\u00e1n Cort\u00e9s. \u201cSiento que cuando cuento mi historia la gente queda asombrada de que a pesar de las dificultades que hay en Guatemala, <strong>cuando se quiere, se puede\u201d<\/strong>, cont\u00f3 Kim tras la gira.&nbsp;<\/p>\n<p>La Direcci\u00f3n General de Cooperaci\u00f3n de la Comunidad Valencia tambi\u00e9n recibi\u00f3 a Kim y Sof\u00eda. Ambas se reunieron con su Directora, Xelo Angulo, quien asegur\u00f3 que \u201cel derecho a la educaci\u00f3n es fundamental para <strong>romper con las desigualdad y promover la justicia social\u201d<\/strong>.&nbsp;<\/p>\n<p>Para Kim, la educaci\u00f3n le ha hecho cambiar su visi\u00f3n de futuro. Actualmente ya no teme tener que dedicarse al campo o servir a otra familia, sino que <strong>en 10 a\u00f1os se visualiza como \u201cuna gran locutora o presentadora de TV\u201d<\/strong>. Tambi\u00e9n sue\u00f1a con tener su propio negocio: <strong>\u201cme gustar\u00eda tener un caf\u00e9 internet<\/strong> en mi comunidad, porque cuando los ni\u00f1os y ni\u00f1as tienen que hacer tareas de investigaci\u00f3n en internet han de cruzar un r\u00edo y subir una gran cuesta para llegar al pueblo\u201d.<\/p>\n<p>Estas opciones de futuro que le ilusionan las pudo compartir en la <strong>Oficina de Derechos Humanos del Ministerio de Asuntos Exteriores, Uni\u00f3n Europea y Cooperaci\u00f3n<\/strong>, donde tuvo lugar tambi\u00e9n una importante reuni\u00f3n con su Subdirectora, Clara Cabrera, donde pudimos se\u00f1alar cu\u00e1les son los siguientes pasos pol\u00edticos a nivel de Naciones Unidas para reivindicar los derechos de las ni\u00f1as a vivir libres de violencia.<\/p>\n<p>&nbsp;<\/p>\n<p><img decoding=\"async\" alt=\"\" height=\"600\" src=\"https:\/\/www.entreculturas.org\/wp-content\/uploads\/2019\/10\/presentacion-informe_0.jpg\" width=\"800\"><\/p>\n<p><span style=\"color:#ff0102\"><strong>Embajadoras del Informe Rojo<\/strong><\/span><\/p>\n<p>Junto con nuestra compa\u00f1era Macarena Romero, t\u00e9cnica de Incidencia, Kim y Sof\u00eda fueron las embajadoras del Informe Rojo de este a\u00f1o, titulado <a href=\"https:\/\/www.entreculturas.org\/wp-content\/uploads\/2019\/09\/Seguras-para-aprender_2019.pdf\" target=\"_blank\" rel=\"noopener\">\u201cSeguras para aprender en libertad\u201d<\/a>. Tras su<a href=\"https:\/\/www.entreculturas.org\/es\/noticias\/kim-rozalen-yo-tambien-dibuje-una-puerta-violeta-en-la-pared-cuando-decidi-estudiar\" target=\"_blank\" rel=\"noopener\"> lanzamiento oficial en rueda de prensa<\/a> en Madrid, junto con Rozal\u00e9n y Beatriz, el Informe se present\u00f3 en Zaragoza, Extremadura y Valencia.&nbsp;<\/p>\n<p>En dichas presentaciones <strong>Sof\u00eda record\u00f3 que las desigualdades son mayores en las zonas ind\u00edgenas<\/strong>, donde se cree que es suficiente con que la mujer aprenda a leer y a escribir. \u201cEl promedio de estudios de una mujer ind\u00edgena es de tres a\u00f1os y eso la limita a la hora de elegir su futuro y desarrollarse plenamente\u201d, dijo.<\/p>\n<p>Esto es precisamente lo que denuncia el Informe, que <strong>la vulneraci\u00f3n del derecho a la educaci\u00f3n, que sufren principalmente las ni\u00f1as y j\u00f3venes, limita sus oportunidades y les impide ejercer otros derechos<\/strong>. Una f\u00f3rmula que tambi\u00e9n funciona a la inversa; es decir, la educaci\u00f3n tiene un efecto protector (previniendo la violencia, reparando traumas y malas experiencias, empoderando a ni\u00f1as y mujeres, y fomentando las relaciones igualitarias) y es la llave para ejercer otros derechos, como a la salud, a la participaci\u00f3n, los derechos sexuales y reproductivos, etc.<\/p>\n<p>El Informe pone en evidencia un marco global de <strong>datos sobre la violencia ejercida contra las ni\u00f1as en el mundo<\/strong> para luego rescatar las obligaciones con respecto al derecho a la educaci\u00f3n por parte de los Estados, as\u00ed como el papel de la ciudadan\u00eda en reivindicar y proteger el derecho a la educaci\u00f3n de ni\u00f1as y j\u00f3venes. Adem\u00e1s, <strong>el Informe recoge una serie de recomendaciones a los gobiernos<\/strong> como incrementar la inversi\u00f3n en educaci\u00f3n, comprometerse con la educaci\u00f3n o firmar la Declaraci\u00f3n sobre Escuelas Seguras.&nbsp;<\/p>\n","protected":false},"excerpt":{"rendered":"<p>Cuando ten\u00eda 15 a\u00f1os, Kim Chival\u00e1n, que por aquel entonces hab\u00eda abandonado el colegio a instancia de sus padres para trabajar y as\u00ed aportar econ\u00f3micamente a la familia, se plante\u00f3 qu\u00e9 quer\u00eda para su futuro. De seguir sin estudiar, pens\u00f3, su vida estar\u00eda condenada a trabajar jornadas interminables en el campo o como sirvienta en otras casas. Este dilema que le quit\u00f3 el sue\u00f1o durante tanto tiempo es el que ha compartido con cientos de personas en los actos que hemos llevado a cabo en las cinco ciudades en las que hemos presentado nuestro \u00faltimo Informe Rojo: \u201cSeguras para aprender en Libertad\u201d.<\/p>\n","protected":false},"featured_media":3739,"template":"single-noticia","meta":{"_acf_changed":false},"categories":[7],"tags":[293],"country":[],"cause":[130],"class_list":["post-3738","noticia","type-noticia","status-publish","has-post-thumbnail","hentry","category-noticia","tag-genero","cause-genero"],"acf":[],"yoast_head":"<!-- This site is optimized with the Yoast SEO Premium plugin v21.6 (Yoast SEO v27.5) - https:\/\/yoast.com\/product\/yoast-seo-premium-wordpress\/ -->\n<title>Desde el coraz\u00f3n ind\u00edgena de Guatemala: la gira de Kim y Sof\u00eda por el derecho a la educaci\u00f3n de las ni\u00f1as - Entreculturas<\/title>\n<meta name=\"robots\" content=\"index, follow, max-snippet:-1, max-image-preview:large, max-video-preview:-1\" \/>\n<link rel=\"canonical\" href=\"https:\/\/www.entreculturas.org\/gl\/noticia\/desde-el-corazon-indigena-de-guatemala-la-gira-de-kim-y-sofia-por-el-derecho-la-educacion\/\" \/>\n<meta property=\"og:locale\" content=\"gl_ES\" \/>\n<meta property=\"og:type\" content=\"article\" \/>\n<meta property=\"og:title\" content=\"Desde el coraz\u00f3n ind\u00edgena de Guatemala: la gira de Kim y Sof\u00eda por el derecho a la educaci\u00f3n de las ni\u00f1as\" \/>\n<meta property=\"og:description\" content=\"Cuando ten\u00eda 15 a\u00f1os, Kim Chival\u00e1n, que por aquel entonces hab\u00eda abandonado el colegio a instancia de sus padres para trabajar y as\u00ed aportar econ\u00f3micamente a la familia, se plante\u00f3 qu\u00e9 quer\u00eda para su futuro. De seguir sin estudiar, pens\u00f3, su vida estar\u00eda condenada a trabajar jornadas interminables en el campo o como sirvienta en otras casas. Este dilema que le quit\u00f3 el sue\u00f1o durante tanto tiempo es el que ha compartido con cientos de personas en los actos que hemos llevado a cabo en las cinco ciudades en las que hemos presentado nuestro \u00faltimo Informe Rojo: \u201cSeguras para aprender en Libertad\u201d.\" \/>\n<meta property=\"og:url\" content=\"https:\/\/www.entreculturas.org\/gl\/noticia\/desde-el-corazon-indigena-de-guatemala-la-gira-de-kim-y-sofia-por-el-derecho-la-educacion\/\" \/>\n<meta property=\"og:site_name\" content=\"Entreculturas\" \/>\n<meta property=\"article:publisher\" content=\"https:\/\/www.facebook.com\/entreculturas\" \/>\n<meta property=\"article:modified_time\" content=\"2024-03-19T19:00:39+00:00\" \/>\n<meta property=\"og:image\" content=\"https:\/\/www.entreculturas.org\/wp-content\/uploads\/2019\/10\/img-20190924-wa0004.jpg\" \/>\n\t<meta property=\"og:image:width\" content=\"1600\" \/>\n\t<meta property=\"og:image:height\" content=\"1200\" \/>\n\t<meta property=\"og:image:type\" content=\"image\/jpeg\" \/>\n<meta name=\"twitter:card\" content=\"summary_large_image\" \/>\n<meta name=\"twitter:site\" content=\"@Entreculturas\" \/>\n<script type=\"application\/ld+json\" class=\"yoast-schema-graph\">{\"@context\":\"https:\\\/\\\/schema.org\",\"@graph\":[{\"@type\":\"WebPage\",\"@id\":\"https:\\\/\\\/www.entreculturas.org\\\/gl\\\/noticia\\\/desde-el-corazon-indigena-de-guatemala-la-gira-de-kim-y-sofia-por-el-derecho-la-educacion\\\/\",\"url\":\"https:\\\/\\\/www.entreculturas.org\\\/gl\\\/noticia\\\/desde-el-corazon-indigena-de-guatemala-la-gira-de-kim-y-sofia-por-el-derecho-la-educacion\\\/\",\"name\":\"Desde el coraz\u00f3n ind\u00edgena de Guatemala: la gira de Kim y Sof\u00eda por el derecho a la educaci\u00f3n de las ni\u00f1as - Entreculturas\",\"isPartOf\":{\"@id\":\"https:\\\/\\\/www.entreculturas.org\\\/gl\\\/#website\"},\"primaryImageOfPage\":{\"@id\":\"https:\\\/\\\/www.entreculturas.org\\\/gl\\\/noticia\\\/desde-el-corazon-indigena-de-guatemala-la-gira-de-kim-y-sofia-por-el-derecho-la-educacion\\\/#primaryimage\"},\"image\":{\"@id\":\"https:\\\/\\\/www.entreculturas.org\\\/gl\\\/noticia\\\/desde-el-corazon-indigena-de-guatemala-la-gira-de-kim-y-sofia-por-el-derecho-la-educacion\\\/#primaryimage\"},\"thumbnailUrl\":\"https:\\\/\\\/www.entreculturas.org\\\/wp-content\\\/uploads\\\/2019\\\/10\\\/img-20190924-wa0004.jpg\",\"datePublished\":\"2019-10-09T08:44:57+00:00\",\"dateModified\":\"2024-03-19T19:00:39+00:00\",\"breadcrumb\":{\"@id\":\"https:\\\/\\\/www.entreculturas.org\\\/gl\\\/noticia\\\/desde-el-corazon-indigena-de-guatemala-la-gira-de-kim-y-sofia-por-el-derecho-la-educacion\\\/#breadcrumb\"},\"inLanguage\":\"gl-ES\",\"potentialAction\":[{\"@type\":\"ReadAction\",\"target\":[\"https:\\\/\\\/www.entreculturas.org\\\/gl\\\/noticia\\\/desde-el-corazon-indigena-de-guatemala-la-gira-de-kim-y-sofia-por-el-derecho-la-educacion\\\/\"]}]},{\"@type\":\"ImageObject\",\"inLanguage\":\"gl-ES\",\"@id\":\"https:\\\/\\\/www.entreculturas.org\\\/gl\\\/noticia\\\/desde-el-corazon-indigena-de-guatemala-la-gira-de-kim-y-sofia-por-el-derecho-la-educacion\\\/#primaryimage\",\"url\":\"https:\\\/\\\/www.entreculturas.org\\\/wp-content\\\/uploads\\\/2019\\\/10\\\/img-20190924-wa0004.jpg\",\"contentUrl\":\"https:\\\/\\\/www.entreculturas.org\\\/wp-content\\\/uploads\\\/2019\\\/10\\\/img-20190924-wa0004.jpg\",\"width\":1600,\"height\":1200,\"caption\":\"img-20190924-wa0004\"},{\"@type\":\"BreadcrumbList\",\"@id\":\"https:\\\/\\\/www.entreculturas.org\\\/gl\\\/noticia\\\/desde-el-corazon-indigena-de-guatemala-la-gira-de-kim-y-sofia-por-el-derecho-la-educacion\\\/#breadcrumb\",\"itemListElement\":[{\"@type\":\"ListItem\",\"position\":1,\"name\":\"Home\",\"item\":\"https:\\\/\\\/www.entreculturas.org\\\/gl\\\/\"},{\"@type\":\"ListItem\",\"position\":2,\"name\":\"Noticias\",\"item\":\"https:\\\/\\\/www.entreculturas.org\\\/gl\\\/noticias\\\/\"},{\"@type\":\"ListItem\",\"position\":3,\"name\":\"Desde el coraz\u00f3n ind\u00edgena de Guatemala: la gira de Kim y Sof\u00eda por el derecho a la educaci\u00f3n de las ni\u00f1as\"}]},{\"@type\":\"WebSite\",\"@id\":\"https:\\\/\\\/www.entreculturas.org\\\/gl\\\/#website\",\"url\":\"https:\\\/\\\/www.entreculturas.org\\\/gl\\\/\",\"name\":\"Entreculturas\",\"description\":\"\",\"publisher\":{\"@id\":\"https:\\\/\\\/www.entreculturas.org\\\/gl\\\/#organization\"},\"alternateName\":\"Entreculturas\",\"potentialAction\":[{\"@type\":\"SearchAction\",\"target\":{\"@type\":\"EntryPoint\",\"urlTemplate\":\"https:\\\/\\\/www.entreculturas.org\\\/gl\\\/?s={search_term_string}\"},\"query-input\":{\"@type\":\"PropertyValueSpecification\",\"valueRequired\":true,\"valueName\":\"search_term_string\"}}],\"inLanguage\":\"gl-ES\"},{\"@type\":\"Organization\",\"@id\":\"https:\\\/\\\/www.entreculturas.org\\\/gl\\\/#organization\",\"name\":\"Entreculturas\",\"url\":\"https:\\\/\\\/www.entreculturas.org\\\/gl\\\/\",\"logo\":{\"@type\":\"ImageObject\",\"inLanguage\":\"gl-ES\",\"@id\":\"https:\\\/\\\/www.entreculturas.org\\\/gl\\\/#\\\/schema\\\/logo\\\/image\\\/\",\"url\":\"https:\\\/\\\/www.entreculturas.org\\\/wp-content\\\/uploads\\\/2025\\\/10\\\/ESP.svg\",\"contentUrl\":\"https:\\\/\\\/www.entreculturas.org\\\/wp-content\\\/uploads\\\/2025\\\/10\\\/ESP.svg\",\"caption\":\"Entreculturas\"},\"image\":{\"@id\":\"https:\\\/\\\/www.entreculturas.org\\\/gl\\\/#\\\/schema\\\/logo\\\/image\\\/\"},\"sameAs\":[\"https:\\\/\\\/www.facebook.com\\\/entreculturas\",\"https:\\\/\\\/x.com\\\/Entreculturas\",\"https:\\\/\\\/www.instagram.com\\\/entreculturas\\\/\",\"https:\\\/\\\/www.youtube.com\\\/user\\\/entreculturasvideo\",\"https:\\\/\\\/www.linkedin.com\\\/company\\\/fundacion-entreculturas-ngdo\\\/\",\"https:\\\/\\\/www.flickr.com\\\/photos\\\/98455522@N04\\\/albums\\\/\"]}]}<\/script>\n<!-- \/ Yoast SEO Premium plugin. -->","yoast_head_json":{"title":"Desde el coraz\u00f3n ind\u00edgena de Guatemala: la gira de Kim y Sof\u00eda por el derecho a la educaci\u00f3n de las ni\u00f1as - Entreculturas","robots":{"index":"index","follow":"follow","max-snippet":"max-snippet:-1","max-image-preview":"max-image-preview:large","max-video-preview":"max-video-preview:-1"},"canonical":"https:\/\/www.entreculturas.org\/gl\/noticia\/desde-el-corazon-indigena-de-guatemala-la-gira-de-kim-y-sofia-por-el-derecho-la-educacion\/","og_locale":"gl_ES","og_type":"article","og_title":"Desde el coraz\u00f3n ind\u00edgena de Guatemala: la gira de Kim y Sof\u00eda por el derecho a la educaci\u00f3n de las ni\u00f1as","og_description":"Cuando ten\u00eda 15 a\u00f1os, Kim Chival\u00e1n, que por aquel entonces hab\u00eda abandonado el colegio a instancia de sus padres para trabajar y as\u00ed aportar econ\u00f3micamente a la familia, se plante\u00f3 qu\u00e9 quer\u00eda para su futuro. De seguir sin estudiar, pens\u00f3, su vida estar\u00eda condenada a trabajar jornadas interminables en el campo o como sirvienta en otras casas. Este dilema que le quit\u00f3 el sue\u00f1o durante tanto tiempo es el que ha compartido con cientos de personas en los actos que hemos llevado a cabo en las cinco ciudades en las que hemos presentado nuestro \u00faltimo Informe Rojo: \u201cSeguras para aprender en Libertad\u201d.","og_url":"https:\/\/www.entreculturas.org\/gl\/noticia\/desde-el-corazon-indigena-de-guatemala-la-gira-de-kim-y-sofia-por-el-derecho-la-educacion\/","og_site_name":"Entreculturas","article_publisher":"https:\/\/www.facebook.com\/entreculturas","article_modified_time":"2024-03-19T19:00:39+00:00","og_image":[{"width":1600,"height":1200,"url":"https:\/\/www.entreculturas.org\/wp-content\/uploads\/2019\/10\/img-20190924-wa0004.jpg","type":"image\/jpeg"}],"twitter_card":"summary_large_image","twitter_site":"@Entreculturas","schema":{"@context":"https:\/\/schema.org","@graph":[{"@type":"WebPage","@id":"https:\/\/www.entreculturas.org\/gl\/noticia\/desde-el-corazon-indigena-de-guatemala-la-gira-de-kim-y-sofia-por-el-derecho-la-educacion\/","url":"https:\/\/www.entreculturas.org\/gl\/noticia\/desde-el-corazon-indigena-de-guatemala-la-gira-de-kim-y-sofia-por-el-derecho-la-educacion\/","name":"Desde el coraz\u00f3n ind\u00edgena de Guatemala: la gira de Kim y Sof\u00eda por el derecho a la educaci\u00f3n de las ni\u00f1as - Entreculturas","isPartOf":{"@id":"https:\/\/www.entreculturas.org\/gl\/#website"},"primaryImageOfPage":{"@id":"https:\/\/www.entreculturas.org\/gl\/noticia\/desde-el-corazon-indigena-de-guatemala-la-gira-de-kim-y-sofia-por-el-derecho-la-educacion\/#primaryimage"},"image":{"@id":"https:\/\/www.entreculturas.org\/gl\/noticia\/desde-el-corazon-indigena-de-guatemala-la-gira-de-kim-y-sofia-por-el-derecho-la-educacion\/#primaryimage"},"thumbnailUrl":"https:\/\/www.entreculturas.org\/wp-content\/uploads\/2019\/10\/img-20190924-wa0004.jpg","datePublished":"2019-10-09T08:44:57+00:00","dateModified":"2024-03-19T19:00:39+00:00","breadcrumb":{"@id":"https:\/\/www.entreculturas.org\/gl\/noticia\/desde-el-corazon-indigena-de-guatemala-la-gira-de-kim-y-sofia-por-el-derecho-la-educacion\/#breadcrumb"},"inLanguage":"gl-ES","potentialAction":[{"@type":"ReadAction","target":["https:\/\/www.entreculturas.org\/gl\/noticia\/desde-el-corazon-indigena-de-guatemala-la-gira-de-kim-y-sofia-por-el-derecho-la-educacion\/"]}]},{"@type":"ImageObject","inLanguage":"gl-ES","@id":"https:\/\/www.entreculturas.org\/gl\/noticia\/desde-el-corazon-indigena-de-guatemala-la-gira-de-kim-y-sofia-por-el-derecho-la-educacion\/#primaryimage","url":"https:\/\/www.entreculturas.org\/wp-content\/uploads\/2019\/10\/img-20190924-wa0004.jpg","contentUrl":"https:\/\/www.entreculturas.org\/wp-content\/uploads\/2019\/10\/img-20190924-wa0004.jpg","width":1600,"height":1200,"caption":"img-20190924-wa0004"},{"@type":"BreadcrumbList","@id":"https:\/\/www.entreculturas.org\/gl\/noticia\/desde-el-corazon-indigena-de-guatemala-la-gira-de-kim-y-sofia-por-el-derecho-la-educacion\/#breadcrumb","itemListElement":[{"@type":"ListItem","position":1,"name":"Home","item":"https:\/\/www.entreculturas.org\/gl\/"},{"@type":"ListItem","position":2,"name":"Noticias","item":"https:\/\/www.entreculturas.org\/gl\/noticias\/"},{"@type":"ListItem","position":3,"name":"Desde el coraz\u00f3n ind\u00edgena de Guatemala: la gira de Kim y Sof\u00eda por el derecho a la educaci\u00f3n de las ni\u00f1as"}]},{"@type":"WebSite","@id":"https:\/\/www.entreculturas.org\/gl\/#website","url":"https:\/\/www.entreculturas.org\/gl\/","name":"Entreculturas","description":"","publisher":{"@id":"https:\/\/www.entreculturas.org\/gl\/#organization"},"alternateName":"Entreculturas","potentialAction":[{"@type":"SearchAction","target":{"@type":"EntryPoint","urlTemplate":"https:\/\/www.entreculturas.org\/gl\/?s={search_term_string}"},"query-input":{"@type":"PropertyValueSpecification","valueRequired":true,"valueName":"search_term_string"}}],"inLanguage":"gl-ES"},{"@type":"Organization","@id":"https:\/\/www.entreculturas.org\/gl\/#organization","name":"Entreculturas","url":"https:\/\/www.entreculturas.org\/gl\/","logo":{"@type":"ImageObject","inLanguage":"gl-ES","@id":"https:\/\/www.entreculturas.org\/gl\/#\/schema\/logo\/image\/","url":"https:\/\/www.entreculturas.org\/wp-content\/uploads\/2025\/10\/ESP.svg","contentUrl":"https:\/\/www.entreculturas.org\/wp-content\/uploads\/2025\/10\/ESP.svg","caption":"Entreculturas"},"image":{"@id":"https:\/\/www.entreculturas.org\/gl\/#\/schema\/logo\/image\/"},"sameAs":["https:\/\/www.facebook.com\/entreculturas","https:\/\/x.com\/Entreculturas","https:\/\/www.instagram.com\/entreculturas\/","https:\/\/www.youtube.com\/user\/entreculturasvideo","https:\/\/www.linkedin.com\/company\/fundacion-entreculturas-ngdo\/","https:\/\/www.flickr.com\/photos\/98455522@N04\/albums\/"]}]}},"_links":{"self":[{"href":"https:\/\/www.entreculturas.org\/gl\/wp-json\/wp\/v2\/noticia\/3738","targetHints":{"allow":["GET"]}}],"collection":[{"href":"https:\/\/www.entreculturas.org\/gl\/wp-json\/wp\/v2\/noticia"}],"about":[{"href":"https:\/\/www.entreculturas.org\/gl\/wp-json\/wp\/v2\/types\/noticia"}],"wp:featuredmedia":[{"embeddable":true,"href":"https:\/\/www.entreculturas.org\/gl\/wp-json\/wp\/v2\/media\/3739"}],"wp:attachment":[{"href":"https:\/\/www.entreculturas.org\/gl\/wp-json\/wp\/v2\/media?parent=3738"}],"wp:term":[{"taxonomy":"category","embeddable":true,"href":"https:\/\/www.entreculturas.org\/gl\/wp-json\/wp\/v2\/categories?post=3738"},{"taxonomy":"post_tag","embeddable":true,"href":"https:\/\/www.entreculturas.org\/gl\/wp-json\/wp\/v2\/tags?post=3738"},{"taxonomy":"country","embeddable":true,"href":"https:\/\/www.entreculturas.org\/gl\/wp-json\/wp\/v2\/country?post=3738"},{"taxonomy":"cause","embeddable":true,"href":"https:\/\/www.entreculturas.org\/gl\/wp-json\/wp\/v2\/cause?post=3738"}],"curies":[{"name":"wp","href":"https:\/\/api.w.org\/{rel}","templated":true}]}}