{"id":3718,"date":"2019-10-07T07:45:40","date_gmt":"2019-10-07T07:45:40","guid":{"rendered":"https:\/\/entreculturasi.wpenginepowered.com\/?noticias=la-luz-de-las-ninas-me-ha-hecho-cambiar-siento-que-tengo-mas-creatividad-y-mas-alegria"},"modified":"2024-03-19T20:02:19","modified_gmt":"2024-03-19T19:02:19","slug":"la-luz-de-las-ninas-me-ha-hecho-cambiar-siento-que-tengo-mas-creatividad-y-mas-alegria","status":"publish","type":"noticia","link":"https:\/\/www.entreculturas.org\/gl\/noticia\/la-luz-de-las-ninas-me-ha-hecho-cambiar-siento-que-tengo-mas-creatividad-y-mas-alegria\/","title":{"rendered":"&#8220;La Luz de las Ni\u00f1as me ha hecho cambiar, siento que tengo m\u00e1s creatividad y m\u00e1s alegr\u00eda&#8221;"},"content":{"rendered":"<\/p>\n<p>No hay nada que detenga el esp\u00edritu de quien no ve una diversidad funcional como un l\u00edmite para seguir construyendo su futuro. Esta es la bandera de esperanza que lleva consigo todos los d\u00edas Michel Ange, una joven haitiana de 16 a\u00f1os que perdi\u00f3 su pierna izquierda a los seis a\u00f1os de edad y resisti\u00f3 al devastador terremoto de Hait\u00ed de 2010. Con el apoyo de Fe y Alegr\u00eda Hait\u00ed, consigui\u00f3 una pr\u00f3tesis y comenz\u00f3 a estudiar en la Escuela Comunitaria de Bas Cana\u00e1n, un lugar donde ha roto las barreras de la desigualdad y las de su propia discapacidad. Michel Ange forma parte del programa \u201cLa Luz de las Ni\u00f1as\u201d, juega al f\u00fatbol (su gran instrumento de superaci\u00f3n) y de mayor&nbsp;quiere ser azafata de vuelos.&nbsp;&nbsp;<br \/>&nbsp;<br \/><strong>\u00bfA qu\u00e9 edad entraste a la escuela? Cu\u00e9ntanos un poco c\u00f3mo fue llegar a esta escuela.<\/strong><br \/>Yo ten\u00eda mal el pie, fui al hospital con la hermana Dinah [Directora de la Escuela de Fe y Alegr\u00eda Cana\u00e1n] y me consigui\u00f3 esta pr\u00f3tesis. Despu\u00e9s entr\u00e9 en la escuela, con nueve a\u00f1os. Y entr\u00e9 directamente en el programa \u201cLa luz de las Ni\u00f1as\u201d, esto me ayud\u00f3 a ser creativa, alegre y aprender a trabajar en equipo.<br \/><strong>&nbsp;<br \/>\u00bfQu\u00e9 es lo que m\u00e1s te gusta de ahora que puedes ir a la escuela? \u00bfQu\u00e9 clases disfrutas m\u00e1s?<\/strong><br \/>En la escuela \u201cFoi et Joie\u201d me gusta \u201cHait\u00ef Jouer\u201d; tambi\u00e9n me gustan las clases de espa\u00f1ol. En el colegio tengo muchos amigos que siempre me aconsejan y disfruto mucho jugando al f\u00fatbol con ellos.<br \/>&nbsp;<br \/><strong>\u00bfCrees que la educaci\u00f3n es importante para los ni\u00f1os y ni\u00f1as?<\/strong><br \/>La educaci\u00f3n es importante para los ni\u00f1os porque hace que desarrollen sus capacidades, sean m\u00e1s inteligentes. La educaci\u00f3n nos hace ser m\u00e1s fuertes. Y es importante tambi\u00e9n para que, al crecer, seamos hombres y mujeres de provecho.<br \/>&nbsp;<br \/><strong>\u00bfQu\u00e9 quieres ser cuando seas mayor? \u00bfY c\u00f3mo crees que puedas conseguirlo?<\/strong><br \/>Yo quiero ser azafata, para trabajar en los aviones. Quiero asistir a la gente, cuando no sepan expresarse, poder preguntar qu\u00e9 les pasa y poder ayudarles. Lo primero, tengo que terminar la escuela, mis estudios, y estudiar mucho m\u00e1s para aprender esto que quiero ser en el futuro.<\/p>\n<p><img decoding=\"async\" alt=\"\" height=\"533\" src=\"https:\/\/www.entreculturas.org\/wp-content\/uploads\/2019\/10\/m-ange.jpg\" width=\"800\"><br \/>&nbsp;<br \/>&nbsp;<\/p>\n<p><strong>\u00bfQu\u00e9 dificultades tienen los ni\u00f1os y ni\u00f1as en Hait\u00ed para ir al colegio? \u00bfQu\u00e9 problemas enfrentan para venir a la escuela?<\/strong><br \/>Cuando los ni\u00f1os vienen a la escuela se enfrentan a que sus padres los mandan por su cuenta, muchos llegan solos. Y hay ni\u00f1os que no pueden venir, porque sus padres no pueden enviarle a la escuela, aunque les gustar\u00eda venir. Hay muchas ni\u00f1as que no pueden venir al cole porque sus padres no tienen dinero. Incluso, ni\u00f1as que vienen que no tienen materiales, o que no pueden venir porque trabajan. Y hay ni\u00f1as que no terminan porque sus padres llegan a una situaci\u00f3n en la que no pueden seguir ayud\u00e1ndoles con sus estudios.<br \/>&nbsp;<br \/><strong>\u00bfQu\u00e9 tipo de violencia sufren las ni\u00f1as en especial? \u00bfSufren m\u00e1s que los chicos?<\/strong><br \/>Las ni\u00f1as sufren m\u00e1s que los ni\u00f1os. Sufren violencia verbal, violencia sexual, f\u00edsica y muchas otras violencias. Les afecta mucho, tiene efectos graves. Cuando padecen violencia, tienen miedo. La violencia f\u00edsica hace que no puedan decir lo que les pasa.<br \/>&nbsp;<br \/><strong>\u00bfC\u00f3mo te ha cambiado la vida el poder participar en \u201cLa Luz de las Ni\u00f1as\u201d?<\/strong><br \/>Me ha hecho cambiar completamente. Siento que tengo m\u00e1s creatividad y tambi\u00e9n m\u00e1s alegr\u00eda. Ahora que tengo la pr\u00f3tesis puedo andar de nuevo. Juego con todos los ni\u00f1os que conozco. Antes ten\u00eda miedo de andar y de jugar. Ahora puedo contar que he participado en \u201cFootball Match\u201d y despu\u00e9s en \u201cHait\u00ef Jouer\u201d; fui l\u00edder juvenil de \u201cHait\u00ef Jouer\u201d. En \u201cFootball Match\u201d fui la mejor portera. Fui portera y tambi\u00e9n defensa. Jugu\u00e9 en el Centro Ol\u00edmpico. Lo disfrut\u00e9 mucho.&nbsp;<br \/>&nbsp;<br \/><strong>\u00bfQu\u00e9 mensaje le dar\u00edas a las ni\u00f1as de Hait\u00ed?<\/strong><br \/>Me gustar\u00eda que fuesen a la escuela. Que sus padres pudieran enviarlas al colegio, para que crezcan y aprendan y puedan conseguir un trabajo en el futuro. No me gustar\u00eda que las maltraten. Me gustar\u00eda que las ni\u00f1as fuesen iguales que los ni\u00f1os. Solo tienen que creer en s\u00ed mismas: que tienen los mismos derechos que los dem\u00e1s, porque toda ni\u00f1a es una luz que ilumina el mundo.<br \/>&nbsp;<br \/><strong>\u00bfCrees que las ni\u00f1as como t\u00fa, que han sufrido lo que t\u00fa, pueden superarse y&nbsp; crecer?<\/strong><br \/>Yo creo que tanto ni\u00f1as como ni\u00f1os que han perdido su pie, o que hayan sufrido pueden crecer, evolucionar. Pueden ir a la escuela igual que yo. Pueden unirse en todas las actividades, porque yo soy igual que ellos.<br \/>&nbsp;<br \/><strong>&nbsp;\u00bfQu\u00e9 crees que debemos cambiar en esta sociedad para erradicar la discriminaci\u00f3n que las ni\u00f1as sufren?<\/strong><br \/>Para ello las ni\u00f1as tienen que ir a la escuela. Ni\u00f1as y ni\u00f1os, deben venir a la escuela, y frenar el maltrato, porque los mayores se ir\u00e1n y los j\u00f3venes se quedar\u00e1n. Ellos son el futuro del pa\u00eds.<\/p>\n<p><strong>\u00bfTe sientes como las otras ni\u00f1as? \u00bfC\u00f3mo lo has superado?<\/strong><br \/>Me siento bien, porque siento que, cuando juego al f\u00fatbol, yo soy una m\u00e1s con ellos. Cuando le pego a la pelota, me siento bien. Siempre tuve miedo, ahora ya no soy t\u00edmida, ya no tengo miedo.<\/p>\n","protected":false},"excerpt":{"rendered":"<p>No hay nada que detenga el esp\u00edritu de quien no ve una diversidad funcional como un l\u00edmite para seguir construyendo su futuro. Esta es la bandera de esperanza que lleva consigo todos los d\u00edas Michel Ange, una joven haitiana de 16 a\u00f1os que perdi\u00f3 su pierna izquierda a los seis a\u00f1os de edad y resisti\u00f3 al devastador terremoto de Hait\u00ed de 2010. Con el apoyo de Fe y Alegr\u00eda Hait\u00ed, consigui\u00f3 una pr\u00f3tesis y comenz\u00f3 a estudiar en la Escuela Comunitaria de Bas Cana\u00e1n, un lugar donde ha roto las barreras de la desigualdad y las de su propia discapacidad<\/p>\n","protected":false},"featured_media":3716,"template":"single-noticia","meta":{"_acf_changed":false},"categories":[7],"tags":[293],"country":[],"cause":[130],"class_list":["post-3718","noticia","type-noticia","status-publish","has-post-thumbnail","hentry","category-noticia","tag-genero","cause-genero"],"acf":[],"yoast_head":"<!-- This site is optimized with the Yoast SEO Premium plugin v21.6 (Yoast SEO v27.5) - https:\/\/yoast.com\/product\/yoast-seo-premium-wordpress\/ -->\n<title>&quot;La Luz de las Ni\u00f1as me ha hecho cambiar, siento que tengo m\u00e1s creatividad y m\u00e1s alegr\u00eda&quot; - Entreculturas<\/title>\n<meta name=\"robots\" content=\"index, follow, max-snippet:-1, max-image-preview:large, max-video-preview:-1\" \/>\n<link rel=\"canonical\" href=\"https:\/\/www.entreculturas.org\/gl\/noticia\/la-luz-de-las-ninas-me-ha-hecho-cambiar-siento-que-tengo-mas-creatividad-y-mas-alegria\/\" \/>\n<meta property=\"og:locale\" content=\"gl_ES\" \/>\n<meta property=\"og:type\" content=\"article\" \/>\n<meta property=\"og:title\" content=\"&quot;La Luz de las Ni\u00f1as me ha hecho cambiar, siento que tengo m\u00e1s creatividad y m\u00e1s alegr\u00eda&quot;\" \/>\n<meta property=\"og:description\" content=\"No hay nada que detenga el esp\u00edritu de quien no ve una diversidad funcional como un l\u00edmite para seguir construyendo su futuro. Esta es la bandera de esperanza que lleva consigo todos los d\u00edas Michel Ange, una joven haitiana de 16 a\u00f1os que perdi\u00f3 su pierna izquierda a los seis a\u00f1os de edad y resisti\u00f3 al devastador terremoto de Hait\u00ed de 2010. Con el apoyo de Fe y Alegr\u00eda Hait\u00ed, consigui\u00f3 una pr\u00f3tesis y comenz\u00f3 a estudiar en la Escuela Comunitaria de Bas Cana\u00e1n, un lugar donde ha roto las barreras de la desigualdad y las de su propia discapacidad\" \/>\n<meta property=\"og:url\" content=\"https:\/\/www.entreculturas.org\/gl\/noticia\/la-luz-de-las-ninas-me-ha-hecho-cambiar-siento-que-tengo-mas-creatividad-y-mas-alegria\/\" \/>\n<meta property=\"og:site_name\" content=\"Entreculturas\" \/>\n<meta property=\"article:publisher\" content=\"https:\/\/www.facebook.com\/entreculturas\" \/>\n<meta property=\"article:modified_time\" content=\"2024-03-19T19:02:19+00:00\" \/>\n<meta property=\"og:image\" content=\"https:\/\/www.entreculturas.org\/wp-content\/uploads\/2019\/10\/michel-ange.jpg\" \/>\n\t<meta property=\"og:image:width\" content=\"800\" \/>\n\t<meta property=\"og:image:height\" content=\"545\" \/>\n\t<meta property=\"og:image:type\" content=\"image\/jpeg\" \/>\n<meta name=\"twitter:card\" content=\"summary_large_image\" \/>\n<meta name=\"twitter:site\" content=\"@Entreculturas\" \/>\n<script type=\"application\/ld+json\" class=\"yoast-schema-graph\">{\"@context\":\"https:\\\/\\\/schema.org\",\"@graph\":[{\"@type\":\"WebPage\",\"@id\":\"https:\\\/\\\/www.entreculturas.org\\\/gl\\\/noticia\\\/la-luz-de-las-ninas-me-ha-hecho-cambiar-siento-que-tengo-mas-creatividad-y-mas-alegria\\\/\",\"url\":\"https:\\\/\\\/www.entreculturas.org\\\/gl\\\/noticia\\\/la-luz-de-las-ninas-me-ha-hecho-cambiar-siento-que-tengo-mas-creatividad-y-mas-alegria\\\/\",\"name\":\"\\\"La Luz de las Ni\u00f1as me ha hecho cambiar, siento que tengo m\u00e1s creatividad y m\u00e1s alegr\u00eda\\\" - Entreculturas\",\"isPartOf\":{\"@id\":\"https:\\\/\\\/www.entreculturas.org\\\/gl\\\/#website\"},\"primaryImageOfPage\":{\"@id\":\"https:\\\/\\\/www.entreculturas.org\\\/gl\\\/noticia\\\/la-luz-de-las-ninas-me-ha-hecho-cambiar-siento-que-tengo-mas-creatividad-y-mas-alegria\\\/#primaryimage\"},\"image\":{\"@id\":\"https:\\\/\\\/www.entreculturas.org\\\/gl\\\/noticia\\\/la-luz-de-las-ninas-me-ha-hecho-cambiar-siento-que-tengo-mas-creatividad-y-mas-alegria\\\/#primaryimage\"},\"thumbnailUrl\":\"https:\\\/\\\/www.entreculturas.org\\\/wp-content\\\/uploads\\\/2019\\\/10\\\/michel-ange.jpg\",\"datePublished\":\"2019-10-07T07:45:40+00:00\",\"dateModified\":\"2024-03-19T19:02:19+00:00\",\"breadcrumb\":{\"@id\":\"https:\\\/\\\/www.entreculturas.org\\\/gl\\\/noticia\\\/la-luz-de-las-ninas-me-ha-hecho-cambiar-siento-que-tengo-mas-creatividad-y-mas-alegria\\\/#breadcrumb\"},\"inLanguage\":\"gl-ES\",\"potentialAction\":[{\"@type\":\"ReadAction\",\"target\":[\"https:\\\/\\\/www.entreculturas.org\\\/gl\\\/noticia\\\/la-luz-de-las-ninas-me-ha-hecho-cambiar-siento-que-tengo-mas-creatividad-y-mas-alegria\\\/\"]}]},{\"@type\":\"ImageObject\",\"inLanguage\":\"gl-ES\",\"@id\":\"https:\\\/\\\/www.entreculturas.org\\\/gl\\\/noticia\\\/la-luz-de-las-ninas-me-ha-hecho-cambiar-siento-que-tengo-mas-creatividad-y-mas-alegria\\\/#primaryimage\",\"url\":\"https:\\\/\\\/www.entreculturas.org\\\/wp-content\\\/uploads\\\/2019\\\/10\\\/michel-ange.jpg\",\"contentUrl\":\"https:\\\/\\\/www.entreculturas.org\\\/wp-content\\\/uploads\\\/2019\\\/10\\\/michel-ange.jpg\",\"width\":800,\"height\":545},{\"@type\":\"BreadcrumbList\",\"@id\":\"https:\\\/\\\/www.entreculturas.org\\\/gl\\\/noticia\\\/la-luz-de-las-ninas-me-ha-hecho-cambiar-siento-que-tengo-mas-creatividad-y-mas-alegria\\\/#breadcrumb\",\"itemListElement\":[{\"@type\":\"ListItem\",\"position\":1,\"name\":\"Home\",\"item\":\"https:\\\/\\\/www.entreculturas.org\\\/gl\\\/\"},{\"@type\":\"ListItem\",\"position\":2,\"name\":\"Noticias\",\"item\":\"https:\\\/\\\/www.entreculturas.org\\\/gl\\\/noticias\\\/\"},{\"@type\":\"ListItem\",\"position\":3,\"name\":\"&#8220;La Luz de las Ni\u00f1as me ha hecho cambiar, siento que tengo m\u00e1s creatividad y m\u00e1s alegr\u00eda&#8221;\"}]},{\"@type\":\"WebSite\",\"@id\":\"https:\\\/\\\/www.entreculturas.org\\\/gl\\\/#website\",\"url\":\"https:\\\/\\\/www.entreculturas.org\\\/gl\\\/\",\"name\":\"Entreculturas\",\"description\":\"\",\"publisher\":{\"@id\":\"https:\\\/\\\/www.entreculturas.org\\\/gl\\\/#organization\"},\"alternateName\":\"Entreculturas\",\"potentialAction\":[{\"@type\":\"SearchAction\",\"target\":{\"@type\":\"EntryPoint\",\"urlTemplate\":\"https:\\\/\\\/www.entreculturas.org\\\/gl\\\/?s={search_term_string}\"},\"query-input\":{\"@type\":\"PropertyValueSpecification\",\"valueRequired\":true,\"valueName\":\"search_term_string\"}}],\"inLanguage\":\"gl-ES\"},{\"@type\":\"Organization\",\"@id\":\"https:\\\/\\\/www.entreculturas.org\\\/gl\\\/#organization\",\"name\":\"Entreculturas\",\"url\":\"https:\\\/\\\/www.entreculturas.org\\\/gl\\\/\",\"logo\":{\"@type\":\"ImageObject\",\"inLanguage\":\"gl-ES\",\"@id\":\"https:\\\/\\\/www.entreculturas.org\\\/gl\\\/#\\\/schema\\\/logo\\\/image\\\/\",\"url\":\"https:\\\/\\\/www.entreculturas.org\\\/wp-content\\\/uploads\\\/2025\\\/10\\\/ESP.svg\",\"contentUrl\":\"https:\\\/\\\/www.entreculturas.org\\\/wp-content\\\/uploads\\\/2025\\\/10\\\/ESP.svg\",\"caption\":\"Entreculturas\"},\"image\":{\"@id\":\"https:\\\/\\\/www.entreculturas.org\\\/gl\\\/#\\\/schema\\\/logo\\\/image\\\/\"},\"sameAs\":[\"https:\\\/\\\/www.facebook.com\\\/entreculturas\",\"https:\\\/\\\/x.com\\\/Entreculturas\",\"https:\\\/\\\/www.instagram.com\\\/entreculturas\\\/\",\"https:\\\/\\\/www.youtube.com\\\/user\\\/entreculturasvideo\",\"https:\\\/\\\/www.linkedin.com\\\/company\\\/fundacion-entreculturas-ngdo\\\/\",\"https:\\\/\\\/www.flickr.com\\\/photos\\\/98455522@N04\\\/albums\\\/\"]}]}<\/script>\n<!-- \/ Yoast SEO Premium plugin. -->","yoast_head_json":{"title":"\"La Luz de las Ni\u00f1as me ha hecho cambiar, siento que tengo m\u00e1s creatividad y m\u00e1s alegr\u00eda\" - Entreculturas","robots":{"index":"index","follow":"follow","max-snippet":"max-snippet:-1","max-image-preview":"max-image-preview:large","max-video-preview":"max-video-preview:-1"},"canonical":"https:\/\/www.entreculturas.org\/gl\/noticia\/la-luz-de-las-ninas-me-ha-hecho-cambiar-siento-que-tengo-mas-creatividad-y-mas-alegria\/","og_locale":"gl_ES","og_type":"article","og_title":"\"La Luz de las Ni\u00f1as me ha hecho cambiar, siento que tengo m\u00e1s creatividad y m\u00e1s alegr\u00eda\"","og_description":"No hay nada que detenga el esp\u00edritu de quien no ve una diversidad funcional como un l\u00edmite para seguir construyendo su futuro. Esta es la bandera de esperanza que lleva consigo todos los d\u00edas Michel Ange, una joven haitiana de 16 a\u00f1os que perdi\u00f3 su pierna izquierda a los seis a\u00f1os de edad y resisti\u00f3 al devastador terremoto de Hait\u00ed de 2010. Con el apoyo de Fe y Alegr\u00eda Hait\u00ed, consigui\u00f3 una pr\u00f3tesis y comenz\u00f3 a estudiar en la Escuela Comunitaria de Bas Cana\u00e1n, un lugar donde ha roto las barreras de la desigualdad y las de su propia discapacidad","og_url":"https:\/\/www.entreculturas.org\/gl\/noticia\/la-luz-de-las-ninas-me-ha-hecho-cambiar-siento-que-tengo-mas-creatividad-y-mas-alegria\/","og_site_name":"Entreculturas","article_publisher":"https:\/\/www.facebook.com\/entreculturas","article_modified_time":"2024-03-19T19:02:19+00:00","og_image":[{"width":800,"height":545,"url":"https:\/\/www.entreculturas.org\/wp-content\/uploads\/2019\/10\/michel-ange.jpg","type":"image\/jpeg"}],"twitter_card":"summary_large_image","twitter_site":"@Entreculturas","schema":{"@context":"https:\/\/schema.org","@graph":[{"@type":"WebPage","@id":"https:\/\/www.entreculturas.org\/gl\/noticia\/la-luz-de-las-ninas-me-ha-hecho-cambiar-siento-que-tengo-mas-creatividad-y-mas-alegria\/","url":"https:\/\/www.entreculturas.org\/gl\/noticia\/la-luz-de-las-ninas-me-ha-hecho-cambiar-siento-que-tengo-mas-creatividad-y-mas-alegria\/","name":"\"La Luz de las Ni\u00f1as me ha hecho cambiar, siento que tengo m\u00e1s creatividad y m\u00e1s alegr\u00eda\" - Entreculturas","isPartOf":{"@id":"https:\/\/www.entreculturas.org\/gl\/#website"},"primaryImageOfPage":{"@id":"https:\/\/www.entreculturas.org\/gl\/noticia\/la-luz-de-las-ninas-me-ha-hecho-cambiar-siento-que-tengo-mas-creatividad-y-mas-alegria\/#primaryimage"},"image":{"@id":"https:\/\/www.entreculturas.org\/gl\/noticia\/la-luz-de-las-ninas-me-ha-hecho-cambiar-siento-que-tengo-mas-creatividad-y-mas-alegria\/#primaryimage"},"thumbnailUrl":"https:\/\/www.entreculturas.org\/wp-content\/uploads\/2019\/10\/michel-ange.jpg","datePublished":"2019-10-07T07:45:40+00:00","dateModified":"2024-03-19T19:02:19+00:00","breadcrumb":{"@id":"https:\/\/www.entreculturas.org\/gl\/noticia\/la-luz-de-las-ninas-me-ha-hecho-cambiar-siento-que-tengo-mas-creatividad-y-mas-alegria\/#breadcrumb"},"inLanguage":"gl-ES","potentialAction":[{"@type":"ReadAction","target":["https:\/\/www.entreculturas.org\/gl\/noticia\/la-luz-de-las-ninas-me-ha-hecho-cambiar-siento-que-tengo-mas-creatividad-y-mas-alegria\/"]}]},{"@type":"ImageObject","inLanguage":"gl-ES","@id":"https:\/\/www.entreculturas.org\/gl\/noticia\/la-luz-de-las-ninas-me-ha-hecho-cambiar-siento-que-tengo-mas-creatividad-y-mas-alegria\/#primaryimage","url":"https:\/\/www.entreculturas.org\/wp-content\/uploads\/2019\/10\/michel-ange.jpg","contentUrl":"https:\/\/www.entreculturas.org\/wp-content\/uploads\/2019\/10\/michel-ange.jpg","width":800,"height":545},{"@type":"BreadcrumbList","@id":"https:\/\/www.entreculturas.org\/gl\/noticia\/la-luz-de-las-ninas-me-ha-hecho-cambiar-siento-que-tengo-mas-creatividad-y-mas-alegria\/#breadcrumb","itemListElement":[{"@type":"ListItem","position":1,"name":"Home","item":"https:\/\/www.entreculturas.org\/gl\/"},{"@type":"ListItem","position":2,"name":"Noticias","item":"https:\/\/www.entreculturas.org\/gl\/noticias\/"},{"@type":"ListItem","position":3,"name":"&#8220;La Luz de las Ni\u00f1as me ha hecho cambiar, siento que tengo m\u00e1s creatividad y m\u00e1s alegr\u00eda&#8221;"}]},{"@type":"WebSite","@id":"https:\/\/www.entreculturas.org\/gl\/#website","url":"https:\/\/www.entreculturas.org\/gl\/","name":"Entreculturas","description":"","publisher":{"@id":"https:\/\/www.entreculturas.org\/gl\/#organization"},"alternateName":"Entreculturas","potentialAction":[{"@type":"SearchAction","target":{"@type":"EntryPoint","urlTemplate":"https:\/\/www.entreculturas.org\/gl\/?s={search_term_string}"},"query-input":{"@type":"PropertyValueSpecification","valueRequired":true,"valueName":"search_term_string"}}],"inLanguage":"gl-ES"},{"@type":"Organization","@id":"https:\/\/www.entreculturas.org\/gl\/#organization","name":"Entreculturas","url":"https:\/\/www.entreculturas.org\/gl\/","logo":{"@type":"ImageObject","inLanguage":"gl-ES","@id":"https:\/\/www.entreculturas.org\/gl\/#\/schema\/logo\/image\/","url":"https:\/\/www.entreculturas.org\/wp-content\/uploads\/2025\/10\/ESP.svg","contentUrl":"https:\/\/www.entreculturas.org\/wp-content\/uploads\/2025\/10\/ESP.svg","caption":"Entreculturas"},"image":{"@id":"https:\/\/www.entreculturas.org\/gl\/#\/schema\/logo\/image\/"},"sameAs":["https:\/\/www.facebook.com\/entreculturas","https:\/\/x.com\/Entreculturas","https:\/\/www.instagram.com\/entreculturas\/","https:\/\/www.youtube.com\/user\/entreculturasvideo","https:\/\/www.linkedin.com\/company\/fundacion-entreculturas-ngdo\/","https:\/\/www.flickr.com\/photos\/98455522@N04\/albums\/"]}]}},"_links":{"self":[{"href":"https:\/\/www.entreculturas.org\/gl\/wp-json\/wp\/v2\/noticia\/3718","targetHints":{"allow":["GET"]}}],"collection":[{"href":"https:\/\/www.entreculturas.org\/gl\/wp-json\/wp\/v2\/noticia"}],"about":[{"href":"https:\/\/www.entreculturas.org\/gl\/wp-json\/wp\/v2\/types\/noticia"}],"wp:featuredmedia":[{"embeddable":true,"href":"https:\/\/www.entreculturas.org\/gl\/wp-json\/wp\/v2\/media\/3716"}],"wp:attachment":[{"href":"https:\/\/www.entreculturas.org\/gl\/wp-json\/wp\/v2\/media?parent=3718"}],"wp:term":[{"taxonomy":"category","embeddable":true,"href":"https:\/\/www.entreculturas.org\/gl\/wp-json\/wp\/v2\/categories?post=3718"},{"taxonomy":"post_tag","embeddable":true,"href":"https:\/\/www.entreculturas.org\/gl\/wp-json\/wp\/v2\/tags?post=3718"},{"taxonomy":"country","embeddable":true,"href":"https:\/\/www.entreculturas.org\/gl\/wp-json\/wp\/v2\/country?post=3718"},{"taxonomy":"cause","embeddable":true,"href":"https:\/\/www.entreculturas.org\/gl\/wp-json\/wp\/v2\/cause?post=3718"}],"curies":[{"name":"wp","href":"https:\/\/api.w.org\/{rel}","templated":true}]}}