{"id":36938,"date":"2025-01-16T13:28:10","date_gmt":"2025-01-16T12:28:10","guid":{"rendered":"https:\/\/www.entreculturas.org\/?post_type=noticia&#038;p=36938"},"modified":"2025-01-16T13:30:33","modified_gmt":"2025-01-16T12:30:33","slug":"8-voluntarios-y-voluntarias-volpa-inician-su-aventura-internacional-con-entreculturas","status":"publish","type":"noticia","link":"https:\/\/www.entreculturas.org\/gl\/noticia\/8-voluntarios-y-voluntarias-volpa-inician-su-aventura-internacional-con-entreculturas\/","title":{"rendered":"8 voluntarios y voluntarias VOLPA inician su aventura internacional con Entreculturas"},"content":{"rendered":"\n<p>\u00bfTe imaginas vivir un a\u00f1o fuera de casa, inmerso\/a en una cultura diferente y viviendo una experiencia transformadora?<br><\/p>\n\n\n\n<p>Este es el reto que afrontan los 8 voluntarios y voluntarias <a href=\"https:\/\/www.entreculturas.org\/volpa\/\">VOLPA<\/a> que, tras meses de formaci\u00f3n, inician su aventura internacional con Entreculturas y Alboan. Paloma, Joshua, Natalia, Gonzalo, Alicia, Paula, Samu y Merche disfrutaron el pasado lunes 14 de enero en la sede central de Entreculturas en Madrid de la \u00faltima jornada de formaci\u00f3n antes de viajar a sus destinos en Am\u00e9rica Latina.<br><\/p>\n\n\n\n<h2 class=\"wp-block-heading has--font-size\" id=\"h-la-ultima-jornada-de-formacion-antes-de-partir\">La \u00faltima jornada de formaci\u00f3n antes de partir<\/h2>\n\n\n\n<p><br>La jornada incluy\u00f3 una revisi\u00f3n de aspectos pr\u00e1cticos y administrativos, pero tambi\u00e9n fue una ocasi\u00f3n para despedir a las y los voluntarios con un fuerte abrazo y palabras de aliento. Ram\u00f3n Almansa, director ejecutivo de Entreculturas, destac\u00f3 las &#8220;actitudes VOLPA&#8221;, como la empat\u00eda, la horizontalidad y el agradecimiento, valores fundamentales para el \u00e9xito de su misi\u00f3n.<br><\/p>\n\n\n\n<figure class=\"wp-block-image aligncenter size-large is-resized\"><img decoding=\"async\" width=\"1125\" height=\"633\" src=\"https:\/\/www.entreculturas.org\/wp-content\/uploads\/2025\/01\/voluntarias-y-voluntarios-VOLPA-2-2-edited-2.jpg\" alt=\"\" class=\"wp-image-36975\" style=\"width:988px;height:auto\" srcset=\"https:\/\/www.entreculturas.org\/wp-content\/uploads\/2025\/01\/voluntarias-y-voluntarios-VOLPA-2-2-edited-2.jpg 1125w, https:\/\/www.entreculturas.org\/wp-content\/uploads\/2025\/01\/voluntarias-y-voluntarios-VOLPA-2-2-edited-2-300x169.jpg 300w, https:\/\/www.entreculturas.org\/wp-content\/uploads\/2025\/01\/voluntarias-y-voluntarios-VOLPA-2-2-edited-2-1024x576.jpg 1024w, https:\/\/www.entreculturas.org\/wp-content\/uploads\/2025\/01\/voluntarias-y-voluntarios-VOLPA-2-2-edited-2-768x432.jpg 768w\" sizes=\"(max-width: 1125px) 100vw, 1125px\" \/><\/figure>\n\n\n\n<h2 class=\"wp-block-heading\" id=\"h-los-destinos-de-las-y-los-voluntarios-volpa-2025\"><br>Los destinos de las y los voluntarios VOLPA 2025<\/h2>\n\n\n\n<p><br>Las y los 8 voluntarios y voluntarias de esta edici\u00f3n del programa VOLPA tienen los siguientes destinos:<br><\/p>\n\n\n\n<ul class=\"wp-block-list\">\n<li>Mercedes Mir &#8211; Fe y Alegr\u00eda, Honduras<\/li>\n\n\n\n<li>Gonzalo Huelin &#8211; SJRM, Brasil<\/li>\n\n\n\n<li>Paloma Bl\u00e1zquez &#8211; Fe y Alegr\u00eda, Per\u00fa<\/li>\n\n\n\n<li>Joshua Fonseca &#8211; Fe y Alegr\u00eda, Ecuador<\/li>\n\n\n\n<li>Natalia S\u00e1nchez &#8211; SJM, Per\u00fa<\/li>\n\n\n\n<li>Paula Ponce &#8211; Mi Rancho, Bolivia<\/li>\n\n\n\n<li>Samuel Martos &#8211; Mi Rancho, Bolivia<\/li>\n\n\n\n<li>Alicia Alcaide &#8211; Puente de Paz, Guatemala<br><br><\/li>\n<\/ul>\n\n\n\n<h2 class=\"wp-block-heading\" id=\"h-acompanamiento-en-la-nueva-etapa-de-las-voluntarias-y-los-voluntarios-volpa\">Acompa\u00f1amiento en la nueva etapa de las voluntarias y los voluntarios VOLPA<\/h2>\n\n\n\n<p><br>Durante la jornada, el equipo de coordinaci\u00f3n del programa VOLPA, junto con compa\u00f1eras y compa\u00f1eros del \u00e1rea de comunicaci\u00f3n, ofreci\u00f3 informaci\u00f3n pr\u00e1ctica sobre seguridad, uso del seguro y la importancia de acercar las realidades locales a sus entornos y redes sociales. La jornada finaliz\u00f3 con una evaluaci\u00f3n del d\u00eda y un emotivo abrazo para cada una de las y los voluntarios.<br><\/p>\n\n\n\n<figure class=\"wp-block-image aligncenter size-large is-resized\"><img decoding=\"async\" width=\"1024\" height=\"576\" src=\"https:\/\/www.entreculturas.org\/wp-content\/uploads\/2025\/01\/voluntarias-y-voluntarios-VOLPA-3-1024x576.jpg\" alt=\"\" class=\"wp-image-36960\" style=\"width:1019px;height:auto\" srcset=\"https:\/\/www.entreculturas.org\/wp-content\/uploads\/2025\/01\/voluntarias-y-voluntarios-VOLPA-3-1024x576.jpg 1024w, https:\/\/www.entreculturas.org\/wp-content\/uploads\/2025\/01\/voluntarias-y-voluntarios-VOLPA-3-300x169.jpg 300w, https:\/\/www.entreculturas.org\/wp-content\/uploads\/2025\/01\/voluntarias-y-voluntarios-VOLPA-3-768x432.jpg 768w, https:\/\/www.entreculturas.org\/wp-content\/uploads\/2025\/01\/voluntarias-y-voluntarios-VOLPA-3.jpg 1500w\" sizes=\"(max-width: 1024px) 100vw, 1024px\" \/><\/figure>\n\n\n\n<h2 class=\"wp-block-heading\" id=\"h-que-es-el-programa-volpa\"><br>\u00bfQu\u00e9 es el programa VOLPA?<\/h2>\n\n\n\n<p><br><a href=\"https:\/\/www.entreculturas.org\/noticia\/voluntariado\/\">VOLPA <\/a>es un programa de voluntariado internacional de Entreculturas y Alboan, que permite a j\u00f3venes comprometidos\/as con la cooperaci\u00f3n internacional insertarse en organizaciones, comunidades y proyectos en pa\u00edses de Am\u00e9rica Latina. Tras una formaci\u00f3n intensiva de 9 meses, las y los voluntarios trabajan durante uno o dos a\u00f1os en terreno, promoviendo el desarrollo social y educativo en las comunidades locales.<\/p>\n","protected":false},"excerpt":{"rendered":"<p>\u00bfTe imaginas vivir un a\u00f1o fuera de casa, inmerso\/a en una cultura diferente y viviendo una experiencia transformadora? Este es el reto que afrontan los 8 voluntarios y voluntarias VOLPA que, tras meses de formaci\u00f3n, inician su aventura internacional con Entreculturas y Alboan. Paloma, Joshua, Natalia, Gonzalo, Alicia, Paula, Samu y Merche disfrutaron el pasado lunes 14 de enero en la sede central de Entreculturas en Madrid de la \u00faltima jornada de formaci\u00f3n antes de viajar a sus destinos en Am\u00e9rica Latina. La \u00faltima jornada de formaci\u00f3n antes de partir La jornada incluy\u00f3 una revisi\u00f3n de aspectos pr\u00e1cticos y administrativos, pero tambi\u00e9n fue una ocasi\u00f3n para despedir a las y los voluntarios con un fuerte abrazo y palabras de aliento. Ram\u00f3n Almansa, director ejecutivo de Entreculturas, destac\u00f3 las &#8220;actitudes VOLPA&#8221;, como la empat\u00eda, la horizontalidad y el agradecimiento, valores fundamentales para el \u00e9xito de su misi\u00f3n. Los destinos de las [&hellip;]<\/p>\n","protected":false},"featured_media":36940,"template":"","meta":{"_acf_changed":false},"categories":[7],"tags":[191],"country":[116,117,119,146,123],"cause":[],"class_list":["post-36938","noticia","type-noticia","status-publish","has-post-thumbnail","hentry","category-noticia","tag-voluntariado","country-bolivia","country-brasil","country-ecuador","country-honduras","country-peru"],"acf":[],"yoast_head":"<!-- This site is optimized with the Yoast SEO Premium plugin v21.6 (Yoast SEO v27.5) - https:\/\/yoast.com\/product\/yoast-seo-premium-wordpress\/ -->\n<title>Voluntarias VOLPA inician su aventura<\/title>\n<meta name=\"description\" content=\"\u00bfTe imaginas vivir un a\u00f1o fuera de casa? 8 voluntarios y voluntarias VOLPA inician su aventura internacional con Entreculturas y Alboan.\" \/>\n<meta name=\"robots\" content=\"index, follow, max-snippet:-1, max-image-preview:large, max-video-preview:-1\" \/>\n<link rel=\"canonical\" href=\"https:\/\/www.entreculturas.org\/gl\/noticia\/8-voluntarios-y-voluntarias-volpa-inician-su-aventura-internacional-con-entreculturas\/\" \/>\n<meta property=\"og:locale\" content=\"gl_ES\" \/>\n<meta property=\"og:type\" content=\"article\" \/>\n<meta property=\"og:title\" content=\"8 voluntarios y voluntarias VOLPA inician su aventura internacional con Entreculturas\" \/>\n<meta property=\"og:description\" content=\"\u00bfTe imaginas vivir un a\u00f1o fuera de casa? 8 voluntarios y voluntarias VOLPA inician su aventura internacional con Entreculturas y Alboan.\" \/>\n<meta property=\"og:url\" content=\"https:\/\/www.entreculturas.org\/gl\/noticia\/8-voluntarios-y-voluntarias-volpa-inician-su-aventura-internacional-con-entreculturas\/\" \/>\n<meta property=\"og:site_name\" content=\"Entreculturas\" \/>\n<meta property=\"article:publisher\" content=\"https:\/\/www.facebook.com\/entreculturas\" \/>\n<meta property=\"article:modified_time\" content=\"2025-01-16T12:30:33+00:00\" \/>\n<meta property=\"og:image\" content=\"https:\/\/www.entreculturas.org\/wp-content\/uploads\/2025\/01\/voluntarias-y-voluntarios-VOLPA-1.jpg\" \/>\n\t<meta property=\"og:image:width\" content=\"1600\" \/>\n\t<meta property=\"og:image:height\" content=\"605\" \/>\n\t<meta property=\"og:image:type\" content=\"image\/jpeg\" \/>\n<meta name=\"twitter:card\" content=\"summary_large_image\" \/>\n<meta name=\"twitter:site\" content=\"@Entreculturas\" \/>\n<script type=\"application\/ld+json\" class=\"yoast-schema-graph\">{\"@context\":\"https:\\\/\\\/schema.org\",\"@graph\":[{\"@type\":\"WebPage\",\"@id\":\"https:\\\/\\\/www.entreculturas.org\\\/gl\\\/noticia\\\/8-voluntarios-y-voluntarias-volpa-inician-su-aventura-internacional-con-entreculturas\\\/\",\"url\":\"https:\\\/\\\/www.entreculturas.org\\\/gl\\\/noticia\\\/8-voluntarios-y-voluntarias-volpa-inician-su-aventura-internacional-con-entreculturas\\\/\",\"name\":\"Voluntarias VOLPA inician su aventura\",\"isPartOf\":{\"@id\":\"https:\\\/\\\/www.entreculturas.org\\\/gl\\\/#website\"},\"primaryImageOfPage\":{\"@id\":\"https:\\\/\\\/www.entreculturas.org\\\/gl\\\/noticia\\\/8-voluntarios-y-voluntarias-volpa-inician-su-aventura-internacional-con-entreculturas\\\/#primaryimage\"},\"image\":{\"@id\":\"https:\\\/\\\/www.entreculturas.org\\\/gl\\\/noticia\\\/8-voluntarios-y-voluntarias-volpa-inician-su-aventura-internacional-con-entreculturas\\\/#primaryimage\"},\"thumbnailUrl\":\"https:\\\/\\\/www.entreculturas.org\\\/wp-content\\\/uploads\\\/2025\\\/01\\\/voluntarias-y-voluntarios-VOLPA-1.jpg\",\"datePublished\":\"2025-01-16T12:28:10+00:00\",\"dateModified\":\"2025-01-16T12:30:33+00:00\",\"description\":\"\u00bfTe imaginas vivir un a\u00f1o fuera de casa? 8 voluntarios y voluntarias VOLPA inician su aventura internacional con Entreculturas y Alboan.\",\"breadcrumb\":{\"@id\":\"https:\\\/\\\/www.entreculturas.org\\\/gl\\\/noticia\\\/8-voluntarios-y-voluntarias-volpa-inician-su-aventura-internacional-con-entreculturas\\\/#breadcrumb\"},\"inLanguage\":\"gl-ES\",\"potentialAction\":[{\"@type\":\"ReadAction\",\"target\":[\"https:\\\/\\\/www.entreculturas.org\\\/gl\\\/noticia\\\/8-voluntarios-y-voluntarias-volpa-inician-su-aventura-internacional-con-entreculturas\\\/\"]}]},{\"@type\":\"ImageObject\",\"inLanguage\":\"gl-ES\",\"@id\":\"https:\\\/\\\/www.entreculturas.org\\\/gl\\\/noticia\\\/8-voluntarios-y-voluntarias-volpa-inician-su-aventura-internacional-con-entreculturas\\\/#primaryimage\",\"url\":\"https:\\\/\\\/www.entreculturas.org\\\/wp-content\\\/uploads\\\/2025\\\/01\\\/voluntarias-y-voluntarios-VOLPA-1.jpg\",\"contentUrl\":\"https:\\\/\\\/www.entreculturas.org\\\/wp-content\\\/uploads\\\/2025\\\/01\\\/voluntarias-y-voluntarios-VOLPA-1.jpg\",\"width\":1600,\"height\":605,\"caption\":\"Voluntarias y voluntarios VOLPA\"},{\"@type\":\"BreadcrumbList\",\"@id\":\"https:\\\/\\\/www.entreculturas.org\\\/gl\\\/noticia\\\/8-voluntarios-y-voluntarias-volpa-inician-su-aventura-internacional-con-entreculturas\\\/#breadcrumb\",\"itemListElement\":[{\"@type\":\"ListItem\",\"position\":1,\"name\":\"Home\",\"item\":\"https:\\\/\\\/www.entreculturas.org\\\/gl\\\/\"},{\"@type\":\"ListItem\",\"position\":2,\"name\":\"Noticias\",\"item\":\"https:\\\/\\\/www.entreculturas.org\\\/gl\\\/noticias\\\/\"},{\"@type\":\"ListItem\",\"position\":3,\"name\":\"8 voluntarios y voluntarias VOLPA inician su aventura internacional con Entreculturas\"}]},{\"@type\":\"WebSite\",\"@id\":\"https:\\\/\\\/www.entreculturas.org\\\/gl\\\/#website\",\"url\":\"https:\\\/\\\/www.entreculturas.org\\\/gl\\\/\",\"name\":\"Entreculturas\",\"description\":\"\",\"publisher\":{\"@id\":\"https:\\\/\\\/www.entreculturas.org\\\/gl\\\/#organization\"},\"alternateName\":\"Entreculturas\",\"potentialAction\":[{\"@type\":\"SearchAction\",\"target\":{\"@type\":\"EntryPoint\",\"urlTemplate\":\"https:\\\/\\\/www.entreculturas.org\\\/gl\\\/?s={search_term_string}\"},\"query-input\":{\"@type\":\"PropertyValueSpecification\",\"valueRequired\":true,\"valueName\":\"search_term_string\"}}],\"inLanguage\":\"gl-ES\"},{\"@type\":\"Organization\",\"@id\":\"https:\\\/\\\/www.entreculturas.org\\\/gl\\\/#organization\",\"name\":\"Entreculturas\",\"url\":\"https:\\\/\\\/www.entreculturas.org\\\/gl\\\/\",\"logo\":{\"@type\":\"ImageObject\",\"inLanguage\":\"gl-ES\",\"@id\":\"https:\\\/\\\/www.entreculturas.org\\\/gl\\\/#\\\/schema\\\/logo\\\/image\\\/\",\"url\":\"https:\\\/\\\/www.entreculturas.org\\\/wp-content\\\/uploads\\\/2025\\\/10\\\/ESP.svg\",\"contentUrl\":\"https:\\\/\\\/www.entreculturas.org\\\/wp-content\\\/uploads\\\/2025\\\/10\\\/ESP.svg\",\"caption\":\"Entreculturas\"},\"image\":{\"@id\":\"https:\\\/\\\/www.entreculturas.org\\\/gl\\\/#\\\/schema\\\/logo\\\/image\\\/\"},\"sameAs\":[\"https:\\\/\\\/www.facebook.com\\\/entreculturas\",\"https:\\\/\\\/x.com\\\/Entreculturas\",\"https:\\\/\\\/www.instagram.com\\\/entreculturas\\\/\",\"https:\\\/\\\/www.youtube.com\\\/user\\\/entreculturasvideo\",\"https:\\\/\\\/www.linkedin.com\\\/company\\\/fundacion-entreculturas-ngdo\\\/\",\"https:\\\/\\\/www.flickr.com\\\/photos\\\/98455522@N04\\\/albums\\\/\"]}]}<\/script>\n<!-- \/ Yoast SEO Premium plugin. -->","yoast_head_json":{"title":"Voluntarias VOLPA inician su aventura","description":"\u00bfTe imaginas vivir un a\u00f1o fuera de casa? 8 voluntarios y voluntarias VOLPA inician su aventura internacional con Entreculturas y Alboan.","robots":{"index":"index","follow":"follow","max-snippet":"max-snippet:-1","max-image-preview":"max-image-preview:large","max-video-preview":"max-video-preview:-1"},"canonical":"https:\/\/www.entreculturas.org\/gl\/noticia\/8-voluntarios-y-voluntarias-volpa-inician-su-aventura-internacional-con-entreculturas\/","og_locale":"gl_ES","og_type":"article","og_title":"8 voluntarios y voluntarias VOLPA inician su aventura internacional con Entreculturas","og_description":"\u00bfTe imaginas vivir un a\u00f1o fuera de casa? 8 voluntarios y voluntarias VOLPA inician su aventura internacional con Entreculturas y Alboan.","og_url":"https:\/\/www.entreculturas.org\/gl\/noticia\/8-voluntarios-y-voluntarias-volpa-inician-su-aventura-internacional-con-entreculturas\/","og_site_name":"Entreculturas","article_publisher":"https:\/\/www.facebook.com\/entreculturas","article_modified_time":"2025-01-16T12:30:33+00:00","og_image":[{"width":1600,"height":605,"url":"https:\/\/www.entreculturas.org\/wp-content\/uploads\/2025\/01\/voluntarias-y-voluntarios-VOLPA-1.jpg","type":"image\/jpeg"}],"twitter_card":"summary_large_image","twitter_site":"@Entreculturas","schema":{"@context":"https:\/\/schema.org","@graph":[{"@type":"WebPage","@id":"https:\/\/www.entreculturas.org\/gl\/noticia\/8-voluntarios-y-voluntarias-volpa-inician-su-aventura-internacional-con-entreculturas\/","url":"https:\/\/www.entreculturas.org\/gl\/noticia\/8-voluntarios-y-voluntarias-volpa-inician-su-aventura-internacional-con-entreculturas\/","name":"Voluntarias VOLPA inician su aventura","isPartOf":{"@id":"https:\/\/www.entreculturas.org\/gl\/#website"},"primaryImageOfPage":{"@id":"https:\/\/www.entreculturas.org\/gl\/noticia\/8-voluntarios-y-voluntarias-volpa-inician-su-aventura-internacional-con-entreculturas\/#primaryimage"},"image":{"@id":"https:\/\/www.entreculturas.org\/gl\/noticia\/8-voluntarios-y-voluntarias-volpa-inician-su-aventura-internacional-con-entreculturas\/#primaryimage"},"thumbnailUrl":"https:\/\/www.entreculturas.org\/wp-content\/uploads\/2025\/01\/voluntarias-y-voluntarios-VOLPA-1.jpg","datePublished":"2025-01-16T12:28:10+00:00","dateModified":"2025-01-16T12:30:33+00:00","description":"\u00bfTe imaginas vivir un a\u00f1o fuera de casa? 8 voluntarios y voluntarias VOLPA inician su aventura internacional con Entreculturas y Alboan.","breadcrumb":{"@id":"https:\/\/www.entreculturas.org\/gl\/noticia\/8-voluntarios-y-voluntarias-volpa-inician-su-aventura-internacional-con-entreculturas\/#breadcrumb"},"inLanguage":"gl-ES","potentialAction":[{"@type":"ReadAction","target":["https:\/\/www.entreculturas.org\/gl\/noticia\/8-voluntarios-y-voluntarias-volpa-inician-su-aventura-internacional-con-entreculturas\/"]}]},{"@type":"ImageObject","inLanguage":"gl-ES","@id":"https:\/\/www.entreculturas.org\/gl\/noticia\/8-voluntarios-y-voluntarias-volpa-inician-su-aventura-internacional-con-entreculturas\/#primaryimage","url":"https:\/\/www.entreculturas.org\/wp-content\/uploads\/2025\/01\/voluntarias-y-voluntarios-VOLPA-1.jpg","contentUrl":"https:\/\/www.entreculturas.org\/wp-content\/uploads\/2025\/01\/voluntarias-y-voluntarios-VOLPA-1.jpg","width":1600,"height":605,"caption":"Voluntarias y voluntarios VOLPA"},{"@type":"BreadcrumbList","@id":"https:\/\/www.entreculturas.org\/gl\/noticia\/8-voluntarios-y-voluntarias-volpa-inician-su-aventura-internacional-con-entreculturas\/#breadcrumb","itemListElement":[{"@type":"ListItem","position":1,"name":"Home","item":"https:\/\/www.entreculturas.org\/gl\/"},{"@type":"ListItem","position":2,"name":"Noticias","item":"https:\/\/www.entreculturas.org\/gl\/noticias\/"},{"@type":"ListItem","position":3,"name":"8 voluntarios y voluntarias VOLPA inician su aventura internacional con Entreculturas"}]},{"@type":"WebSite","@id":"https:\/\/www.entreculturas.org\/gl\/#website","url":"https:\/\/www.entreculturas.org\/gl\/","name":"Entreculturas","description":"","publisher":{"@id":"https:\/\/www.entreculturas.org\/gl\/#organization"},"alternateName":"Entreculturas","potentialAction":[{"@type":"SearchAction","target":{"@type":"EntryPoint","urlTemplate":"https:\/\/www.entreculturas.org\/gl\/?s={search_term_string}"},"query-input":{"@type":"PropertyValueSpecification","valueRequired":true,"valueName":"search_term_string"}}],"inLanguage":"gl-ES"},{"@type":"Organization","@id":"https:\/\/www.entreculturas.org\/gl\/#organization","name":"Entreculturas","url":"https:\/\/www.entreculturas.org\/gl\/","logo":{"@type":"ImageObject","inLanguage":"gl-ES","@id":"https:\/\/www.entreculturas.org\/gl\/#\/schema\/logo\/image\/","url":"https:\/\/www.entreculturas.org\/wp-content\/uploads\/2025\/10\/ESP.svg","contentUrl":"https:\/\/www.entreculturas.org\/wp-content\/uploads\/2025\/10\/ESP.svg","caption":"Entreculturas"},"image":{"@id":"https:\/\/www.entreculturas.org\/gl\/#\/schema\/logo\/image\/"},"sameAs":["https:\/\/www.facebook.com\/entreculturas","https:\/\/x.com\/Entreculturas","https:\/\/www.instagram.com\/entreculturas\/","https:\/\/www.youtube.com\/user\/entreculturasvideo","https:\/\/www.linkedin.com\/company\/fundacion-entreculturas-ngdo\/","https:\/\/www.flickr.com\/photos\/98455522@N04\/albums\/"]}]}},"_links":{"self":[{"href":"https:\/\/www.entreculturas.org\/gl\/wp-json\/wp\/v2\/noticia\/36938","targetHints":{"allow":["GET"]}}],"collection":[{"href":"https:\/\/www.entreculturas.org\/gl\/wp-json\/wp\/v2\/noticia"}],"about":[{"href":"https:\/\/www.entreculturas.org\/gl\/wp-json\/wp\/v2\/types\/noticia"}],"wp:featuredmedia":[{"embeddable":true,"href":"https:\/\/www.entreculturas.org\/gl\/wp-json\/wp\/v2\/media\/36940"}],"wp:attachment":[{"href":"https:\/\/www.entreculturas.org\/gl\/wp-json\/wp\/v2\/media?parent=36938"}],"wp:term":[{"taxonomy":"category","embeddable":true,"href":"https:\/\/www.entreculturas.org\/gl\/wp-json\/wp\/v2\/categories?post=36938"},{"taxonomy":"post_tag","embeddable":true,"href":"https:\/\/www.entreculturas.org\/gl\/wp-json\/wp\/v2\/tags?post=36938"},{"taxonomy":"country","embeddable":true,"href":"https:\/\/www.entreculturas.org\/gl\/wp-json\/wp\/v2\/country?post=36938"},{"taxonomy":"cause","embeddable":true,"href":"https:\/\/www.entreculturas.org\/gl\/wp-json\/wp\/v2\/cause?post=36938"}],"curies":[{"name":"wp","href":"https:\/\/api.w.org\/{rel}","templated":true}]}}