{"id":36876,"date":"2025-01-10T15:57:03","date_gmt":"2025-01-10T14:57:03","guid":{"rendered":"https:\/\/www.entreculturas.org\/?post_type=noticia&#038;p=36876"},"modified":"2025-01-10T16:12:15","modified_gmt":"2025-01-10T15:12:15","slug":"corre-por-una-causa-2025","status":"publish","type":"noticia","link":"https:\/\/www.entreculturas.org\/gl\/noticia\/corre-por-una-causa-2025\/","title":{"rendered":"La 14\u00aa edici\u00f3n de \u201cCorre por una Causa\u201d respaldar\u00e1 el derecho a la educaci\u00f3n de ni\u00f1os y ni\u00f1as en situaci\u00f3n de emergencia"},"content":{"rendered":"\n<p>El circuito de carreras solidarias, \u2018<a href=\"https:\/\/correporunacausa.org\/\">Corre por una Causa<\/a>\u2019<strong>,<\/strong> organizado por las ONG Entreculturas y Alboan, <strong>abre sus inscripciones para la quincena de ciudades de toda Espa\u00f1a en las que se celebrar\u00e1.<\/strong>&nbsp; En su 14\u00aa edici\u00f3n, el objetivo es recaudar fondos para respaldar el derecho a la educaci\u00f3n de ni\u00f1os y ni\u00f1as en situaci\u00f3n de emergencia en pa\u00edses en los que est\u00e1n presentes, como L\u00edbano, Tanzania, Chad y Espa\u00f1a, m\u00e1s concretamente Valencia.&nbsp;&nbsp;<\/p>\n\n\n\n<p><\/p>\n\n\n\n<p>Este a\u00f1o, se trata de una edici\u00f3n especial donde se invita a los corredores y las corredoras a reflexionar sobre c\u00f3mo el mundo es un espacio compartido donde las crisis, aunque parezcan lejanas, tienen ra\u00edces comunes, pudiendo afectar en uno u otro grado a todas las personas del planeta. Como muestra de ello, desde Entreculturas y Alboan han querido incluir las l\u00edneas de acci\u00f3n que llevan a cabo <strong>en Valencia a consecuencia de la Dana<\/strong> dentro de los proyectos a los que ir\u00e1n destinados los fondos recaudados por las carreras solidarias.&nbsp;<\/p>\n\n\n\n<p><\/p>\n\n\n\n<p>Las <strong>primeras carreras del circuito \u2018<\/strong><a href=\"http:\/\/www.correporunacausa.org\"><strong>Corre por una Causa<\/strong><\/a><strong>\u2019<\/strong> tendr\u00e1n lugar en Le\u00f3n (15\/02), Madrid (16\/02), Bilbao (16\/02) y Valladolid (23\/02). Durante los siguientes meses de marzo, abril y mayo ser\u00e1 el turno de Sevilla (09\/03), C\u00f3rdoba (15\/03), \u00dabeda (23\/03), Vitoria-Gasteiz (30\/03), Zaragoza (30\/03), A Coru\u00f1a (30\/03), Santiago (27\/04), Valencia (10\/05), Barcelona (18\/05), as\u00ed como Pamplona y Tudela con fechas a\u00fan por definir.<\/p>\n\n\n\n<p><\/p>\n\n\n\n<p>Adem\u00e1s de a Valencia, los fondos recaudados en estas carreras ir\u00e1n destinados a proyectos que las ONG Entreculturas y Alboan tienen en<strong> L\u00edbano, Tanzania y Chad<\/strong>, pa\u00edses en los que trabajan para garantizar que los ni\u00f1os y ni\u00f1as que viven en contextos de emergencia cuenten con un espacio seguro en el que poder jugar, formarse y crecer. Algo esencial en un mundo donde los conflictos armados, el cambio clim\u00e1tico y los desastres naturales afectan de manera cada vez m\u00e1s directa a la infancia m\u00e1s vulnerable.<\/p>\n\n\n\n<p><\/p>\n\n\n\n<h2 class=\"wp-block-heading\" id=\"h-participa-en-la-14\u00aa-edicion-de-corre-por-una-causa\"><strong>Participa en la 14\u00aa edici\u00f3n de \u2018Corre por una Causa\u2019<\/strong><\/h2>\n\n\n\n<p><\/p>\n\n\n\n<p>Las inscripciones a las distintas carreras se pueden realizar en la web <a href=\"http:\/\/www.correporunacausa.org\">www.correporunacausa.org<\/a> y cuentan con <strong>distintas modalidades para todos los p\u00fablicos<\/strong>. De esta forma podemos encontrar carreras de 5 y 10 kil\u00f3metros para j\u00f3venes y adultos, as\u00ed como la opci\u00f3n de 5 kil\u00f3metros marcha. Tambi\u00e9n existen, en algunas ciudades, carreras infantiles de distintas distancias y gincanas. Todo ello para pasar un agradable momento en familia, haciendo deporte al aire libre y en contacto con la naturaleza.&nbsp;<\/p>\n\n\n\n<p><\/p>\n\n\n\n<p>Adem\u00e1s de estas modalidades, Entreculturas y Alboan tambi\u00e9n ofrecen la posibilidad de regalar un dorsal a otra persona, as\u00ed como hacer una donaci\u00f3n a trav\u00e9s del \u201cdorsal cero\u201d y apoyar los proyectos que hay detr\u00e1s de la carrera solidaria Corre por una Causa, que este a\u00f1o cuenta con la colaboraci\u00f3n de <strong>Deloitte, Fiare y Mapfre.<\/strong><\/p>\n\n\n\n<p><\/p>\n","protected":false},"excerpt":{"rendered":"<p>El circuito de carreras solidarias, \u2018Corre por una Causa\u2019, organizado por las ONG Entreculturas y Alboan, abre sus inscripciones para la quincena de ciudades de toda Espa\u00f1a en las que se celebrar\u00e1.&nbsp; En su 14\u00aa edici\u00f3n, el objetivo es recaudar fondos para respaldar el derecho a la educaci\u00f3n de ni\u00f1os y ni\u00f1as en situaci\u00f3n de emergencia en pa\u00edses en los que est\u00e1n presentes, como L\u00edbano, Tanzania, Chad y Espa\u00f1a, m\u00e1s concretamente Valencia.&nbsp;&nbsp; Este a\u00f1o, se trata de una edici\u00f3n especial donde se invita a los corredores y las corredoras a reflexionar sobre c\u00f3mo el mundo es un espacio compartido donde las crisis, aunque parezcan lejanas, tienen ra\u00edces comunes, pudiendo afectar en uno u otro grado a todas las personas del planeta. Como muestra de ello, desde Entreculturas y Alboan han querido incluir las l\u00edneas de acci\u00f3n que llevan a cabo en Valencia a consecuencia de la Dana dentro de los [&hellip;]<\/p>\n","protected":false},"featured_media":36889,"template":"","meta":{"_acf_changed":false},"categories":[7],"tags":[449],"country":[],"cause":[],"class_list":["post-36876","noticia","type-noticia","status-publish","has-post-thumbnail","hentry","category-noticia","tag-corre-por-una-causa"],"acf":[],"yoast_head":"<!-- This site is optimized with the Yoast SEO Premium plugin v21.6 (Yoast SEO v27.5) - https:\/\/yoast.com\/product\/yoast-seo-premium-wordpress\/ -->\n<title>Abierta las inscripciones para la 14 edici\u00f3n de Corre por una Causa<\/title>\n<meta name=\"description\" content=\"El circuito de carreras solidarias, \u2018Corre por una Causa\u2019, organizado por las ONG Entreculturas y Alboan, abre su periodo de inscripciones.\" \/>\n<meta name=\"robots\" content=\"index, follow, max-snippet:-1, max-image-preview:large, max-video-preview:-1\" \/>\n<link rel=\"canonical\" href=\"https:\/\/www.entreculturas.org\/gl\/noticia\/corre-por-una-causa-2025\/\" \/>\n<meta property=\"og:locale\" content=\"gl_ES\" \/>\n<meta property=\"og:type\" content=\"article\" \/>\n<meta property=\"og:title\" content=\"La 14\u00aa edici\u00f3n de \u201cCorre por una Causa\u201d respaldar\u00e1 el derecho a la educaci\u00f3n de ni\u00f1os y ni\u00f1as en situaci\u00f3n de emergencia\" \/>\n<meta property=\"og:description\" content=\"El circuito de carreras solidarias, \u2018Corre por una Causa\u2019, organizado por las ONG Entreculturas y Alboan, abre su periodo de inscripciones.\" \/>\n<meta property=\"og:url\" content=\"https:\/\/www.entreculturas.org\/gl\/noticia\/corre-por-una-causa-2025\/\" \/>\n<meta property=\"og:site_name\" content=\"Entreculturas\" \/>\n<meta property=\"article:publisher\" content=\"https:\/\/www.facebook.com\/entreculturas\" \/>\n<meta property=\"article:modified_time\" content=\"2025-01-10T15:12:15+00:00\" \/>\n<meta property=\"og:image\" content=\"https:\/\/www.entreculturas.org\/wp-content\/uploads\/2025\/01\/banner_web_InfoSJ_carrera_2025-e1736521764280.jpg\" \/>\n\t<meta property=\"og:image:width\" content=\"1600\" \/>\n\t<meta property=\"og:image:height\" content=\"605\" \/>\n\t<meta property=\"og:image:type\" content=\"image\/jpeg\" \/>\n<meta name=\"twitter:card\" content=\"summary_large_image\" \/>\n<meta name=\"twitter:site\" content=\"@Entreculturas\" \/>\n<script type=\"application\/ld+json\" class=\"yoast-schema-graph\">{\"@context\":\"https:\\\/\\\/schema.org\",\"@graph\":[{\"@type\":\"WebPage\",\"@id\":\"https:\\\/\\\/www.entreculturas.org\\\/gl\\\/noticia\\\/corre-por-una-causa-2025\\\/\",\"url\":\"https:\\\/\\\/www.entreculturas.org\\\/gl\\\/noticia\\\/corre-por-una-causa-2025\\\/\",\"name\":\"Abierta las inscripciones para la 14 edici\u00f3n de Corre por una Causa\",\"isPartOf\":{\"@id\":\"https:\\\/\\\/www.entreculturas.org\\\/gl\\\/#website\"},\"primaryImageOfPage\":{\"@id\":\"https:\\\/\\\/www.entreculturas.org\\\/gl\\\/noticia\\\/corre-por-una-causa-2025\\\/#primaryimage\"},\"image\":{\"@id\":\"https:\\\/\\\/www.entreculturas.org\\\/gl\\\/noticia\\\/corre-por-una-causa-2025\\\/#primaryimage\"},\"thumbnailUrl\":\"https:\\\/\\\/www.entreculturas.org\\\/wp-content\\\/uploads\\\/2025\\\/01\\\/banner_web_InfoSJ_carrera_2025-e1736521764280.jpg\",\"datePublished\":\"2025-01-10T14:57:03+00:00\",\"dateModified\":\"2025-01-10T15:12:15+00:00\",\"description\":\"El circuito de carreras solidarias, \u2018Corre por una Causa\u2019, organizado por las ONG Entreculturas y Alboan, abre su periodo de inscripciones.\",\"breadcrumb\":{\"@id\":\"https:\\\/\\\/www.entreculturas.org\\\/gl\\\/noticia\\\/corre-por-una-causa-2025\\\/#breadcrumb\"},\"inLanguage\":\"gl-ES\",\"potentialAction\":[{\"@type\":\"ReadAction\",\"target\":[\"https:\\\/\\\/www.entreculturas.org\\\/gl\\\/noticia\\\/corre-por-una-causa-2025\\\/\"]}]},{\"@type\":\"ImageObject\",\"inLanguage\":\"gl-ES\",\"@id\":\"https:\\\/\\\/www.entreculturas.org\\\/gl\\\/noticia\\\/corre-por-una-causa-2025\\\/#primaryimage\",\"url\":\"https:\\\/\\\/www.entreculturas.org\\\/wp-content\\\/uploads\\\/2025\\\/01\\\/banner_web_InfoSJ_carrera_2025-e1736521764280.jpg\",\"contentUrl\":\"https:\\\/\\\/www.entreculturas.org\\\/wp-content\\\/uploads\\\/2025\\\/01\\\/banner_web_InfoSJ_carrera_2025-e1736521764280.jpg\",\"width\":1600,\"height\":605},{\"@type\":\"BreadcrumbList\",\"@id\":\"https:\\\/\\\/www.entreculturas.org\\\/gl\\\/noticia\\\/corre-por-una-causa-2025\\\/#breadcrumb\",\"itemListElement\":[{\"@type\":\"ListItem\",\"position\":1,\"name\":\"Home\",\"item\":\"https:\\\/\\\/www.entreculturas.org\\\/gl\\\/\"},{\"@type\":\"ListItem\",\"position\":2,\"name\":\"Noticias\",\"item\":\"https:\\\/\\\/www.entreculturas.org\\\/gl\\\/noticias\\\/\"},{\"@type\":\"ListItem\",\"position\":3,\"name\":\"La 14\u00aa edici\u00f3n de \u201cCorre por una Causa\u201d respaldar\u00e1 el derecho a la educaci\u00f3n de ni\u00f1os y ni\u00f1as en situaci\u00f3n de emergencia\"}]},{\"@type\":\"WebSite\",\"@id\":\"https:\\\/\\\/www.entreculturas.org\\\/gl\\\/#website\",\"url\":\"https:\\\/\\\/www.entreculturas.org\\\/gl\\\/\",\"name\":\"Entreculturas\",\"description\":\"\",\"publisher\":{\"@id\":\"https:\\\/\\\/www.entreculturas.org\\\/gl\\\/#organization\"},\"alternateName\":\"Entreculturas\",\"potentialAction\":[{\"@type\":\"SearchAction\",\"target\":{\"@type\":\"EntryPoint\",\"urlTemplate\":\"https:\\\/\\\/www.entreculturas.org\\\/gl\\\/?s={search_term_string}\"},\"query-input\":{\"@type\":\"PropertyValueSpecification\",\"valueRequired\":true,\"valueName\":\"search_term_string\"}}],\"inLanguage\":\"gl-ES\"},{\"@type\":\"Organization\",\"@id\":\"https:\\\/\\\/www.entreculturas.org\\\/gl\\\/#organization\",\"name\":\"Entreculturas\",\"url\":\"https:\\\/\\\/www.entreculturas.org\\\/gl\\\/\",\"logo\":{\"@type\":\"ImageObject\",\"inLanguage\":\"gl-ES\",\"@id\":\"https:\\\/\\\/www.entreculturas.org\\\/gl\\\/#\\\/schema\\\/logo\\\/image\\\/\",\"url\":\"https:\\\/\\\/www.entreculturas.org\\\/wp-content\\\/uploads\\\/2025\\\/10\\\/ESP.svg\",\"contentUrl\":\"https:\\\/\\\/www.entreculturas.org\\\/wp-content\\\/uploads\\\/2025\\\/10\\\/ESP.svg\",\"caption\":\"Entreculturas\"},\"image\":{\"@id\":\"https:\\\/\\\/www.entreculturas.org\\\/gl\\\/#\\\/schema\\\/logo\\\/image\\\/\"},\"sameAs\":[\"https:\\\/\\\/www.facebook.com\\\/entreculturas\",\"https:\\\/\\\/x.com\\\/Entreculturas\",\"https:\\\/\\\/www.instagram.com\\\/entreculturas\\\/\",\"https:\\\/\\\/www.youtube.com\\\/user\\\/entreculturasvideo\",\"https:\\\/\\\/www.linkedin.com\\\/company\\\/fundacion-entreculturas-ngdo\\\/\",\"https:\\\/\\\/www.flickr.com\\\/photos\\\/98455522@N04\\\/albums\\\/\"]}]}<\/script>\n<!-- \/ Yoast SEO Premium plugin. -->","yoast_head_json":{"title":"Abierta las inscripciones para la 14 edici\u00f3n de Corre por una Causa","description":"El circuito de carreras solidarias, \u2018Corre por una Causa\u2019, organizado por las ONG Entreculturas y Alboan, abre su periodo de inscripciones.","robots":{"index":"index","follow":"follow","max-snippet":"max-snippet:-1","max-image-preview":"max-image-preview:large","max-video-preview":"max-video-preview:-1"},"canonical":"https:\/\/www.entreculturas.org\/gl\/noticia\/corre-por-una-causa-2025\/","og_locale":"gl_ES","og_type":"article","og_title":"La 14\u00aa edici\u00f3n de \u201cCorre por una Causa\u201d respaldar\u00e1 el derecho a la educaci\u00f3n de ni\u00f1os y ni\u00f1as en situaci\u00f3n de emergencia","og_description":"El circuito de carreras solidarias, \u2018Corre por una Causa\u2019, organizado por las ONG Entreculturas y Alboan, abre su periodo de inscripciones.","og_url":"https:\/\/www.entreculturas.org\/gl\/noticia\/corre-por-una-causa-2025\/","og_site_name":"Entreculturas","article_publisher":"https:\/\/www.facebook.com\/entreculturas","article_modified_time":"2025-01-10T15:12:15+00:00","og_image":[{"width":1600,"height":605,"url":"https:\/\/www.entreculturas.org\/wp-content\/uploads\/2025\/01\/banner_web_InfoSJ_carrera_2025-e1736521764280.jpg","type":"image\/jpeg"}],"twitter_card":"summary_large_image","twitter_site":"@Entreculturas","schema":{"@context":"https:\/\/schema.org","@graph":[{"@type":"WebPage","@id":"https:\/\/www.entreculturas.org\/gl\/noticia\/corre-por-una-causa-2025\/","url":"https:\/\/www.entreculturas.org\/gl\/noticia\/corre-por-una-causa-2025\/","name":"Abierta las inscripciones para la 14 edici\u00f3n de Corre por una Causa","isPartOf":{"@id":"https:\/\/www.entreculturas.org\/gl\/#website"},"primaryImageOfPage":{"@id":"https:\/\/www.entreculturas.org\/gl\/noticia\/corre-por-una-causa-2025\/#primaryimage"},"image":{"@id":"https:\/\/www.entreculturas.org\/gl\/noticia\/corre-por-una-causa-2025\/#primaryimage"},"thumbnailUrl":"https:\/\/www.entreculturas.org\/wp-content\/uploads\/2025\/01\/banner_web_InfoSJ_carrera_2025-e1736521764280.jpg","datePublished":"2025-01-10T14:57:03+00:00","dateModified":"2025-01-10T15:12:15+00:00","description":"El circuito de carreras solidarias, \u2018Corre por una Causa\u2019, organizado por las ONG Entreculturas y Alboan, abre su periodo de inscripciones.","breadcrumb":{"@id":"https:\/\/www.entreculturas.org\/gl\/noticia\/corre-por-una-causa-2025\/#breadcrumb"},"inLanguage":"gl-ES","potentialAction":[{"@type":"ReadAction","target":["https:\/\/www.entreculturas.org\/gl\/noticia\/corre-por-una-causa-2025\/"]}]},{"@type":"ImageObject","inLanguage":"gl-ES","@id":"https:\/\/www.entreculturas.org\/gl\/noticia\/corre-por-una-causa-2025\/#primaryimage","url":"https:\/\/www.entreculturas.org\/wp-content\/uploads\/2025\/01\/banner_web_InfoSJ_carrera_2025-e1736521764280.jpg","contentUrl":"https:\/\/www.entreculturas.org\/wp-content\/uploads\/2025\/01\/banner_web_InfoSJ_carrera_2025-e1736521764280.jpg","width":1600,"height":605},{"@type":"BreadcrumbList","@id":"https:\/\/www.entreculturas.org\/gl\/noticia\/corre-por-una-causa-2025\/#breadcrumb","itemListElement":[{"@type":"ListItem","position":1,"name":"Home","item":"https:\/\/www.entreculturas.org\/gl\/"},{"@type":"ListItem","position":2,"name":"Noticias","item":"https:\/\/www.entreculturas.org\/gl\/noticias\/"},{"@type":"ListItem","position":3,"name":"La 14\u00aa edici\u00f3n de \u201cCorre por una Causa\u201d respaldar\u00e1 el derecho a la educaci\u00f3n de ni\u00f1os y ni\u00f1as en situaci\u00f3n de emergencia"}]},{"@type":"WebSite","@id":"https:\/\/www.entreculturas.org\/gl\/#website","url":"https:\/\/www.entreculturas.org\/gl\/","name":"Entreculturas","description":"","publisher":{"@id":"https:\/\/www.entreculturas.org\/gl\/#organization"},"alternateName":"Entreculturas","potentialAction":[{"@type":"SearchAction","target":{"@type":"EntryPoint","urlTemplate":"https:\/\/www.entreculturas.org\/gl\/?s={search_term_string}"},"query-input":{"@type":"PropertyValueSpecification","valueRequired":true,"valueName":"search_term_string"}}],"inLanguage":"gl-ES"},{"@type":"Organization","@id":"https:\/\/www.entreculturas.org\/gl\/#organization","name":"Entreculturas","url":"https:\/\/www.entreculturas.org\/gl\/","logo":{"@type":"ImageObject","inLanguage":"gl-ES","@id":"https:\/\/www.entreculturas.org\/gl\/#\/schema\/logo\/image\/","url":"https:\/\/www.entreculturas.org\/wp-content\/uploads\/2025\/10\/ESP.svg","contentUrl":"https:\/\/www.entreculturas.org\/wp-content\/uploads\/2025\/10\/ESP.svg","caption":"Entreculturas"},"image":{"@id":"https:\/\/www.entreculturas.org\/gl\/#\/schema\/logo\/image\/"},"sameAs":["https:\/\/www.facebook.com\/entreculturas","https:\/\/x.com\/Entreculturas","https:\/\/www.instagram.com\/entreculturas\/","https:\/\/www.youtube.com\/user\/entreculturasvideo","https:\/\/www.linkedin.com\/company\/fundacion-entreculturas-ngdo\/","https:\/\/www.flickr.com\/photos\/98455522@N04\/albums\/"]}]}},"_links":{"self":[{"href":"https:\/\/www.entreculturas.org\/gl\/wp-json\/wp\/v2\/noticia\/36876","targetHints":{"allow":["GET"]}}],"collection":[{"href":"https:\/\/www.entreculturas.org\/gl\/wp-json\/wp\/v2\/noticia"}],"about":[{"href":"https:\/\/www.entreculturas.org\/gl\/wp-json\/wp\/v2\/types\/noticia"}],"wp:featuredmedia":[{"embeddable":true,"href":"https:\/\/www.entreculturas.org\/gl\/wp-json\/wp\/v2\/media\/36889"}],"wp:attachment":[{"href":"https:\/\/www.entreculturas.org\/gl\/wp-json\/wp\/v2\/media?parent=36876"}],"wp:term":[{"taxonomy":"category","embeddable":true,"href":"https:\/\/www.entreculturas.org\/gl\/wp-json\/wp\/v2\/categories?post=36876"},{"taxonomy":"post_tag","embeddable":true,"href":"https:\/\/www.entreculturas.org\/gl\/wp-json\/wp\/v2\/tags?post=36876"},{"taxonomy":"country","embeddable":true,"href":"https:\/\/www.entreculturas.org\/gl\/wp-json\/wp\/v2\/country?post=36876"},{"taxonomy":"cause","embeddable":true,"href":"https:\/\/www.entreculturas.org\/gl\/wp-json\/wp\/v2\/cause?post=36876"}],"curies":[{"name":"wp","href":"https:\/\/api.w.org\/{rel}","templated":true}]}}