{"id":36639,"date":"2024-12-20T12:40:20","date_gmt":"2024-12-20T11:40:20","guid":{"rendered":"https:\/\/www.entreculturas.org\/?post_type=noticia&#038;p=36639"},"modified":"2024-12-20T12:40:23","modified_gmt":"2024-12-20T11:40:23","slug":"en-la-guerra-de-rd-congo-la-batalla-se-libra-sobre-el-cuerpo-de-las-mujeres-es-necesaria-la-mediacion-internacional-para-poder-traer-la-paz-al-pais","status":"publish","type":"noticia","link":"https:\/\/www.entreculturas.org\/gl\/noticia\/en-la-guerra-de-rd-congo-la-batalla-se-libra-sobre-el-cuerpo-de-las-mujeres-es-necesaria-la-mediacion-internacional-para-poder-traer-la-paz-al-pais\/","title":{"rendered":"\u201cEn la guerra de RD Congo, la batalla se libra sobre el cuerpo de las mujeres. Es necesaria la mediaci\u00f3n internacional para poder traer la paz al pa\u00eds\u201d"},"content":{"rendered":"\n<ul class=\"wp-block-list\">\n<li><strong>El pasado viernes, Caddy Adzuba, Premio Pr\u00edncipe de Asturias a la Concordia 2014, imparti\u00f3 una charla en Cinfa de la mano de las ONGs Alboan y Entreculturas<\/strong><\/li>\n\n\n\n<li><strong>La compa\u00f1\u00eda farmac\u00e9utica colabora con las ONGs en el proyecto \u2018Mujeres en marcha\u2019, que ayuda a mujeres supervivientes de violencia basada en g\u00e9nero en RD Congo<\/strong><\/li>\n<\/ul>\n\n\n\n<p><\/p>\n\n\n\n<p>En una ponencia organizada el pasado viernes en la sede central de Cinfa en Olloki (Navarra), Caddy Adzuba, abogada y periodista congole\u00f1a, expuso la situaci\u00f3n de extrema violencia a la que se enfrenta la poblaci\u00f3n de su pa\u00eds, y en especial las mujeres y ni\u00f1as. Un relato que conmovi\u00f3 a las personas asistentes y tras el que la ponente enfatiz\u00f3 la necesidad de que la comunidad internacional trate de poner freno al conflicto y de que, mientras se logra la paz, se brinde apoyo y ayuda a las personas damnificadas.<\/p>\n\n\n\n<p><\/p>\n\n\n\n<p>Caddy Adzuba lleva a\u00f1os trabajando por los derechos de la mujer, la infancia y la <a href=\"https:\/\/es.wikipedia.org\/wiki\/Libertad_de_prensa\">libertad de prensa<\/a> en su pa\u00eds, labor que la ha hecho merecedora de distintos reconocimientos, como el Premio Pr\u00edncipe de Asturias a la Concordia en 2014. \u201cEs necesario denunciar y poner voz a la situaci\u00f3n que se vive en el Congo, porque la gente no es consciente del nivel de atrocidad al que se enfrenta la poblaci\u00f3n\u201d, explic\u00f3. \u201cEl Congo es un pa\u00eds muy rico en recursos naturales, pero esta riqueza, y sobre todo la abundancia de colt\u00e1n (mineral necesario en la fabricaci\u00f3n de <em>smartphones, tablets<\/em> y ordenadores port\u00e1tiles, entre otros dispositivos), se ha convertido en una maldici\u00f3n para su gente\u201d.<\/p>\n\n\n\n<p><\/p>\n\n\n\n<p>Caddy Adzuba relat\u00f3 que, ante la realidad con la que convive, la poblaci\u00f3n prefiere dejarlo todo y huir. \u201cEn estos momentos, hay m\u00e1s de un mill\u00f3n de personas desplazadas, refugiadas en su propio pa\u00eds, y saben lo que ello implica: abandonar su hogar y a otros familiares para terminar en un campo de refugiados, enfrentarse a la falta de alimento, a la enfermedad y a la carencia de infraestructuras y sanidad. Pero todo es mejor que arriesgarse a caer en manos de los grupos armados, cuya brutalidad no conoce l\u00edmites, en especial en lo que respecta a la violencia sexual ejercida contra mujeres y ni\u00f1as: la verdadera batalla se libra sobre sus cuerpos\u201d.&nbsp;<\/p>\n\n\n\n<p><\/p>\n\n\n\n<p>\u201cEs necesario actuar a todos los niveles: m\u00e9dico, jur\u00eddico, pol\u00edtico&#8230; Pero en un mundo globalizado como el actual, es imposible que la Rep\u00fablica Democr\u00e1tica del Congo, con un gobierno debilitado por tantos a\u00f1os de conflicto, pueda solucionar por s\u00ed misma esta situaci\u00f3n. Es necesaria la implicaci\u00f3n de la comunidad internacional para conseguir la paz, que es lo \u00fanico que pedimos\u201d, explic\u00f3. \u201cY mientras se logra poner fin al conflicto, es fundamental seguir trabajando para ayudar a tantas y tantas mujeres afectadas en el Congo, con programas como este, \u2018Mujeres en marcha\u2019, de Alboan y Entreculturas. As\u00ed mismo, es importante que cada vez m\u00e1s personas y empresas como Cinfa tomen conciencia de lo que sucede y puedan apoyar estas iniciativas\u201d, concluy\u00f3 Caddy Adzuba.&nbsp;<\/p>\n\n\n\n<p><\/p>\n\n\n\n<figure class=\"wp-block-image size-large\"><img decoding=\"async\" width=\"1500\" height=\"844\" src=\"https:\/\/www.entreculturas.org\/wp-content\/uploads\/2024\/12\/DSC05237-edited.jpg\" alt=\"RD Congo\" class=\"wp-image-36651\" srcset=\"https:\/\/www.entreculturas.org\/wp-content\/uploads\/2024\/12\/DSC05237-edited.jpg 1500w, https:\/\/www.entreculturas.org\/wp-content\/uploads\/2024\/12\/DSC05237-edited-300x169.jpg 300w, https:\/\/www.entreculturas.org\/wp-content\/uploads\/2024\/12\/DSC05237-edited-1024x576.jpg 1024w, https:\/\/www.entreculturas.org\/wp-content\/uploads\/2024\/12\/DSC05237-edited-768x432.jpg 768w\" sizes=\"(max-width: 1500px) 100vw, 1500px\" \/><\/figure>\n\n\n\n<p><\/p>\n\n\n\n<h2 class=\"wp-block-heading\" id=\"h-mas-de-30-000-personas-atendidas-por-el-proyecto-mujeres-en-marcha-en-rd-congo\"><strong>M\u00e1s de 30.000 personas atendidas por el proyecto \u201cMujeres en marcha\u201d en RD Congo<\/strong><\/h2>\n\n\n\n<p><\/p>\n\n\n\n<p>El programa \u2018Mujeres en Marcha\u2019 fue creado por Alboan y Entreculturas hace ya siete a\u00f1os, con el objetivo de apoyar la recuperaci\u00f3n de la autonom\u00eda f\u00edsica y emocional de mujeres y ni\u00f1as que han sobrevivido a situaciones de violencia sexual, con especial foco en aquellas que se encuentran en contexto de desplazamiento y migraci\u00f3n en diversos pa\u00edses de \u00c1frica y Centroam\u00e9rica. A partir de una escucha activa de las necesidades de estas mujeres, que permite brindar respuestas espec\u00edficas, el programa contempla diversas l\u00edneas de actuaci\u00f3n adaptadas a la situaci\u00f3n de cada pa\u00eds.&nbsp;<\/p>\n\n\n\n<p><\/p>\n\n\n\n<p>En concreto, en la zona este de Rep\u00fablica Democr\u00e1tica de El Congo, donde seg\u00fan datos de Naciones Unidas m\u00e1s de 400.000 mujeres y ni\u00f1as han sufrido la violencia de los grupos armados, \u2018Mujeres en marcha\u2019 cuenta con el apoyo de Cinfa. En esta regi\u00f3n, el programa est\u00e1 centrado sobre todo en la prestaci\u00f3n de atenci\u00f3n psico-m\u00e9dica a estas mujeres y tambi\u00e9n, de manera general, a la poblaci\u00f3n desplazada por el conflicto armado. Para lograr este objetivo, Alboan y Entreculturas trabajan con su organizaci\u00f3n aliada FEPSI, en Butembo, provincia de Kivu del Norte, en el este de RDC, que cuenta con un centro hospitalario y colabora con estructuras sanitarias repartidas por todo el pa\u00eds. Gracias a esta alianza, en los dos a\u00f1os en los que lleva en marcha este programa, alrededor de 30.000 personas han visto mejorado su derecho a la salud a trav\u00e9s de un claro fortalecimiento de la red sanitaria.&nbsp;<\/p>\n\n\n\n<p><\/p>\n\n\n\n<h2 class=\"wp-block-heading\" id=\"h-sobre-alboan-y-entreculturas\"><strong>Sobre Alboan y Entreculturas<\/strong><\/h2>\n\n\n\n<p><\/p>\n\n\n\n<p>Alboan y Entreculturas son ONGs de cooperaci\u00f3n internacional que trabajan juntas de manera integrada por la construcci\u00f3n de una ciudadan\u00eda global en torno a cinco causas justas: la garant\u00eda del derecho universal a una educaci\u00f3n de calidad, la defensa de la vida digna de las personas migrantes y refugiadas, la promoci\u00f3n de la justicia socioambiental, el fortalecimiento de la participaci\u00f3n ciudadana y la promoci\u00f3n de la equidad de g\u00e9nero. Junto a otras personas y organizaciones, aspiran a transformar las estructuras generadoras de exclusi\u00f3n a nivel local y global y a promover nuevas relaciones sociales y econ\u00f3micas.<\/p>\n\n\n\n<p><\/p>\n\n\n\n<h2 class=\"wp-block-heading\" id=\"h-sobre-cinfa\"><strong>Sobre Cinfa<\/strong><\/h2>\n\n\n\n<p><\/p>\n\n\n\n<p><a href=\"http:\/\/www.cinfa.com\/cinfa\/home\/inicio.aspx\">Cinfa<\/a> es el laboratorio m\u00e1s presente en los hogares de nuestro pa\u00eds. De capital 100% espa\u00f1ol, cuenta con 55 a\u00f1os de trayectoria y forma parte de un grupo integrado por m\u00e1s de 2.200 profesionales.<\/p>\n\n\n\n<p><\/p>\n\n\n\n<p>Como compa\u00f1\u00eda socialmente responsable, y en el marco de los Objetivos de Desarrollo Sostenible (ODS), Cinfa lleva a cabo diversas iniciativas en l\u00ednea con su misi\u00f3n de trabajar por la salud de las personas, apoyando a diversos colectivos vulnerables e impulsando alianzas como esta con Alboan y Entreculturas. Estas iniciativas se resumen en su web <a href=\"https:\/\/nosmuevelavida.cinfa.com\/\">Nosmuevelavida.cinfa.com<\/a>.<\/p>\n\n\n\n<p><\/p>\n\n\n\n<h2 class=\"wp-block-heading\" id=\"h-mas-informacion\"><strong>M\u00e1s informaci\u00f3n<\/strong><\/h2>\n\n\n\n<p><\/p>\n\n\n\n<ul class=\"wp-block-list\">\n<li>Web \u2018Mujeres en Marcha\u2019<\/li>\n\n\n\n<li><a href=\"https:\/\/www.youtube.com\/watch?v=6DEU98P-D-s\">V\u00eddeo sobre la labor de FEPSI<\/a> en la Rep\u00fablica Democr\u00e1tica del Congo.\u00a0<\/li>\n<\/ul>\n","protected":false},"excerpt":{"rendered":"<p>En una ponencia organizada el pasado viernes en la sede central de Cinfa en Olloki (Navarra), Caddy Adzuba, abogada y periodista congole\u00f1a, expuso la situaci\u00f3n de extrema violencia a la que se enfrenta la poblaci\u00f3n de su pa\u00eds, y en especial las mujeres y ni\u00f1as. Un relato que conmovi\u00f3 a las personas asistentes y tras el que la ponente enfatiz\u00f3 la necesidad de que la comunidad internacional trate de poner freno al conflicto y de que, mientras se logra la paz, se brinde apoyo y ayuda a las personas damnificadas. Caddy Adzuba lleva a\u00f1os trabajando por los derechos de la mujer, la infancia y la libertad de prensa en su pa\u00eds, labor que la ha hecho merecedora de distintos reconocimientos, como el Premio Pr\u00edncipe de Asturias a la Concordia en 2014. \u201cEs necesario denunciar y poner voz a la situaci\u00f3n que se vive en el Congo, porque la gente no [&hellip;]<\/p>\n","protected":false},"featured_media":36656,"template":"","meta":{"_acf_changed":false},"categories":[7],"tags":[293],"country":[318],"cause":[],"class_list":["post-36639","noticia","type-noticia","status-publish","has-post-thumbnail","hentry","category-noticia","tag-genero","country-republica-democratica-del-congo"],"acf":[],"yoast_head":"<!-- This site is optimized with the Yoast SEO Premium plugin v21.6 (Yoast SEO v27.5) - https:\/\/yoast.com\/product\/yoast-seo-premium-wordpress\/ -->\n<title>&#039;En la guerra de RD Congo es necesaria la mediaci\u00f3n internacional&#039;<\/title>\n<meta name=\"description\" content=\"Caddy Adzuba, abogada y periodista congole\u00f1a, expuso la situaci\u00f3n de extrema violencia a la que se enfrenta la poblaci\u00f3n de su pa\u00eds\" \/>\n<meta name=\"robots\" content=\"index, follow, max-snippet:-1, max-image-preview:large, max-video-preview:-1\" \/>\n<link rel=\"canonical\" href=\"https:\/\/www.entreculturas.org\/gl\/noticia\/en-la-guerra-de-rd-congo-la-batalla-se-libra-sobre-el-cuerpo-de-las-mujeres-es-necesaria-la-mediacion-internacional-para-poder-traer-la-paz-al-pais\/\" \/>\n<meta property=\"og:locale\" content=\"gl_ES\" \/>\n<meta property=\"og:type\" content=\"article\" \/>\n<meta property=\"og:title\" content=\"\u201cEn la guerra de RD Congo, la batalla se libra sobre el cuerpo de las mujeres. Es necesaria la mediaci\u00f3n internacional para poder traer la paz al pa\u00eds\u201d\" \/>\n<meta property=\"og:description\" content=\"Caddy Adzuba, abogada y periodista congole\u00f1a, expuso la situaci\u00f3n de extrema violencia a la que se enfrenta la poblaci\u00f3n de su pa\u00eds\" \/>\n<meta property=\"og:url\" content=\"https:\/\/www.entreculturas.org\/gl\/noticia\/en-la-guerra-de-rd-congo-la-batalla-se-libra-sobre-el-cuerpo-de-las-mujeres-es-necesaria-la-mediacion-internacional-para-poder-traer-la-paz-al-pais\/\" \/>\n<meta property=\"og:site_name\" content=\"Entreculturas\" \/>\n<meta property=\"article:publisher\" content=\"https:\/\/www.facebook.com\/entreculturas\" \/>\n<meta property=\"article:modified_time\" content=\"2024-12-20T11:40:23+00:00\" \/>\n<meta property=\"og:image\" content=\"https:\/\/www.entreculturas.org\/wp-content\/uploads\/2024\/12\/RD-Congo-scaled.jpg\" \/>\n\t<meta property=\"og:image:width\" content=\"2560\" \/>\n\t<meta property=\"og:image:height\" content=\"1440\" \/>\n\t<meta property=\"og:image:type\" content=\"image\/jpeg\" \/>\n<meta name=\"twitter:card\" content=\"summary_large_image\" \/>\n<meta name=\"twitter:site\" content=\"@Entreculturas\" \/>\n<script type=\"application\/ld+json\" class=\"yoast-schema-graph\">{\"@context\":\"https:\\\/\\\/schema.org\",\"@graph\":[{\"@type\":\"WebPage\",\"@id\":\"https:\\\/\\\/www.entreculturas.org\\\/gl\\\/noticia\\\/en-la-guerra-de-rd-congo-la-batalla-se-libra-sobre-el-cuerpo-de-las-mujeres-es-necesaria-la-mediacion-internacional-para-poder-traer-la-paz-al-pais\\\/\",\"url\":\"https:\\\/\\\/www.entreculturas.org\\\/gl\\\/noticia\\\/en-la-guerra-de-rd-congo-la-batalla-se-libra-sobre-el-cuerpo-de-las-mujeres-es-necesaria-la-mediacion-internacional-para-poder-traer-la-paz-al-pais\\\/\",\"name\":\"'En la guerra de RD Congo es necesaria la mediaci\u00f3n internacional'\",\"isPartOf\":{\"@id\":\"https:\\\/\\\/www.entreculturas.org\\\/gl\\\/#website\"},\"primaryImageOfPage\":{\"@id\":\"https:\\\/\\\/www.entreculturas.org\\\/gl\\\/noticia\\\/en-la-guerra-de-rd-congo-la-batalla-se-libra-sobre-el-cuerpo-de-las-mujeres-es-necesaria-la-mediacion-internacional-para-poder-traer-la-paz-al-pais\\\/#primaryimage\"},\"image\":{\"@id\":\"https:\\\/\\\/www.entreculturas.org\\\/gl\\\/noticia\\\/en-la-guerra-de-rd-congo-la-batalla-se-libra-sobre-el-cuerpo-de-las-mujeres-es-necesaria-la-mediacion-internacional-para-poder-traer-la-paz-al-pais\\\/#primaryimage\"},\"thumbnailUrl\":\"https:\\\/\\\/www.entreculturas.org\\\/wp-content\\\/uploads\\\/2024\\\/12\\\/RD-Congo-scaled.jpg\",\"datePublished\":\"2024-12-20T11:40:20+00:00\",\"dateModified\":\"2024-12-20T11:40:23+00:00\",\"description\":\"Caddy Adzuba, abogada y periodista congole\u00f1a, expuso la situaci\u00f3n de extrema violencia a la que se enfrenta la poblaci\u00f3n de su pa\u00eds\",\"breadcrumb\":{\"@id\":\"https:\\\/\\\/www.entreculturas.org\\\/gl\\\/noticia\\\/en-la-guerra-de-rd-congo-la-batalla-se-libra-sobre-el-cuerpo-de-las-mujeres-es-necesaria-la-mediacion-internacional-para-poder-traer-la-paz-al-pais\\\/#breadcrumb\"},\"inLanguage\":\"gl-ES\",\"potentialAction\":[{\"@type\":\"ReadAction\",\"target\":[\"https:\\\/\\\/www.entreculturas.org\\\/gl\\\/noticia\\\/en-la-guerra-de-rd-congo-la-batalla-se-libra-sobre-el-cuerpo-de-las-mujeres-es-necesaria-la-mediacion-internacional-para-poder-traer-la-paz-al-pais\\\/\"]}]},{\"@type\":\"ImageObject\",\"inLanguage\":\"gl-ES\",\"@id\":\"https:\\\/\\\/www.entreculturas.org\\\/gl\\\/noticia\\\/en-la-guerra-de-rd-congo-la-batalla-se-libra-sobre-el-cuerpo-de-las-mujeres-es-necesaria-la-mediacion-internacional-para-poder-traer-la-paz-al-pais\\\/#primaryimage\",\"url\":\"https:\\\/\\\/www.entreculturas.org\\\/wp-content\\\/uploads\\\/2024\\\/12\\\/RD-Congo-scaled.jpg\",\"contentUrl\":\"https:\\\/\\\/www.entreculturas.org\\\/wp-content\\\/uploads\\\/2024\\\/12\\\/RD-Congo-scaled.jpg\",\"width\":2560,\"height\":1440,\"caption\":\"RD Congo\"},{\"@type\":\"BreadcrumbList\",\"@id\":\"https:\\\/\\\/www.entreculturas.org\\\/gl\\\/noticia\\\/en-la-guerra-de-rd-congo-la-batalla-se-libra-sobre-el-cuerpo-de-las-mujeres-es-necesaria-la-mediacion-internacional-para-poder-traer-la-paz-al-pais\\\/#breadcrumb\",\"itemListElement\":[{\"@type\":\"ListItem\",\"position\":1,\"name\":\"Home\",\"item\":\"https:\\\/\\\/www.entreculturas.org\\\/gl\\\/\"},{\"@type\":\"ListItem\",\"position\":2,\"name\":\"Noticias\",\"item\":\"https:\\\/\\\/www.entreculturas.org\\\/gl\\\/noticias\\\/\"},{\"@type\":\"ListItem\",\"position\":3,\"name\":\"\u201cEn la guerra de RD Congo, la batalla se libra sobre el cuerpo de las mujeres. Es necesaria la mediaci\u00f3n internacional para poder traer la paz al pa\u00eds\u201d\"}]},{\"@type\":\"WebSite\",\"@id\":\"https:\\\/\\\/www.entreculturas.org\\\/gl\\\/#website\",\"url\":\"https:\\\/\\\/www.entreculturas.org\\\/gl\\\/\",\"name\":\"Entreculturas\",\"description\":\"\",\"publisher\":{\"@id\":\"https:\\\/\\\/www.entreculturas.org\\\/gl\\\/#organization\"},\"alternateName\":\"Entreculturas\",\"potentialAction\":[{\"@type\":\"SearchAction\",\"target\":{\"@type\":\"EntryPoint\",\"urlTemplate\":\"https:\\\/\\\/www.entreculturas.org\\\/gl\\\/?s={search_term_string}\"},\"query-input\":{\"@type\":\"PropertyValueSpecification\",\"valueRequired\":true,\"valueName\":\"search_term_string\"}}],\"inLanguage\":\"gl-ES\"},{\"@type\":\"Organization\",\"@id\":\"https:\\\/\\\/www.entreculturas.org\\\/gl\\\/#organization\",\"name\":\"Entreculturas\",\"url\":\"https:\\\/\\\/www.entreculturas.org\\\/gl\\\/\",\"logo\":{\"@type\":\"ImageObject\",\"inLanguage\":\"gl-ES\",\"@id\":\"https:\\\/\\\/www.entreculturas.org\\\/gl\\\/#\\\/schema\\\/logo\\\/image\\\/\",\"url\":\"https:\\\/\\\/www.entreculturas.org\\\/wp-content\\\/uploads\\\/2025\\\/10\\\/ESP.svg\",\"contentUrl\":\"https:\\\/\\\/www.entreculturas.org\\\/wp-content\\\/uploads\\\/2025\\\/10\\\/ESP.svg\",\"caption\":\"Entreculturas\"},\"image\":{\"@id\":\"https:\\\/\\\/www.entreculturas.org\\\/gl\\\/#\\\/schema\\\/logo\\\/image\\\/\"},\"sameAs\":[\"https:\\\/\\\/www.facebook.com\\\/entreculturas\",\"https:\\\/\\\/x.com\\\/Entreculturas\",\"https:\\\/\\\/www.instagram.com\\\/entreculturas\\\/\",\"https:\\\/\\\/www.youtube.com\\\/user\\\/entreculturasvideo\",\"https:\\\/\\\/www.linkedin.com\\\/company\\\/fundacion-entreculturas-ngdo\\\/\",\"https:\\\/\\\/www.flickr.com\\\/photos\\\/98455522@N04\\\/albums\\\/\"]}]}<\/script>\n<!-- \/ Yoast SEO Premium plugin. -->","yoast_head_json":{"title":"'En la guerra de RD Congo es necesaria la mediaci\u00f3n internacional'","description":"Caddy Adzuba, abogada y periodista congole\u00f1a, expuso la situaci\u00f3n de extrema violencia a la que se enfrenta la poblaci\u00f3n de su pa\u00eds","robots":{"index":"index","follow":"follow","max-snippet":"max-snippet:-1","max-image-preview":"max-image-preview:large","max-video-preview":"max-video-preview:-1"},"canonical":"https:\/\/www.entreculturas.org\/gl\/noticia\/en-la-guerra-de-rd-congo-la-batalla-se-libra-sobre-el-cuerpo-de-las-mujeres-es-necesaria-la-mediacion-internacional-para-poder-traer-la-paz-al-pais\/","og_locale":"gl_ES","og_type":"article","og_title":"\u201cEn la guerra de RD Congo, la batalla se libra sobre el cuerpo de las mujeres. Es necesaria la mediaci\u00f3n internacional para poder traer la paz al pa\u00eds\u201d","og_description":"Caddy Adzuba, abogada y periodista congole\u00f1a, expuso la situaci\u00f3n de extrema violencia a la que se enfrenta la poblaci\u00f3n de su pa\u00eds","og_url":"https:\/\/www.entreculturas.org\/gl\/noticia\/en-la-guerra-de-rd-congo-la-batalla-se-libra-sobre-el-cuerpo-de-las-mujeres-es-necesaria-la-mediacion-internacional-para-poder-traer-la-paz-al-pais\/","og_site_name":"Entreculturas","article_publisher":"https:\/\/www.facebook.com\/entreculturas","article_modified_time":"2024-12-20T11:40:23+00:00","og_image":[{"width":2560,"height":1440,"url":"https:\/\/www.entreculturas.org\/wp-content\/uploads\/2024\/12\/RD-Congo-scaled.jpg","type":"image\/jpeg"}],"twitter_card":"summary_large_image","twitter_site":"@Entreculturas","schema":{"@context":"https:\/\/schema.org","@graph":[{"@type":"WebPage","@id":"https:\/\/www.entreculturas.org\/gl\/noticia\/en-la-guerra-de-rd-congo-la-batalla-se-libra-sobre-el-cuerpo-de-las-mujeres-es-necesaria-la-mediacion-internacional-para-poder-traer-la-paz-al-pais\/","url":"https:\/\/www.entreculturas.org\/gl\/noticia\/en-la-guerra-de-rd-congo-la-batalla-se-libra-sobre-el-cuerpo-de-las-mujeres-es-necesaria-la-mediacion-internacional-para-poder-traer-la-paz-al-pais\/","name":"'En la guerra de RD Congo es necesaria la mediaci\u00f3n internacional'","isPartOf":{"@id":"https:\/\/www.entreculturas.org\/gl\/#website"},"primaryImageOfPage":{"@id":"https:\/\/www.entreculturas.org\/gl\/noticia\/en-la-guerra-de-rd-congo-la-batalla-se-libra-sobre-el-cuerpo-de-las-mujeres-es-necesaria-la-mediacion-internacional-para-poder-traer-la-paz-al-pais\/#primaryimage"},"image":{"@id":"https:\/\/www.entreculturas.org\/gl\/noticia\/en-la-guerra-de-rd-congo-la-batalla-se-libra-sobre-el-cuerpo-de-las-mujeres-es-necesaria-la-mediacion-internacional-para-poder-traer-la-paz-al-pais\/#primaryimage"},"thumbnailUrl":"https:\/\/www.entreculturas.org\/wp-content\/uploads\/2024\/12\/RD-Congo-scaled.jpg","datePublished":"2024-12-20T11:40:20+00:00","dateModified":"2024-12-20T11:40:23+00:00","description":"Caddy Adzuba, abogada y periodista congole\u00f1a, expuso la situaci\u00f3n de extrema violencia a la que se enfrenta la poblaci\u00f3n de su pa\u00eds","breadcrumb":{"@id":"https:\/\/www.entreculturas.org\/gl\/noticia\/en-la-guerra-de-rd-congo-la-batalla-se-libra-sobre-el-cuerpo-de-las-mujeres-es-necesaria-la-mediacion-internacional-para-poder-traer-la-paz-al-pais\/#breadcrumb"},"inLanguage":"gl-ES","potentialAction":[{"@type":"ReadAction","target":["https:\/\/www.entreculturas.org\/gl\/noticia\/en-la-guerra-de-rd-congo-la-batalla-se-libra-sobre-el-cuerpo-de-las-mujeres-es-necesaria-la-mediacion-internacional-para-poder-traer-la-paz-al-pais\/"]}]},{"@type":"ImageObject","inLanguage":"gl-ES","@id":"https:\/\/www.entreculturas.org\/gl\/noticia\/en-la-guerra-de-rd-congo-la-batalla-se-libra-sobre-el-cuerpo-de-las-mujeres-es-necesaria-la-mediacion-internacional-para-poder-traer-la-paz-al-pais\/#primaryimage","url":"https:\/\/www.entreculturas.org\/wp-content\/uploads\/2024\/12\/RD-Congo-scaled.jpg","contentUrl":"https:\/\/www.entreculturas.org\/wp-content\/uploads\/2024\/12\/RD-Congo-scaled.jpg","width":2560,"height":1440,"caption":"RD Congo"},{"@type":"BreadcrumbList","@id":"https:\/\/www.entreculturas.org\/gl\/noticia\/en-la-guerra-de-rd-congo-la-batalla-se-libra-sobre-el-cuerpo-de-las-mujeres-es-necesaria-la-mediacion-internacional-para-poder-traer-la-paz-al-pais\/#breadcrumb","itemListElement":[{"@type":"ListItem","position":1,"name":"Home","item":"https:\/\/www.entreculturas.org\/gl\/"},{"@type":"ListItem","position":2,"name":"Noticias","item":"https:\/\/www.entreculturas.org\/gl\/noticias\/"},{"@type":"ListItem","position":3,"name":"\u201cEn la guerra de RD Congo, la batalla se libra sobre el cuerpo de las mujeres. Es necesaria la mediaci\u00f3n internacional para poder traer la paz al pa\u00eds\u201d"}]},{"@type":"WebSite","@id":"https:\/\/www.entreculturas.org\/gl\/#website","url":"https:\/\/www.entreculturas.org\/gl\/","name":"Entreculturas","description":"","publisher":{"@id":"https:\/\/www.entreculturas.org\/gl\/#organization"},"alternateName":"Entreculturas","potentialAction":[{"@type":"SearchAction","target":{"@type":"EntryPoint","urlTemplate":"https:\/\/www.entreculturas.org\/gl\/?s={search_term_string}"},"query-input":{"@type":"PropertyValueSpecification","valueRequired":true,"valueName":"search_term_string"}}],"inLanguage":"gl-ES"},{"@type":"Organization","@id":"https:\/\/www.entreculturas.org\/gl\/#organization","name":"Entreculturas","url":"https:\/\/www.entreculturas.org\/gl\/","logo":{"@type":"ImageObject","inLanguage":"gl-ES","@id":"https:\/\/www.entreculturas.org\/gl\/#\/schema\/logo\/image\/","url":"https:\/\/www.entreculturas.org\/wp-content\/uploads\/2025\/10\/ESP.svg","contentUrl":"https:\/\/www.entreculturas.org\/wp-content\/uploads\/2025\/10\/ESP.svg","caption":"Entreculturas"},"image":{"@id":"https:\/\/www.entreculturas.org\/gl\/#\/schema\/logo\/image\/"},"sameAs":["https:\/\/www.facebook.com\/entreculturas","https:\/\/x.com\/Entreculturas","https:\/\/www.instagram.com\/entreculturas\/","https:\/\/www.youtube.com\/user\/entreculturasvideo","https:\/\/www.linkedin.com\/company\/fundacion-entreculturas-ngdo\/","https:\/\/www.flickr.com\/photos\/98455522@N04\/albums\/"]}]}},"_links":{"self":[{"href":"https:\/\/www.entreculturas.org\/gl\/wp-json\/wp\/v2\/noticia\/36639","targetHints":{"allow":["GET"]}}],"collection":[{"href":"https:\/\/www.entreculturas.org\/gl\/wp-json\/wp\/v2\/noticia"}],"about":[{"href":"https:\/\/www.entreculturas.org\/gl\/wp-json\/wp\/v2\/types\/noticia"}],"wp:featuredmedia":[{"embeddable":true,"href":"https:\/\/www.entreculturas.org\/gl\/wp-json\/wp\/v2\/media\/36656"}],"wp:attachment":[{"href":"https:\/\/www.entreculturas.org\/gl\/wp-json\/wp\/v2\/media?parent=36639"}],"wp:term":[{"taxonomy":"category","embeddable":true,"href":"https:\/\/www.entreculturas.org\/gl\/wp-json\/wp\/v2\/categories?post=36639"},{"taxonomy":"post_tag","embeddable":true,"href":"https:\/\/www.entreculturas.org\/gl\/wp-json\/wp\/v2\/tags?post=36639"},{"taxonomy":"country","embeddable":true,"href":"https:\/\/www.entreculturas.org\/gl\/wp-json\/wp\/v2\/country?post=36639"},{"taxonomy":"cause","embeddable":true,"href":"https:\/\/www.entreculturas.org\/gl\/wp-json\/wp\/v2\/cause?post=36639"}],"curies":[{"name":"wp","href":"https:\/\/api.w.org\/{rel}","templated":true}]}}