{"id":36186,"date":"2024-11-29T11:34:01","date_gmt":"2024-11-29T10:34:01","guid":{"rendered":"https:\/\/www.entreculturas.org\/?post_type=noticia&#038;p=36186"},"modified":"2024-11-29T12:52:21","modified_gmt":"2024-11-29T11:52:21","slug":"entreculturas-en-el-foro-publico-work4progress-fortaleciendo-el-emprendimiento-rural","status":"publish","type":"noticia","link":"https:\/\/www.entreculturas.org\/gl\/noticia\/entreculturas-en-el-foro-publico-work4progress-fortaleciendo-el-emprendimiento-rural\/","title":{"rendered":"Entreculturas en el Foro P\u00fablico Work4Progress: fortaleciendo el emprendimiento rural"},"content":{"rendered":"\n<p>Del 25 al 27 de noviembre, participamos activamente en las jornadas del Foro P\u00fablico \u201cInclusi\u00f3n Econ\u00f3mica de Mujeres y J\u00f3venes en Zonas Andinas y Amaz\u00f3nicas\u201d en Lima, organizadas por la plataforma Work4Progress de la Fundaci\u00f3n \u201cla Caixa\u201d. Estos d\u00edas nos brindaron una valiosa oportunidad para visibilizar el trabajo conjunto de diversas organizaciones y reafirmar nuestro compromiso con los emprendedores y emprendedoras rurales de Per\u00fa.<br><\/p>\n\n\n\n<p>El foro se centr\u00f3 en generar una respuesta pol\u00edtica y p\u00fablica que destac\u00f3 la importancia de Work4Progress como modelo para la implementaci\u00f3n de programas de desarrollo, servicios inclusivos y estrategias de escalamiento a nivel nacional.<br><\/p>\n\n\n\n<p>La jornada comenz\u00f3 con la participaci\u00f3n de S. A. R. la Infanta Do\u00f1a Cristina, directora del \u00c1rea Internacional de la Fundaci\u00f3n \u201cla Caixa\u201d, quien destac\u00f3 la relevancia de las alianzas multisectoriales para el desarrollo inclusivo. Tambi\u00e9n contamos con la presencia de representantes del gobierno como Fidel Pasapera, Director del Programa PA\u00cdS, y Patricia Garrido, Directora Ejecutiva del Programa AURORA, quienes resaltaron el impacto de estas iniciativas en la sostenibilidad de las comunidades rurales.<br><\/p>\n\n\n\n<figure class=\"wp-block-image aligncenter size-large is-resized\"><img decoding=\"async\" width=\"1600\" height=\"900\" src=\"https:\/\/www.entreculturas.org\/wp-content\/uploads\/2024\/11\/WhatsApp-Image-2024-11-27-at-15.42.49-1-edited.jpeg\" alt=\"\" class=\"wp-image-36208\" style=\"width:855px;height:auto\" srcset=\"https:\/\/www.entreculturas.org\/wp-content\/uploads\/2024\/11\/WhatsApp-Image-2024-11-27-at-15.42.49-1-edited.jpeg 1600w, https:\/\/www.entreculturas.org\/wp-content\/uploads\/2024\/11\/WhatsApp-Image-2024-11-27-at-15.42.49-1-edited-300x169.jpeg 300w, https:\/\/www.entreculturas.org\/wp-content\/uploads\/2024\/11\/WhatsApp-Image-2024-11-27-at-15.42.49-1-edited-1024x576.jpeg 1024w, https:\/\/www.entreculturas.org\/wp-content\/uploads\/2024\/11\/WhatsApp-Image-2024-11-27-at-15.42.49-1-edited-768x432.jpeg 768w, https:\/\/www.entreculturas.org\/wp-content\/uploads\/2024\/11\/WhatsApp-Image-2024-11-27-at-15.42.49-1-edited-1536x864.jpeg 1536w\" sizes=\"(max-width: 1600px) 100vw, 1600px\" \/><\/figure>\n\n\n\n<p><br><\/p>\n\n\n\n<p><strong>Rueda de Negocios: Impulsando Conexiones Comerciales<\/strong><br><\/p>\n\n\n\n<p>El 26 de noviembre, como parte de las actividades del evento, se celebr\u00f3 una Rueda de Negocios en el auditorio de ADEX bajo el lema \u201cEmprendimientos Innovadores Rurales para Mercados Justos\u201d. Este espacio fue fundamental para los emprendedores rurales que participan en el programa <em>Work4Progress<\/em>, quienes pudieron establecer conexiones directas con empresas de Lima, explorar oportunidades de colaboraci\u00f3n y fortalecer sus propuestas comerciales. Entre los productos innovadores presentados por los emprendedores, se incluyeron quesos artesanales, miel, textiles y productos relacionados con el turismo comunitario.<\/p>\n\n\n\n<p>En este encuentro tambi\u00e9n participaron instituciones clave como CODESPA, Acci\u00f3n Contra el Hambre, World Vision y CCAIJO, quienes facilitaron este espacio de interacci\u00f3n entre los sectores p\u00fablico, privado y la sociedad civil, lo que permiti\u00f3 generar nuevas oportunidades para los emprendedores rurales.<br><\/p>\n\n\n\n<p><strong>Exhibici\u00f3n de Impactos y Productos Rurales<\/strong><br><\/p>\n\n\n\n<p>Durante el foro p\u00fablico realizado el 27 de noviembre en la C\u00e1mara de Comercio de Lima, se presentaron paneles tem\u00e1ticos sobre iniciativas productivas, inclusi\u00f3n financiera y digitalizaci\u00f3n. Adem\u00e1s, tuvimos la oportunidad de exhibir productos elaborados por emprendedores rurales, lo que permiti\u00f3 evidenciar el impacto directo de <em>Work4Progress<\/em> en las comunidades beneficiadas. Estos productos, que van desde miel de Condorcanqui hasta quesos y textiles de Quispicanchi, son prueba del trabajo conjunto que realizamos con nuestros aliados para fortalecer la capacidad productiva de los emprendedores y mejorar su acceso a mercados.<\/p>\n\n\n\n<p>Desde su implementaci\u00f3n, el programa ha logrado llegar a m\u00e1s de 31.000 personas, generar 4.504 emprendimientos y m\u00e1s de 9.500 empleos dignos. Estas cifras reflejan la efectividad de <em>Work4Progress<\/em> como modelo replicable para promover la innovaci\u00f3n social y el desarrollo econ\u00f3mico en las zonas rurales del Per\u00fa.<\/p>\n\n\n\n<p>El evento concluy\u00f3 con las palabras de Joaquim Tres, miembro del Comit\u00e9 Asesor de <em>Work4Progress<\/em>, quien destac\u00f3 la necesidad de seguir apoyando a j\u00f3venes y mujeres emprendedoras, reafirmando el papel crucial que cumple este programa en el desarrollo econ\u00f3mico de las zonas rurales m\u00e1s vulnerables del Per\u00fa.<br><\/p>\n\n\n\n<p><strong>Instituciones Participantes<\/strong><br><\/p>\n\n\n\n<p><em>Work4Progress<\/em>, impulsado por la Fundaci\u00f3n \u201cla Caixa\u201d, cuenta con la colaboraci\u00f3n de instituciones clave como World Vision Per\u00fa, CODESPA, Acci\u00f3n Contra el Hambre, CCAIJO, SAIPE, Entreculturas y GRADE, quienes trabajamos de manera conjunta para promover la inclusi\u00f3n econ\u00f3mica y social de las comunidades rurales en el Per\u00fa.<br><\/p>\n\n\n\n<figure class=\"wp-block-image aligncenter size-large is-resized\"><img decoding=\"async\" width=\"1600\" height=\"900\" src=\"https:\/\/www.entreculturas.org\/wp-content\/uploads\/2024\/11\/WhatsApp-Image-2024-11-27-at-15.42.48-1-edited.jpeg\" alt=\"\" class=\"wp-image-36198\" style=\"width:818px;height:auto\" srcset=\"https:\/\/www.entreculturas.org\/wp-content\/uploads\/2024\/11\/WhatsApp-Image-2024-11-27-at-15.42.48-1-edited.jpeg 1600w, https:\/\/www.entreculturas.org\/wp-content\/uploads\/2024\/11\/WhatsApp-Image-2024-11-27-at-15.42.48-1-edited-300x169.jpeg 300w, https:\/\/www.entreculturas.org\/wp-content\/uploads\/2024\/11\/WhatsApp-Image-2024-11-27-at-15.42.48-1-edited-1024x576.jpeg 1024w, https:\/\/www.entreculturas.org\/wp-content\/uploads\/2024\/11\/WhatsApp-Image-2024-11-27-at-15.42.48-1-edited-768x432.jpeg 768w, https:\/\/www.entreculturas.org\/wp-content\/uploads\/2024\/11\/WhatsApp-Image-2024-11-27-at-15.42.48-1-edited-1536x864.jpeg 1536w\" sizes=\"(max-width: 1600px) 100vw, 1600px\" \/><\/figure>\n\n\n\n<p><\/p>\n\n\n\n<h2 class=\"wp-block-heading has-din-font-family\" id=\"h-el-compromiso-de-entreculturas-en-work4progress\" style=\"font-size:30px\"><strong>El compromiso de Entreculturas en Work4Progress<\/strong><\/h2>\n\n\n\n<p><br>En el marco de este programa, desde Entreculturas desarrollamos actualmente el proyecto \u201cConsolidando cadenas de valor y emprendimiento de j\u00f3venes y mujeres rurales\u201d, que se extender\u00e1 hasta abril de 2025. Trabajamos de la mano con CCAIJO, SAIPE, Acci\u00f3n Contra el Hambre y Fe y Alegr\u00eda para fortalecer cadenas de valor clave en Cusco (l\u00e1cteos, turismo comunitario y ma\u00edz) y Amazonas (miel y harina de pl\u00e1tano).<\/p>\n\n\n\n<p>Nuestro objetivo es mejorar la calidad e innovaci\u00f3n de los productos, fomentar el acceso a mercados regionales y nacionales, y consolidar el liderazgo de mujeres y j\u00f3venes en los procesos productivos. 1.648 personas participantes tendr\u00e1n un impacto positivo gracias al proyecto, promoviendo un desarrollo sostenible y equitativo en las regiones en las que trabajamos.<\/p>\n","protected":false},"excerpt":{"rendered":"<p>Del 25 al 27 de noviembre, participamos activamente en las jornadas del Foro P\u00fablico \u201cInclusi\u00f3n Econ\u00f3mica de Mujeres y J\u00f3venes en Zonas Andinas y Amaz\u00f3nicas\u201d en Lima, organizadas por la plataforma Work4Progress de la Fundaci\u00f3n \u201cla Caixa\u201d. Estos d\u00edas nos brindaron una valiosa oportunidad para visibilizar el trabajo conjunto de diversas organizaciones y reafirmar nuestro compromiso con los emprendedores y emprendedoras rurales de Per\u00fa. El foro se centr\u00f3 en generar una respuesta pol\u00edtica y p\u00fablica que destac\u00f3 la importancia de Work4Progress como modelo para la implementaci\u00f3n de programas de desarrollo, servicios inclusivos y estrategias de escalamiento a nivel nacional. La jornada comenz\u00f3 con la participaci\u00f3n de S. A. R. la Infanta Do\u00f1a Cristina, directora del \u00c1rea Internacional de la Fundaci\u00f3n \u201cla Caixa\u201d, quien destac\u00f3 la relevancia de las alianzas multisectoriales para el desarrollo inclusivo. Tambi\u00e9n contamos con la presencia de representantes del gobierno como Fidel Pasapera, Director del Programa PA\u00cdS, [&hellip;]<\/p>\n","protected":false},"featured_media":36188,"template":"","meta":{"_acf_changed":false},"categories":[7],"tags":[],"country":[],"cause":[],"class_list":["post-36186","noticia","type-noticia","status-publish","has-post-thumbnail","hentry","category-noticia"],"acf":[],"yoast_head":"<!-- This site is optimized with the Yoast SEO Premium plugin v21.6 (Yoast SEO v27.5) - https:\/\/yoast.com\/product\/yoast-seo-premium-wordpress\/ -->\n<title>Entreculturas en el foro p\u00fablico de Work4progress<\/title>\n<meta name=\"description\" content=\"Del 25 al 27 de noviembre, participamos activamente en las jornadas del Foro P\u00fablico organizadas por la plataforma Work4Progress.\" \/>\n<meta name=\"robots\" content=\"index, follow, max-snippet:-1, max-image-preview:large, max-video-preview:-1\" \/>\n<link rel=\"canonical\" href=\"https:\/\/www.entreculturas.org\/gl\/noticia\/entreculturas-en-el-foro-publico-work4progress-fortaleciendo-el-emprendimiento-rural\/\" \/>\n<meta property=\"og:locale\" content=\"gl_ES\" \/>\n<meta property=\"og:type\" content=\"article\" \/>\n<meta property=\"og:title\" content=\"Entreculturas en el Foro P\u00fablico Work4Progress: fortaleciendo el emprendimiento rural\" \/>\n<meta property=\"og:description\" content=\"Del 25 al 27 de noviembre, participamos activamente en las jornadas del Foro P\u00fablico organizadas por la plataforma Work4Progress.\" \/>\n<meta property=\"og:url\" content=\"https:\/\/www.entreculturas.org\/gl\/noticia\/entreculturas-en-el-foro-publico-work4progress-fortaleciendo-el-emprendimiento-rural\/\" \/>\n<meta property=\"og:site_name\" content=\"Entreculturas\" \/>\n<meta property=\"article:publisher\" content=\"https:\/\/www.facebook.com\/entreculturas\" \/>\n<meta property=\"article:modified_time\" content=\"2024-11-29T11:52:21+00:00\" \/>\n<meta property=\"og:image\" content=\"https:\/\/www.entreculturas.org\/wp-content\/uploads\/2024\/11\/WhatsApp-Image-2024-11-27-at-15.42.49.jpeg\" \/>\n\t<meta property=\"og:image:width\" content=\"1600\" \/>\n\t<meta property=\"og:image:height\" content=\"964\" \/>\n\t<meta property=\"og:image:type\" content=\"image\/jpeg\" \/>\n<meta name=\"twitter:card\" content=\"summary_large_image\" \/>\n<meta name=\"twitter:site\" content=\"@Entreculturas\" \/>\n<script type=\"application\/ld+json\" class=\"yoast-schema-graph\">{\"@context\":\"https:\\\/\\\/schema.org\",\"@graph\":[{\"@type\":\"WebPage\",\"@id\":\"https:\\\/\\\/www.entreculturas.org\\\/gl\\\/noticia\\\/entreculturas-en-el-foro-publico-work4progress-fortaleciendo-el-emprendimiento-rural\\\/\",\"url\":\"https:\\\/\\\/www.entreculturas.org\\\/gl\\\/noticia\\\/entreculturas-en-el-foro-publico-work4progress-fortaleciendo-el-emprendimiento-rural\\\/\",\"name\":\"Entreculturas en el foro p\u00fablico de Work4progress\",\"isPartOf\":{\"@id\":\"https:\\\/\\\/www.entreculturas.org\\\/gl\\\/#website\"},\"primaryImageOfPage\":{\"@id\":\"https:\\\/\\\/www.entreculturas.org\\\/gl\\\/noticia\\\/entreculturas-en-el-foro-publico-work4progress-fortaleciendo-el-emprendimiento-rural\\\/#primaryimage\"},\"image\":{\"@id\":\"https:\\\/\\\/www.entreculturas.org\\\/gl\\\/noticia\\\/entreculturas-en-el-foro-publico-work4progress-fortaleciendo-el-emprendimiento-rural\\\/#primaryimage\"},\"thumbnailUrl\":\"https:\\\/\\\/www.entreculturas.org\\\/wp-content\\\/uploads\\\/2024\\\/11\\\/WhatsApp-Image-2024-11-27-at-15.42.49.jpeg\",\"datePublished\":\"2024-11-29T10:34:01+00:00\",\"dateModified\":\"2024-11-29T11:52:21+00:00\",\"description\":\"Del 25 al 27 de noviembre, participamos activamente en las jornadas del Foro P\u00fablico organizadas por la plataforma Work4Progress.\",\"breadcrumb\":{\"@id\":\"https:\\\/\\\/www.entreculturas.org\\\/gl\\\/noticia\\\/entreculturas-en-el-foro-publico-work4progress-fortaleciendo-el-emprendimiento-rural\\\/#breadcrumb\"},\"inLanguage\":\"gl-ES\",\"potentialAction\":[{\"@type\":\"ReadAction\",\"target\":[\"https:\\\/\\\/www.entreculturas.org\\\/gl\\\/noticia\\\/entreculturas-en-el-foro-publico-work4progress-fortaleciendo-el-emprendimiento-rural\\\/\"]}]},{\"@type\":\"ImageObject\",\"inLanguage\":\"gl-ES\",\"@id\":\"https:\\\/\\\/www.entreculturas.org\\\/gl\\\/noticia\\\/entreculturas-en-el-foro-publico-work4progress-fortaleciendo-el-emprendimiento-rural\\\/#primaryimage\",\"url\":\"https:\\\/\\\/www.entreculturas.org\\\/wp-content\\\/uploads\\\/2024\\\/11\\\/WhatsApp-Image-2024-11-27-at-15.42.49.jpeg\",\"contentUrl\":\"https:\\\/\\\/www.entreculturas.org\\\/wp-content\\\/uploads\\\/2024\\\/11\\\/WhatsApp-Image-2024-11-27-at-15.42.49.jpeg\",\"width\":1600,\"height\":964,\"caption\":\"Work4Progress\"},{\"@type\":\"BreadcrumbList\",\"@id\":\"https:\\\/\\\/www.entreculturas.org\\\/gl\\\/noticia\\\/entreculturas-en-el-foro-publico-work4progress-fortaleciendo-el-emprendimiento-rural\\\/#breadcrumb\",\"itemListElement\":[{\"@type\":\"ListItem\",\"position\":1,\"name\":\"Home\",\"item\":\"https:\\\/\\\/www.entreculturas.org\\\/gl\\\/\"},{\"@type\":\"ListItem\",\"position\":2,\"name\":\"Noticias\",\"item\":\"https:\\\/\\\/www.entreculturas.org\\\/gl\\\/noticias\\\/\"},{\"@type\":\"ListItem\",\"position\":3,\"name\":\"Entreculturas en el Foro P\u00fablico Work4Progress: fortaleciendo el emprendimiento rural\"}]},{\"@type\":\"WebSite\",\"@id\":\"https:\\\/\\\/www.entreculturas.org\\\/gl\\\/#website\",\"url\":\"https:\\\/\\\/www.entreculturas.org\\\/gl\\\/\",\"name\":\"Entreculturas\",\"description\":\"\",\"publisher\":{\"@id\":\"https:\\\/\\\/www.entreculturas.org\\\/gl\\\/#organization\"},\"alternateName\":\"Entreculturas\",\"potentialAction\":[{\"@type\":\"SearchAction\",\"target\":{\"@type\":\"EntryPoint\",\"urlTemplate\":\"https:\\\/\\\/www.entreculturas.org\\\/gl\\\/?s={search_term_string}\"},\"query-input\":{\"@type\":\"PropertyValueSpecification\",\"valueRequired\":true,\"valueName\":\"search_term_string\"}}],\"inLanguage\":\"gl-ES\"},{\"@type\":\"Organization\",\"@id\":\"https:\\\/\\\/www.entreculturas.org\\\/gl\\\/#organization\",\"name\":\"Entreculturas\",\"url\":\"https:\\\/\\\/www.entreculturas.org\\\/gl\\\/\",\"logo\":{\"@type\":\"ImageObject\",\"inLanguage\":\"gl-ES\",\"@id\":\"https:\\\/\\\/www.entreculturas.org\\\/gl\\\/#\\\/schema\\\/logo\\\/image\\\/\",\"url\":\"https:\\\/\\\/www.entreculturas.org\\\/wp-content\\\/uploads\\\/2025\\\/10\\\/ESP.svg\",\"contentUrl\":\"https:\\\/\\\/www.entreculturas.org\\\/wp-content\\\/uploads\\\/2025\\\/10\\\/ESP.svg\",\"caption\":\"Entreculturas\"},\"image\":{\"@id\":\"https:\\\/\\\/www.entreculturas.org\\\/gl\\\/#\\\/schema\\\/logo\\\/image\\\/\"},\"sameAs\":[\"https:\\\/\\\/www.facebook.com\\\/entreculturas\",\"https:\\\/\\\/x.com\\\/Entreculturas\",\"https:\\\/\\\/www.instagram.com\\\/entreculturas\\\/\",\"https:\\\/\\\/www.youtube.com\\\/user\\\/entreculturasvideo\",\"https:\\\/\\\/www.linkedin.com\\\/company\\\/fundacion-entreculturas-ngdo\\\/\",\"https:\\\/\\\/www.flickr.com\\\/photos\\\/98455522@N04\\\/albums\\\/\"]}]}<\/script>\n<!-- \/ Yoast SEO Premium plugin. -->","yoast_head_json":{"title":"Entreculturas en el foro p\u00fablico de Work4progress","description":"Del 25 al 27 de noviembre, participamos activamente en las jornadas del Foro P\u00fablico organizadas por la plataforma Work4Progress.","robots":{"index":"index","follow":"follow","max-snippet":"max-snippet:-1","max-image-preview":"max-image-preview:large","max-video-preview":"max-video-preview:-1"},"canonical":"https:\/\/www.entreculturas.org\/gl\/noticia\/entreculturas-en-el-foro-publico-work4progress-fortaleciendo-el-emprendimiento-rural\/","og_locale":"gl_ES","og_type":"article","og_title":"Entreculturas en el Foro P\u00fablico Work4Progress: fortaleciendo el emprendimiento rural","og_description":"Del 25 al 27 de noviembre, participamos activamente en las jornadas del Foro P\u00fablico organizadas por la plataforma Work4Progress.","og_url":"https:\/\/www.entreculturas.org\/gl\/noticia\/entreculturas-en-el-foro-publico-work4progress-fortaleciendo-el-emprendimiento-rural\/","og_site_name":"Entreculturas","article_publisher":"https:\/\/www.facebook.com\/entreculturas","article_modified_time":"2024-11-29T11:52:21+00:00","og_image":[{"width":1600,"height":964,"url":"https:\/\/www.entreculturas.org\/wp-content\/uploads\/2024\/11\/WhatsApp-Image-2024-11-27-at-15.42.49.jpeg","type":"image\/jpeg"}],"twitter_card":"summary_large_image","twitter_site":"@Entreculturas","schema":{"@context":"https:\/\/schema.org","@graph":[{"@type":"WebPage","@id":"https:\/\/www.entreculturas.org\/gl\/noticia\/entreculturas-en-el-foro-publico-work4progress-fortaleciendo-el-emprendimiento-rural\/","url":"https:\/\/www.entreculturas.org\/gl\/noticia\/entreculturas-en-el-foro-publico-work4progress-fortaleciendo-el-emprendimiento-rural\/","name":"Entreculturas en el foro p\u00fablico de Work4progress","isPartOf":{"@id":"https:\/\/www.entreculturas.org\/gl\/#website"},"primaryImageOfPage":{"@id":"https:\/\/www.entreculturas.org\/gl\/noticia\/entreculturas-en-el-foro-publico-work4progress-fortaleciendo-el-emprendimiento-rural\/#primaryimage"},"image":{"@id":"https:\/\/www.entreculturas.org\/gl\/noticia\/entreculturas-en-el-foro-publico-work4progress-fortaleciendo-el-emprendimiento-rural\/#primaryimage"},"thumbnailUrl":"https:\/\/www.entreculturas.org\/wp-content\/uploads\/2024\/11\/WhatsApp-Image-2024-11-27-at-15.42.49.jpeg","datePublished":"2024-11-29T10:34:01+00:00","dateModified":"2024-11-29T11:52:21+00:00","description":"Del 25 al 27 de noviembre, participamos activamente en las jornadas del Foro P\u00fablico organizadas por la plataforma Work4Progress.","breadcrumb":{"@id":"https:\/\/www.entreculturas.org\/gl\/noticia\/entreculturas-en-el-foro-publico-work4progress-fortaleciendo-el-emprendimiento-rural\/#breadcrumb"},"inLanguage":"gl-ES","potentialAction":[{"@type":"ReadAction","target":["https:\/\/www.entreculturas.org\/gl\/noticia\/entreculturas-en-el-foro-publico-work4progress-fortaleciendo-el-emprendimiento-rural\/"]}]},{"@type":"ImageObject","inLanguage":"gl-ES","@id":"https:\/\/www.entreculturas.org\/gl\/noticia\/entreculturas-en-el-foro-publico-work4progress-fortaleciendo-el-emprendimiento-rural\/#primaryimage","url":"https:\/\/www.entreculturas.org\/wp-content\/uploads\/2024\/11\/WhatsApp-Image-2024-11-27-at-15.42.49.jpeg","contentUrl":"https:\/\/www.entreculturas.org\/wp-content\/uploads\/2024\/11\/WhatsApp-Image-2024-11-27-at-15.42.49.jpeg","width":1600,"height":964,"caption":"Work4Progress"},{"@type":"BreadcrumbList","@id":"https:\/\/www.entreculturas.org\/gl\/noticia\/entreculturas-en-el-foro-publico-work4progress-fortaleciendo-el-emprendimiento-rural\/#breadcrumb","itemListElement":[{"@type":"ListItem","position":1,"name":"Home","item":"https:\/\/www.entreculturas.org\/gl\/"},{"@type":"ListItem","position":2,"name":"Noticias","item":"https:\/\/www.entreculturas.org\/gl\/noticias\/"},{"@type":"ListItem","position":3,"name":"Entreculturas en el Foro P\u00fablico Work4Progress: fortaleciendo el emprendimiento rural"}]},{"@type":"WebSite","@id":"https:\/\/www.entreculturas.org\/gl\/#website","url":"https:\/\/www.entreculturas.org\/gl\/","name":"Entreculturas","description":"","publisher":{"@id":"https:\/\/www.entreculturas.org\/gl\/#organization"},"alternateName":"Entreculturas","potentialAction":[{"@type":"SearchAction","target":{"@type":"EntryPoint","urlTemplate":"https:\/\/www.entreculturas.org\/gl\/?s={search_term_string}"},"query-input":{"@type":"PropertyValueSpecification","valueRequired":true,"valueName":"search_term_string"}}],"inLanguage":"gl-ES"},{"@type":"Organization","@id":"https:\/\/www.entreculturas.org\/gl\/#organization","name":"Entreculturas","url":"https:\/\/www.entreculturas.org\/gl\/","logo":{"@type":"ImageObject","inLanguage":"gl-ES","@id":"https:\/\/www.entreculturas.org\/gl\/#\/schema\/logo\/image\/","url":"https:\/\/www.entreculturas.org\/wp-content\/uploads\/2025\/10\/ESP.svg","contentUrl":"https:\/\/www.entreculturas.org\/wp-content\/uploads\/2025\/10\/ESP.svg","caption":"Entreculturas"},"image":{"@id":"https:\/\/www.entreculturas.org\/gl\/#\/schema\/logo\/image\/"},"sameAs":["https:\/\/www.facebook.com\/entreculturas","https:\/\/x.com\/Entreculturas","https:\/\/www.instagram.com\/entreculturas\/","https:\/\/www.youtube.com\/user\/entreculturasvideo","https:\/\/www.linkedin.com\/company\/fundacion-entreculturas-ngdo\/","https:\/\/www.flickr.com\/photos\/98455522@N04\/albums\/"]}]}},"_links":{"self":[{"href":"https:\/\/www.entreculturas.org\/gl\/wp-json\/wp\/v2\/noticia\/36186","targetHints":{"allow":["GET"]}}],"collection":[{"href":"https:\/\/www.entreculturas.org\/gl\/wp-json\/wp\/v2\/noticia"}],"about":[{"href":"https:\/\/www.entreculturas.org\/gl\/wp-json\/wp\/v2\/types\/noticia"}],"wp:featuredmedia":[{"embeddable":true,"href":"https:\/\/www.entreculturas.org\/gl\/wp-json\/wp\/v2\/media\/36188"}],"wp:attachment":[{"href":"https:\/\/www.entreculturas.org\/gl\/wp-json\/wp\/v2\/media?parent=36186"}],"wp:term":[{"taxonomy":"category","embeddable":true,"href":"https:\/\/www.entreculturas.org\/gl\/wp-json\/wp\/v2\/categories?post=36186"},{"taxonomy":"post_tag","embeddable":true,"href":"https:\/\/www.entreculturas.org\/gl\/wp-json\/wp\/v2\/tags?post=36186"},{"taxonomy":"country","embeddable":true,"href":"https:\/\/www.entreculturas.org\/gl\/wp-json\/wp\/v2\/country?post=36186"},{"taxonomy":"cause","embeddable":true,"href":"https:\/\/www.entreculturas.org\/gl\/wp-json\/wp\/v2\/cause?post=36186"}],"curies":[{"name":"wp","href":"https:\/\/api.w.org\/{rel}","templated":true}]}}