{"id":36045,"date":"2024-11-28T11:11:19","date_gmt":"2024-11-28T10:11:19","guid":{"rendered":"https:\/\/www.entreculturas.org\/?post_type=noticia&#038;p=36045"},"modified":"2024-11-28T11:11:21","modified_gmt":"2024-11-28T10:11:21","slug":"navidad-solidaria-empresas-comprometidas-con-nuestras-causas","status":"publish","type":"noticia","link":"https:\/\/www.entreculturas.org\/gl\/noticia\/navidad-solidaria-empresas-comprometidas-con-nuestras-causas\/","title":{"rendered":"Navidad solidaria: Empresas comprometidas con nuestras causas"},"content":{"rendered":"\n<h2 class=\"wp-block-heading\" id=\"h-hagamos-de-esta-navidad-un-momento-de-esperanza\" style=\"font-size:27px\"><em>Hagamos de esta Navidad un momento de Esperanza<\/em><\/h2>\n\n\n\n<p><\/p>\n\n\n\n<p>La Navidad es un momento ideal para reflexionar sobre nuestro compromiso con la sociedad y actuar en consecuencia. M\u00e1s all\u00e1 de un acto de generosidad, colaborar con las personas m\u00e1s desfavorecidas refuerza nuestros valores humanos generando un entorno m\u00e1s justo e inclusivo, respondiendo adem\u00e1s, a las crecientes expectativas sociales y regulatorias en materia de responsabilidad corporativa.<\/p>\n\n\n\n<p><\/p>\n\n\n\n<p>Esta Navidad, desde Entreculturas os invitamos a liderar con el ejemplo. Os invitamos a uniros a nuestras causas y convertir esta Navidad en un s\u00edmbolo de esperanza y generosidad.<\/p>\n\n\n\n<p><\/p>\n\n\n\n<ul class=\"wp-block-list\">\n<li>Hazte miembro de <a href=\"https:\/\/www.entreculturas.org\/empresas\/\">Empresas por una Causa<\/a>, y forma parte&nbsp; de una red de empresas comprometidas por la educaci\u00f3n para cambiar el mundo.&nbsp;<\/li>\n<\/ul>\n\n\n\n<ul class=\"wp-block-list\">\n<li>Felicita la navidad con tarjetas solidarias. Ya tenemos en nuestra tienda <a href=\"https:\/\/regala.entreculturas.org\/\">Regala Entreculturas<\/a> las tarjetas de Navidad para que puedas felicitar la Navidad a tus familiares y amigos con tarjetas solidarias. Este a\u00f1o, las tarjetas han sido dise\u00f1adas por Wycliff, un joven refugiado ruand\u00e9s que lleg\u00f3 a Kenia con su familia siendo ni\u00f1o a principios del a\u00f1o 2000, huyendo de la violencia \u00e9tnica en su pa\u00eds. Ahora tiene su propia familia y puede mantenerla a trav\u00e9s de su arte. Puedes comprar tus tarjetas directamente en nuestra web: <a href=\"https:\/\/regala.entreculturas.org\/\">https:\/\/regala.entreculturas.org\/<\/a> En la web tambi\u00e9n puedes adquirir otros art\u00edculos artesanales y cestas de navidad con los que sorprender a tus invitados al tiempo que colaboras en la construcci\u00f3n de un&nbsp; mundo m\u00e1s justo y solidario.<\/li>\n<\/ul>\n\n\n\n<ul class=\"wp-block-list\">\n<li>Crea una <a href=\"https:\/\/www.entreculturas.org\/iniciativa-solidaria\/\">Iniciativa Solidaria<\/a>, un reto que puedes difundir entre los empleados de tu empresa o tu familia, para conseguir una donaci\u00f3n econ\u00f3mica con la que contribuyas a que personas en situaci\u00f3n de vulnerabilidad de nuestros proyectos disfruten tambi\u00e9n de una Navidad llena de esperanza.<\/li>\n<\/ul>\n\n\n\n<ul class=\"wp-block-list\">\n<li>Tambi\u00e9n puedes colaborar haciendo una donaci\u00f3n directa a nuestros proyectos y animando a participar a las personas empleadas a trav\u00e9s de un voluntariado corporativo.\u00a0<\/li>\n<\/ul>\n\n\n\n<p><\/p>\n\n\n\n<p>Cada acci\u00f3n cuenta, juntos podemos transformar estas fiestas en un verdadero acto de solidaridad y responsabilidad compartida. Gracias por ser parte del cambio.<\/p>\n\n\n\n<p><\/p>\n\n\n\n<figure class=\"wp-block-image aligncenter size-large is-resized\"><img decoding=\"async\" width=\"935\" height=\"1024\" src=\"https:\/\/www.entreculturas.org\/wp-content\/uploads\/2024\/11\/Tarjetas-2024-sin-fondo-1-935x1024.png\" alt=\"Navidad\" class=\"wp-image-36052\" style=\"width:634px;height:auto\" srcset=\"https:\/\/www.entreculturas.org\/wp-content\/uploads\/2024\/11\/Tarjetas-2024-sin-fondo-1-935x1024.png 935w, https:\/\/www.entreculturas.org\/wp-content\/uploads\/2024\/11\/Tarjetas-2024-sin-fondo-1-274x300.png 274w, https:\/\/www.entreculturas.org\/wp-content\/uploads\/2024\/11\/Tarjetas-2024-sin-fondo-1-768x841.png 768w, https:\/\/www.entreculturas.org\/wp-content\/uploads\/2024\/11\/Tarjetas-2024-sin-fondo-1.png 950w\" sizes=\"(max-width: 935px) 100vw, 935px\" \/><\/figure>\n\n\n\n<p><\/p>\n\n\n\n<p style=\"font-size:13px\">El calendario fiscal finaliza el 31 de diciembre, por lo tanto tu pr\u00f3xima declaraci\u00f3n del IRPF tendr\u00e1 en cuenta lo que hayas realizado durante este a\u00f1o. Por inercia, o quiz\u00e1 porque es cuando lo tenemos en la cabeza, pensamos en las deducciones fiscales por donativos a ONG en el momento de presentar la declaraci\u00f3n de IRPF pero en realidad deber\u00edamos hacerlo ahora, a finales de a\u00f1o. Este a\u00f1o las donaciones a las ONG valen m\u00e1s y generan mayor impacto. Todas las donaciones que realices este a\u00f1o ser\u00e1n deducibles hasta un 80% en tu declaraci\u00f3n de la renta del pr\u00f3ximo a\u00f1o, con un m\u00e1ximo de 250 euros. Calcula tus deducciones a trav\u00e9s <a href=\"https:\/\/www.fundacionlealtad.org\/para-colaborar-con-ong\/deducciones-fiscales\/\">del simulador<\/a>.<\/p>\n\n\n\n<p><\/p>\n","protected":false},"excerpt":{"rendered":"<p>Hagamos de esta Navidad un momento de Esperanza La Navidad es un momento ideal para reflexionar sobre nuestro compromiso con la sociedad y actuar en consecuencia. M\u00e1s all\u00e1 de un acto de generosidad, colaborar con las personas m\u00e1s desfavorecidas refuerza nuestros valores humanos generando un entorno m\u00e1s justo e inclusivo, respondiendo adem\u00e1s, a las crecientes expectativas sociales y regulatorias en materia de responsabilidad corporativa. Esta Navidad, desde Entreculturas os invitamos a liderar con el ejemplo. Os invitamos a uniros a nuestras causas y convertir esta Navidad en un s\u00edmbolo de esperanza y generosidad. Cada acci\u00f3n cuenta, juntos podemos transformar estas fiestas en un verdadero acto de solidaridad y responsabilidad compartida. Gracias por ser parte del cambio. El calendario fiscal finaliza el 31 de diciembre, por lo tanto tu pr\u00f3xima declaraci\u00f3n del IRPF tendr\u00e1 en cuenta lo que hayas realizado durante este a\u00f1o. Por inercia, o quiz\u00e1 porque es cuando lo [&hellip;]<\/p>\n","protected":false},"featured_media":35831,"template":"","meta":{"_acf_changed":false},"categories":[7],"tags":[196],"country":[],"cause":[],"class_list":["post-36045","noticia","type-noticia","status-publish","has-post-thumbnail","hentry","category-noticia","tag-rsc"],"acf":[],"yoast_head":"<!-- This site is optimized with the Yoast SEO Premium plugin v21.6 (Yoast SEO v27.5) - https:\/\/yoast.com\/product\/yoast-seo-premium-wordpress\/ -->\n<title>Navidad solidaria: Empresas comprometidas con nuestras causas - Entreculturas<\/title>\n<meta name=\"description\" content=\"La Navidad es un momento ideal para reflexionar sobre nuestro compromiso con la sociedad y actuar en consecuencia.\" \/>\n<meta name=\"robots\" content=\"index, follow, max-snippet:-1, max-image-preview:large, max-video-preview:-1\" \/>\n<link rel=\"canonical\" href=\"https:\/\/www.entreculturas.org\/gl\/noticia\/navidad-solidaria-empresas-comprometidas-con-nuestras-causas\/\" \/>\n<meta property=\"og:locale\" content=\"gl_ES\" \/>\n<meta property=\"og:type\" content=\"article\" \/>\n<meta property=\"og:title\" content=\"Navidad solidaria: Empresas comprometidas con nuestras causas\" \/>\n<meta property=\"og:description\" content=\"La Navidad es un momento ideal para reflexionar sobre nuestro compromiso con la sociedad y actuar en consecuencia.\" \/>\n<meta property=\"og:url\" content=\"https:\/\/www.entreculturas.org\/gl\/noticia\/navidad-solidaria-empresas-comprometidas-con-nuestras-causas\/\" \/>\n<meta property=\"og:site_name\" content=\"Entreculturas\" \/>\n<meta property=\"article:publisher\" content=\"https:\/\/www.facebook.com\/entreculturas\" \/>\n<meta property=\"article:modified_time\" content=\"2024-11-28T10:11:21+00:00\" \/>\n<meta property=\"og:image\" content=\"https:\/\/www.entreculturas.org\/wp-content\/uploads\/2024\/11\/Captura-de-Pantalla-2024-11-27-a-las-11.21.32.png\" \/>\n\t<meta property=\"og:image:width\" content=\"993\" \/>\n\t<meta property=\"og:image:height\" content=\"554\" \/>\n\t<meta property=\"og:image:type\" content=\"image\/png\" \/>\n<meta name=\"twitter:card\" content=\"summary_large_image\" \/>\n<meta name=\"twitter:site\" content=\"@Entreculturas\" \/>\n<script type=\"application\/ld+json\" class=\"yoast-schema-graph\">{\"@context\":\"https:\\\/\\\/schema.org\",\"@graph\":[{\"@type\":\"WebPage\",\"@id\":\"https:\\\/\\\/www.entreculturas.org\\\/gl\\\/noticia\\\/navidad-solidaria-empresas-comprometidas-con-nuestras-causas\\\/\",\"url\":\"https:\\\/\\\/www.entreculturas.org\\\/gl\\\/noticia\\\/navidad-solidaria-empresas-comprometidas-con-nuestras-causas\\\/\",\"name\":\"Navidad solidaria: Empresas comprometidas con nuestras causas - Entreculturas\",\"isPartOf\":{\"@id\":\"https:\\\/\\\/www.entreculturas.org\\\/gl\\\/#website\"},\"primaryImageOfPage\":{\"@id\":\"https:\\\/\\\/www.entreculturas.org\\\/gl\\\/noticia\\\/navidad-solidaria-empresas-comprometidas-con-nuestras-causas\\\/#primaryimage\"},\"image\":{\"@id\":\"https:\\\/\\\/www.entreculturas.org\\\/gl\\\/noticia\\\/navidad-solidaria-empresas-comprometidas-con-nuestras-causas\\\/#primaryimage\"},\"thumbnailUrl\":\"https:\\\/\\\/www.entreculturas.org\\\/wp-content\\\/uploads\\\/2024\\\/11\\\/Captura-de-Pantalla-2024-11-27-a-las-11.21.32.png\",\"datePublished\":\"2024-11-28T10:11:19+00:00\",\"dateModified\":\"2024-11-28T10:11:21+00:00\",\"description\":\"La Navidad es un momento ideal para reflexionar sobre nuestro compromiso con la sociedad y actuar en consecuencia.\",\"breadcrumb\":{\"@id\":\"https:\\\/\\\/www.entreculturas.org\\\/gl\\\/noticia\\\/navidad-solidaria-empresas-comprometidas-con-nuestras-causas\\\/#breadcrumb\"},\"inLanguage\":\"gl-ES\",\"potentialAction\":[{\"@type\":\"ReadAction\",\"target\":[\"https:\\\/\\\/www.entreculturas.org\\\/gl\\\/noticia\\\/navidad-solidaria-empresas-comprometidas-con-nuestras-causas\\\/\"]}]},{\"@type\":\"ImageObject\",\"inLanguage\":\"gl-ES\",\"@id\":\"https:\\\/\\\/www.entreculturas.org\\\/gl\\\/noticia\\\/navidad-solidaria-empresas-comprometidas-con-nuestras-causas\\\/#primaryimage\",\"url\":\"https:\\\/\\\/www.entreculturas.org\\\/wp-content\\\/uploads\\\/2024\\\/11\\\/Captura-de-Pantalla-2024-11-27-a-las-11.21.32.png\",\"contentUrl\":\"https:\\\/\\\/www.entreculturas.org\\\/wp-content\\\/uploads\\\/2024\\\/11\\\/Captura-de-Pantalla-2024-11-27-a-las-11.21.32.png\",\"width\":993,\"height\":554,\"caption\":\"Navidad\"},{\"@type\":\"BreadcrumbList\",\"@id\":\"https:\\\/\\\/www.entreculturas.org\\\/gl\\\/noticia\\\/navidad-solidaria-empresas-comprometidas-con-nuestras-causas\\\/#breadcrumb\",\"itemListElement\":[{\"@type\":\"ListItem\",\"position\":1,\"name\":\"Home\",\"item\":\"https:\\\/\\\/www.entreculturas.org\\\/gl\\\/\"},{\"@type\":\"ListItem\",\"position\":2,\"name\":\"Noticias\",\"item\":\"https:\\\/\\\/www.entreculturas.org\\\/gl\\\/noticias\\\/\"},{\"@type\":\"ListItem\",\"position\":3,\"name\":\"Navidad solidaria: Empresas comprometidas con nuestras causas\"}]},{\"@type\":\"WebSite\",\"@id\":\"https:\\\/\\\/www.entreculturas.org\\\/gl\\\/#website\",\"url\":\"https:\\\/\\\/www.entreculturas.org\\\/gl\\\/\",\"name\":\"Entreculturas\",\"description\":\"\",\"publisher\":{\"@id\":\"https:\\\/\\\/www.entreculturas.org\\\/gl\\\/#organization\"},\"alternateName\":\"Entreculturas\",\"potentialAction\":[{\"@type\":\"SearchAction\",\"target\":{\"@type\":\"EntryPoint\",\"urlTemplate\":\"https:\\\/\\\/www.entreculturas.org\\\/gl\\\/?s={search_term_string}\"},\"query-input\":{\"@type\":\"PropertyValueSpecification\",\"valueRequired\":true,\"valueName\":\"search_term_string\"}}],\"inLanguage\":\"gl-ES\"},{\"@type\":\"Organization\",\"@id\":\"https:\\\/\\\/www.entreculturas.org\\\/gl\\\/#organization\",\"name\":\"Entreculturas\",\"url\":\"https:\\\/\\\/www.entreculturas.org\\\/gl\\\/\",\"logo\":{\"@type\":\"ImageObject\",\"inLanguage\":\"gl-ES\",\"@id\":\"https:\\\/\\\/www.entreculturas.org\\\/gl\\\/#\\\/schema\\\/logo\\\/image\\\/\",\"url\":\"https:\\\/\\\/www.entreculturas.org\\\/wp-content\\\/uploads\\\/2025\\\/10\\\/ESP.svg\",\"contentUrl\":\"https:\\\/\\\/www.entreculturas.org\\\/wp-content\\\/uploads\\\/2025\\\/10\\\/ESP.svg\",\"caption\":\"Entreculturas\"},\"image\":{\"@id\":\"https:\\\/\\\/www.entreculturas.org\\\/gl\\\/#\\\/schema\\\/logo\\\/image\\\/\"},\"sameAs\":[\"https:\\\/\\\/www.facebook.com\\\/entreculturas\",\"https:\\\/\\\/x.com\\\/Entreculturas\",\"https:\\\/\\\/www.instagram.com\\\/entreculturas\\\/\",\"https:\\\/\\\/www.youtube.com\\\/user\\\/entreculturasvideo\",\"https:\\\/\\\/www.linkedin.com\\\/company\\\/fundacion-entreculturas-ngdo\\\/\",\"https:\\\/\\\/www.flickr.com\\\/photos\\\/98455522@N04\\\/albums\\\/\"]}]}<\/script>\n<!-- \/ Yoast SEO Premium plugin. -->","yoast_head_json":{"title":"Navidad solidaria: Empresas comprometidas con nuestras causas - Entreculturas","description":"La Navidad es un momento ideal para reflexionar sobre nuestro compromiso con la sociedad y actuar en consecuencia.","robots":{"index":"index","follow":"follow","max-snippet":"max-snippet:-1","max-image-preview":"max-image-preview:large","max-video-preview":"max-video-preview:-1"},"canonical":"https:\/\/www.entreculturas.org\/gl\/noticia\/navidad-solidaria-empresas-comprometidas-con-nuestras-causas\/","og_locale":"gl_ES","og_type":"article","og_title":"Navidad solidaria: Empresas comprometidas con nuestras causas","og_description":"La Navidad es un momento ideal para reflexionar sobre nuestro compromiso con la sociedad y actuar en consecuencia.","og_url":"https:\/\/www.entreculturas.org\/gl\/noticia\/navidad-solidaria-empresas-comprometidas-con-nuestras-causas\/","og_site_name":"Entreculturas","article_publisher":"https:\/\/www.facebook.com\/entreculturas","article_modified_time":"2024-11-28T10:11:21+00:00","og_image":[{"width":993,"height":554,"url":"https:\/\/www.entreculturas.org\/wp-content\/uploads\/2024\/11\/Captura-de-Pantalla-2024-11-27-a-las-11.21.32.png","type":"image\/png"}],"twitter_card":"summary_large_image","twitter_site":"@Entreculturas","schema":{"@context":"https:\/\/schema.org","@graph":[{"@type":"WebPage","@id":"https:\/\/www.entreculturas.org\/gl\/noticia\/navidad-solidaria-empresas-comprometidas-con-nuestras-causas\/","url":"https:\/\/www.entreculturas.org\/gl\/noticia\/navidad-solidaria-empresas-comprometidas-con-nuestras-causas\/","name":"Navidad solidaria: Empresas comprometidas con nuestras causas - Entreculturas","isPartOf":{"@id":"https:\/\/www.entreculturas.org\/gl\/#website"},"primaryImageOfPage":{"@id":"https:\/\/www.entreculturas.org\/gl\/noticia\/navidad-solidaria-empresas-comprometidas-con-nuestras-causas\/#primaryimage"},"image":{"@id":"https:\/\/www.entreculturas.org\/gl\/noticia\/navidad-solidaria-empresas-comprometidas-con-nuestras-causas\/#primaryimage"},"thumbnailUrl":"https:\/\/www.entreculturas.org\/wp-content\/uploads\/2024\/11\/Captura-de-Pantalla-2024-11-27-a-las-11.21.32.png","datePublished":"2024-11-28T10:11:19+00:00","dateModified":"2024-11-28T10:11:21+00:00","description":"La Navidad es un momento ideal para reflexionar sobre nuestro compromiso con la sociedad y actuar en consecuencia.","breadcrumb":{"@id":"https:\/\/www.entreculturas.org\/gl\/noticia\/navidad-solidaria-empresas-comprometidas-con-nuestras-causas\/#breadcrumb"},"inLanguage":"gl-ES","potentialAction":[{"@type":"ReadAction","target":["https:\/\/www.entreculturas.org\/gl\/noticia\/navidad-solidaria-empresas-comprometidas-con-nuestras-causas\/"]}]},{"@type":"ImageObject","inLanguage":"gl-ES","@id":"https:\/\/www.entreculturas.org\/gl\/noticia\/navidad-solidaria-empresas-comprometidas-con-nuestras-causas\/#primaryimage","url":"https:\/\/www.entreculturas.org\/wp-content\/uploads\/2024\/11\/Captura-de-Pantalla-2024-11-27-a-las-11.21.32.png","contentUrl":"https:\/\/www.entreculturas.org\/wp-content\/uploads\/2024\/11\/Captura-de-Pantalla-2024-11-27-a-las-11.21.32.png","width":993,"height":554,"caption":"Navidad"},{"@type":"BreadcrumbList","@id":"https:\/\/www.entreculturas.org\/gl\/noticia\/navidad-solidaria-empresas-comprometidas-con-nuestras-causas\/#breadcrumb","itemListElement":[{"@type":"ListItem","position":1,"name":"Home","item":"https:\/\/www.entreculturas.org\/gl\/"},{"@type":"ListItem","position":2,"name":"Noticias","item":"https:\/\/www.entreculturas.org\/gl\/noticias\/"},{"@type":"ListItem","position":3,"name":"Navidad solidaria: Empresas comprometidas con nuestras causas"}]},{"@type":"WebSite","@id":"https:\/\/www.entreculturas.org\/gl\/#website","url":"https:\/\/www.entreculturas.org\/gl\/","name":"Entreculturas","description":"","publisher":{"@id":"https:\/\/www.entreculturas.org\/gl\/#organization"},"alternateName":"Entreculturas","potentialAction":[{"@type":"SearchAction","target":{"@type":"EntryPoint","urlTemplate":"https:\/\/www.entreculturas.org\/gl\/?s={search_term_string}"},"query-input":{"@type":"PropertyValueSpecification","valueRequired":true,"valueName":"search_term_string"}}],"inLanguage":"gl-ES"},{"@type":"Organization","@id":"https:\/\/www.entreculturas.org\/gl\/#organization","name":"Entreculturas","url":"https:\/\/www.entreculturas.org\/gl\/","logo":{"@type":"ImageObject","inLanguage":"gl-ES","@id":"https:\/\/www.entreculturas.org\/gl\/#\/schema\/logo\/image\/","url":"https:\/\/www.entreculturas.org\/wp-content\/uploads\/2025\/10\/ESP.svg","contentUrl":"https:\/\/www.entreculturas.org\/wp-content\/uploads\/2025\/10\/ESP.svg","caption":"Entreculturas"},"image":{"@id":"https:\/\/www.entreculturas.org\/gl\/#\/schema\/logo\/image\/"},"sameAs":["https:\/\/www.facebook.com\/entreculturas","https:\/\/x.com\/Entreculturas","https:\/\/www.instagram.com\/entreculturas\/","https:\/\/www.youtube.com\/user\/entreculturasvideo","https:\/\/www.linkedin.com\/company\/fundacion-entreculturas-ngdo\/","https:\/\/www.flickr.com\/photos\/98455522@N04\/albums\/"]}]}},"_links":{"self":[{"href":"https:\/\/www.entreculturas.org\/gl\/wp-json\/wp\/v2\/noticia\/36045","targetHints":{"allow":["GET"]}}],"collection":[{"href":"https:\/\/www.entreculturas.org\/gl\/wp-json\/wp\/v2\/noticia"}],"about":[{"href":"https:\/\/www.entreculturas.org\/gl\/wp-json\/wp\/v2\/types\/noticia"}],"wp:featuredmedia":[{"embeddable":true,"href":"https:\/\/www.entreculturas.org\/gl\/wp-json\/wp\/v2\/media\/35831"}],"wp:attachment":[{"href":"https:\/\/www.entreculturas.org\/gl\/wp-json\/wp\/v2\/media?parent=36045"}],"wp:term":[{"taxonomy":"category","embeddable":true,"href":"https:\/\/www.entreculturas.org\/gl\/wp-json\/wp\/v2\/categories?post=36045"},{"taxonomy":"post_tag","embeddable":true,"href":"https:\/\/www.entreculturas.org\/gl\/wp-json\/wp\/v2\/tags?post=36045"},{"taxonomy":"country","embeddable":true,"href":"https:\/\/www.entreculturas.org\/gl\/wp-json\/wp\/v2\/country?post=36045"},{"taxonomy":"cause","embeddable":true,"href":"https:\/\/www.entreculturas.org\/gl\/wp-json\/wp\/v2\/cause?post=36045"}],"curies":[{"name":"wp","href":"https:\/\/api.w.org\/{rel}","templated":true}]}}