{"id":35685,"date":"2024-11-22T11:41:03","date_gmt":"2024-11-22T10:41:03","guid":{"rendered":"https:\/\/www.entreculturas.org\/?post_type=noticia&#038;p=35685"},"modified":"2024-11-22T11:41:05","modified_gmt":"2024-11-22T10:41:05","slug":"las-defensoras-de-la-tierra-sostienen-la-vida-ante-las-violencias-ejercidas-por-un-modelo-depredador","status":"publish","type":"noticia","link":"https:\/\/www.entreculturas.org\/gl\/noticia\/las-defensoras-de-la-tierra-sostienen-la-vida-ante-las-violencias-ejercidas-por-un-modelo-depredador\/","title":{"rendered":"Las defensoras de la tierra sostienen la vida ante las violencias ejercidas por un modelo depredador"},"content":{"rendered":"\n<p>En todos los rincones del planeta, hay quienes se posicionan de manera significativa contra la destrucci\u00f3n ambiental. Son ambientalistas, l\u00edderesas comunitarias y activistas, cuya misi\u00f3n es oponerse a industrias extractivas como la miner\u00eda ilegal, la tala indiscriminada y la agricultura intensiva, y otras como la contaminaci\u00f3n y el acaparamiento de tierras. Sin embargo, su compromiso <strong>por proteger la biodiversidad y los derechos de las comunidades locales a menudo se traduce en represalias violentas<\/strong>.<br><\/p>\n\n\n\n<p>Particularmente notorio es <strong>el caso de los pueblos ind\u00edgenas<\/strong>, que son imprescindibles en la lucha contra el cambio clim\u00e1tico y, sin embargo, a\u00f1o tras a\u00f1o sufren un n\u00famero desproporcionado de agresiones.<br><\/p>\n\n\n\n<h2 class=\"wp-block-heading\" id=\"h-en-primera-linea\" style=\"font-size:34px\"><strong>En primera l\u00ednea<\/strong><\/h2>\n\n\n\n<p><br>Con motivo del D\u00eda Internacional para la Eliminaci\u00f3n de la Violencia contra las Mujeres que se conmemora el 25 de noviembre, esta ma\u00f1ana en Bilbao las ONG Alboan y Entreculturas han expuesto como <strong>las mujeres se posicionan en primera l\u00ednea en la defensa del territorio, y son objeto de m\u00faltiples violencias al tiempo que son invisibilizadas y silenciadas<\/strong>.<br><\/p>\n\n\n\n<p>En palabras de <strong>Sara Diego, t\u00e9cnica de Incidencia Pol\u00edtica de Alboan<\/strong><em>,<\/em> \u201c<em>las mujeres se posicionan en la primera l\u00ednea de resistencia ante un sistema depredador de territorios, vulnerador de derechos, e insostenible.\u00a0 Un sistema que no promueve la vida, sino que <\/em><strong><em>genera muerte y dolor en los territorios, en la fauna y flora, en los seres humanos, y concretamente en los cuerpos de las mujeres<\/em><\/strong><em>\u201d.<\/em><br><\/p>\n\n\n\n<p>En este contexto en 2023 la violencia contra las personas defensoras del planeta se cobr\u00f3 196 v\u00edctimas. De ellas, el 43 % eran ind\u00edgenas y el 12 % mujeres. Como ha se\u00f1alado Sara Diego, \u201c<em>aunque los registros muestran que la mayor\u00eda de personas asesinadas fueron hombres, como consecuencia de las <\/em><strong><em>brechas sociales y desigualdades econ\u00f3micas, culturales, \u00e9tnicas y de g\u00e9nero, las mujeres defensoras enfrentan formas de violencia espec\u00edficas al g\u00e9nero<\/em><\/strong><em>. De hecho, las violencias machistas se utilizan de manera desproporcionada contra las mujeres defensoras para controlarlas y silenciar y reprimir su poder y autoridad como lideresas\u201d.<\/em><br><\/p>\n\n\n\n<h2 class=\"wp-block-heading\" id=\"h-vulneraciones-de-ddhh-en-la-amazonia\" style=\"font-size:28px\"><strong>Vulneraciones de DDHH en la Amazon\u00eda<\/strong><\/h2>\n\n\n\n<p><br>En la comparecencia de prensa tambi\u00e9n ha intervenido <strong>Sara Jimena Su\u00e1rez, lideresa campesina de la Amazon\u00eda colombiana,<\/strong> e integrante de la Red Eclesial Panamaz\u00f3nica (REPAM). Su\u00e1rez ha participado en la elaboraci\u00f3n del <strong>III Informe sobre vulneraciones de Derechos Humanos en la Panamazon\u00eda<\/strong>, recientemente publicado, que documenta la situaci\u00f3n en la que se encuentran diversos pueblos ind\u00edgenas y comunidades campesinas, ribere\u00f1as y afro-descendientes.<\/p>\n\n\n\n<p>Sara Su\u00e1rez ha afirmado que, en el contexto de conflicto colombiano, con la presencia de diversos grupos armados, \u201c<strong><em>las mujeres son utilizadas como arma de guerra<\/em><\/strong><em>\u201d. <\/em>Adem\u00e1s, debido al machismo y al patriarcado existente, las mujeres son silenciadas y ven negado el acceso a espacios de participaci\u00f3n; \u201c<em>alzar la voz es un acto de rebeld\u00eda<\/em>\u201d, ha asegurado. Un escenario, en suma, donde, a las vulneraciones de derechos que sufren las comunidades campesinas e ind\u00edgenas, se suma <strong>la constante del maltrato f\u00edsico, emocional, y ps\u00edquico<\/strong> ejercidas contra las mujeres.<br><\/p>\n\n\n\n<p>Para dar cuenta de estas vulneraciones y para acompa\u00f1ar a organizaciones aliadas y comunidades ind\u00edgenas, representantes de Alboan y Entreculturas participar\u00e1n en el <strong>Foro de Empresas y Derechos Humanos que se celebrar\u00e1 en Ginebra del 25 al 27 de noviembre<\/strong>.<br><\/p>\n\n\n\n<p><strong>Enlaces de inter\u00e9s<\/strong><br><\/p>\n\n\n\n<p>\u25cf&nbsp; &nbsp; &nbsp; <strong>Campa\u00f1a <\/strong><strong><em>Somos Amazon\u00eda: claves ecofeministas para defender la Amazon\u00eda<\/em><\/strong><a href=\"https:\/\/www.somos-amazonia.org\/\"><strong> <\/strong><strong>https:\/\/www.somos-amazonia.org\/<\/strong><\/a><\/p>\n\n\n\n<p>\u25cf&nbsp; &nbsp; &nbsp; <strong>Luc\u00eda Ixchi\u00fa &#8211; Defensora de nuestra casa com\u00fan&nbsp; <\/strong><a href=\"https:\/\/www.youtube.com\/watch?v=CP4jkeLolX8\"><strong>https:\/\/www.youtube.com\/watch?v=CP4jkeLolX8<\/strong><\/a><\/p>\n\n\n\n<p><\/p>\n","protected":false},"excerpt":{"rendered":"<p>En todos los rincones del planeta, hay quienes se posicionan de manera significativa contra la destrucci\u00f3n ambiental. Son ambientalistas, l\u00edderesas comunitarias y activistas, cuya misi\u00f3n es oponerse a industrias extractivas como la miner\u00eda ilegal, la tala indiscriminada y la agricultura intensiva, y otras como la contaminaci\u00f3n y el acaparamiento de tierras. Sin embargo, su compromiso por proteger la biodiversidad y los derechos de las comunidades locales a menudo se traduce en represalias violentas. Particularmente notorio es el caso de los pueblos ind\u00edgenas, que son imprescindibles en la lucha contra el cambio clim\u00e1tico y, sin embargo, a\u00f1o tras a\u00f1o sufren un n\u00famero desproporcionado de agresiones. En primera l\u00ednea Con motivo del D\u00eda Internacional para la Eliminaci\u00f3n de la Violencia contra las Mujeres que se conmemora el 25 de noviembre, esta ma\u00f1ana en Bilbao las ONG Alboan y Entreculturas han expuesto como las mujeres se posicionan en primera l\u00ednea en la defensa [&hellip;]<\/p>\n","protected":false},"featured_media":35687,"template":"","meta":{"_acf_changed":false},"categories":[7],"tags":[256],"country":[],"cause":[131],"class_list":["post-35685","noticia","type-noticia","status-publish","has-post-thumbnail","hentry","category-noticia","tag-justicia-socioambiental","cause-justicia-medioambiental"],"acf":[],"yoast_head":"<!-- This site is optimized with the Yoast SEO Premium plugin v21.6 (Yoast SEO v27.5) - https:\/\/yoast.com\/product\/yoast-seo-premium-wordpress\/ -->\n<title>Las defensoras de la tierra sostienen la vida ante las violencias ejercidas por un modelo depredador - Entreculturas<\/title>\n<meta name=\"description\" content=\"El 25 de noviembre, visibilizamos la violencia que enfrentan las mujeres defensoras del territorio al luchar por el medio ambiente.\" \/>\n<meta name=\"robots\" content=\"index, follow, max-snippet:-1, max-image-preview:large, max-video-preview:-1\" \/>\n<link rel=\"canonical\" href=\"https:\/\/www.entreculturas.org\/gl\/noticia\/las-defensoras-de-la-tierra-sostienen-la-vida-ante-las-violencias-ejercidas-por-un-modelo-depredador\/\" \/>\n<meta property=\"og:locale\" content=\"gl_ES\" \/>\n<meta property=\"og:type\" content=\"article\" \/>\n<meta property=\"og:title\" content=\"Las defensoras de la tierra sostienen la vida ante las violencias ejercidas por un modelo depredador\" \/>\n<meta property=\"og:description\" content=\"El 25 de noviembre, visibilizamos la violencia que enfrentan las mujeres defensoras del territorio al luchar por el medio ambiente.\" \/>\n<meta property=\"og:url\" content=\"https:\/\/www.entreculturas.org\/gl\/noticia\/las-defensoras-de-la-tierra-sostienen-la-vida-ante-las-violencias-ejercidas-por-un-modelo-depredador\/\" \/>\n<meta property=\"og:site_name\" content=\"Entreculturas\" \/>\n<meta property=\"article:publisher\" content=\"https:\/\/www.facebook.com\/entreculturas\" \/>\n<meta property=\"article:modified_time\" content=\"2024-11-22T10:41:05+00:00\" \/>\n<meta property=\"og:image\" content=\"https:\/\/www.entreculturas.org\/wp-content\/uploads\/2024\/11\/IMG_3793-1.jpg\" \/>\n\t<meta property=\"og:image:width\" content=\"2059\" \/>\n\t<meta property=\"og:image:height\" content=\"984\" \/>\n\t<meta property=\"og:image:type\" content=\"image\/jpeg\" \/>\n<meta name=\"twitter:card\" content=\"summary_large_image\" \/>\n<meta name=\"twitter:site\" content=\"@Entreculturas\" \/>\n<script type=\"application\/ld+json\" class=\"yoast-schema-graph\">{\"@context\":\"https:\\\/\\\/schema.org\",\"@graph\":[{\"@type\":\"WebPage\",\"@id\":\"https:\\\/\\\/www.entreculturas.org\\\/gl\\\/noticia\\\/las-defensoras-de-la-tierra-sostienen-la-vida-ante-las-violencias-ejercidas-por-un-modelo-depredador\\\/\",\"url\":\"https:\\\/\\\/www.entreculturas.org\\\/gl\\\/noticia\\\/las-defensoras-de-la-tierra-sostienen-la-vida-ante-las-violencias-ejercidas-por-un-modelo-depredador\\\/\",\"name\":\"Las defensoras de la tierra sostienen la vida ante las violencias ejercidas por un modelo depredador - Entreculturas\",\"isPartOf\":{\"@id\":\"https:\\\/\\\/www.entreculturas.org\\\/gl\\\/#website\"},\"primaryImageOfPage\":{\"@id\":\"https:\\\/\\\/www.entreculturas.org\\\/gl\\\/noticia\\\/las-defensoras-de-la-tierra-sostienen-la-vida-ante-las-violencias-ejercidas-por-un-modelo-depredador\\\/#primaryimage\"},\"image\":{\"@id\":\"https:\\\/\\\/www.entreculturas.org\\\/gl\\\/noticia\\\/las-defensoras-de-la-tierra-sostienen-la-vida-ante-las-violencias-ejercidas-por-un-modelo-depredador\\\/#primaryimage\"},\"thumbnailUrl\":\"https:\\\/\\\/www.entreculturas.org\\\/wp-content\\\/uploads\\\/2024\\\/11\\\/IMG_3793-1.jpg\",\"datePublished\":\"2024-11-22T10:41:03+00:00\",\"dateModified\":\"2024-11-22T10:41:05+00:00\",\"description\":\"El 25 de noviembre, visibilizamos la violencia que enfrentan las mujeres defensoras del territorio al luchar por el medio ambiente.\",\"breadcrumb\":{\"@id\":\"https:\\\/\\\/www.entreculturas.org\\\/gl\\\/noticia\\\/las-defensoras-de-la-tierra-sostienen-la-vida-ante-las-violencias-ejercidas-por-un-modelo-depredador\\\/#breadcrumb\"},\"inLanguage\":\"gl-ES\",\"potentialAction\":[{\"@type\":\"ReadAction\",\"target\":[\"https:\\\/\\\/www.entreculturas.org\\\/gl\\\/noticia\\\/las-defensoras-de-la-tierra-sostienen-la-vida-ante-las-violencias-ejercidas-por-un-modelo-depredador\\\/\"]}]},{\"@type\":\"ImageObject\",\"inLanguage\":\"gl-ES\",\"@id\":\"https:\\\/\\\/www.entreculturas.org\\\/gl\\\/noticia\\\/las-defensoras-de-la-tierra-sostienen-la-vida-ante-las-violencias-ejercidas-por-un-modelo-depredador\\\/#primaryimage\",\"url\":\"https:\\\/\\\/www.entreculturas.org\\\/wp-content\\\/uploads\\\/2024\\\/11\\\/IMG_3793-1.jpg\",\"contentUrl\":\"https:\\\/\\\/www.entreculturas.org\\\/wp-content\\\/uploads\\\/2024\\\/11\\\/IMG_3793-1.jpg\",\"width\":2059,\"height\":984},{\"@type\":\"BreadcrumbList\",\"@id\":\"https:\\\/\\\/www.entreculturas.org\\\/gl\\\/noticia\\\/las-defensoras-de-la-tierra-sostienen-la-vida-ante-las-violencias-ejercidas-por-un-modelo-depredador\\\/#breadcrumb\",\"itemListElement\":[{\"@type\":\"ListItem\",\"position\":1,\"name\":\"Home\",\"item\":\"https:\\\/\\\/www.entreculturas.org\\\/gl\\\/\"},{\"@type\":\"ListItem\",\"position\":2,\"name\":\"Noticias\",\"item\":\"https:\\\/\\\/www.entreculturas.org\\\/gl\\\/noticias\\\/\"},{\"@type\":\"ListItem\",\"position\":3,\"name\":\"Las defensoras de la tierra sostienen la vida ante las violencias ejercidas por un modelo depredador\"}]},{\"@type\":\"WebSite\",\"@id\":\"https:\\\/\\\/www.entreculturas.org\\\/gl\\\/#website\",\"url\":\"https:\\\/\\\/www.entreculturas.org\\\/gl\\\/\",\"name\":\"Entreculturas\",\"description\":\"\",\"publisher\":{\"@id\":\"https:\\\/\\\/www.entreculturas.org\\\/gl\\\/#organization\"},\"alternateName\":\"Entreculturas\",\"potentialAction\":[{\"@type\":\"SearchAction\",\"target\":{\"@type\":\"EntryPoint\",\"urlTemplate\":\"https:\\\/\\\/www.entreculturas.org\\\/gl\\\/?s={search_term_string}\"},\"query-input\":{\"@type\":\"PropertyValueSpecification\",\"valueRequired\":true,\"valueName\":\"search_term_string\"}}],\"inLanguage\":\"gl-ES\"},{\"@type\":\"Organization\",\"@id\":\"https:\\\/\\\/www.entreculturas.org\\\/gl\\\/#organization\",\"name\":\"Entreculturas\",\"url\":\"https:\\\/\\\/www.entreculturas.org\\\/gl\\\/\",\"logo\":{\"@type\":\"ImageObject\",\"inLanguage\":\"gl-ES\",\"@id\":\"https:\\\/\\\/www.entreculturas.org\\\/gl\\\/#\\\/schema\\\/logo\\\/image\\\/\",\"url\":\"https:\\\/\\\/www.entreculturas.org\\\/wp-content\\\/uploads\\\/2025\\\/10\\\/ESP.svg\",\"contentUrl\":\"https:\\\/\\\/www.entreculturas.org\\\/wp-content\\\/uploads\\\/2025\\\/10\\\/ESP.svg\",\"caption\":\"Entreculturas\"},\"image\":{\"@id\":\"https:\\\/\\\/www.entreculturas.org\\\/gl\\\/#\\\/schema\\\/logo\\\/image\\\/\"},\"sameAs\":[\"https:\\\/\\\/www.facebook.com\\\/entreculturas\",\"https:\\\/\\\/x.com\\\/Entreculturas\",\"https:\\\/\\\/www.instagram.com\\\/entreculturas\\\/\",\"https:\\\/\\\/www.youtube.com\\\/user\\\/entreculturasvideo\",\"https:\\\/\\\/www.linkedin.com\\\/company\\\/fundacion-entreculturas-ngdo\\\/\",\"https:\\\/\\\/www.flickr.com\\\/photos\\\/98455522@N04\\\/albums\\\/\"]}]}<\/script>\n<!-- \/ Yoast SEO Premium plugin. -->","yoast_head_json":{"title":"Las defensoras de la tierra sostienen la vida ante las violencias ejercidas por un modelo depredador - Entreculturas","description":"El 25 de noviembre, visibilizamos la violencia que enfrentan las mujeres defensoras del territorio al luchar por el medio ambiente.","robots":{"index":"index","follow":"follow","max-snippet":"max-snippet:-1","max-image-preview":"max-image-preview:large","max-video-preview":"max-video-preview:-1"},"canonical":"https:\/\/www.entreculturas.org\/gl\/noticia\/las-defensoras-de-la-tierra-sostienen-la-vida-ante-las-violencias-ejercidas-por-un-modelo-depredador\/","og_locale":"gl_ES","og_type":"article","og_title":"Las defensoras de la tierra sostienen la vida ante las violencias ejercidas por un modelo depredador","og_description":"El 25 de noviembre, visibilizamos la violencia que enfrentan las mujeres defensoras del territorio al luchar por el medio ambiente.","og_url":"https:\/\/www.entreculturas.org\/gl\/noticia\/las-defensoras-de-la-tierra-sostienen-la-vida-ante-las-violencias-ejercidas-por-un-modelo-depredador\/","og_site_name":"Entreculturas","article_publisher":"https:\/\/www.facebook.com\/entreculturas","article_modified_time":"2024-11-22T10:41:05+00:00","og_image":[{"width":2059,"height":984,"url":"https:\/\/www.entreculturas.org\/wp-content\/uploads\/2024\/11\/IMG_3793-1.jpg","type":"image\/jpeg"}],"twitter_card":"summary_large_image","twitter_site":"@Entreculturas","schema":{"@context":"https:\/\/schema.org","@graph":[{"@type":"WebPage","@id":"https:\/\/www.entreculturas.org\/gl\/noticia\/las-defensoras-de-la-tierra-sostienen-la-vida-ante-las-violencias-ejercidas-por-un-modelo-depredador\/","url":"https:\/\/www.entreculturas.org\/gl\/noticia\/las-defensoras-de-la-tierra-sostienen-la-vida-ante-las-violencias-ejercidas-por-un-modelo-depredador\/","name":"Las defensoras de la tierra sostienen la vida ante las violencias ejercidas por un modelo depredador - Entreculturas","isPartOf":{"@id":"https:\/\/www.entreculturas.org\/gl\/#website"},"primaryImageOfPage":{"@id":"https:\/\/www.entreculturas.org\/gl\/noticia\/las-defensoras-de-la-tierra-sostienen-la-vida-ante-las-violencias-ejercidas-por-un-modelo-depredador\/#primaryimage"},"image":{"@id":"https:\/\/www.entreculturas.org\/gl\/noticia\/las-defensoras-de-la-tierra-sostienen-la-vida-ante-las-violencias-ejercidas-por-un-modelo-depredador\/#primaryimage"},"thumbnailUrl":"https:\/\/www.entreculturas.org\/wp-content\/uploads\/2024\/11\/IMG_3793-1.jpg","datePublished":"2024-11-22T10:41:03+00:00","dateModified":"2024-11-22T10:41:05+00:00","description":"El 25 de noviembre, visibilizamos la violencia que enfrentan las mujeres defensoras del territorio al luchar por el medio ambiente.","breadcrumb":{"@id":"https:\/\/www.entreculturas.org\/gl\/noticia\/las-defensoras-de-la-tierra-sostienen-la-vida-ante-las-violencias-ejercidas-por-un-modelo-depredador\/#breadcrumb"},"inLanguage":"gl-ES","potentialAction":[{"@type":"ReadAction","target":["https:\/\/www.entreculturas.org\/gl\/noticia\/las-defensoras-de-la-tierra-sostienen-la-vida-ante-las-violencias-ejercidas-por-un-modelo-depredador\/"]}]},{"@type":"ImageObject","inLanguage":"gl-ES","@id":"https:\/\/www.entreculturas.org\/gl\/noticia\/las-defensoras-de-la-tierra-sostienen-la-vida-ante-las-violencias-ejercidas-por-un-modelo-depredador\/#primaryimage","url":"https:\/\/www.entreculturas.org\/wp-content\/uploads\/2024\/11\/IMG_3793-1.jpg","contentUrl":"https:\/\/www.entreculturas.org\/wp-content\/uploads\/2024\/11\/IMG_3793-1.jpg","width":2059,"height":984},{"@type":"BreadcrumbList","@id":"https:\/\/www.entreculturas.org\/gl\/noticia\/las-defensoras-de-la-tierra-sostienen-la-vida-ante-las-violencias-ejercidas-por-un-modelo-depredador\/#breadcrumb","itemListElement":[{"@type":"ListItem","position":1,"name":"Home","item":"https:\/\/www.entreculturas.org\/gl\/"},{"@type":"ListItem","position":2,"name":"Noticias","item":"https:\/\/www.entreculturas.org\/gl\/noticias\/"},{"@type":"ListItem","position":3,"name":"Las defensoras de la tierra sostienen la vida ante las violencias ejercidas por un modelo depredador"}]},{"@type":"WebSite","@id":"https:\/\/www.entreculturas.org\/gl\/#website","url":"https:\/\/www.entreculturas.org\/gl\/","name":"Entreculturas","description":"","publisher":{"@id":"https:\/\/www.entreculturas.org\/gl\/#organization"},"alternateName":"Entreculturas","potentialAction":[{"@type":"SearchAction","target":{"@type":"EntryPoint","urlTemplate":"https:\/\/www.entreculturas.org\/gl\/?s={search_term_string}"},"query-input":{"@type":"PropertyValueSpecification","valueRequired":true,"valueName":"search_term_string"}}],"inLanguage":"gl-ES"},{"@type":"Organization","@id":"https:\/\/www.entreculturas.org\/gl\/#organization","name":"Entreculturas","url":"https:\/\/www.entreculturas.org\/gl\/","logo":{"@type":"ImageObject","inLanguage":"gl-ES","@id":"https:\/\/www.entreculturas.org\/gl\/#\/schema\/logo\/image\/","url":"https:\/\/www.entreculturas.org\/wp-content\/uploads\/2025\/10\/ESP.svg","contentUrl":"https:\/\/www.entreculturas.org\/wp-content\/uploads\/2025\/10\/ESP.svg","caption":"Entreculturas"},"image":{"@id":"https:\/\/www.entreculturas.org\/gl\/#\/schema\/logo\/image\/"},"sameAs":["https:\/\/www.facebook.com\/entreculturas","https:\/\/x.com\/Entreculturas","https:\/\/www.instagram.com\/entreculturas\/","https:\/\/www.youtube.com\/user\/entreculturasvideo","https:\/\/www.linkedin.com\/company\/fundacion-entreculturas-ngdo\/","https:\/\/www.flickr.com\/photos\/98455522@N04\/albums\/"]}]}},"_links":{"self":[{"href":"https:\/\/www.entreculturas.org\/gl\/wp-json\/wp\/v2\/noticia\/35685","targetHints":{"allow":["GET"]}}],"collection":[{"href":"https:\/\/www.entreculturas.org\/gl\/wp-json\/wp\/v2\/noticia"}],"about":[{"href":"https:\/\/www.entreculturas.org\/gl\/wp-json\/wp\/v2\/types\/noticia"}],"wp:featuredmedia":[{"embeddable":true,"href":"https:\/\/www.entreculturas.org\/gl\/wp-json\/wp\/v2\/media\/35687"}],"wp:attachment":[{"href":"https:\/\/www.entreculturas.org\/gl\/wp-json\/wp\/v2\/media?parent=35685"}],"wp:term":[{"taxonomy":"category","embeddable":true,"href":"https:\/\/www.entreculturas.org\/gl\/wp-json\/wp\/v2\/categories?post=35685"},{"taxonomy":"post_tag","embeddable":true,"href":"https:\/\/www.entreculturas.org\/gl\/wp-json\/wp\/v2\/tags?post=35685"},{"taxonomy":"country","embeddable":true,"href":"https:\/\/www.entreculturas.org\/gl\/wp-json\/wp\/v2\/country?post=35685"},{"taxonomy":"cause","embeddable":true,"href":"https:\/\/www.entreculturas.org\/gl\/wp-json\/wp\/v2\/cause?post=35685"}],"curies":[{"name":"wp","href":"https:\/\/api.w.org\/{rel}","templated":true}]}}