{"id":3477,"date":"2019-08-26T07:45:26","date_gmt":"2019-08-26T07:45:26","guid":{"rendered":"https:\/\/entreculturasi.wpenginepowered.com\/?noticias=david-y-marite-recorreran-800-kilometros-en-bicicleta-por-camboya-para-apoyar-1660"},"modified":"2024-07-08T13:59:23","modified_gmt":"2024-07-08T11:59:23","slug":"david-y-marite-recorreran-800-kilometros-en-bicicleta-por-camboya-para-apoyar-1660","status":"publish","type":"noticia","link":"https:\/\/www.entreculturas.org\/gl\/noticia\/david-y-marite-recorreran-800-kilometros-en-bicicleta-por-camboya-para-apoyar-1660\/","title":{"rendered":"David y Marit\u00e9 recorrer\u00e1n 800 kil\u00f3metros en bicicleta por Camboya para apoyar a 1.660 estudiantes de 17 escuelas"},"content":{"rendered":"<p>Esta ma\u00f1ana las ONG Entreculturas y SAUCE han presentado en rueda de prensa la iniciativa \u201cM\u00e1s Coraz\u00f3n en las heridas del mundo\u201d, un viaje en bicicleta que dos profesores &#8211; David Saiz y Marit\u00e9 S\u00e1nchez- realizar\u00e1n a partir de las semana que viene por Camboya, visitando los proyectos educativos de ambas organizaciones en el pa\u00eds.<\/p>\n<p>El Vicepresidente Ejecutivo de Entreculturas, Daniel VIllanueva, ha abierto la rueda de prensa recordando que <strong>&#8220;la reconstrucci\u00f3n del sistema educativo es una de las prioridades de Camboya<\/strong> y el punto de uni\u00f3n entre Entreculturas, SAUCE y David y Marit\u00e9\u201d.<\/p>\n<p>&#8220;Camboya es un pa\u00eds con gran coraz\u00f3n que tiene muchas heridas que quiere cicatrizar\u201d, ha a\u00f1adido Juan de la Mora, miembro de la Junta de SAUCE. \u201cEl 50% de la poblaci\u00f3n tiene menos de 18 a\u00f1os: <strong>es un pa\u00eds muy joven con un gran futuro por delante<\/strong>. Queremos construir m\u00e1s colegios y formar a\u00a0 m\u00e1s docentes&#8221;.<\/p>\n<p>&#8220;En los distintos viajes que hemos tenido la suerte de realizar en los \u00faltimos veranos, no vamos encontr\u00e1ndonos con gente con un coraz\u00f3n que le desborda, que hace que haya esperanza en este mundo. <strong>Cuando nos acercamos al coraz\u00f3n de las personas es cuando las heridas se sanan&#8221;<\/strong>, ha dicho David Saiz, profesor de secundaria en el colegio Jes\u00fas Maestro. &#8220;Marit\u00e9 y yo estamos convencidos de que tenemos que llevar estas experiencias al aula para fomentar la transformaci\u00f3n social&#8221;.<\/p>\n<p><span style=\"font-size: 16px;\"><span style=\"color: #ff0101;\"><strong>Un pa\u00eds que mira el futuro con esperanza<\/strong><\/span><\/span><\/p>\n<p>Hasta la d\u00e9cada de los a\u00f1os ochenta, Camboya fue un territorio dominado por el r\u00e9gimen de los Jemeres Rojos, liderado por Pol Pot, considerado el m\u00e1ximo responsable del genocidio que termin\u00f3 con la vida de m\u00e1s de dos millones de personas. Durante los treinta a\u00f1os de guerra que soport\u00f3 el pa\u00eds se asesin\u00f3 a una cuarta parte de su poblaci\u00f3n, dejando a m\u00e1s de 45.000 personas mutiladas cuyas heridas hoy conforman reminiscencias de un pasado atroz. Tras el acontecimiento de lo que ha sido considerado uno de los mayores cr\u00edmenes de la historia de la humanidad, la vertebraci\u00f3n social del territorio se vio dr\u00e1sticamente resentida. Hoy en Camboya, seg\u00fan UNICEF, m\u00e1s de una tercera parte de la poblaci\u00f3n se encuentra por debajo del nivel de pobreza y trata de sobrevivir con menos del equivalente de un d\u00f3lar por d\u00eda. Dadas las dimensiones del desastre sucedido en el pa\u00eds, el tejido social ha tardado en recuperarse, pero el territorio est\u00e1 experimentando una etapa de progreso. A pesar de los \u00edndices de pobreza y malnutrici\u00f3n que acosan sobre todo a las ni\u00f1as y los ni\u00f1os, cerca del 90% acude a la escuela primaria. Es muy importante tener en cuenta que<strong> uno de los grandes desaf\u00edos en Camboya es la mejora de la calidad educativa para todos y todas<\/strong>. Tambi\u00e9n se ha logrado que las ni\u00f1as se matriculen en la misma proporci\u00f3n que los ni\u00f1os.<\/p>\n<p><span style=\"font-size: 16px;\"><span style=\"color: #ff0101;\"><strong>Proyectos Educativos impulsados bajo el paraguas de Fe y Alegr\u00eda\u00a0<\/strong><\/span><\/span><\/p>\n<p>En esta direcci\u00f3n lleva trabajando en el pa\u00eds desde los a\u00f1os ochenta el <strong>Prefecto Apost\u00f3lico Kike Figaredo<\/strong>, jesuita que ha realizado una labor humanitaria, primero con los refugiados camboyanos en Tailandia, y despu\u00e9s con las personas camboyanas m\u00e1s desfavorecidas, y especialmente con v\u00edctimas de minas antipersona. Entre las muchas iniciativas que Kike Figaredo y su equipo desarrollan en la Prefectura de Battambang, una de las prioridades es la Educaci\u00f3n en Pueblos Remotos, tambi\u00e9n conocido como <strong>\u201cObrum\u201d (que significa \u201ceducaci\u00f3n\u201d)<\/strong>, donde se promueven distintas actividades educativas como la construcci\u00f3n de colegios de primaria y secundaria, formaci\u00f3n de profesores, distribuci\u00f3n de material educativo, etc. A d\u00eda de hoy el equipo \u201cObrum\u201d cuenta con 17 colegios, 1.660 estudiantes y 61 docentes. Su labor sigue siendo la misma: garantizar una educaci\u00f3n de calidad a las personas que menos recursos disponen. En este sentido, desde el a\u00f1o pasado, Obrum y otras obras de la Compa\u00f1\u00eda de Jes\u00fas en el pa\u00eds han iniciado el proceso de desarrollar Fe y Alegr\u00eda, de tal manera que el trabajo educativo en Camboya se vincule a las otras muchas iniciativas en el mundo que ofrecen educaci\u00f3n de calidad a m\u00e1s de 1,5 millones de personas.<\/p>\n<p><img decoding=\"async\" src=\"https:\/\/www.entreculturas.org\/wp-content\/uploads\/2019\/08\/fotonoticia3.jpg\" alt=\"\" width=\"800\" height=\"533\" \/><\/p>\n<p><span style=\"font-size: 16px;\"><span style=\"color: #ff0101;\"><strong>M\u00e1s Coraz\u00f3n en las heridas del mundo<\/strong><\/span><\/span><\/p>\n<p>Bajo este lema David y Marit\u00e9 emprender\u00e1n el pr\u00f3ximo 21 de julio un viaje de m\u00e1s de 800 km en bicicleta por Camboya. David y Marit\u00e9 son amigos desde hace casi veinte a\u00f1os; Marit\u00e9 es profesora de Primaria en el colegio El recuerdo de los Padres Jesuitas y David es profesor de secundaria en el colegio Jes\u00fas Maestro. Adem\u00e1s de compartir amistad y profesi\u00f3n, ambos comparten el compromiso de responder a los desaf\u00edos humanitarios que trae consigo el presente. Por ello, desde hace a\u00f1os <strong>aprovechan los veranos para llevar a cabo proyectos sociales en zonas de conflicto de \u00c1frica o Am\u00e9rica Latina<\/strong>. Ambos entienden que su labor educativa tiene que estar enraizada en su vivencia y experiencia vital, por eso Marit\u00e9 y David viajan, para aprender de las personas que habitan Camboya y entender el contexto social en el que se encuentran.<\/p>\n<p>Su idea es ir rodando en bicicleta por el pa\u00eds alrededor del lago Tonl\u00e9 Sap. Saldr\u00e1n de Nom Pen hasta Battambang para luego dirigirse hacia los templos de Angkor. <strong>La idea es, por el camino, visitar las escuelas de\u201cObrum\u201d, \u201cSt. Xavier\u201d y \u201cJesuit Service\u201d. <\/strong>Tambi\u00e9n visitar\u00e1n una f\u00e1brica de sillas de ruedas y una f\u00e1brica textil que da trabajo a decenas de personas con diferentes tipos de discapacidades.<\/p>\n<p>El objetivo del viaje consiste en acercarse desde la sencillez a la cultura camboyana, encontrarse con ella y visibilizar algunas de las iniciativas que a d\u00eda de hoy tratan de construir un futuro m\u00e1s amable, digno y sostenible. Para dar cuenta de la experiencia:<\/p>\n<p>Visibilizar\u00e1n el viaje a trav\u00e9s de las redes sociales de Entreculturas (<a href=\"https:\/\/www.facebook.com\/entreculturas\/\" target=\"_blank\" rel=\"noopener\">Facebook<\/a>, <a href=\"https:\/\/twitter.com\/Entreculturas\" target=\"_blank\" rel=\"noopener\">Twitter<\/a>, <a href=\"https:\/\/www.instagram.com\/entreculturas\/\" target=\"_blank\" rel=\"noopener\">Instagram<\/a>), de SAUCE (<a href=\"https:\/\/www.instagram.com\/sauce_ong\/\" target=\"_blank\" rel=\"noopener\">Instagram <\/a>y <a href=\"https:\/\/www.facebook.com\/SAUCE-ONG-Official-Site-156491774409660\/\" target=\"_blank\" rel=\"noopener\">Facebook<\/a>) y de David Sainz (<a href=\"https:\/\/Instagram\" target=\"_blank\" rel=\"noopener\">Instagram<\/a>,<a href=\"https:\/\/Facebook\" target=\"_blank\" rel=\"noopener\"> Facebook<\/a>), utilizando el hashtag: #M\u00e1sCoraz\u00f3nCamboya.<\/p>\n","protected":false},"excerpt":{"rendered":"<p>Esta ma\u00f1ana las ONG Entreculturas y SAUCE han presentado en rueda de prensa la iniciativa \u201cM\u00e1s Coraz\u00f3n en las heridas del mundo\u201d, un viaje en bicicleta que dos profesores &#8211; David Saiz y Marit\u00e9 S\u00e1nchez- realizar\u00e1n a partir de las semana que viene por Camboya, visitando los proyectos educativos de ambas organizaciones en el pa\u00eds. El Vicepresidente Ejecutivo de Entreculturas, Daniel VIllanueva, ha abierto la rueda de prensa recordando que &#8220;la reconstrucci\u00f3n del sistema educativo es una de las prioridades de Camboya y el punto de uni\u00f3n entre Entreculturas, SAUCE y David y Marit\u00e9\u201d. &#8220;Camboya es un pa\u00eds con gran coraz\u00f3n que tiene muchas heridas que quiere cicatrizar\u201d, ha a\u00f1adido Juan de la Mora, miembro de la Junta de SAUCE. \u201cEl 50% de la poblaci\u00f3n tiene menos de 18 a\u00f1os: es un pa\u00eds muy joven con un gran futuro por delante. Queremos construir m\u00e1s colegios y formar a\u00a0 m\u00e1s docentes&#8221;. [&hellip;]<\/p>\n","protected":false},"featured_media":3475,"template":"single-noticia","meta":{"_acf_changed":false},"categories":[7],"tags":[289],"country":[],"cause":[128],"class_list":["post-3477","noticia","type-noticia","status-publish","has-post-thumbnail","hentry","category-noticia","tag-educacion","cause-educacion"],"acf":[],"yoast_head":"<!-- This site is optimized with the Yoast SEO Premium plugin v21.6 (Yoast SEO v27.5) - https:\/\/yoast.com\/product\/yoast-seo-premium-wordpress\/ -->\n<title>David y Marit\u00e9 recorrer\u00e1n 800 kil\u00f3metros en bicicleta por Camboya para apoyar a 1.660 estudiantes de 17 escuelas - Entreculturas<\/title>\n<meta name=\"robots\" content=\"index, follow, max-snippet:-1, max-image-preview:large, max-video-preview:-1\" \/>\n<link rel=\"canonical\" href=\"https:\/\/www.entreculturas.org\/gl\/noticia\/david-y-marite-recorreran-800-kilometros-en-bicicleta-por-camboya-para-apoyar-1660\/\" \/>\n<meta property=\"og:locale\" content=\"gl_ES\" \/>\n<meta property=\"og:type\" content=\"article\" \/>\n<meta property=\"og:title\" content=\"David y Marit\u00e9 recorrer\u00e1n 800 kil\u00f3metros en bicicleta por Camboya para apoyar a 1.660 estudiantes de 17 escuelas\" \/>\n<meta property=\"og:description\" content=\"Esta ma\u00f1ana las ONG Entreculturas y SAUCE han presentado en rueda de prensa la iniciativa \u201cM\u00e1s Coraz\u00f3n en las heridas del mundo\u201d, un viaje en bicicleta que dos profesores &#8211; David Saiz y Marit\u00e9 S\u00e1nchez- realizar\u00e1n a partir de las semana que viene por Camboya, visitando los proyectos educativos de ambas organizaciones en el pa\u00eds. El Vicepresidente Ejecutivo de Entreculturas, Daniel VIllanueva, ha abierto la rueda de prensa recordando que &#8220;la reconstrucci\u00f3n del sistema educativo es una de las prioridades de Camboya y el punto de uni\u00f3n entre Entreculturas, SAUCE y David y Marit\u00e9\u201d. &#8220;Camboya es un pa\u00eds con gran coraz\u00f3n que tiene muchas heridas que quiere cicatrizar\u201d, ha a\u00f1adido Juan de la Mora, miembro de la Junta de SAUCE. \u201cEl 50% de la poblaci\u00f3n tiene menos de 18 a\u00f1os: es un pa\u00eds muy joven con un gran futuro por delante. Queremos construir m\u00e1s colegios y formar a\u00a0 m\u00e1s docentes&#8221;. [&hellip;]\" \/>\n<meta property=\"og:url\" content=\"https:\/\/www.entreculturas.org\/gl\/noticia\/david-y-marite-recorreran-800-kilometros-en-bicicleta-por-camboya-para-apoyar-1660\/\" \/>\n<meta property=\"og:site_name\" content=\"Entreculturas\" \/>\n<meta property=\"article:publisher\" content=\"https:\/\/www.facebook.com\/entreculturas\" \/>\n<meta property=\"article:modified_time\" content=\"2024-07-08T11:59:23+00:00\" \/>\n<meta property=\"og:image\" content=\"https:\/\/www.entreculturas.org\/wp-content\/uploads\/2019\/08\/fotoparanoticiaok.jpg\" \/>\n\t<meta property=\"og:image:width\" content=\"800\" \/>\n\t<meta property=\"og:image:height\" content=\"596\" \/>\n\t<meta property=\"og:image:type\" content=\"image\/jpeg\" \/>\n<meta name=\"twitter:card\" content=\"summary_large_image\" \/>\n<meta name=\"twitter:site\" content=\"@Entreculturas\" \/>\n<script type=\"application\/ld+json\" class=\"yoast-schema-graph\">{\"@context\":\"https:\\\/\\\/schema.org\",\"@graph\":[{\"@type\":\"WebPage\",\"@id\":\"https:\\\/\\\/www.entreculturas.org\\\/gl\\\/noticia\\\/david-y-marite-recorreran-800-kilometros-en-bicicleta-por-camboya-para-apoyar-1660\\\/\",\"url\":\"https:\\\/\\\/www.entreculturas.org\\\/gl\\\/noticia\\\/david-y-marite-recorreran-800-kilometros-en-bicicleta-por-camboya-para-apoyar-1660\\\/\",\"name\":\"David y Marit\u00e9 recorrer\u00e1n 800 kil\u00f3metros en bicicleta por Camboya para apoyar a 1.660 estudiantes de 17 escuelas - Entreculturas\",\"isPartOf\":{\"@id\":\"https:\\\/\\\/www.entreculturas.org\\\/gl\\\/#website\"},\"primaryImageOfPage\":{\"@id\":\"https:\\\/\\\/www.entreculturas.org\\\/gl\\\/noticia\\\/david-y-marite-recorreran-800-kilometros-en-bicicleta-por-camboya-para-apoyar-1660\\\/#primaryimage\"},\"image\":{\"@id\":\"https:\\\/\\\/www.entreculturas.org\\\/gl\\\/noticia\\\/david-y-marite-recorreran-800-kilometros-en-bicicleta-por-camboya-para-apoyar-1660\\\/#primaryimage\"},\"thumbnailUrl\":\"https:\\\/\\\/www.entreculturas.org\\\/wp-content\\\/uploads\\\/2019\\\/08\\\/fotoparanoticiaok.jpg\",\"datePublished\":\"2019-08-26T07:45:26+00:00\",\"dateModified\":\"2024-07-08T11:59:23+00:00\",\"breadcrumb\":{\"@id\":\"https:\\\/\\\/www.entreculturas.org\\\/gl\\\/noticia\\\/david-y-marite-recorreran-800-kilometros-en-bicicleta-por-camboya-para-apoyar-1660\\\/#breadcrumb\"},\"inLanguage\":\"gl-ES\",\"potentialAction\":[{\"@type\":\"ReadAction\",\"target\":[\"https:\\\/\\\/www.entreculturas.org\\\/gl\\\/noticia\\\/david-y-marite-recorreran-800-kilometros-en-bicicleta-por-camboya-para-apoyar-1660\\\/\"]}]},{\"@type\":\"ImageObject\",\"inLanguage\":\"gl-ES\",\"@id\":\"https:\\\/\\\/www.entreculturas.org\\\/gl\\\/noticia\\\/david-y-marite-recorreran-800-kilometros-en-bicicleta-por-camboya-para-apoyar-1660\\\/#primaryimage\",\"url\":\"https:\\\/\\\/www.entreculturas.org\\\/wp-content\\\/uploads\\\/2019\\\/08\\\/fotoparanoticiaok.jpg\",\"contentUrl\":\"https:\\\/\\\/www.entreculturas.org\\\/wp-content\\\/uploads\\\/2019\\\/08\\\/fotoparanoticiaok.jpg\",\"width\":800,\"height\":596},{\"@type\":\"BreadcrumbList\",\"@id\":\"https:\\\/\\\/www.entreculturas.org\\\/gl\\\/noticia\\\/david-y-marite-recorreran-800-kilometros-en-bicicleta-por-camboya-para-apoyar-1660\\\/#breadcrumb\",\"itemListElement\":[{\"@type\":\"ListItem\",\"position\":1,\"name\":\"Home\",\"item\":\"https:\\\/\\\/www.entreculturas.org\\\/gl\\\/\"},{\"@type\":\"ListItem\",\"position\":2,\"name\":\"Noticias\",\"item\":\"https:\\\/\\\/www.entreculturas.org\\\/gl\\\/noticias\\\/\"},{\"@type\":\"ListItem\",\"position\":3,\"name\":\"David y Marit\u00e9 recorrer\u00e1n 800 kil\u00f3metros en bicicleta por Camboya para apoyar a 1.660 estudiantes de 17 escuelas\"}]},{\"@type\":\"WebSite\",\"@id\":\"https:\\\/\\\/www.entreculturas.org\\\/gl\\\/#website\",\"url\":\"https:\\\/\\\/www.entreculturas.org\\\/gl\\\/\",\"name\":\"Entreculturas\",\"description\":\"\",\"publisher\":{\"@id\":\"https:\\\/\\\/www.entreculturas.org\\\/gl\\\/#organization\"},\"alternateName\":\"Entreculturas\",\"potentialAction\":[{\"@type\":\"SearchAction\",\"target\":{\"@type\":\"EntryPoint\",\"urlTemplate\":\"https:\\\/\\\/www.entreculturas.org\\\/gl\\\/?s={search_term_string}\"},\"query-input\":{\"@type\":\"PropertyValueSpecification\",\"valueRequired\":true,\"valueName\":\"search_term_string\"}}],\"inLanguage\":\"gl-ES\"},{\"@type\":\"Organization\",\"@id\":\"https:\\\/\\\/www.entreculturas.org\\\/gl\\\/#organization\",\"name\":\"Entreculturas\",\"url\":\"https:\\\/\\\/www.entreculturas.org\\\/gl\\\/\",\"logo\":{\"@type\":\"ImageObject\",\"inLanguage\":\"gl-ES\",\"@id\":\"https:\\\/\\\/www.entreculturas.org\\\/gl\\\/#\\\/schema\\\/logo\\\/image\\\/\",\"url\":\"https:\\\/\\\/www.entreculturas.org\\\/wp-content\\\/uploads\\\/2025\\\/10\\\/ESP.svg\",\"contentUrl\":\"https:\\\/\\\/www.entreculturas.org\\\/wp-content\\\/uploads\\\/2025\\\/10\\\/ESP.svg\",\"caption\":\"Entreculturas\"},\"image\":{\"@id\":\"https:\\\/\\\/www.entreculturas.org\\\/gl\\\/#\\\/schema\\\/logo\\\/image\\\/\"},\"sameAs\":[\"https:\\\/\\\/www.facebook.com\\\/entreculturas\",\"https:\\\/\\\/x.com\\\/Entreculturas\",\"https:\\\/\\\/www.instagram.com\\\/entreculturas\\\/\",\"https:\\\/\\\/www.youtube.com\\\/user\\\/entreculturasvideo\",\"https:\\\/\\\/www.linkedin.com\\\/company\\\/fundacion-entreculturas-ngdo\\\/\",\"https:\\\/\\\/www.flickr.com\\\/photos\\\/98455522@N04\\\/albums\\\/\"]}]}<\/script>\n<!-- \/ Yoast SEO Premium plugin. -->","yoast_head_json":{"title":"David y Marit\u00e9 recorrer\u00e1n 800 kil\u00f3metros en bicicleta por Camboya para apoyar a 1.660 estudiantes de 17 escuelas - Entreculturas","robots":{"index":"index","follow":"follow","max-snippet":"max-snippet:-1","max-image-preview":"max-image-preview:large","max-video-preview":"max-video-preview:-1"},"canonical":"https:\/\/www.entreculturas.org\/gl\/noticia\/david-y-marite-recorreran-800-kilometros-en-bicicleta-por-camboya-para-apoyar-1660\/","og_locale":"gl_ES","og_type":"article","og_title":"David y Marit\u00e9 recorrer\u00e1n 800 kil\u00f3metros en bicicleta por Camboya para apoyar a 1.660 estudiantes de 17 escuelas","og_description":"Esta ma\u00f1ana las ONG Entreculturas y SAUCE han presentado en rueda de prensa la iniciativa \u201cM\u00e1s Coraz\u00f3n en las heridas del mundo\u201d, un viaje en bicicleta que dos profesores &#8211; David Saiz y Marit\u00e9 S\u00e1nchez- realizar\u00e1n a partir de las semana que viene por Camboya, visitando los proyectos educativos de ambas organizaciones en el pa\u00eds. El Vicepresidente Ejecutivo de Entreculturas, Daniel VIllanueva, ha abierto la rueda de prensa recordando que &#8220;la reconstrucci\u00f3n del sistema educativo es una de las prioridades de Camboya y el punto de uni\u00f3n entre Entreculturas, SAUCE y David y Marit\u00e9\u201d. &#8220;Camboya es un pa\u00eds con gran coraz\u00f3n que tiene muchas heridas que quiere cicatrizar\u201d, ha a\u00f1adido Juan de la Mora, miembro de la Junta de SAUCE. \u201cEl 50% de la poblaci\u00f3n tiene menos de 18 a\u00f1os: es un pa\u00eds muy joven con un gran futuro por delante. Queremos construir m\u00e1s colegios y formar a\u00a0 m\u00e1s docentes&#8221;. [&hellip;]","og_url":"https:\/\/www.entreculturas.org\/gl\/noticia\/david-y-marite-recorreran-800-kilometros-en-bicicleta-por-camboya-para-apoyar-1660\/","og_site_name":"Entreculturas","article_publisher":"https:\/\/www.facebook.com\/entreculturas","article_modified_time":"2024-07-08T11:59:23+00:00","og_image":[{"width":800,"height":596,"url":"https:\/\/www.entreculturas.org\/wp-content\/uploads\/2019\/08\/fotoparanoticiaok.jpg","type":"image\/jpeg"}],"twitter_card":"summary_large_image","twitter_site":"@Entreculturas","schema":{"@context":"https:\/\/schema.org","@graph":[{"@type":"WebPage","@id":"https:\/\/www.entreculturas.org\/gl\/noticia\/david-y-marite-recorreran-800-kilometros-en-bicicleta-por-camboya-para-apoyar-1660\/","url":"https:\/\/www.entreculturas.org\/gl\/noticia\/david-y-marite-recorreran-800-kilometros-en-bicicleta-por-camboya-para-apoyar-1660\/","name":"David y Marit\u00e9 recorrer\u00e1n 800 kil\u00f3metros en bicicleta por Camboya para apoyar a 1.660 estudiantes de 17 escuelas - Entreculturas","isPartOf":{"@id":"https:\/\/www.entreculturas.org\/gl\/#website"},"primaryImageOfPage":{"@id":"https:\/\/www.entreculturas.org\/gl\/noticia\/david-y-marite-recorreran-800-kilometros-en-bicicleta-por-camboya-para-apoyar-1660\/#primaryimage"},"image":{"@id":"https:\/\/www.entreculturas.org\/gl\/noticia\/david-y-marite-recorreran-800-kilometros-en-bicicleta-por-camboya-para-apoyar-1660\/#primaryimage"},"thumbnailUrl":"https:\/\/www.entreculturas.org\/wp-content\/uploads\/2019\/08\/fotoparanoticiaok.jpg","datePublished":"2019-08-26T07:45:26+00:00","dateModified":"2024-07-08T11:59:23+00:00","breadcrumb":{"@id":"https:\/\/www.entreculturas.org\/gl\/noticia\/david-y-marite-recorreran-800-kilometros-en-bicicleta-por-camboya-para-apoyar-1660\/#breadcrumb"},"inLanguage":"gl-ES","potentialAction":[{"@type":"ReadAction","target":["https:\/\/www.entreculturas.org\/gl\/noticia\/david-y-marite-recorreran-800-kilometros-en-bicicleta-por-camboya-para-apoyar-1660\/"]}]},{"@type":"ImageObject","inLanguage":"gl-ES","@id":"https:\/\/www.entreculturas.org\/gl\/noticia\/david-y-marite-recorreran-800-kilometros-en-bicicleta-por-camboya-para-apoyar-1660\/#primaryimage","url":"https:\/\/www.entreculturas.org\/wp-content\/uploads\/2019\/08\/fotoparanoticiaok.jpg","contentUrl":"https:\/\/www.entreculturas.org\/wp-content\/uploads\/2019\/08\/fotoparanoticiaok.jpg","width":800,"height":596},{"@type":"BreadcrumbList","@id":"https:\/\/www.entreculturas.org\/gl\/noticia\/david-y-marite-recorreran-800-kilometros-en-bicicleta-por-camboya-para-apoyar-1660\/#breadcrumb","itemListElement":[{"@type":"ListItem","position":1,"name":"Home","item":"https:\/\/www.entreculturas.org\/gl\/"},{"@type":"ListItem","position":2,"name":"Noticias","item":"https:\/\/www.entreculturas.org\/gl\/noticias\/"},{"@type":"ListItem","position":3,"name":"David y Marit\u00e9 recorrer\u00e1n 800 kil\u00f3metros en bicicleta por Camboya para apoyar a 1.660 estudiantes de 17 escuelas"}]},{"@type":"WebSite","@id":"https:\/\/www.entreculturas.org\/gl\/#website","url":"https:\/\/www.entreculturas.org\/gl\/","name":"Entreculturas","description":"","publisher":{"@id":"https:\/\/www.entreculturas.org\/gl\/#organization"},"alternateName":"Entreculturas","potentialAction":[{"@type":"SearchAction","target":{"@type":"EntryPoint","urlTemplate":"https:\/\/www.entreculturas.org\/gl\/?s={search_term_string}"},"query-input":{"@type":"PropertyValueSpecification","valueRequired":true,"valueName":"search_term_string"}}],"inLanguage":"gl-ES"},{"@type":"Organization","@id":"https:\/\/www.entreculturas.org\/gl\/#organization","name":"Entreculturas","url":"https:\/\/www.entreculturas.org\/gl\/","logo":{"@type":"ImageObject","inLanguage":"gl-ES","@id":"https:\/\/www.entreculturas.org\/gl\/#\/schema\/logo\/image\/","url":"https:\/\/www.entreculturas.org\/wp-content\/uploads\/2025\/10\/ESP.svg","contentUrl":"https:\/\/www.entreculturas.org\/wp-content\/uploads\/2025\/10\/ESP.svg","caption":"Entreculturas"},"image":{"@id":"https:\/\/www.entreculturas.org\/gl\/#\/schema\/logo\/image\/"},"sameAs":["https:\/\/www.facebook.com\/entreculturas","https:\/\/x.com\/Entreculturas","https:\/\/www.instagram.com\/entreculturas\/","https:\/\/www.youtube.com\/user\/entreculturasvideo","https:\/\/www.linkedin.com\/company\/fundacion-entreculturas-ngdo\/","https:\/\/www.flickr.com\/photos\/98455522@N04\/albums\/"]}]}},"_links":{"self":[{"href":"https:\/\/www.entreculturas.org\/gl\/wp-json\/wp\/v2\/noticia\/3477","targetHints":{"allow":["GET"]}}],"collection":[{"href":"https:\/\/www.entreculturas.org\/gl\/wp-json\/wp\/v2\/noticia"}],"about":[{"href":"https:\/\/www.entreculturas.org\/gl\/wp-json\/wp\/v2\/types\/noticia"}],"wp:featuredmedia":[{"embeddable":true,"href":"https:\/\/www.entreculturas.org\/gl\/wp-json\/wp\/v2\/media\/3475"}],"wp:attachment":[{"href":"https:\/\/www.entreculturas.org\/gl\/wp-json\/wp\/v2\/media?parent=3477"}],"wp:term":[{"taxonomy":"category","embeddable":true,"href":"https:\/\/www.entreculturas.org\/gl\/wp-json\/wp\/v2\/categories?post=3477"},{"taxonomy":"post_tag","embeddable":true,"href":"https:\/\/www.entreculturas.org\/gl\/wp-json\/wp\/v2\/tags?post=3477"},{"taxonomy":"country","embeddable":true,"href":"https:\/\/www.entreculturas.org\/gl\/wp-json\/wp\/v2\/country?post=3477"},{"taxonomy":"cause","embeddable":true,"href":"https:\/\/www.entreculturas.org\/gl\/wp-json\/wp\/v2\/cause?post=3477"}],"curies":[{"name":"wp","href":"https:\/\/api.w.org\/{rel}","templated":true}]}}