{"id":3412,"date":"2019-08-23T10:46:48","date_gmt":"2019-08-23T10:46:48","guid":{"rendered":"https:\/\/entreculturasi.wpenginepowered.com\/?noticias=charlas-y-talleres-sobre-la-industria-textil-para-tejer-futuro-en-bolivia"},"modified":"2024-03-20T10:53:30","modified_gmt":"2024-03-20T09:53:30","slug":"charlas-y-talleres-sobre-la-industria-textil-para-tejer-futuro-en-bolivia","status":"publish","type":"noticia","link":"https:\/\/www.entreculturas.org\/gl\/noticia\/charlas-y-talleres-sobre-la-industria-textil-para-tejer-futuro-en-bolivia\/","title":{"rendered":"Charlas y talleres sobre la industria textil para tejer futuro en Bolivia"},"content":{"rendered":"<\/p>\n<p>\u2018Tejiendo Futuros\u2019, es el nombre de la iniciativa de la empresa Sedatex, mediante la cual ha puesto en marcha proyectos de formaci\u00f3n t\u00e9cnica relacionados con el sector textil dirigidos a apoyar a j\u00f3venes en situaci\u00f3n de riesgo y pobreza en Per\u00fa y Bolivia. De este modo, aparte de financiamiento, Sedatex aporta adem\u00e1s sus recursos y el conocimiento de sus profesionales al proyecto.<\/p>\n<p>Desde el 24 de junio y hasta el 28, un equipo conformado por 3 profesionales de la empresa textil Sedatex ha viajado a&nbsp; Cochabamba (Bolivia) para ofrecer varias charlas y talleres sobre distintos aspectos de la industria textil dirigidos tanto a alumnado como profesorado.<\/p>\n<p>El equipo formador, compuesto por Estel Cardus, Dolores P\u00e9rez y Jordi Feliu, han desarrollado formaciones sobre el funcionamiento de la empresa; ha puesto en marcha talleres sobre dise\u00f1o de telas y creatividad en moda; y han abordado estrategias de marketing y formaci\u00f3n sobre c\u00f3mo opera la industria textil.<\/p>\n<p>Para la realizaci\u00f3n de los talleres, la empresa aport\u00f3 las telas que produce y los vestidos para que docentes y estudiantes aplicasen los aprendizajes sobre creatividad. As\u00ed, tanto docentes como alumnado trabajaron las modificaciones de los vestidos y presentaron sus trabajos.<\/p>\n<p><img decoding=\"async\" alt=\"\" height=\"533\" src=\"https:\/\/www.entreculturas.org\/wp-content\/uploads\/2019\/08\/sedatex2.jpg\" width=\"800\"><\/p>\n<p>Adem\u00e1s de conocer el centro que apoya Sedatex, Virgen del Rosario, en Punata, el equipo ha visitado otros proyectos de formaci\u00f3n t\u00e9cnica que Entreculturas y Fe y Alegr\u00eda Bolivia est\u00e1n apoyando: Padre Berta, Papa Juan, Ciudad de los Ni\u00f1os y el ITP.<\/p>\n<p>Adela Colque, l\u00edder la iniciativa federativa de Formaci\u00f3n para el Trabajo; Emilio Arce, responsable de Formaci\u00f3n para el Trabajo en Cochabamba, y Silvia Loro, responsables de RSC de Entreculturas, han acompa\u00f1ado al equipo en este viaje.<\/p>\n","protected":false},"excerpt":{"rendered":"<p>\u2018Tejiendo Futuros\u2019, es el nombre de la iniciativa de la empresa Sedatex, mediante la cual ha puesto en marcha proyectos de formaci\u00f3n t\u00e9cnica relacionados con el sector textil dirigidos a apoyar a j\u00f3venes en situaci\u00f3n de riesgo y pobreza en Per\u00fa y Bolivia. Durante la semana pasada equipo ha viajado a  Cochabamba (Bolivia) para ofrecer varias charlas y talleres sobre la industria textil.<\/p>\n","protected":false},"featured_media":3415,"template":"single-noticia","meta":{"_acf_changed":false},"categories":[7],"tags":[289],"country":[116,123],"cause":[128],"class_list":["post-3412","noticia","type-noticia","status-publish","has-post-thumbnail","hentry","category-noticia","tag-educacion","country-bolivia","country-peru","cause-educacion"],"acf":[],"yoast_head":"<!-- This site is optimized with the Yoast SEO Premium plugin v21.6 (Yoast SEO v27.5) - https:\/\/yoast.com\/product\/yoast-seo-premium-wordpress\/ -->\n<title>Charlas y talleres sobre la industria textil para tejer futuro en Bolivia - Entreculturas<\/title>\n<meta name=\"robots\" content=\"index, follow, max-snippet:-1, max-image-preview:large, max-video-preview:-1\" \/>\n<link rel=\"canonical\" href=\"https:\/\/www.entreculturas.org\/gl\/noticia\/charlas-y-talleres-sobre-la-industria-textil-para-tejer-futuro-en-bolivia\/\" \/>\n<meta property=\"og:locale\" content=\"gl_ES\" \/>\n<meta property=\"og:type\" content=\"article\" \/>\n<meta property=\"og:title\" content=\"Charlas y talleres sobre la industria textil para tejer futuro en Bolivia\" \/>\n<meta property=\"og:description\" content=\"\u2018Tejiendo Futuros\u2019, es el nombre de la iniciativa de la empresa Sedatex, mediante la cual ha puesto en marcha proyectos de formaci\u00f3n t\u00e9cnica relacionados con el sector textil dirigidos a apoyar a j\u00f3venes en situaci\u00f3n de riesgo y pobreza en Per\u00fa y Bolivia. Durante la semana pasada equipo ha viajado a Cochabamba (Bolivia) para ofrecer varias charlas y talleres sobre la industria textil.\" \/>\n<meta property=\"og:url\" content=\"https:\/\/www.entreculturas.org\/gl\/noticia\/charlas-y-talleres-sobre-la-industria-textil-para-tejer-futuro-en-bolivia\/\" \/>\n<meta property=\"og:site_name\" content=\"Entreculturas\" \/>\n<meta property=\"article:publisher\" content=\"https:\/\/www.facebook.com\/entreculturas\" \/>\n<meta property=\"article:modified_time\" content=\"2024-03-20T09:53:30+00:00\" \/>\n<meta property=\"og:image\" content=\"https:\/\/www.entreculturas.org\/wp-content\/uploads\/2019\/08\/sedatex1.jpg\" \/>\n\t<meta property=\"og:image:width\" content=\"800\" \/>\n\t<meta property=\"og:image:height\" content=\"533\" \/>\n\t<meta property=\"og:image:type\" content=\"image\/jpeg\" \/>\n<meta name=\"twitter:card\" content=\"summary_large_image\" \/>\n<meta name=\"twitter:site\" content=\"@Entreculturas\" \/>\n<script type=\"application\/ld+json\" class=\"yoast-schema-graph\">{\"@context\":\"https:\\\/\\\/schema.org\",\"@graph\":[{\"@type\":\"WebPage\",\"@id\":\"https:\\\/\\\/www.entreculturas.org\\\/gl\\\/noticia\\\/charlas-y-talleres-sobre-la-industria-textil-para-tejer-futuro-en-bolivia\\\/\",\"url\":\"https:\\\/\\\/www.entreculturas.org\\\/gl\\\/noticia\\\/charlas-y-talleres-sobre-la-industria-textil-para-tejer-futuro-en-bolivia\\\/\",\"name\":\"Charlas y talleres sobre la industria textil para tejer futuro en Bolivia - Entreculturas\",\"isPartOf\":{\"@id\":\"https:\\\/\\\/www.entreculturas.org\\\/gl\\\/#website\"},\"primaryImageOfPage\":{\"@id\":\"https:\\\/\\\/www.entreculturas.org\\\/gl\\\/noticia\\\/charlas-y-talleres-sobre-la-industria-textil-para-tejer-futuro-en-bolivia\\\/#primaryimage\"},\"image\":{\"@id\":\"https:\\\/\\\/www.entreculturas.org\\\/gl\\\/noticia\\\/charlas-y-talleres-sobre-la-industria-textil-para-tejer-futuro-en-bolivia\\\/#primaryimage\"},\"thumbnailUrl\":\"https:\\\/\\\/www.entreculturas.org\\\/wp-content\\\/uploads\\\/2019\\\/08\\\/sedatex1.jpg\",\"datePublished\":\"2019-08-23T10:46:48+00:00\",\"dateModified\":\"2024-03-20T09:53:30+00:00\",\"breadcrumb\":{\"@id\":\"https:\\\/\\\/www.entreculturas.org\\\/gl\\\/noticia\\\/charlas-y-talleres-sobre-la-industria-textil-para-tejer-futuro-en-bolivia\\\/#breadcrumb\"},\"inLanguage\":\"gl-ES\",\"potentialAction\":[{\"@type\":\"ReadAction\",\"target\":[\"https:\\\/\\\/www.entreculturas.org\\\/gl\\\/noticia\\\/charlas-y-talleres-sobre-la-industria-textil-para-tejer-futuro-en-bolivia\\\/\"]}]},{\"@type\":\"ImageObject\",\"inLanguage\":\"gl-ES\",\"@id\":\"https:\\\/\\\/www.entreculturas.org\\\/gl\\\/noticia\\\/charlas-y-talleres-sobre-la-industria-textil-para-tejer-futuro-en-bolivia\\\/#primaryimage\",\"url\":\"https:\\\/\\\/www.entreculturas.org\\\/wp-content\\\/uploads\\\/2019\\\/08\\\/sedatex1.jpg\",\"contentUrl\":\"https:\\\/\\\/www.entreculturas.org\\\/wp-content\\\/uploads\\\/2019\\\/08\\\/sedatex1.jpg\",\"width\":800,\"height\":533,\"caption\":\"sedatex1\"},{\"@type\":\"BreadcrumbList\",\"@id\":\"https:\\\/\\\/www.entreculturas.org\\\/gl\\\/noticia\\\/charlas-y-talleres-sobre-la-industria-textil-para-tejer-futuro-en-bolivia\\\/#breadcrumb\",\"itemListElement\":[{\"@type\":\"ListItem\",\"position\":1,\"name\":\"Home\",\"item\":\"https:\\\/\\\/www.entreculturas.org\\\/gl\\\/\"},{\"@type\":\"ListItem\",\"position\":2,\"name\":\"Noticias\",\"item\":\"https:\\\/\\\/www.entreculturas.org\\\/gl\\\/noticias\\\/\"},{\"@type\":\"ListItem\",\"position\":3,\"name\":\"Charlas y talleres sobre la industria textil para tejer futuro en Bolivia\"}]},{\"@type\":\"WebSite\",\"@id\":\"https:\\\/\\\/www.entreculturas.org\\\/gl\\\/#website\",\"url\":\"https:\\\/\\\/www.entreculturas.org\\\/gl\\\/\",\"name\":\"Entreculturas\",\"description\":\"\",\"publisher\":{\"@id\":\"https:\\\/\\\/www.entreculturas.org\\\/gl\\\/#organization\"},\"alternateName\":\"Entreculturas\",\"potentialAction\":[{\"@type\":\"SearchAction\",\"target\":{\"@type\":\"EntryPoint\",\"urlTemplate\":\"https:\\\/\\\/www.entreculturas.org\\\/gl\\\/?s={search_term_string}\"},\"query-input\":{\"@type\":\"PropertyValueSpecification\",\"valueRequired\":true,\"valueName\":\"search_term_string\"}}],\"inLanguage\":\"gl-ES\"},{\"@type\":\"Organization\",\"@id\":\"https:\\\/\\\/www.entreculturas.org\\\/gl\\\/#organization\",\"name\":\"Entreculturas\",\"url\":\"https:\\\/\\\/www.entreculturas.org\\\/gl\\\/\",\"logo\":{\"@type\":\"ImageObject\",\"inLanguage\":\"gl-ES\",\"@id\":\"https:\\\/\\\/www.entreculturas.org\\\/gl\\\/#\\\/schema\\\/logo\\\/image\\\/\",\"url\":\"https:\\\/\\\/www.entreculturas.org\\\/wp-content\\\/uploads\\\/2025\\\/10\\\/ESP.svg\",\"contentUrl\":\"https:\\\/\\\/www.entreculturas.org\\\/wp-content\\\/uploads\\\/2025\\\/10\\\/ESP.svg\",\"caption\":\"Entreculturas\"},\"image\":{\"@id\":\"https:\\\/\\\/www.entreculturas.org\\\/gl\\\/#\\\/schema\\\/logo\\\/image\\\/\"},\"sameAs\":[\"https:\\\/\\\/www.facebook.com\\\/entreculturas\",\"https:\\\/\\\/x.com\\\/Entreculturas\",\"https:\\\/\\\/www.instagram.com\\\/entreculturas\\\/\",\"https:\\\/\\\/www.youtube.com\\\/user\\\/entreculturasvideo\",\"https:\\\/\\\/www.linkedin.com\\\/company\\\/fundacion-entreculturas-ngdo\\\/\",\"https:\\\/\\\/www.flickr.com\\\/photos\\\/98455522@N04\\\/albums\\\/\"]}]}<\/script>\n<!-- \/ Yoast SEO Premium plugin. -->","yoast_head_json":{"title":"Charlas y talleres sobre la industria textil para tejer futuro en Bolivia - Entreculturas","robots":{"index":"index","follow":"follow","max-snippet":"max-snippet:-1","max-image-preview":"max-image-preview:large","max-video-preview":"max-video-preview:-1"},"canonical":"https:\/\/www.entreculturas.org\/gl\/noticia\/charlas-y-talleres-sobre-la-industria-textil-para-tejer-futuro-en-bolivia\/","og_locale":"gl_ES","og_type":"article","og_title":"Charlas y talleres sobre la industria textil para tejer futuro en Bolivia","og_description":"\u2018Tejiendo Futuros\u2019, es el nombre de la iniciativa de la empresa Sedatex, mediante la cual ha puesto en marcha proyectos de formaci\u00f3n t\u00e9cnica relacionados con el sector textil dirigidos a apoyar a j\u00f3venes en situaci\u00f3n de riesgo y pobreza en Per\u00fa y Bolivia. Durante la semana pasada equipo ha viajado a Cochabamba (Bolivia) para ofrecer varias charlas y talleres sobre la industria textil.","og_url":"https:\/\/www.entreculturas.org\/gl\/noticia\/charlas-y-talleres-sobre-la-industria-textil-para-tejer-futuro-en-bolivia\/","og_site_name":"Entreculturas","article_publisher":"https:\/\/www.facebook.com\/entreculturas","article_modified_time":"2024-03-20T09:53:30+00:00","og_image":[{"width":800,"height":533,"url":"https:\/\/www.entreculturas.org\/wp-content\/uploads\/2019\/08\/sedatex1.jpg","type":"image\/jpeg"}],"twitter_card":"summary_large_image","twitter_site":"@Entreculturas","schema":{"@context":"https:\/\/schema.org","@graph":[{"@type":"WebPage","@id":"https:\/\/www.entreculturas.org\/gl\/noticia\/charlas-y-talleres-sobre-la-industria-textil-para-tejer-futuro-en-bolivia\/","url":"https:\/\/www.entreculturas.org\/gl\/noticia\/charlas-y-talleres-sobre-la-industria-textil-para-tejer-futuro-en-bolivia\/","name":"Charlas y talleres sobre la industria textil para tejer futuro en Bolivia - Entreculturas","isPartOf":{"@id":"https:\/\/www.entreculturas.org\/gl\/#website"},"primaryImageOfPage":{"@id":"https:\/\/www.entreculturas.org\/gl\/noticia\/charlas-y-talleres-sobre-la-industria-textil-para-tejer-futuro-en-bolivia\/#primaryimage"},"image":{"@id":"https:\/\/www.entreculturas.org\/gl\/noticia\/charlas-y-talleres-sobre-la-industria-textil-para-tejer-futuro-en-bolivia\/#primaryimage"},"thumbnailUrl":"https:\/\/www.entreculturas.org\/wp-content\/uploads\/2019\/08\/sedatex1.jpg","datePublished":"2019-08-23T10:46:48+00:00","dateModified":"2024-03-20T09:53:30+00:00","breadcrumb":{"@id":"https:\/\/www.entreculturas.org\/gl\/noticia\/charlas-y-talleres-sobre-la-industria-textil-para-tejer-futuro-en-bolivia\/#breadcrumb"},"inLanguage":"gl-ES","potentialAction":[{"@type":"ReadAction","target":["https:\/\/www.entreculturas.org\/gl\/noticia\/charlas-y-talleres-sobre-la-industria-textil-para-tejer-futuro-en-bolivia\/"]}]},{"@type":"ImageObject","inLanguage":"gl-ES","@id":"https:\/\/www.entreculturas.org\/gl\/noticia\/charlas-y-talleres-sobre-la-industria-textil-para-tejer-futuro-en-bolivia\/#primaryimage","url":"https:\/\/www.entreculturas.org\/wp-content\/uploads\/2019\/08\/sedatex1.jpg","contentUrl":"https:\/\/www.entreculturas.org\/wp-content\/uploads\/2019\/08\/sedatex1.jpg","width":800,"height":533,"caption":"sedatex1"},{"@type":"BreadcrumbList","@id":"https:\/\/www.entreculturas.org\/gl\/noticia\/charlas-y-talleres-sobre-la-industria-textil-para-tejer-futuro-en-bolivia\/#breadcrumb","itemListElement":[{"@type":"ListItem","position":1,"name":"Home","item":"https:\/\/www.entreculturas.org\/gl\/"},{"@type":"ListItem","position":2,"name":"Noticias","item":"https:\/\/www.entreculturas.org\/gl\/noticias\/"},{"@type":"ListItem","position":3,"name":"Charlas y talleres sobre la industria textil para tejer futuro en Bolivia"}]},{"@type":"WebSite","@id":"https:\/\/www.entreculturas.org\/gl\/#website","url":"https:\/\/www.entreculturas.org\/gl\/","name":"Entreculturas","description":"","publisher":{"@id":"https:\/\/www.entreculturas.org\/gl\/#organization"},"alternateName":"Entreculturas","potentialAction":[{"@type":"SearchAction","target":{"@type":"EntryPoint","urlTemplate":"https:\/\/www.entreculturas.org\/gl\/?s={search_term_string}"},"query-input":{"@type":"PropertyValueSpecification","valueRequired":true,"valueName":"search_term_string"}}],"inLanguage":"gl-ES"},{"@type":"Organization","@id":"https:\/\/www.entreculturas.org\/gl\/#organization","name":"Entreculturas","url":"https:\/\/www.entreculturas.org\/gl\/","logo":{"@type":"ImageObject","inLanguage":"gl-ES","@id":"https:\/\/www.entreculturas.org\/gl\/#\/schema\/logo\/image\/","url":"https:\/\/www.entreculturas.org\/wp-content\/uploads\/2025\/10\/ESP.svg","contentUrl":"https:\/\/www.entreculturas.org\/wp-content\/uploads\/2025\/10\/ESP.svg","caption":"Entreculturas"},"image":{"@id":"https:\/\/www.entreculturas.org\/gl\/#\/schema\/logo\/image\/"},"sameAs":["https:\/\/www.facebook.com\/entreculturas","https:\/\/x.com\/Entreculturas","https:\/\/www.instagram.com\/entreculturas\/","https:\/\/www.youtube.com\/user\/entreculturasvideo","https:\/\/www.linkedin.com\/company\/fundacion-entreculturas-ngdo\/","https:\/\/www.flickr.com\/photos\/98455522@N04\/albums\/"]}]}},"_links":{"self":[{"href":"https:\/\/www.entreculturas.org\/gl\/wp-json\/wp\/v2\/noticia\/3412","targetHints":{"allow":["GET"]}}],"collection":[{"href":"https:\/\/www.entreculturas.org\/gl\/wp-json\/wp\/v2\/noticia"}],"about":[{"href":"https:\/\/www.entreculturas.org\/gl\/wp-json\/wp\/v2\/types\/noticia"}],"wp:featuredmedia":[{"embeddable":true,"href":"https:\/\/www.entreculturas.org\/gl\/wp-json\/wp\/v2\/media\/3415"}],"wp:attachment":[{"href":"https:\/\/www.entreculturas.org\/gl\/wp-json\/wp\/v2\/media?parent=3412"}],"wp:term":[{"taxonomy":"category","embeddable":true,"href":"https:\/\/www.entreculturas.org\/gl\/wp-json\/wp\/v2\/categories?post=3412"},{"taxonomy":"post_tag","embeddable":true,"href":"https:\/\/www.entreculturas.org\/gl\/wp-json\/wp\/v2\/tags?post=3412"},{"taxonomy":"country","embeddable":true,"href":"https:\/\/www.entreculturas.org\/gl\/wp-json\/wp\/v2\/country?post=3412"},{"taxonomy":"cause","embeddable":true,"href":"https:\/\/www.entreculturas.org\/gl\/wp-json\/wp\/v2\/cause?post=3412"}],"curies":[{"name":"wp","href":"https:\/\/api.w.org\/{rel}","templated":true}]}}