{"id":3290,"date":"2019-08-22T09:56:02","date_gmt":"2019-08-22T09:56:02","guid":{"rendered":"https:\/\/entreculturasi.wpenginepowered.com\/?noticias=enlazate-por-la-justicia-denuncia-los-abusos-sociales-y-medioambientales-detras-de-nuestros"},"modified":"2024-03-20T10:57:29","modified_gmt":"2024-03-20T09:57:29","slug":"enlazate-por-la-justicia-denuncia-los-abusos-sociales-y-medioambientales-detras-de-nuestros","status":"publish","type":"noticia","link":"https:\/\/www.entreculturas.org\/gl\/noticia\/enlazate-por-la-justicia-denuncia-los-abusos-sociales-y-medioambientales-detras-de-nuestros\/","title":{"rendered":"\u00abEnl\u00e1zate por la Justicia\u00bb denuncia los abusos sociales y medioambientales detr\u00e1s de nuestros tel\u00e9fonos m\u00f3viles"},"content":{"rendered":"<p>\u00bfTe has preguntado alguna vez cu\u00e1l es la realidad que se esconde detr\u00e1s de un objeto de uso cotidiano como es tu smartphone? \u00bfSab\u00edas que producir un kilo de colt\u00e1n, un mineral indispensable para fabricar tel\u00e9fonos m\u00f3viles, le cuesta la vida a dos personas en la Rep\u00fablica Democr\u00e1tica del Congo?<\/p>\n<p>Denunciar los abusos sociales y medioambientales que se cometen tanto en el proceso de fabricaci\u00f3n como en el uso diario de nuestros m\u00f3viles es el objetivo que las entidades que impulsamos&nbsp;la campa\u00f1a \u201cSi Cuidas el Planeta, Combates la Pobreza\u201d y que promueven la iniciativa \u201cEnl\u00e1zate por la Justicia\u201d \u2013formada por C\u00e1ritas, CEDIS, CONFER, Justicia y Paz, Manos Unidas y REDES (Red de Entidades para el Desarrollo Solidario), de la que formamos parte\u2014 proponemos con motivo de la celebraci\u00f3n, el 5 de junio, del D\u00eda Mundial del Medio Ambiente.<\/p>\n<p>En la \u00faltima d\u00e9cada, los tel\u00e9fonos m\u00f3viles han pasado a dominar nuestra vida cotidiana. Su venta se ha incrementado exponencialmente en todo el mundo, sobre todo los denominados <em>smartphones<\/em>. Si en 2007, casi nadie ten\u00eda un tel\u00e9fono inteligente, en 2019 est\u00e1n en todas partes. De hecho, a nivel mundial, casi dos de cada tres personas de entre 18 y 35 a\u00f1os poseen uno y, <strong>en s\u00f3lo 10 a\u00f1os, se han producido m\u00e1s de 7.000 millones de estos dispositivos, aproximadamente el mismo n\u00famero de habitantes que hay en el planeta.&nbsp;<\/strong><\/p>\n<p>Y aunque estos tel\u00e9fonos de \u00faltima generaci\u00f3n pueden ser inteligentes, elegantes, pulcros, r\u00e1pidos (que es la traducci\u00f3n del t\u00e9rmino ingl\u00e9s \u201csmart\u201d), dependen de elementos f\u00edsicos sin los cuales no ser\u00eda posible su fabricaci\u00f3n ni su funcionamiento. Del mismo modo que en su producci\u00f3n son necesarios diversos materiales (pl\u00e1stico, cristal, cer\u00e1mica) y materias primas (metales, como el aluminio y el hierro, y minerales, como las tierras raras), la \u201cnube\u201d donde se almacena la informaci\u00f3n digital no existir\u00eda sin los lugares del planeta donde se ubican los superordenadores que la mantienen.&nbsp;<\/p>\n<\/p>\n<p><span style=\"font-size:16px\"><span style=\"color:#ff0101\"><strong>Costes sociales y ambientales<\/strong><\/span><\/span><\/p>\n<p>Adem\u00e1s de un precio econ\u00f3mico, los m\u00f3viles tienen importantes costes sociales y medioambientales. Un m\u00f3vil est\u00e1ndar contiene entre 500 y 1.000 componentes distintos. La extracci\u00f3n y procesamiento de estos componentes generan unos <strong>75 kg de desperdicios por tel\u00e9fono.<\/strong> Algunos de estos elementos son recursos caros y escasos, y est\u00e1n relacionados con abusos sociales y medioambientales. El impacto ambiental de la producci\u00f3n de smartphones es tan alto que <strong>para compensar las emisiones de gases efecto invernadero tendr\u00edamos que usar cada dispositivo entre 33 y 89 a\u00f1os<\/strong>. Sin embargo, en Europa se renueva cada a\u00f1o alrededor del 40% del parque de m\u00f3viles existentes, lo que suponen unos 18 millones de m\u00f3viles s\u00f3lo en Espa\u00f1a.&nbsp;<\/p>\n<p>Si bien la vida \u00fatil de un aparato es de unos 10 a\u00f1os, bater\u00eda aparte, el tiempo medio de utilizaci\u00f3n se sit\u00faa entre el a\u00f1o y medio y los dos a\u00f1os y medio. Poco parecen preocuparnos los impactos a largo plazo de la eliminaci\u00f3n de esta basura tecnol\u00f3gica, un problema global que se hace patente en las exportaciones de aparatos electr\u00f3nicos usados a terceros pa\u00edses, especialmente de Asia y \u00c1frica, que no est\u00e1n preparados para la gesti\u00f3n de estos desechos.&nbsp;<\/p>\n<p><span style=\"font-size:16px\"><span style=\"color:#ff0101\"><strong>Brecha digital<\/strong><\/span><\/span><\/p>\n<p>\u201cEnl\u00e1zate por la Justicia\u201d pone el acento, tambi\u00e9n, en la brecha digital que conlleva el uso del smartphone, al convertirse en un indicador m\u00e1s de la diferenciaci\u00f3n social. El problema moral m\u00e1s serio causado por las nuevas tecnolog\u00edas de la comunicaci\u00f3n es el <strong>acceso desigual a la informaci\u00f3n que existe actualmente y que estimula el surgimiento de una nueva clase, la de los ricos en informaci\u00f3n<\/strong>, capaces de acceder sin limitaciones geogr\u00e1ficas o econ\u00f3micas a las redes m\u00f3viles de internet.&nbsp;<\/p>\n<p>La conocida como brecha digital se da principalmente en los pa\u00edses africanos, donde aunque se posean tel\u00e9fonos m\u00f3viles, se est\u00e1 lejos todav\u00eda de procurar un acceso mayoritario a la red a trav\u00e9s de los mismos. En la actualidad tan <strong>solo el 35,9% de los ciudadanos africanos cuentan con acceso a internet, frente al 86,6% si hablamos de los europeos y un 89,1% si se trata de residentes norteamericanos<\/strong>. A menos que se haga algo al respecto, la creciente brecha entre los pa\u00edses subconectados y los hiperdigitalizados se ensanchar\u00e1, lo que agravar\u00e1 las desigualdades que ya existen.&nbsp;<\/p>\n<p>El nivel de digitalizaci\u00f3n puede incluso influir en la capacidad de los pa\u00edses para alcanzar los Objetivos de Desarrollo Sostenible y enfrentar desaf\u00edos como el hambre, las enfermedades y el cambio clim\u00e1tico. Por eso, es necesario un mayor esfuerzo para apoyar a los pa\u00edses en sus intentos de integrarse a la econom\u00eda digital.<\/p>\n<p>Junto a la introducci\u00f3n constante de nuevas funciones que facilitan y agilizan nuestra vida diaria, lo que refuerza nuestra dependencia de esa tecnolog\u00eda, cabe subrayar la exposici\u00f3n a la presi\u00f3n publicitaria, modas y cambios est\u00e9ticos a las que nos somete. Cada vez surgen m\u00e1s accesorios para estos tel\u00e9fonos, lo que <strong>fomenta una din\u00e1mica de extractivismo de materias primas<\/strong> necesarias para la producci\u00f3n de los mismos y que tienen componentes minerales, extra\u00eddos de zonas ricas en recursos naturales. Esta demanda excesiva provoca la merma de las condiciones laborales y de seguridad de los lugares de procedencia, y el deterioro ambiental de los mismos.&nbsp;<\/p>\n<p>Otro problema es el creado por el cambio de las relaciones personales y el auge de las adicciones provocadas por su utilizaci\u00f3n. De hecho, el uso de internet y tel\u00e9fonos m\u00f3viles de forma compulsiva, repetitiva y prolongada actualmente es considerado como una adicci\u00f3n, ya que supone una incapacidad para controlar o interrumpir su consumo, con serias consecuencias sobre la salud, la vida social, familiar, escolar o laboral. A\u00f1adamos a ello el poder que otorgamos con nuestro consumo diario a grandes empresas tecnol\u00f3gicas como Apple, Amazon, Google, Microsoft, Samsung, Huawei, Tencent, Taobao, etc.&nbsp;<\/p>\n<p><img decoding=\"async\" alt=\"\" height=\"533\" src=\"https:\/\/www.entreculturas.org\/wp-content\/uploads\/2019\/08\/noticia-moviles.jpg\" width=\"800\"><\/p>\n<p><span style=\"font-size:16px\"><span style=\"color:#ff0101\"><strong>Los casos de Congo, Ghana y la Amazon\u00eda<\/strong><\/span><\/span><\/p>\n<p>Los efectos sociales y medioambientales de la producci\u00f3n de tecnolog\u00eda digital vinculada a los smartphones tienen nombres y apellidos. \u201cEnl\u00e1zate por la Justicia\u201d pone el foco en tres puntos geogr\u00e1ficos concretos: la Rep\u00fablica Democr\u00e1tica del Congo, Ghana y la Amazon\u00eda.<\/p>\n<p>La comunidad de Manguredjipa, en el territorio de Lubero de la provincia de Kivu Norte, de la <strong>R.D. Congo<\/strong>, un pa\u00eds muy rico en recursos naturales, est\u00e1 en el \u201cojo del hurac\u00e1n\u201d al ser una regi\u00f3n <strong>productora de cobalto, cobre, uranio, oro, diamantes, casiterita y colt\u00e1n<\/strong>. La explotaci\u00f3n y el contrabando de este \u00faltimo se debe a la enorme demanda internacional de productos electr\u00f3nicos, especialmente de la tecnolog\u00eda m\u00f3vil, en la que es imprescindible el tantalio, que se extrae del ya citado colt\u00e1n. El 80% de las reservas mundiales de este mineral se encuentran en el este del Congo y su explotaci\u00f3n est\u00e1 ligada a la violaci\u00f3n de derechos humanos, la destrucci\u00f3n del medioambiente y la financiaci\u00f3n de los conflictos existentes en la regi\u00f3n. Se estima que la extracci\u00f3n de cada kilo de colt\u00e1n le cuesta la vida a dos personas en Congo.<\/p>\n<p>Agbogbloshie es un barrio de Accra, la capital de <strong>Ghana<\/strong>, donde viven unas 40 mil personas bajo condiciones de extrema pobreza. Desde hace una d\u00e9cada, esa zona urbana es tambi\u00e9n uno de los<strong> cementerios de basura electr\u00f3nica procedente de Europa y Norteam\u00e9rica m\u00e1s grandes del mundo<\/strong>. Este lugar se considera uno de los lugares m\u00e1s contaminado del continente africano, principalmente por metales como plomo, berilio, cadmio o mercurio. Un estudio de la ONU en el 2014 reflej\u00f3 que en Agbogbloshie la concentraci\u00f3n de plomo en el suelo llega a superar mil veces el nivel m\u00e1ximo de tolerancia. Familias enteras, incluidos ni\u00f1os y ni\u00f1as, trabajan 12 horas al d\u00eda en este vertedero, un oficio en el que ganan m\u00e1s de dos euros al d\u00eda, que duplica el salario m\u00ednimo en el pa\u00eds. Naciones Unidas ha incluido a Agbogbloshie en la lista de los sitios m\u00e1s peligrosos del mundo para vivir.<\/p>\n<p>La <strong>Amazon\u00eda<\/strong> es otro de los escenarios donde se sufren los efectos medioambientales de la extracci\u00f3n minera relacionada con las nuevas tecnolog\u00edas. Esta actividad ha supuesto enormes <strong>perjuicios a la poblaci\u00f3n ind\u00edgena y destrucci\u00f3n ambiental<\/strong> tanto en Brasil como Venezuela, sobre todo en la regi\u00f3n de los r\u00edos Orinoco, Mucajai, Parima y Catrimani.&nbsp;<\/p>\n<p>En la \u00e9poca de auge de explotaci\u00f3n de oro, que tambi\u00e9n est\u00e1 presente en los tel\u00e9fonos m\u00f3viles, cerca del 20% de la poblaci\u00f3n Yanomami muri\u00f3 a causa de enfermedades, hambre, violencia y otros impactos generados por la miner\u00eda ilegal. Debido a la falta de control de esta actividad, los territorios ind\u00edgenas enfrentan graves peligros de destrucci\u00f3n, contaminaci\u00f3n de agua, acumulaci\u00f3n de residuos s\u00f3lidos no biodegradables, afectando no solo a la naturaleza y a los h\u00e1bitats de diversos animales sino a la forma de vida de estas comunidades ind\u00edgenas.<\/p>\n<p><span style=\"font-size:16px\"><span style=\"color:#ff0101\"><strong>Signos de esperanza<\/strong><\/span><\/span><\/p>\n<p>La entrada en vigor en toda la Uni\u00f3n Europea, en enero de 2021, del<strong> Reglamento sobre los minerales en zonas de conflicto<\/strong> abre una ventana a la esperanza, ya que se marca como objetivo el contribuir al control del comercio de los metales esta\u00f1o, tantalio, tungsteno y oro (3TG). Con ello, se pretende garantizar que los importadores europeos de 3TG cumplan las normas internacionales responsables de abastecimiento establecidas por la Organizaci\u00f3n para la Cooperaci\u00f3n y el Desarrollo Econ\u00f3mico, y que las fundiciones y refiner\u00edas de 3TG de todo el mundo se abastezcan con responsabilidad; contribuir a romper el v\u00ednculo entre conflicto y explotaci\u00f3n ilegal de minerales; y ayudar a acabar con la explotaci\u00f3n y los abusos contra las comunidades locales, incluidas las personas que trabajan en las minas, y fomentar el desarrollo local. Ser\u00eda deseable que este Reglamento obligatorio se fuese ampliando a otras materias primas y a toda la cadena de suministro.<\/p>\n<p>El marco de referencia inicial es la Gu\u00eda de Diligencia debida de la OCDE (2011), que establece una serie de recomendaciones para que las empresas se comprometan a hacer un autodiagn\u00f3stico voluntario sobre el origen de los minerales que utilizan y a publicar esa informaci\u00f3n en sus informes anuales o sitios web.<\/p>\n<p><span style=\"font-size:16px\"><span style=\"color:#FF0101\"><strong>Actuar en clave personal y comunitaria<\/strong><\/span><\/span><\/p>\n<p>Junto a ello, las entidades que formamos parte de Enl\u00e1zate por la Justicia os invitamos, en el D\u00eda Mundial del Medio Ambiente, a <strong>actuar en clave personal y comunitaria para impulsar medidas transformadoras<\/strong>, que pasan por hacer un uso austero, racional y sostenible de estos dispositivos.&nbsp;<\/p>\n<p>Un buen comienzo pasa por observar el principio \u201cSuperar\u00e1s el paradigma tecnocr\u00e1tico\u201d del Dec\u00e1logo Verde lanzado dentro de la campa\u00f1a \u201cSi Cuidas el Planeta, Combates la Pobreza\u201d. Y por escuchar las palabras de Francisco en Laudato Si\u00b4: \u201cEs posible volver a ampliar la mirada, y la libertad humana es capaz de limitar la t\u00e9cnica, orientarla y colocarla al servicio de otro tipo de progreso m\u00e1s sano, m\u00e1s humano, m\u00e1s social, m\u00e1s integral\u201d.<\/p>\n<p>M\u00e1s informaci\u00f3n en: <a href=\"https:\/\/www.enlazateporlajusticia.org\/\" target=\"_blank\" rel=\"noopener\">enlazateporlajusticia.org<\/a><\/p>\n","protected":false},"excerpt":{"rendered":"<p>\u00bfTe has preguntado alguna vez cu\u00e1l es la realidad que se esconde detr\u00e1s de un objeto de uso cotidiano como es tu smartphone? \u00bfSab\u00edas que producir un kilo de colt\u00e1n le cuesta la vida a dos personas en la Rep\u00fablica Democr\u00e1tica del Congo? En s\u00f3lo 10 a\u00f1os, se han producido m\u00e1s de 7.000 millones de estos dispositivos, aproximadamente el mismo n\u00famero de habitantes que hay en el planeta. <\/p>\n","protected":false},"featured_media":3289,"template":"single-noticia","meta":{"_acf_changed":false},"categories":[7],"tags":[256],"country":[],"cause":[131],"class_list":["post-3290","noticia","type-noticia","status-publish","has-post-thumbnail","hentry","category-noticia","tag-justicia-socioambiental","cause-justicia-medioambiental"],"acf":[],"yoast_head":"<!-- This site is optimized with the Yoast SEO Premium plugin v21.6 (Yoast SEO v27.5) - https:\/\/yoast.com\/product\/yoast-seo-premium-wordpress\/ -->\n<title>\u00abEnl\u00e1zate por la Justicia\u00bb denuncia los abusos sociales y medioambientales detr\u00e1s de nuestros tel\u00e9fonos m\u00f3viles - Entreculturas<\/title>\n<meta name=\"robots\" content=\"index, follow, max-snippet:-1, max-image-preview:large, max-video-preview:-1\" \/>\n<link rel=\"canonical\" href=\"https:\/\/www.entreculturas.org\/gl\/noticia\/enlazate-por-la-justicia-denuncia-los-abusos-sociales-y-medioambientales-detras-de-nuestros\/\" \/>\n<meta property=\"og:locale\" content=\"gl_ES\" \/>\n<meta property=\"og:type\" content=\"article\" \/>\n<meta property=\"og:title\" content=\"\u00abEnl\u00e1zate por la Justicia\u00bb denuncia los abusos sociales y medioambientales detr\u00e1s de nuestros tel\u00e9fonos m\u00f3viles\" \/>\n<meta property=\"og:description\" content=\"\u00bfTe has preguntado alguna vez cu\u00e1l es la realidad que se esconde detr\u00e1s de un objeto de uso cotidiano como es tu smartphone? \u00bfSab\u00edas que producir un kilo de colt\u00e1n le cuesta la vida a dos personas en la Rep\u00fablica Democr\u00e1tica del Congo? En s\u00f3lo 10 a\u00f1os, se han producido m\u00e1s de 7.000 millones de estos dispositivos, aproximadamente el mismo n\u00famero de habitantes que hay en el planeta.\" \/>\n<meta property=\"og:url\" content=\"https:\/\/www.entreculturas.org\/gl\/noticia\/enlazate-por-la-justicia-denuncia-los-abusos-sociales-y-medioambientales-detras-de-nuestros\/\" \/>\n<meta property=\"og:site_name\" content=\"Entreculturas\" \/>\n<meta property=\"article:publisher\" content=\"https:\/\/www.facebook.com\/entreculturas\" \/>\n<meta property=\"article:modified_time\" content=\"2024-03-20T09:57:29+00:00\" \/>\n<meta property=\"og:image\" content=\"https:\/\/www.entreculturas.org\/wp-content\/uploads\/2019\/08\/noticia-moviles.jpg\" \/>\n\t<meta property=\"og:image:width\" content=\"800\" \/>\n\t<meta property=\"og:image:height\" content=\"533\" \/>\n\t<meta property=\"og:image:type\" content=\"image\/jpeg\" \/>\n<meta name=\"twitter:card\" content=\"summary_large_image\" \/>\n<meta name=\"twitter:site\" content=\"@Entreculturas\" \/>\n<script type=\"application\/ld+json\" class=\"yoast-schema-graph\">{\"@context\":\"https:\\\/\\\/schema.org\",\"@graph\":[{\"@type\":\"WebPage\",\"@id\":\"https:\\\/\\\/www.entreculturas.org\\\/gl\\\/noticia\\\/enlazate-por-la-justicia-denuncia-los-abusos-sociales-y-medioambientales-detras-de-nuestros\\\/\",\"url\":\"https:\\\/\\\/www.entreculturas.org\\\/gl\\\/noticia\\\/enlazate-por-la-justicia-denuncia-los-abusos-sociales-y-medioambientales-detras-de-nuestros\\\/\",\"name\":\"\u00abEnl\u00e1zate por la Justicia\u00bb denuncia los abusos sociales y medioambientales detr\u00e1s de nuestros tel\u00e9fonos m\u00f3viles - Entreculturas\",\"isPartOf\":{\"@id\":\"https:\\\/\\\/www.entreculturas.org\\\/gl\\\/#website\"},\"primaryImageOfPage\":{\"@id\":\"https:\\\/\\\/www.entreculturas.org\\\/gl\\\/noticia\\\/enlazate-por-la-justicia-denuncia-los-abusos-sociales-y-medioambientales-detras-de-nuestros\\\/#primaryimage\"},\"image\":{\"@id\":\"https:\\\/\\\/www.entreculturas.org\\\/gl\\\/noticia\\\/enlazate-por-la-justicia-denuncia-los-abusos-sociales-y-medioambientales-detras-de-nuestros\\\/#primaryimage\"},\"thumbnailUrl\":\"https:\\\/\\\/www.entreculturas.org\\\/wp-content\\\/uploads\\\/2019\\\/08\\\/noticia-moviles.jpg\",\"datePublished\":\"2019-08-22T09:56:02+00:00\",\"dateModified\":\"2024-03-20T09:57:29+00:00\",\"breadcrumb\":{\"@id\":\"https:\\\/\\\/www.entreculturas.org\\\/gl\\\/noticia\\\/enlazate-por-la-justicia-denuncia-los-abusos-sociales-y-medioambientales-detras-de-nuestros\\\/#breadcrumb\"},\"inLanguage\":\"gl-ES\",\"potentialAction\":[{\"@type\":\"ReadAction\",\"target\":[\"https:\\\/\\\/www.entreculturas.org\\\/gl\\\/noticia\\\/enlazate-por-la-justicia-denuncia-los-abusos-sociales-y-medioambientales-detras-de-nuestros\\\/\"]}]},{\"@type\":\"ImageObject\",\"inLanguage\":\"gl-ES\",\"@id\":\"https:\\\/\\\/www.entreculturas.org\\\/gl\\\/noticia\\\/enlazate-por-la-justicia-denuncia-los-abusos-sociales-y-medioambientales-detras-de-nuestros\\\/#primaryimage\",\"url\":\"https:\\\/\\\/www.entreculturas.org\\\/wp-content\\\/uploads\\\/2019\\\/08\\\/noticia-moviles.jpg\",\"contentUrl\":\"https:\\\/\\\/www.entreculturas.org\\\/wp-content\\\/uploads\\\/2019\\\/08\\\/noticia-moviles.jpg\",\"width\":800,\"height\":533},{\"@type\":\"BreadcrumbList\",\"@id\":\"https:\\\/\\\/www.entreculturas.org\\\/gl\\\/noticia\\\/enlazate-por-la-justicia-denuncia-los-abusos-sociales-y-medioambientales-detras-de-nuestros\\\/#breadcrumb\",\"itemListElement\":[{\"@type\":\"ListItem\",\"position\":1,\"name\":\"Home\",\"item\":\"https:\\\/\\\/www.entreculturas.org\\\/gl\\\/\"},{\"@type\":\"ListItem\",\"position\":2,\"name\":\"Noticias\",\"item\":\"https:\\\/\\\/www.entreculturas.org\\\/gl\\\/noticias\\\/\"},{\"@type\":\"ListItem\",\"position\":3,\"name\":\"\u00abEnl\u00e1zate por la Justicia\u00bb denuncia los abusos sociales y medioambientales detr\u00e1s de nuestros tel\u00e9fonos m\u00f3viles\"}]},{\"@type\":\"WebSite\",\"@id\":\"https:\\\/\\\/www.entreculturas.org\\\/gl\\\/#website\",\"url\":\"https:\\\/\\\/www.entreculturas.org\\\/gl\\\/\",\"name\":\"Entreculturas\",\"description\":\"\",\"publisher\":{\"@id\":\"https:\\\/\\\/www.entreculturas.org\\\/gl\\\/#organization\"},\"alternateName\":\"Entreculturas\",\"potentialAction\":[{\"@type\":\"SearchAction\",\"target\":{\"@type\":\"EntryPoint\",\"urlTemplate\":\"https:\\\/\\\/www.entreculturas.org\\\/gl\\\/?s={search_term_string}\"},\"query-input\":{\"@type\":\"PropertyValueSpecification\",\"valueRequired\":true,\"valueName\":\"search_term_string\"}}],\"inLanguage\":\"gl-ES\"},{\"@type\":\"Organization\",\"@id\":\"https:\\\/\\\/www.entreculturas.org\\\/gl\\\/#organization\",\"name\":\"Entreculturas\",\"url\":\"https:\\\/\\\/www.entreculturas.org\\\/gl\\\/\",\"logo\":{\"@type\":\"ImageObject\",\"inLanguage\":\"gl-ES\",\"@id\":\"https:\\\/\\\/www.entreculturas.org\\\/gl\\\/#\\\/schema\\\/logo\\\/image\\\/\",\"url\":\"https:\\\/\\\/www.entreculturas.org\\\/wp-content\\\/uploads\\\/2025\\\/10\\\/ESP.svg\",\"contentUrl\":\"https:\\\/\\\/www.entreculturas.org\\\/wp-content\\\/uploads\\\/2025\\\/10\\\/ESP.svg\",\"caption\":\"Entreculturas\"},\"image\":{\"@id\":\"https:\\\/\\\/www.entreculturas.org\\\/gl\\\/#\\\/schema\\\/logo\\\/image\\\/\"},\"sameAs\":[\"https:\\\/\\\/www.facebook.com\\\/entreculturas\",\"https:\\\/\\\/x.com\\\/Entreculturas\",\"https:\\\/\\\/www.instagram.com\\\/entreculturas\\\/\",\"https:\\\/\\\/www.youtube.com\\\/user\\\/entreculturasvideo\",\"https:\\\/\\\/www.linkedin.com\\\/company\\\/fundacion-entreculturas-ngdo\\\/\",\"https:\\\/\\\/www.flickr.com\\\/photos\\\/98455522@N04\\\/albums\\\/\"]}]}<\/script>\n<!-- \/ Yoast SEO Premium plugin. -->","yoast_head_json":{"title":"\u00abEnl\u00e1zate por la Justicia\u00bb denuncia los abusos sociales y medioambientales detr\u00e1s de nuestros tel\u00e9fonos m\u00f3viles - Entreculturas","robots":{"index":"index","follow":"follow","max-snippet":"max-snippet:-1","max-image-preview":"max-image-preview:large","max-video-preview":"max-video-preview:-1"},"canonical":"https:\/\/www.entreculturas.org\/gl\/noticia\/enlazate-por-la-justicia-denuncia-los-abusos-sociales-y-medioambientales-detras-de-nuestros\/","og_locale":"gl_ES","og_type":"article","og_title":"\u00abEnl\u00e1zate por la Justicia\u00bb denuncia los abusos sociales y medioambientales detr\u00e1s de nuestros tel\u00e9fonos m\u00f3viles","og_description":"\u00bfTe has preguntado alguna vez cu\u00e1l es la realidad que se esconde detr\u00e1s de un objeto de uso cotidiano como es tu smartphone? \u00bfSab\u00edas que producir un kilo de colt\u00e1n le cuesta la vida a dos personas en la Rep\u00fablica Democr\u00e1tica del Congo? En s\u00f3lo 10 a\u00f1os, se han producido m\u00e1s de 7.000 millones de estos dispositivos, aproximadamente el mismo n\u00famero de habitantes que hay en el planeta.","og_url":"https:\/\/www.entreculturas.org\/gl\/noticia\/enlazate-por-la-justicia-denuncia-los-abusos-sociales-y-medioambientales-detras-de-nuestros\/","og_site_name":"Entreculturas","article_publisher":"https:\/\/www.facebook.com\/entreculturas","article_modified_time":"2024-03-20T09:57:29+00:00","og_image":[{"width":800,"height":533,"url":"https:\/\/www.entreculturas.org\/wp-content\/uploads\/2019\/08\/noticia-moviles.jpg","type":"image\/jpeg"}],"twitter_card":"summary_large_image","twitter_site":"@Entreculturas","schema":{"@context":"https:\/\/schema.org","@graph":[{"@type":"WebPage","@id":"https:\/\/www.entreculturas.org\/gl\/noticia\/enlazate-por-la-justicia-denuncia-los-abusos-sociales-y-medioambientales-detras-de-nuestros\/","url":"https:\/\/www.entreculturas.org\/gl\/noticia\/enlazate-por-la-justicia-denuncia-los-abusos-sociales-y-medioambientales-detras-de-nuestros\/","name":"\u00abEnl\u00e1zate por la Justicia\u00bb denuncia los abusos sociales y medioambientales detr\u00e1s de nuestros tel\u00e9fonos m\u00f3viles - Entreculturas","isPartOf":{"@id":"https:\/\/www.entreculturas.org\/gl\/#website"},"primaryImageOfPage":{"@id":"https:\/\/www.entreculturas.org\/gl\/noticia\/enlazate-por-la-justicia-denuncia-los-abusos-sociales-y-medioambientales-detras-de-nuestros\/#primaryimage"},"image":{"@id":"https:\/\/www.entreculturas.org\/gl\/noticia\/enlazate-por-la-justicia-denuncia-los-abusos-sociales-y-medioambientales-detras-de-nuestros\/#primaryimage"},"thumbnailUrl":"https:\/\/www.entreculturas.org\/wp-content\/uploads\/2019\/08\/noticia-moviles.jpg","datePublished":"2019-08-22T09:56:02+00:00","dateModified":"2024-03-20T09:57:29+00:00","breadcrumb":{"@id":"https:\/\/www.entreculturas.org\/gl\/noticia\/enlazate-por-la-justicia-denuncia-los-abusos-sociales-y-medioambientales-detras-de-nuestros\/#breadcrumb"},"inLanguage":"gl-ES","potentialAction":[{"@type":"ReadAction","target":["https:\/\/www.entreculturas.org\/gl\/noticia\/enlazate-por-la-justicia-denuncia-los-abusos-sociales-y-medioambientales-detras-de-nuestros\/"]}]},{"@type":"ImageObject","inLanguage":"gl-ES","@id":"https:\/\/www.entreculturas.org\/gl\/noticia\/enlazate-por-la-justicia-denuncia-los-abusos-sociales-y-medioambientales-detras-de-nuestros\/#primaryimage","url":"https:\/\/www.entreculturas.org\/wp-content\/uploads\/2019\/08\/noticia-moviles.jpg","contentUrl":"https:\/\/www.entreculturas.org\/wp-content\/uploads\/2019\/08\/noticia-moviles.jpg","width":800,"height":533},{"@type":"BreadcrumbList","@id":"https:\/\/www.entreculturas.org\/gl\/noticia\/enlazate-por-la-justicia-denuncia-los-abusos-sociales-y-medioambientales-detras-de-nuestros\/#breadcrumb","itemListElement":[{"@type":"ListItem","position":1,"name":"Home","item":"https:\/\/www.entreculturas.org\/gl\/"},{"@type":"ListItem","position":2,"name":"Noticias","item":"https:\/\/www.entreculturas.org\/gl\/noticias\/"},{"@type":"ListItem","position":3,"name":"\u00abEnl\u00e1zate por la Justicia\u00bb denuncia los abusos sociales y medioambientales detr\u00e1s de nuestros tel\u00e9fonos m\u00f3viles"}]},{"@type":"WebSite","@id":"https:\/\/www.entreculturas.org\/gl\/#website","url":"https:\/\/www.entreculturas.org\/gl\/","name":"Entreculturas","description":"","publisher":{"@id":"https:\/\/www.entreculturas.org\/gl\/#organization"},"alternateName":"Entreculturas","potentialAction":[{"@type":"SearchAction","target":{"@type":"EntryPoint","urlTemplate":"https:\/\/www.entreculturas.org\/gl\/?s={search_term_string}"},"query-input":{"@type":"PropertyValueSpecification","valueRequired":true,"valueName":"search_term_string"}}],"inLanguage":"gl-ES"},{"@type":"Organization","@id":"https:\/\/www.entreculturas.org\/gl\/#organization","name":"Entreculturas","url":"https:\/\/www.entreculturas.org\/gl\/","logo":{"@type":"ImageObject","inLanguage":"gl-ES","@id":"https:\/\/www.entreculturas.org\/gl\/#\/schema\/logo\/image\/","url":"https:\/\/www.entreculturas.org\/wp-content\/uploads\/2025\/10\/ESP.svg","contentUrl":"https:\/\/www.entreculturas.org\/wp-content\/uploads\/2025\/10\/ESP.svg","caption":"Entreculturas"},"image":{"@id":"https:\/\/www.entreculturas.org\/gl\/#\/schema\/logo\/image\/"},"sameAs":["https:\/\/www.facebook.com\/entreculturas","https:\/\/x.com\/Entreculturas","https:\/\/www.instagram.com\/entreculturas\/","https:\/\/www.youtube.com\/user\/entreculturasvideo","https:\/\/www.linkedin.com\/company\/fundacion-entreculturas-ngdo\/","https:\/\/www.flickr.com\/photos\/98455522@N04\/albums\/"]}]}},"_links":{"self":[{"href":"https:\/\/www.entreculturas.org\/gl\/wp-json\/wp\/v2\/noticia\/3290","targetHints":{"allow":["GET"]}}],"collection":[{"href":"https:\/\/www.entreculturas.org\/gl\/wp-json\/wp\/v2\/noticia"}],"about":[{"href":"https:\/\/www.entreculturas.org\/gl\/wp-json\/wp\/v2\/types\/noticia"}],"wp:featuredmedia":[{"embeddable":true,"href":"https:\/\/www.entreculturas.org\/gl\/wp-json\/wp\/v2\/media\/3289"}],"wp:attachment":[{"href":"https:\/\/www.entreculturas.org\/gl\/wp-json\/wp\/v2\/media?parent=3290"}],"wp:term":[{"taxonomy":"category","embeddable":true,"href":"https:\/\/www.entreculturas.org\/gl\/wp-json\/wp\/v2\/categories?post=3290"},{"taxonomy":"post_tag","embeddable":true,"href":"https:\/\/www.entreculturas.org\/gl\/wp-json\/wp\/v2\/tags?post=3290"},{"taxonomy":"country","embeddable":true,"href":"https:\/\/www.entreculturas.org\/gl\/wp-json\/wp\/v2\/country?post=3290"},{"taxonomy":"cause","embeddable":true,"href":"https:\/\/www.entreculturas.org\/gl\/wp-json\/wp\/v2\/cause?post=3290"}],"curies":[{"name":"wp","href":"https:\/\/api.w.org\/{rel}","templated":true}]}}