{"id":31309,"date":"2024-09-10T10:32:05","date_gmt":"2024-09-10T08:32:05","guid":{"rendered":"https:\/\/www.entreculturas.org\/?post_type=noticia&#038;p=31309"},"modified":"2024-09-16T16:19:10","modified_gmt":"2024-09-16T14:19:10","slug":"vuelta-al-cole-denunciamos-la-exclusion-que-sufre-la-educacion-rural","status":"publish","type":"noticia","link":"https:\/\/www.entreculturas.org\/gl\/noticia\/vuelta-al-cole-denunciamos-la-exclusion-que-sufre-la-educacion-rural\/","title":{"rendered":"VUELTA AL COLE: DENUNCIAMOS LA EXCLUSI\u00d3N QUE SUFRE LA EDUCACI\u00d3N RURAL"},"content":{"rendered":"\n<p>Septiembre llega con la vuelta de millones de ni\u00f1os, ni\u00f1as y adolescentes a las aulas en todo el mundo. Sin embargo, <strong>el regreso a las escuelas no es igual para todos y todas<\/strong>: el alumnado y el profesorado de las zonas rurales se enfrenta un a\u00f1o m\u00e1s a diversas dificultades a\u00f1adidas para no sufrir una exclusi\u00f3n educativa irreparable.&nbsp;<br><\/p>\n\n\n\n<p>Ante esta situaci\u00f3n, en esta vuelta al cole, desde Entreculturas nos enfocamos en esa infancia y juventud, as\u00ed c\u00f3mo en el papel crucial que juegan las escuelas rurales como herramientas de cohesi\u00f3n comunitaria. Para ello, a trav\u00e9s de la campa\u00f1a <a href=\"https:\/\/www.entreculturas.org\/la-silla-roja\/\">La Silla Roja<\/a>, y bajo el lema \u201cPongamos la educaci\u00f3n en el mapa\u201d, presentamos el <a href=\"https:\/\/www.entreculturas.org\/wp-content\/uploads\/2024\/09\/EducacionRural_OlvidoyReivindicacionSept2024-1.pdf\"><strong>informe \u201cEducaci\u00f3n rural, entre el olvido y la reivindicaci\u00f3n\u201d<\/strong><\/a>, donde ofrece una panor\u00e1mica mundial de la educaci\u00f3n rural, poniendo el foco especialmente en el continente latinoamericano.<br><\/p>\n\n\n\n<h2 class=\"wp-block-heading\" id=\"h-la-silla-roja-visibilizando-la-educacion-rural\">La Silla Roja: visibilizando la educaci\u00f3n rural<\/h2>\n\n\n\n<p><br><strong>\u201cLa inmensa mayor\u00eda de los ni\u00f1os y ni\u00f1as que est\u00e1n fuera de la escuela vive en \u00e1reas rurales\u201d,<\/strong> con estas palabras Macarena Romero, T\u00e9cnica del Departamento de Incidencia Pol\u00edtica<strong>, <\/strong>comenzaba la rueda de prensa de presentaci\u00f3n del nuestro \u00faltimo informe. Acompa\u00f1ada por dos pedagogos de Per\u00fa y una profesora de Espa\u00f1a, ha enfatizado que la publicaci\u00f3n muestra, a trav\u00e9s de un riguroso recopilaci\u00f3n del trabajo en terreno, c\u00f3mo \u201cla educaci\u00f3n es un mecanismo de resistencia de la vida comunitaria rural, se\u00f1alando los dos retos claves a los que se enfrenta: su expansi\u00f3n y su aumento de calidad\u201d.<br><\/p>\n\n\n\n<figure class=\"wp-block-image aligncenter size-large is-resized\"><img decoding=\"async\" width=\"1024\" height=\"683\" src=\"https:\/\/www.entreculturas.org\/wp-content\/uploads\/2024\/09\/DSC02179-min-1024x683.jpg\" alt=\"\" class=\"wp-image-31339\" style=\"width:738px;height:auto\" srcset=\"https:\/\/www.entreculturas.org\/wp-content\/uploads\/2024\/09\/DSC02179-min-1024x683.jpg 1024w, https:\/\/www.entreculturas.org\/wp-content\/uploads\/2024\/09\/DSC02179-min-300x200.jpg 300w, https:\/\/www.entreculturas.org\/wp-content\/uploads\/2024\/09\/DSC02179-min-768x512.jpg 768w, https:\/\/www.entreculturas.org\/wp-content\/uploads\/2024\/09\/DSC02179-min-1536x1024.jpg 1536w, https:\/\/www.entreculturas.org\/wp-content\/uploads\/2024\/09\/DSC02179-min-2048x1365.jpg 2048w\" sizes=\"(max-width: 1024px) 100vw, 1024px\" \/><\/figure>\n\n\n\n<p><br>La tambi\u00e9n coordinadora del informe ha llamado la atenci\u00f3n sobre c\u00f3mo el trabajo infantil es uno de los factores que m\u00e1s afecta a la escolarizaci\u00f3n de la infancia rural mostrando un dato revelador: <strong>98 millones de ni\u00f1os y ni\u00f1as trabajan forzosamente a nivel mundial en el sector agr\u00edcola, es decir en la ruralidad<\/strong>. A este obst\u00e1culo, tambi\u00e9n hay que sumarle otros propios del medio como la falta de infraestructura y la existencia de recursos educativos limitados que afectan a las condiciones de las escuelas y el profesorado.&nbsp;<br><\/p>\n\n\n\n<p>Junto a Macarena, los dos expertos procedentes de Per\u00fa, Livia Condorcahua y Tadeo Mazas, coordinadores pedag\u00f3gicos de los proyectos de Educaci\u00f3n Rural de Fe y Alegr\u00eda en Andahuaylillas y Malingas, respectivamente, han profundizado en c\u00f3mo la industrializaci\u00f3n y la concentraci\u00f3n urbana excluyen de las aulas a millones de ni\u00f1os, ni\u00f1as y adolescentes de estas zonas del planeta. Una situaci\u00f3n que se agrav\u00f3 durante la pandemia, reconoce Tadeo, al <strong>\u201cexacerbarse las carencias educativas, especialmente en temas de conectividad y recursos tecnol\u00f3gicos<\/strong>\u201d.<br><\/p>\n\n\n\n<figure class=\"wp-block-image aligncenter size-large is-resized\"><img decoding=\"async\" width=\"1024\" height=\"683\" src=\"https:\/\/www.entreculturas.org\/wp-content\/uploads\/2024\/09\/Rueda-de-prensa-ONG-Entreculturas-1024x683.jpg\" alt=\"educaci\u00f3n rural \" class=\"wp-image-31332\" style=\"width:817px;height:auto\" srcset=\"https:\/\/www.entreculturas.org\/wp-content\/uploads\/2024\/09\/Rueda-de-prensa-ONG-Entreculturas-1024x683.jpg 1024w, https:\/\/www.entreculturas.org\/wp-content\/uploads\/2024\/09\/Rueda-de-prensa-ONG-Entreculturas-300x200.jpg 300w, https:\/\/www.entreculturas.org\/wp-content\/uploads\/2024\/09\/Rueda-de-prensa-ONG-Entreculturas-768x512.jpg 768w, https:\/\/www.entreculturas.org\/wp-content\/uploads\/2024\/09\/Rueda-de-prensa-ONG-Entreculturas-1536x1024.jpg 1536w, https:\/\/www.entreculturas.org\/wp-content\/uploads\/2024\/09\/Rueda-de-prensa-ONG-Entreculturas.jpg 1980w\" sizes=\"(max-width: 1024px) 100vw, 1024px\" \/><\/figure>\n\n\n\n<p><br><\/p>\n\n\n\n<h2 class=\"wp-block-heading\" id=\"h-retos-y-desafios-de-la-educacion-rural\">Retos y desaf\u00edos de la educaci\u00f3n rural<\/h2>\n\n\n\n<p><br>Adem\u00e1s, Livia y Tadeo se\u00f1alaron la formaci\u00f3n del profesorado como uno de los grandes retos que tiene Per\u00fa en materia de educaci\u00f3n rural. En concreto, los pedagogos denunciaron que <strong>la formaci\u00f3n inicial que reciben est\u00e1 principalmente enfocada a la ense\u00f1anza en contextos urbanos<\/strong>, lo que dificulta el trabajo docente en las comunidades rurales durante sus primeros a\u00f1os. A\u00fan as\u00ed, afirm\u00f3 Livia, \u201cel profesorado de zona rural vale un Per\u00fa porque se esfuerza, se esmera y tiene ganas de seguir form\u00e1ndose, a la vez que es creativo al usar los limitados recursos con los que cuenta\u201d.<br><\/p>\n\n\n\n<p>Acompa\u00f1ando a ambos expertos, tambi\u00e9n se encontraba Maria Jos\u00e9 Hern\u00e1ndez, profesora del instituto de Villanueva del Fresno, localidad extreme\u00f1a de poco m\u00e1s de 3.000 habitantes. Maria Jos\u00e9, docente de Geograf\u00eda e Historia y perteneciente a la Red Solidaria de J\u00f3venes de Entreculturas desde 2013, ha reconocido que \u201csi bien educar y formar en entornos rurales es una ardua tarea no exenta de limitaciones dif\u00edciles de cambiar, tambi\u00e9n <strong>ofrece un sinf\u00edn de ventajas como construir relaciones mucho m\u00e1s cercanas<\/strong> desde las que incidir en clave global y de forma directa en la comunidad\u201d.&nbsp;<br><\/p>\n\n\n\n<figure class=\"wp-block-image aligncenter size-large is-resized\"><img decoding=\"async\" width=\"1024\" height=\"683\" src=\"https:\/\/www.entreculturas.org\/wp-content\/uploads\/2024\/09\/DSC02169-min-1024x683.jpg\" alt=\"\" class=\"wp-image-31344\" style=\"width:745px;height:auto\" srcset=\"https:\/\/www.entreculturas.org\/wp-content\/uploads\/2024\/09\/DSC02169-min-1024x683.jpg 1024w, https:\/\/www.entreculturas.org\/wp-content\/uploads\/2024\/09\/DSC02169-min-300x200.jpg 300w, https:\/\/www.entreculturas.org\/wp-content\/uploads\/2024\/09\/DSC02169-min-768x512.jpg 768w, https:\/\/www.entreculturas.org\/wp-content\/uploads\/2024\/09\/DSC02169-min-1536x1024.jpg 1536w, https:\/\/www.entreculturas.org\/wp-content\/uploads\/2024\/09\/DSC02169-min-2048x1365.jpg 2048w\" sizes=\"(max-width: 1024px) 100vw, 1024px\" \/><\/figure>\n\n\n\n<p><br>Para finalizar la rueda de prensa, Macarena Romero ha retomado la palabra para presentar las principales conclusiones del informe. Entre ellas, se destaca el hecho de que <strong>\u201cla ruralidad no responde a un concepto homog\u00e9neo<\/strong>, aunque s\u00ed viene aparejada de situaciones de mayor discriminaci\u00f3n, violencia y vulneraci\u00f3n de derechos\u201d. Adem\u00e1s, ha enumerado una serie de recomendaciones a la comunidad internacional y los Estados entre las que se encuentra \u201cla urgente necesidad de realizar un cambio profundo en las pol\u00edticas p\u00fablicas para enfrentar los desaf\u00edos cr\u00edticos a los que se enfrenta la educaci\u00f3n rural\u201d.\u00a0<br><\/p>\n\n\n\n<div class=\"wp-block-buttons is-content-justification-left is-layout-flex wp-container-core-buttons-is-layout-b1161de5 wp-block-buttons-is-layout-flex\" style=\"margin-top:0\">\n<div class=\"wp-block-button\"><a class=\"wp-block-button__link has-text-align-center wp-element-button\" href=\"https:\/\/www.entreculturas.org\/la-silla-roja\/\">AY\u00daDANOS A PONER LA EDUCACI\u00d3N EN EL MAPA <img decoding=\"async\" class=\"donate-icon\" src=\"\/wp-content\/uploads\/2023\/10\/iconocta.svg\" alt=\"Icono\"><\/a><\/div>\n<\/div>\n\n\n\n<p><\/p>\n\n\n\n<p><br><\/p>\n","protected":false},"excerpt":{"rendered":"<p>Septiembre llega con la vuelta de millones de ni\u00f1os, ni\u00f1as y adolescentes a las aulas en todo el mundo. Sin embargo, el regreso a las escuelas no es igual para todos y todas: el alumnado y el profesorado de las zonas rurales se enfrenta un a\u00f1o m\u00e1s a diversas dificultades a\u00f1adidas para no sufrir una exclusi\u00f3n educativa irreparable.&nbsp; Ante esta situaci\u00f3n, en esta vuelta al cole, desde Entreculturas nos enfocamos en esa infancia y juventud, as\u00ed c\u00f3mo en el papel crucial que juegan las escuelas rurales como herramientas de cohesi\u00f3n comunitaria. Para ello, a trav\u00e9s de la campa\u00f1a La Silla Roja, y bajo el lema \u201cPongamos la educaci\u00f3n en el mapa\u201d, presentamos el informe \u201cEducaci\u00f3n rural, entre el olvido y la reivindicaci\u00f3n\u201d, donde ofrece una panor\u00e1mica mundial de la educaci\u00f3n rural, poniendo el foco especialmente en el continente latinoamericano. La Silla Roja: visibilizando la educaci\u00f3n rural \u201cLa inmensa mayor\u00eda de [&hellip;]<\/p>\n","protected":false},"featured_media":31326,"template":"","meta":{"_acf_changed":false},"categories":[7],"tags":[289],"country":[],"cause":[530,128,531],"class_list":["post-31309","noticia","type-noticia","status-publish","has-post-thumbnail","hentry","category-noticia","tag-educacion","cause-educacio","cause-educacion","cause-education"],"acf":[],"yoast_head":"<!-- This site is optimized with the Yoast SEO Premium plugin v21.6 (Yoast SEO v27.5) - https:\/\/yoast.com\/product\/yoast-seo-premium-wordpress\/ -->\n<title>VUELTA AL COLE: DENUNCIAMOS LA EXCLUSI\u00d3N QUE SUFRE LA EDUCACI\u00d3N RURAL - Entreculturas<\/title>\n<meta name=\"description\" content=\"En septiembre, millones de ni\u00f1os y ni\u00f1as regresan a las aulas pero la educaci\u00f3n rural enfrenta desaf\u00edos que dificultan el acceso igualitario.\" \/>\n<meta name=\"robots\" content=\"index, follow, max-snippet:-1, max-image-preview:large, max-video-preview:-1\" \/>\n<link rel=\"canonical\" href=\"https:\/\/www.entreculturas.org\/gl\/noticia\/vuelta-al-cole-denunciamos-la-exclusion-que-sufre-la-educacion-rural\/\" \/>\n<meta property=\"og:locale\" content=\"gl_ES\" \/>\n<meta property=\"og:type\" content=\"article\" \/>\n<meta property=\"og:title\" content=\"VUELTA AL COLE: DENUNCIAMOS LA EXCLUSI\u00d3N QUE SUFRE LA EDUCACI\u00d3N RURAL\" \/>\n<meta property=\"og:description\" content=\"En septiembre, millones de ni\u00f1os y ni\u00f1as regresan a las aulas pero la educaci\u00f3n rural enfrenta desaf\u00edos que dificultan el acceso igualitario.\" \/>\n<meta property=\"og:url\" content=\"https:\/\/www.entreculturas.org\/gl\/noticia\/vuelta-al-cole-denunciamos-la-exclusion-que-sufre-la-educacion-rural\/\" \/>\n<meta property=\"og:site_name\" content=\"Entreculturas\" \/>\n<meta property=\"article:publisher\" content=\"https:\/\/www.facebook.com\/entreculturas\" \/>\n<meta property=\"article:modified_time\" content=\"2024-09-16T14:19:10+00:00\" \/>\n<meta property=\"og:image\" content=\"https:\/\/www.entreculturas.org\/wp-content\/uploads\/2024\/09\/copyright.jpg\" \/>\n\t<meta property=\"og:image:width\" content=\"1806\" \/>\n\t<meta property=\"og:image:height\" content=\"1204\" \/>\n\t<meta property=\"og:image:type\" content=\"image\/jpeg\" \/>\n<meta name=\"twitter:card\" content=\"summary_large_image\" \/>\n<meta name=\"twitter:site\" content=\"@Entreculturas\" \/>\n<script type=\"application\/ld+json\" class=\"yoast-schema-graph\">{\"@context\":\"https:\\\/\\\/schema.org\",\"@graph\":[{\"@type\":\"WebPage\",\"@id\":\"https:\\\/\\\/www.entreculturas.org\\\/gl\\\/noticia\\\/vuelta-al-cole-denunciamos-la-exclusion-que-sufre-la-educacion-rural\\\/\",\"url\":\"https:\\\/\\\/www.entreculturas.org\\\/gl\\\/noticia\\\/vuelta-al-cole-denunciamos-la-exclusion-que-sufre-la-educacion-rural\\\/\",\"name\":\"VUELTA AL COLE: DENUNCIAMOS LA EXCLUSI\u00d3N QUE SUFRE LA EDUCACI\u00d3N RURAL - Entreculturas\",\"isPartOf\":{\"@id\":\"https:\\\/\\\/www.entreculturas.org\\\/gl\\\/#website\"},\"primaryImageOfPage\":{\"@id\":\"https:\\\/\\\/www.entreculturas.org\\\/gl\\\/noticia\\\/vuelta-al-cole-denunciamos-la-exclusion-que-sufre-la-educacion-rural\\\/#primaryimage\"},\"image\":{\"@id\":\"https:\\\/\\\/www.entreculturas.org\\\/gl\\\/noticia\\\/vuelta-al-cole-denunciamos-la-exclusion-que-sufre-la-educacion-rural\\\/#primaryimage\"},\"thumbnailUrl\":\"https:\\\/\\\/www.entreculturas.org\\\/wp-content\\\/uploads\\\/2024\\\/09\\\/copyright.jpg\",\"datePublished\":\"2024-09-10T08:32:05+00:00\",\"dateModified\":\"2024-09-16T14:19:10+00:00\",\"description\":\"En septiembre, millones de ni\u00f1os y ni\u00f1as regresan a las aulas pero la educaci\u00f3n rural enfrenta desaf\u00edos que dificultan el acceso igualitario.\",\"breadcrumb\":{\"@id\":\"https:\\\/\\\/www.entreculturas.org\\\/gl\\\/noticia\\\/vuelta-al-cole-denunciamos-la-exclusion-que-sufre-la-educacion-rural\\\/#breadcrumb\"},\"inLanguage\":\"gl-ES\",\"potentialAction\":[{\"@type\":\"ReadAction\",\"target\":[\"https:\\\/\\\/www.entreculturas.org\\\/gl\\\/noticia\\\/vuelta-al-cole-denunciamos-la-exclusion-que-sufre-la-educacion-rural\\\/\"]}]},{\"@type\":\"ImageObject\",\"inLanguage\":\"gl-ES\",\"@id\":\"https:\\\/\\\/www.entreculturas.org\\\/gl\\\/noticia\\\/vuelta-al-cole-denunciamos-la-exclusion-que-sufre-la-educacion-rural\\\/#primaryimage\",\"url\":\"https:\\\/\\\/www.entreculturas.org\\\/wp-content\\\/uploads\\\/2024\\\/09\\\/copyright.jpg\",\"contentUrl\":\"https:\\\/\\\/www.entreculturas.org\\\/wp-content\\\/uploads\\\/2024\\\/09\\\/copyright.jpg\",\"width\":1806,\"height\":1204,\"caption\":\"educaci\u00f3n rural\"},{\"@type\":\"BreadcrumbList\",\"@id\":\"https:\\\/\\\/www.entreculturas.org\\\/gl\\\/noticia\\\/vuelta-al-cole-denunciamos-la-exclusion-que-sufre-la-educacion-rural\\\/#breadcrumb\",\"itemListElement\":[{\"@type\":\"ListItem\",\"position\":1,\"name\":\"Home\",\"item\":\"https:\\\/\\\/www.entreculturas.org\\\/gl\\\/\"},{\"@type\":\"ListItem\",\"position\":2,\"name\":\"Noticias\",\"item\":\"https:\\\/\\\/www.entreculturas.org\\\/gl\\\/noticias\\\/\"},{\"@type\":\"ListItem\",\"position\":3,\"name\":\"VUELTA AL COLE: DENUNCIAMOS LA EXCLUSI\u00d3N QUE SUFRE LA EDUCACI\u00d3N RURAL\"}]},{\"@type\":\"WebSite\",\"@id\":\"https:\\\/\\\/www.entreculturas.org\\\/gl\\\/#website\",\"url\":\"https:\\\/\\\/www.entreculturas.org\\\/gl\\\/\",\"name\":\"Entreculturas\",\"description\":\"\",\"publisher\":{\"@id\":\"https:\\\/\\\/www.entreculturas.org\\\/gl\\\/#organization\"},\"alternateName\":\"Entreculturas\",\"potentialAction\":[{\"@type\":\"SearchAction\",\"target\":{\"@type\":\"EntryPoint\",\"urlTemplate\":\"https:\\\/\\\/www.entreculturas.org\\\/gl\\\/?s={search_term_string}\"},\"query-input\":{\"@type\":\"PropertyValueSpecification\",\"valueRequired\":true,\"valueName\":\"search_term_string\"}}],\"inLanguage\":\"gl-ES\"},{\"@type\":\"Organization\",\"@id\":\"https:\\\/\\\/www.entreculturas.org\\\/gl\\\/#organization\",\"name\":\"Entreculturas\",\"url\":\"https:\\\/\\\/www.entreculturas.org\\\/gl\\\/\",\"logo\":{\"@type\":\"ImageObject\",\"inLanguage\":\"gl-ES\",\"@id\":\"https:\\\/\\\/www.entreculturas.org\\\/gl\\\/#\\\/schema\\\/logo\\\/image\\\/\",\"url\":\"https:\\\/\\\/www.entreculturas.org\\\/wp-content\\\/uploads\\\/2025\\\/10\\\/ESP.svg\",\"contentUrl\":\"https:\\\/\\\/www.entreculturas.org\\\/wp-content\\\/uploads\\\/2025\\\/10\\\/ESP.svg\",\"caption\":\"Entreculturas\"},\"image\":{\"@id\":\"https:\\\/\\\/www.entreculturas.org\\\/gl\\\/#\\\/schema\\\/logo\\\/image\\\/\"},\"sameAs\":[\"https:\\\/\\\/www.facebook.com\\\/entreculturas\",\"https:\\\/\\\/x.com\\\/Entreculturas\",\"https:\\\/\\\/www.instagram.com\\\/entreculturas\\\/\",\"https:\\\/\\\/www.youtube.com\\\/user\\\/entreculturasvideo\",\"https:\\\/\\\/www.linkedin.com\\\/company\\\/fundacion-entreculturas-ngdo\\\/\",\"https:\\\/\\\/www.flickr.com\\\/photos\\\/98455522@N04\\\/albums\\\/\"]}]}<\/script>\n<!-- \/ Yoast SEO Premium plugin. -->","yoast_head_json":{"title":"VUELTA AL COLE: DENUNCIAMOS LA EXCLUSI\u00d3N QUE SUFRE LA EDUCACI\u00d3N RURAL - Entreculturas","description":"En septiembre, millones de ni\u00f1os y ni\u00f1as regresan a las aulas pero la educaci\u00f3n rural enfrenta desaf\u00edos que dificultan el acceso igualitario.","robots":{"index":"index","follow":"follow","max-snippet":"max-snippet:-1","max-image-preview":"max-image-preview:large","max-video-preview":"max-video-preview:-1"},"canonical":"https:\/\/www.entreculturas.org\/gl\/noticia\/vuelta-al-cole-denunciamos-la-exclusion-que-sufre-la-educacion-rural\/","og_locale":"gl_ES","og_type":"article","og_title":"VUELTA AL COLE: DENUNCIAMOS LA EXCLUSI\u00d3N QUE SUFRE LA EDUCACI\u00d3N RURAL","og_description":"En septiembre, millones de ni\u00f1os y ni\u00f1as regresan a las aulas pero la educaci\u00f3n rural enfrenta desaf\u00edos que dificultan el acceso igualitario.","og_url":"https:\/\/www.entreculturas.org\/gl\/noticia\/vuelta-al-cole-denunciamos-la-exclusion-que-sufre-la-educacion-rural\/","og_site_name":"Entreculturas","article_publisher":"https:\/\/www.facebook.com\/entreculturas","article_modified_time":"2024-09-16T14:19:10+00:00","og_image":[{"width":1806,"height":1204,"url":"https:\/\/www.entreculturas.org\/wp-content\/uploads\/2024\/09\/copyright.jpg","type":"image\/jpeg"}],"twitter_card":"summary_large_image","twitter_site":"@Entreculturas","schema":{"@context":"https:\/\/schema.org","@graph":[{"@type":"WebPage","@id":"https:\/\/www.entreculturas.org\/gl\/noticia\/vuelta-al-cole-denunciamos-la-exclusion-que-sufre-la-educacion-rural\/","url":"https:\/\/www.entreculturas.org\/gl\/noticia\/vuelta-al-cole-denunciamos-la-exclusion-que-sufre-la-educacion-rural\/","name":"VUELTA AL COLE: DENUNCIAMOS LA EXCLUSI\u00d3N QUE SUFRE LA EDUCACI\u00d3N RURAL - Entreculturas","isPartOf":{"@id":"https:\/\/www.entreculturas.org\/gl\/#website"},"primaryImageOfPage":{"@id":"https:\/\/www.entreculturas.org\/gl\/noticia\/vuelta-al-cole-denunciamos-la-exclusion-que-sufre-la-educacion-rural\/#primaryimage"},"image":{"@id":"https:\/\/www.entreculturas.org\/gl\/noticia\/vuelta-al-cole-denunciamos-la-exclusion-que-sufre-la-educacion-rural\/#primaryimage"},"thumbnailUrl":"https:\/\/www.entreculturas.org\/wp-content\/uploads\/2024\/09\/copyright.jpg","datePublished":"2024-09-10T08:32:05+00:00","dateModified":"2024-09-16T14:19:10+00:00","description":"En septiembre, millones de ni\u00f1os y ni\u00f1as regresan a las aulas pero la educaci\u00f3n rural enfrenta desaf\u00edos que dificultan el acceso igualitario.","breadcrumb":{"@id":"https:\/\/www.entreculturas.org\/gl\/noticia\/vuelta-al-cole-denunciamos-la-exclusion-que-sufre-la-educacion-rural\/#breadcrumb"},"inLanguage":"gl-ES","potentialAction":[{"@type":"ReadAction","target":["https:\/\/www.entreculturas.org\/gl\/noticia\/vuelta-al-cole-denunciamos-la-exclusion-que-sufre-la-educacion-rural\/"]}]},{"@type":"ImageObject","inLanguage":"gl-ES","@id":"https:\/\/www.entreculturas.org\/gl\/noticia\/vuelta-al-cole-denunciamos-la-exclusion-que-sufre-la-educacion-rural\/#primaryimage","url":"https:\/\/www.entreculturas.org\/wp-content\/uploads\/2024\/09\/copyright.jpg","contentUrl":"https:\/\/www.entreculturas.org\/wp-content\/uploads\/2024\/09\/copyright.jpg","width":1806,"height":1204,"caption":"educaci\u00f3n rural"},{"@type":"BreadcrumbList","@id":"https:\/\/www.entreculturas.org\/gl\/noticia\/vuelta-al-cole-denunciamos-la-exclusion-que-sufre-la-educacion-rural\/#breadcrumb","itemListElement":[{"@type":"ListItem","position":1,"name":"Home","item":"https:\/\/www.entreculturas.org\/gl\/"},{"@type":"ListItem","position":2,"name":"Noticias","item":"https:\/\/www.entreculturas.org\/gl\/noticias\/"},{"@type":"ListItem","position":3,"name":"VUELTA AL COLE: DENUNCIAMOS LA EXCLUSI\u00d3N QUE SUFRE LA EDUCACI\u00d3N RURAL"}]},{"@type":"WebSite","@id":"https:\/\/www.entreculturas.org\/gl\/#website","url":"https:\/\/www.entreculturas.org\/gl\/","name":"Entreculturas","description":"","publisher":{"@id":"https:\/\/www.entreculturas.org\/gl\/#organization"},"alternateName":"Entreculturas","potentialAction":[{"@type":"SearchAction","target":{"@type":"EntryPoint","urlTemplate":"https:\/\/www.entreculturas.org\/gl\/?s={search_term_string}"},"query-input":{"@type":"PropertyValueSpecification","valueRequired":true,"valueName":"search_term_string"}}],"inLanguage":"gl-ES"},{"@type":"Organization","@id":"https:\/\/www.entreculturas.org\/gl\/#organization","name":"Entreculturas","url":"https:\/\/www.entreculturas.org\/gl\/","logo":{"@type":"ImageObject","inLanguage":"gl-ES","@id":"https:\/\/www.entreculturas.org\/gl\/#\/schema\/logo\/image\/","url":"https:\/\/www.entreculturas.org\/wp-content\/uploads\/2025\/10\/ESP.svg","contentUrl":"https:\/\/www.entreculturas.org\/wp-content\/uploads\/2025\/10\/ESP.svg","caption":"Entreculturas"},"image":{"@id":"https:\/\/www.entreculturas.org\/gl\/#\/schema\/logo\/image\/"},"sameAs":["https:\/\/www.facebook.com\/entreculturas","https:\/\/x.com\/Entreculturas","https:\/\/www.instagram.com\/entreculturas\/","https:\/\/www.youtube.com\/user\/entreculturasvideo","https:\/\/www.linkedin.com\/company\/fundacion-entreculturas-ngdo\/","https:\/\/www.flickr.com\/photos\/98455522@N04\/albums\/"]}]}},"_links":{"self":[{"href":"https:\/\/www.entreculturas.org\/gl\/wp-json\/wp\/v2\/noticia\/31309","targetHints":{"allow":["GET"]}}],"collection":[{"href":"https:\/\/www.entreculturas.org\/gl\/wp-json\/wp\/v2\/noticia"}],"about":[{"href":"https:\/\/www.entreculturas.org\/gl\/wp-json\/wp\/v2\/types\/noticia"}],"wp:featuredmedia":[{"embeddable":true,"href":"https:\/\/www.entreculturas.org\/gl\/wp-json\/wp\/v2\/media\/31326"}],"wp:attachment":[{"href":"https:\/\/www.entreculturas.org\/gl\/wp-json\/wp\/v2\/media?parent=31309"}],"wp:term":[{"taxonomy":"category","embeddable":true,"href":"https:\/\/www.entreculturas.org\/gl\/wp-json\/wp\/v2\/categories?post=31309"},{"taxonomy":"post_tag","embeddable":true,"href":"https:\/\/www.entreculturas.org\/gl\/wp-json\/wp\/v2\/tags?post=31309"},{"taxonomy":"country","embeddable":true,"href":"https:\/\/www.entreculturas.org\/gl\/wp-json\/wp\/v2\/country?post=31309"},{"taxonomy":"cause","embeddable":true,"href":"https:\/\/www.entreculturas.org\/gl\/wp-json\/wp\/v2\/cause?post=31309"}],"curies":[{"name":"wp","href":"https:\/\/api.w.org\/{rel}","templated":true}]}}