{"id":3103,"date":"2019-04-29T11:22:14","date_gmt":"2019-04-29T11:22:14","guid":{"rendered":"https:\/\/entreculturasi.wpenginepowered.com\/?noticias=18000-personas-y-12-ciudades-han-corrido-por-la-educacion-de-las-ninas"},"modified":"2024-03-18T18:06:11","modified_gmt":"2024-03-18T17:06:11","slug":"18000-personas-y-12-ciudades-han-corrido-por-la-educacion-de-las-ninas","status":"publish","type":"noticia","link":"https:\/\/www.entreculturas.org\/gl\/noticia\/18000-personas-y-12-ciudades-han-corrido-por-la-educacion-de-las-ninas\/","title":{"rendered":"18.000 personas y 12 ciudades han corrido por la educaci\u00f3n de las ni\u00f1as"},"content":{"rendered":"<p>Este domingo ha finalizado en Barcelona la <strong>VIII edici\u00f3n del circuito de carreras solidarias \u201cCorre por una causa\u201d<\/strong>. En total, han sido 12 ciudades espa\u00f1olas y m\u00e1s de 18.000 participantes los que han corrido por la educaci\u00f3n de las ni\u00f1as.&nbsp;&nbsp;<\/p>\n<p>Este a\u00f1o, los fondos recaudados, calculados en m\u00e1s de 200.000 euros, ir\u00e1n destinados al programa <a href=\"https:\/\/laluzdelasninas.org\" target=\"_blank\" rel=\"noopener\">\u201cLa Luz de las ni\u00f1as\u201d<\/a> una gran iniciativa que&nbsp;estamos&nbsp;llevando a cabo en 12 pa\u00edses de \u00c1frica y Am\u00e9rica Latina para lograr que, a trav\u00e9s de la educaci\u00f3n, <strong>m\u00e1s de 12.700 ni\u00f1as dejen de sufrir desigualdades y puedan estar protegidas frente a la violencia.&nbsp;<\/strong><\/p>\n<p>Y es que cada a\u00f1o 12 millones de ni\u00f1as son casadas antes de cumplir los 18; 150 millones sufren violencia sexual y 34,2 millones de ni\u00f1as y mujeres son refugiadas o desplazadas. La mayor\u00eda de ni\u00f1as en el mundo se ven obligadas a realizar tareas del hogar como cocinar, ir a buscar le\u00f1a, agua o quedarse al cargo de sus hermanos peque\u00f1os. Estas formas de violencia hacia las ni\u00f1as provocan en ellas graves secuelas psicol\u00f3gicas, f\u00edsicas y sociales que las marcan para siempre, y las alejas de la escuela, de su infancia y de sus oportunidades.&nbsp;<\/p>\n<p>Adem\u00e1s, \u201cCorre por una Causa\u201d ha contado con la colaboraci\u00f3n de Liferay, Mapfre, Deloitte y Melod\u00eda FM como empresas patrocinadoras que dan su apoyo a este evento deportivo y solidario con las ni\u00f1as que m\u00e1s lo necesitan. Asimismo, m\u00e1s de 600 colaboradores apoyan el circuito de carreras solidarias a trav\u00e9s de compra de dorsales, cesi\u00f3n de producto y voluntariado corporativo.&nbsp; Por \u00faltimo, cada a\u00f1o se incorporan <strong>m\u00e1s de 200 colegios, institutos y universidades <\/strong>que participan en esta iniciativa en el marco de sus actividades deportivas y solidarias.&nbsp;<\/p>\n<p>&nbsp;<\/p>\n<p><span style=\"font-size:16px\"><span style=\"color:#ff0101\"><strong>Colegios por La Luz de las Ni\u00f1as<\/strong><\/span><\/span><\/p>\n<p>Este a\u00f1o se han sumado cerca de una decena de colegios para organizar sus propias carreras escolares por La Luz de las Ni\u00f1as. Ya se han celebrado 4 de ellas (11 de abril: IES Campo Charro de Fuente de San Esteban, Salamanca, 12 de abril: Colegio Mayex, San Cristobal de la Laguna, Tenerife, 24 de abril: IES Carolina Coronado, Almendralejo, Badajoz y 25 de abril: IES Fray Diego Tadeo Gonz\u00e1lez, Ciudad Rodrigo, Salamanca). Y a\u00fan quedan por celebrarse 3 carreras en colegios (3 de mayo: IES Salvador Rueda, V\u00e9lez-M\u00e1laga, M\u00e1laga, 10 de mayo: Colegio SAFA Valverde del Camino, Huelva y 12 de mayo: Escuela Virgen de Guadalupe, Badajoz).<\/p>\n","protected":false},"excerpt":{"rendered":"<p>Este domingo ha finalizado en Barcelona la VIII edici\u00f3n del circuito de carreras solidarias \u201cCorre por una causa\u201d. En total, han sido 12 ciudades espa\u00f1olas y m\u00e1s de 18.000 participantes los que han corrido por la educaci\u00f3n de las ni\u00f1as.  Este a\u00f1o, los fondos recaudados ir\u00e1n destinados al programa \u201cLa Luz de las ni\u00f1as\u201d.<\/p>\n","protected":false},"featured_media":3104,"template":"single-noticia","meta":{"_acf_changed":false},"categories":[7],"tags":[196],"country":[],"cause":[130],"class_list":["post-3103","noticia","type-noticia","status-publish","has-post-thumbnail","hentry","category-noticia","tag-rsc","cause-genero"],"acf":[],"yoast_head":"<!-- This site is optimized with the Yoast SEO Premium plugin v21.6 (Yoast SEO v27.5) - https:\/\/yoast.com\/product\/yoast-seo-premium-wordpress\/ -->\n<title>18.000 personas y 12 ciudades han corrido por la educaci\u00f3n de las ni\u00f1as - Entreculturas<\/title>\n<meta name=\"robots\" content=\"index, follow, max-snippet:-1, max-image-preview:large, max-video-preview:-1\" \/>\n<link rel=\"canonical\" href=\"https:\/\/www.entreculturas.org\/gl\/noticia\/18000-personas-y-12-ciudades-han-corrido-por-la-educacion-de-las-ninas\/\" \/>\n<meta property=\"og:locale\" content=\"gl_ES\" \/>\n<meta property=\"og:type\" content=\"article\" \/>\n<meta property=\"og:title\" content=\"18.000 personas y 12 ciudades han corrido por la educaci\u00f3n de las ni\u00f1as\" \/>\n<meta property=\"og:description\" content=\"Este domingo ha finalizado en Barcelona la VIII edici\u00f3n del circuito de carreras solidarias \u201cCorre por una causa\u201d. En total, han sido 12 ciudades espa\u00f1olas y m\u00e1s de 18.000 participantes los que han corrido por la educaci\u00f3n de las ni\u00f1as. Este a\u00f1o, los fondos recaudados ir\u00e1n destinados al programa \u201cLa Luz de las ni\u00f1as\u201d.\" \/>\n<meta property=\"og:url\" content=\"https:\/\/www.entreculturas.org\/gl\/noticia\/18000-personas-y-12-ciudades-han-corrido-por-la-educacion-de-las-ninas\/\" \/>\n<meta property=\"og:site_name\" content=\"Entreculturas\" \/>\n<meta property=\"article:publisher\" content=\"https:\/\/www.facebook.com\/entreculturas\" \/>\n<meta property=\"article:modified_time\" content=\"2024-03-18T17:06:11+00:00\" \/>\n<meta property=\"og:image\" content=\"https:\/\/www.entreculturas.org\/wp-content\/uploads\/2019\/04\/noticia-carrera1.jpg\" \/>\n\t<meta property=\"og:image:width\" content=\"800\" \/>\n\t<meta property=\"og:image:height\" content=\"533\" \/>\n\t<meta property=\"og:image:type\" content=\"image\/jpeg\" \/>\n<meta name=\"twitter:card\" content=\"summary_large_image\" \/>\n<meta name=\"twitter:site\" content=\"@Entreculturas\" \/>\n<script type=\"application\/ld+json\" class=\"yoast-schema-graph\">{\"@context\":\"https:\\\/\\\/schema.org\",\"@graph\":[{\"@type\":\"WebPage\",\"@id\":\"https:\\\/\\\/www.entreculturas.org\\\/gl\\\/noticia\\\/18000-personas-y-12-ciudades-han-corrido-por-la-educacion-de-las-ninas\\\/\",\"url\":\"https:\\\/\\\/www.entreculturas.org\\\/gl\\\/noticia\\\/18000-personas-y-12-ciudades-han-corrido-por-la-educacion-de-las-ninas\\\/\",\"name\":\"18.000 personas y 12 ciudades han corrido por la educaci\u00f3n de las ni\u00f1as - Entreculturas\",\"isPartOf\":{\"@id\":\"https:\\\/\\\/www.entreculturas.org\\\/gl\\\/#website\"},\"primaryImageOfPage\":{\"@id\":\"https:\\\/\\\/www.entreculturas.org\\\/gl\\\/noticia\\\/18000-personas-y-12-ciudades-han-corrido-por-la-educacion-de-las-ninas\\\/#primaryimage\"},\"image\":{\"@id\":\"https:\\\/\\\/www.entreculturas.org\\\/gl\\\/noticia\\\/18000-personas-y-12-ciudades-han-corrido-por-la-educacion-de-las-ninas\\\/#primaryimage\"},\"thumbnailUrl\":\"https:\\\/\\\/www.entreculturas.org\\\/wp-content\\\/uploads\\\/2019\\\/04\\\/noticia-carrera1.jpg\",\"datePublished\":\"2019-04-29T11:22:14+00:00\",\"dateModified\":\"2024-03-18T17:06:11+00:00\",\"breadcrumb\":{\"@id\":\"https:\\\/\\\/www.entreculturas.org\\\/gl\\\/noticia\\\/18000-personas-y-12-ciudades-han-corrido-por-la-educacion-de-las-ninas\\\/#breadcrumb\"},\"inLanguage\":\"gl-ES\",\"potentialAction\":[{\"@type\":\"ReadAction\",\"target\":[\"https:\\\/\\\/www.entreculturas.org\\\/gl\\\/noticia\\\/18000-personas-y-12-ciudades-han-corrido-por-la-educacion-de-las-ninas\\\/\"]}]},{\"@type\":\"ImageObject\",\"inLanguage\":\"gl-ES\",\"@id\":\"https:\\\/\\\/www.entreculturas.org\\\/gl\\\/noticia\\\/18000-personas-y-12-ciudades-han-corrido-por-la-educacion-de-las-ninas\\\/#primaryimage\",\"url\":\"https:\\\/\\\/www.entreculturas.org\\\/wp-content\\\/uploads\\\/2019\\\/04\\\/noticia-carrera1.jpg\",\"contentUrl\":\"https:\\\/\\\/www.entreculturas.org\\\/wp-content\\\/uploads\\\/2019\\\/04\\\/noticia-carrera1.jpg\",\"width\":800,\"height\":533,\"caption\":\"noticia-carrera1\"},{\"@type\":\"BreadcrumbList\",\"@id\":\"https:\\\/\\\/www.entreculturas.org\\\/gl\\\/noticia\\\/18000-personas-y-12-ciudades-han-corrido-por-la-educacion-de-las-ninas\\\/#breadcrumb\",\"itemListElement\":[{\"@type\":\"ListItem\",\"position\":1,\"name\":\"Home\",\"item\":\"https:\\\/\\\/www.entreculturas.org\\\/gl\\\/\"},{\"@type\":\"ListItem\",\"position\":2,\"name\":\"Noticias\",\"item\":\"https:\\\/\\\/www.entreculturas.org\\\/gl\\\/noticias\\\/\"},{\"@type\":\"ListItem\",\"position\":3,\"name\":\"18.000 personas y 12 ciudades han corrido por la educaci\u00f3n de las ni\u00f1as\"}]},{\"@type\":\"WebSite\",\"@id\":\"https:\\\/\\\/www.entreculturas.org\\\/gl\\\/#website\",\"url\":\"https:\\\/\\\/www.entreculturas.org\\\/gl\\\/\",\"name\":\"Entreculturas\",\"description\":\"\",\"publisher\":{\"@id\":\"https:\\\/\\\/www.entreculturas.org\\\/gl\\\/#organization\"},\"alternateName\":\"Entreculturas\",\"potentialAction\":[{\"@type\":\"SearchAction\",\"target\":{\"@type\":\"EntryPoint\",\"urlTemplate\":\"https:\\\/\\\/www.entreculturas.org\\\/gl\\\/?s={search_term_string}\"},\"query-input\":{\"@type\":\"PropertyValueSpecification\",\"valueRequired\":true,\"valueName\":\"search_term_string\"}}],\"inLanguage\":\"gl-ES\"},{\"@type\":\"Organization\",\"@id\":\"https:\\\/\\\/www.entreculturas.org\\\/gl\\\/#organization\",\"name\":\"Entreculturas\",\"url\":\"https:\\\/\\\/www.entreculturas.org\\\/gl\\\/\",\"logo\":{\"@type\":\"ImageObject\",\"inLanguage\":\"gl-ES\",\"@id\":\"https:\\\/\\\/www.entreculturas.org\\\/gl\\\/#\\\/schema\\\/logo\\\/image\\\/\",\"url\":\"https:\\\/\\\/www.entreculturas.org\\\/wp-content\\\/uploads\\\/2025\\\/10\\\/ESP.svg\",\"contentUrl\":\"https:\\\/\\\/www.entreculturas.org\\\/wp-content\\\/uploads\\\/2025\\\/10\\\/ESP.svg\",\"caption\":\"Entreculturas\"},\"image\":{\"@id\":\"https:\\\/\\\/www.entreculturas.org\\\/gl\\\/#\\\/schema\\\/logo\\\/image\\\/\"},\"sameAs\":[\"https:\\\/\\\/www.facebook.com\\\/entreculturas\",\"https:\\\/\\\/x.com\\\/Entreculturas\",\"https:\\\/\\\/www.instagram.com\\\/entreculturas\\\/\",\"https:\\\/\\\/www.youtube.com\\\/user\\\/entreculturasvideo\",\"https:\\\/\\\/www.linkedin.com\\\/company\\\/fundacion-entreculturas-ngdo\\\/\",\"https:\\\/\\\/www.flickr.com\\\/photos\\\/98455522@N04\\\/albums\\\/\"]}]}<\/script>\n<!-- \/ Yoast SEO Premium plugin. -->","yoast_head_json":{"title":"18.000 personas y 12 ciudades han corrido por la educaci\u00f3n de las ni\u00f1as - Entreculturas","robots":{"index":"index","follow":"follow","max-snippet":"max-snippet:-1","max-image-preview":"max-image-preview:large","max-video-preview":"max-video-preview:-1"},"canonical":"https:\/\/www.entreculturas.org\/gl\/noticia\/18000-personas-y-12-ciudades-han-corrido-por-la-educacion-de-las-ninas\/","og_locale":"gl_ES","og_type":"article","og_title":"18.000 personas y 12 ciudades han corrido por la educaci\u00f3n de las ni\u00f1as","og_description":"Este domingo ha finalizado en Barcelona la VIII edici\u00f3n del circuito de carreras solidarias \u201cCorre por una causa\u201d. En total, han sido 12 ciudades espa\u00f1olas y m\u00e1s de 18.000 participantes los que han corrido por la educaci\u00f3n de las ni\u00f1as. Este a\u00f1o, los fondos recaudados ir\u00e1n destinados al programa \u201cLa Luz de las ni\u00f1as\u201d.","og_url":"https:\/\/www.entreculturas.org\/gl\/noticia\/18000-personas-y-12-ciudades-han-corrido-por-la-educacion-de-las-ninas\/","og_site_name":"Entreculturas","article_publisher":"https:\/\/www.facebook.com\/entreculturas","article_modified_time":"2024-03-18T17:06:11+00:00","og_image":[{"width":800,"height":533,"url":"https:\/\/www.entreculturas.org\/wp-content\/uploads\/2019\/04\/noticia-carrera1.jpg","type":"image\/jpeg"}],"twitter_card":"summary_large_image","twitter_site":"@Entreculturas","schema":{"@context":"https:\/\/schema.org","@graph":[{"@type":"WebPage","@id":"https:\/\/www.entreculturas.org\/gl\/noticia\/18000-personas-y-12-ciudades-han-corrido-por-la-educacion-de-las-ninas\/","url":"https:\/\/www.entreculturas.org\/gl\/noticia\/18000-personas-y-12-ciudades-han-corrido-por-la-educacion-de-las-ninas\/","name":"18.000 personas y 12 ciudades han corrido por la educaci\u00f3n de las ni\u00f1as - Entreculturas","isPartOf":{"@id":"https:\/\/www.entreculturas.org\/gl\/#website"},"primaryImageOfPage":{"@id":"https:\/\/www.entreculturas.org\/gl\/noticia\/18000-personas-y-12-ciudades-han-corrido-por-la-educacion-de-las-ninas\/#primaryimage"},"image":{"@id":"https:\/\/www.entreculturas.org\/gl\/noticia\/18000-personas-y-12-ciudades-han-corrido-por-la-educacion-de-las-ninas\/#primaryimage"},"thumbnailUrl":"https:\/\/www.entreculturas.org\/wp-content\/uploads\/2019\/04\/noticia-carrera1.jpg","datePublished":"2019-04-29T11:22:14+00:00","dateModified":"2024-03-18T17:06:11+00:00","breadcrumb":{"@id":"https:\/\/www.entreculturas.org\/gl\/noticia\/18000-personas-y-12-ciudades-han-corrido-por-la-educacion-de-las-ninas\/#breadcrumb"},"inLanguage":"gl-ES","potentialAction":[{"@type":"ReadAction","target":["https:\/\/www.entreculturas.org\/gl\/noticia\/18000-personas-y-12-ciudades-han-corrido-por-la-educacion-de-las-ninas\/"]}]},{"@type":"ImageObject","inLanguage":"gl-ES","@id":"https:\/\/www.entreculturas.org\/gl\/noticia\/18000-personas-y-12-ciudades-han-corrido-por-la-educacion-de-las-ninas\/#primaryimage","url":"https:\/\/www.entreculturas.org\/wp-content\/uploads\/2019\/04\/noticia-carrera1.jpg","contentUrl":"https:\/\/www.entreculturas.org\/wp-content\/uploads\/2019\/04\/noticia-carrera1.jpg","width":800,"height":533,"caption":"noticia-carrera1"},{"@type":"BreadcrumbList","@id":"https:\/\/www.entreculturas.org\/gl\/noticia\/18000-personas-y-12-ciudades-han-corrido-por-la-educacion-de-las-ninas\/#breadcrumb","itemListElement":[{"@type":"ListItem","position":1,"name":"Home","item":"https:\/\/www.entreculturas.org\/gl\/"},{"@type":"ListItem","position":2,"name":"Noticias","item":"https:\/\/www.entreculturas.org\/gl\/noticias\/"},{"@type":"ListItem","position":3,"name":"18.000 personas y 12 ciudades han corrido por la educaci\u00f3n de las ni\u00f1as"}]},{"@type":"WebSite","@id":"https:\/\/www.entreculturas.org\/gl\/#website","url":"https:\/\/www.entreculturas.org\/gl\/","name":"Entreculturas","description":"","publisher":{"@id":"https:\/\/www.entreculturas.org\/gl\/#organization"},"alternateName":"Entreculturas","potentialAction":[{"@type":"SearchAction","target":{"@type":"EntryPoint","urlTemplate":"https:\/\/www.entreculturas.org\/gl\/?s={search_term_string}"},"query-input":{"@type":"PropertyValueSpecification","valueRequired":true,"valueName":"search_term_string"}}],"inLanguage":"gl-ES"},{"@type":"Organization","@id":"https:\/\/www.entreculturas.org\/gl\/#organization","name":"Entreculturas","url":"https:\/\/www.entreculturas.org\/gl\/","logo":{"@type":"ImageObject","inLanguage":"gl-ES","@id":"https:\/\/www.entreculturas.org\/gl\/#\/schema\/logo\/image\/","url":"https:\/\/www.entreculturas.org\/wp-content\/uploads\/2025\/10\/ESP.svg","contentUrl":"https:\/\/www.entreculturas.org\/wp-content\/uploads\/2025\/10\/ESP.svg","caption":"Entreculturas"},"image":{"@id":"https:\/\/www.entreculturas.org\/gl\/#\/schema\/logo\/image\/"},"sameAs":["https:\/\/www.facebook.com\/entreculturas","https:\/\/x.com\/Entreculturas","https:\/\/www.instagram.com\/entreculturas\/","https:\/\/www.youtube.com\/user\/entreculturasvideo","https:\/\/www.linkedin.com\/company\/fundacion-entreculturas-ngdo\/","https:\/\/www.flickr.com\/photos\/98455522@N04\/albums\/"]}]}},"_links":{"self":[{"href":"https:\/\/www.entreculturas.org\/gl\/wp-json\/wp\/v2\/noticia\/3103","targetHints":{"allow":["GET"]}}],"collection":[{"href":"https:\/\/www.entreculturas.org\/gl\/wp-json\/wp\/v2\/noticia"}],"about":[{"href":"https:\/\/www.entreculturas.org\/gl\/wp-json\/wp\/v2\/types\/noticia"}],"wp:featuredmedia":[{"embeddable":true,"href":"https:\/\/www.entreculturas.org\/gl\/wp-json\/wp\/v2\/media\/3104"}],"wp:attachment":[{"href":"https:\/\/www.entreculturas.org\/gl\/wp-json\/wp\/v2\/media?parent=3103"}],"wp:term":[{"taxonomy":"category","embeddable":true,"href":"https:\/\/www.entreculturas.org\/gl\/wp-json\/wp\/v2\/categories?post=3103"},{"taxonomy":"post_tag","embeddable":true,"href":"https:\/\/www.entreculturas.org\/gl\/wp-json\/wp\/v2\/tags?post=3103"},{"taxonomy":"country","embeddable":true,"href":"https:\/\/www.entreculturas.org\/gl\/wp-json\/wp\/v2\/country?post=3103"},{"taxonomy":"cause","embeddable":true,"href":"https:\/\/www.entreculturas.org\/gl\/wp-json\/wp\/v2\/cause?post=3103"}],"curies":[{"name":"wp","href":"https:\/\/api.w.org\/{rel}","templated":true}]}}