{"id":30178,"date":"2024-03-30T11:48:28","date_gmt":"2024-03-30T10:48:28","guid":{"rendered":"https:\/\/www.entreculturas.org\/?post_type=publicacion&#038;p=30178"},"modified":"2024-09-19T14:02:17","modified_gmt":"2024-09-19T12:02:17","slug":"grisell-galeano-voluntaria-delegacion-de-madrid","status":"publish","type":"noticia","link":"https:\/\/www.entreculturas.org\/gl\/noticia\/grisell-galeano-voluntaria-delegacion-de-madrid\/","title":{"rendered":"Grisell Galeano &#8211; Voluntaria Delegaci\u00f3n de Madrid"},"content":{"rendered":"\n<p><\/p>\n\n\n\n<p>Me llamo Grisell, soy nicarag\u00fcense y hace un a\u00f1o que vivo en Madrid y he tenido la oportunidad de participar en la Campa\u00f1a de La LUZ de las NI\u00d1AS como Responsable de Comunicaci\u00f3n y G\u00e9nero de la Iniciativa de G\u00e9nero de la Federaci\u00f3n Internacional Fe y Alegr\u00eda.&nbsp;<\/p>\n\n\n\n<p><\/p>\n\n\n\n<p>Con el prop\u00f3sito de visibilizar las diferentes realidades de violencia a las que est\u00e1n expuestas las ni\u00f1as y deconstruir las violencias basadas en g\u00e9nero, se desarroll\u00f3 una serie de acciones comunicativas donde fui participe como portavoz de la Campa\u00f1a regional de La LUZ de las NI\u00d1AS para Nicaragua, Honduras, El Salvador y Per\u00fa.&nbsp;<\/p>\n\n\n\n<p><\/p>\n\n\n\n<p>Tras esta experiencia al llegar a Espa\u00f1a me anim\u00e9 a colaborar con Entreculturas, donde he realizado un voluntariado apoyando al \u00c1rea de Comunicaci\u00f3n en la sede central, y me llev\u00e9 una experiencia enriquecedora y de aprendizaje al redactar mi primer reportaje para la revista trimestral.<\/p>\n\n\n\n<p><\/p>\n\n\n\n<p>Mi compromiso ha sido y ser\u00e1 aportar un granito de arena en las acciones socioeducativas con enfoque de g\u00e9nero que desarrolla Entreculturas, es as\u00ed como me invitaron a participar en actividades de voluntariado en la Delegaci\u00f3n de Madrid, donde actualmente acompa\u00f1o en eventos puntuales sobre Derechos de las Mujeres, G\u00e9nero y Migraci\u00f3n.&nbsp;<\/p>\n\n\n\n<p><\/p>\n\n\n\n<p>Recientemente, estuve acompa\u00f1ando a la Delegaci\u00f3n de Madrid en&nbsp; \u201cFeminismos en plural\u201d conversatorio en conmemoraci\u00f3n al 8 de marzo D\u00eda Internacional de las Mujeres. Una experiencia enriquecedora y de aprendizaje que nos anim\u00f3 y recarg\u00f3 fuerzas al sentir que claramente somos muchas las personas luchando por las mismas causas. Toda esta experiencia en Entreculturas ha sido transformadora, y nos compromete a seguir haciendo camino hacia una educaci\u00f3n de calidad integral.<\/p>\n","protected":false},"excerpt":{"rendered":"<p>Me llamo Grisell, soy nicarag\u00fcense y hace un a\u00f1o que vivo en Madrid y he tenido la oportunidad de participar en la Campa\u00f1a de La LUZ de las NI\u00d1AS como Responsable de Comunicaci\u00f3n y G\u00e9nero de la Iniciativa de G\u00e9nero de la Federaci\u00f3n Internacional Fe y Alegr\u00eda.&nbsp; Con el prop\u00f3sito de visibilizar las diferentes realidades de violencia a las que est\u00e1n expuestas las ni\u00f1as y deconstruir las violencias basadas en g\u00e9nero, se desarroll\u00f3 una serie de acciones comunicativas donde fui participe como portavoz de la Campa\u00f1a regional de La LUZ de las NI\u00d1AS para Nicaragua, Honduras, El Salvador y Per\u00fa.&nbsp; Tras esta experiencia al llegar a Espa\u00f1a me anim\u00e9 a colaborar con Entreculturas, donde he realizado un voluntariado apoyando al \u00c1rea de Comunicaci\u00f3n en la sede central, y me llev\u00e9 una experiencia enriquecedora y de aprendizaje al redactar mi primer reportaje para la revista trimestral. Mi compromiso ha sido y [&hellip;]<\/p>\n","protected":false},"featured_media":30180,"template":"single-noticia","meta":{"_acf_changed":false},"categories":[7],"tags":[191],"country":[],"cause":[132],"class_list":["post-30178","noticia","type-noticia","status-publish","has-post-thumbnail","hentry","category-noticia","tag-voluntariado","cause-participacion-y-ciudadania-global"],"acf":[],"yoast_head":"<!-- This site is optimized with the Yoast SEO Premium plugin v21.6 (Yoast SEO v27.5) - https:\/\/yoast.com\/product\/yoast-seo-premium-wordpress\/ -->\n<title>Grisell Galeano - Voluntaria Delegaci\u00f3n de Madrid - Entreculturas<\/title>\n<meta name=\"robots\" content=\"index, follow, max-snippet:-1, max-image-preview:large, max-video-preview:-1\" \/>\n<link rel=\"canonical\" href=\"https:\/\/www.entreculturas.org\/gl\/noticia\/grisell-galeano-voluntaria-delegacion-de-madrid\/\" \/>\n<meta property=\"og:locale\" content=\"gl_ES\" \/>\n<meta property=\"og:type\" content=\"article\" \/>\n<meta property=\"og:title\" content=\"Grisell Galeano - Voluntaria Delegaci\u00f3n de Madrid\" \/>\n<meta property=\"og:description\" content=\"Me llamo Grisell, soy nicarag\u00fcense y hace un a\u00f1o que vivo en Madrid y he tenido la oportunidad de participar en la Campa\u00f1a de La LUZ de las NI\u00d1AS como Responsable de Comunicaci\u00f3n y G\u00e9nero de la Iniciativa de G\u00e9nero de la Federaci\u00f3n Internacional Fe y Alegr\u00eda.&nbsp; Con el prop\u00f3sito de visibilizar las diferentes realidades de violencia a las que est\u00e1n expuestas las ni\u00f1as y deconstruir las violencias basadas en g\u00e9nero, se desarroll\u00f3 una serie de acciones comunicativas donde fui participe como portavoz de la Campa\u00f1a regional de La LUZ de las NI\u00d1AS para Nicaragua, Honduras, El Salvador y Per\u00fa.&nbsp; Tras esta experiencia al llegar a Espa\u00f1a me anim\u00e9 a colaborar con Entreculturas, donde he realizado un voluntariado apoyando al \u00c1rea de Comunicaci\u00f3n en la sede central, y me llev\u00e9 una experiencia enriquecedora y de aprendizaje al redactar mi primer reportaje para la revista trimestral. Mi compromiso ha sido y [&hellip;]\" \/>\n<meta property=\"og:url\" content=\"https:\/\/www.entreculturas.org\/gl\/noticia\/grisell-galeano-voluntaria-delegacion-de-madrid\/\" \/>\n<meta property=\"og:site_name\" content=\"Entreculturas\" \/>\n<meta property=\"article:publisher\" content=\"https:\/\/www.facebook.com\/entreculturas\" \/>\n<meta property=\"article:modified_time\" content=\"2024-09-19T12:02:17+00:00\" \/>\n<meta property=\"og:image\" content=\"https:\/\/www.entreculturas.org\/wp-content\/uploads\/2024\/08\/Grissel_web-e1726747320963.jpg\" \/>\n\t<meta property=\"og:image:width\" content=\"1000\" \/>\n\t<meta property=\"og:image:height\" content=\"540\" \/>\n\t<meta property=\"og:image:type\" content=\"image\/jpeg\" \/>\n<meta name=\"twitter:card\" content=\"summary_large_image\" \/>\n<meta name=\"twitter:site\" content=\"@Entreculturas\" \/>\n<script type=\"application\/ld+json\" class=\"yoast-schema-graph\">{\"@context\":\"https:\\\/\\\/schema.org\",\"@graph\":[{\"@type\":\"WebPage\",\"@id\":\"https:\\\/\\\/www.entreculturas.org\\\/gl\\\/noticia\\\/grisell-galeano-voluntaria-delegacion-de-madrid\\\/\",\"url\":\"https:\\\/\\\/www.entreculturas.org\\\/gl\\\/noticia\\\/grisell-galeano-voluntaria-delegacion-de-madrid\\\/\",\"name\":\"Grisell Galeano - Voluntaria Delegaci\u00f3n de Madrid - Entreculturas\",\"isPartOf\":{\"@id\":\"https:\\\/\\\/www.entreculturas.org\\\/gl\\\/#website\"},\"primaryImageOfPage\":{\"@id\":\"https:\\\/\\\/www.entreculturas.org\\\/gl\\\/noticia\\\/grisell-galeano-voluntaria-delegacion-de-madrid\\\/#primaryimage\"},\"image\":{\"@id\":\"https:\\\/\\\/www.entreculturas.org\\\/gl\\\/noticia\\\/grisell-galeano-voluntaria-delegacion-de-madrid\\\/#primaryimage\"},\"thumbnailUrl\":\"https:\\\/\\\/www.entreculturas.org\\\/wp-content\\\/uploads\\\/2024\\\/08\\\/Grissel_web-e1726747320963.jpg\",\"datePublished\":\"2024-03-30T10:48:28+00:00\",\"dateModified\":\"2024-09-19T12:02:17+00:00\",\"breadcrumb\":{\"@id\":\"https:\\\/\\\/www.entreculturas.org\\\/gl\\\/noticia\\\/grisell-galeano-voluntaria-delegacion-de-madrid\\\/#breadcrumb\"},\"inLanguage\":\"gl-ES\",\"potentialAction\":[{\"@type\":\"ReadAction\",\"target\":[\"https:\\\/\\\/www.entreculturas.org\\\/gl\\\/noticia\\\/grisell-galeano-voluntaria-delegacion-de-madrid\\\/\"]}]},{\"@type\":\"ImageObject\",\"inLanguage\":\"gl-ES\",\"@id\":\"https:\\\/\\\/www.entreculturas.org\\\/gl\\\/noticia\\\/grisell-galeano-voluntaria-delegacion-de-madrid\\\/#primaryimage\",\"url\":\"https:\\\/\\\/www.entreculturas.org\\\/wp-content\\\/uploads\\\/2024\\\/08\\\/Grissel_web-e1726747320963.jpg\",\"contentUrl\":\"https:\\\/\\\/www.entreculturas.org\\\/wp-content\\\/uploads\\\/2024\\\/08\\\/Grissel_web-e1726747320963.jpg\",\"width\":1000,\"height\":540},{\"@type\":\"BreadcrumbList\",\"@id\":\"https:\\\/\\\/www.entreculturas.org\\\/gl\\\/noticia\\\/grisell-galeano-voluntaria-delegacion-de-madrid\\\/#breadcrumb\",\"itemListElement\":[{\"@type\":\"ListItem\",\"position\":1,\"name\":\"Home\",\"item\":\"https:\\\/\\\/www.entreculturas.org\\\/gl\\\/\"},{\"@type\":\"ListItem\",\"position\":2,\"name\":\"Noticias\",\"item\":\"https:\\\/\\\/www.entreculturas.org\\\/gl\\\/noticias\\\/\"},{\"@type\":\"ListItem\",\"position\":3,\"name\":\"Grisell Galeano &#8211; Voluntaria Delegaci\u00f3n de Madrid\"}]},{\"@type\":\"WebSite\",\"@id\":\"https:\\\/\\\/www.entreculturas.org\\\/gl\\\/#website\",\"url\":\"https:\\\/\\\/www.entreculturas.org\\\/gl\\\/\",\"name\":\"Entreculturas\",\"description\":\"\",\"publisher\":{\"@id\":\"https:\\\/\\\/www.entreculturas.org\\\/gl\\\/#organization\"},\"alternateName\":\"Entreculturas\",\"potentialAction\":[{\"@type\":\"SearchAction\",\"target\":{\"@type\":\"EntryPoint\",\"urlTemplate\":\"https:\\\/\\\/www.entreculturas.org\\\/gl\\\/?s={search_term_string}\"},\"query-input\":{\"@type\":\"PropertyValueSpecification\",\"valueRequired\":true,\"valueName\":\"search_term_string\"}}],\"inLanguage\":\"gl-ES\"},{\"@type\":\"Organization\",\"@id\":\"https:\\\/\\\/www.entreculturas.org\\\/gl\\\/#organization\",\"name\":\"Entreculturas\",\"url\":\"https:\\\/\\\/www.entreculturas.org\\\/gl\\\/\",\"logo\":{\"@type\":\"ImageObject\",\"inLanguage\":\"gl-ES\",\"@id\":\"https:\\\/\\\/www.entreculturas.org\\\/gl\\\/#\\\/schema\\\/logo\\\/image\\\/\",\"url\":\"https:\\\/\\\/www.entreculturas.org\\\/wp-content\\\/uploads\\\/2025\\\/10\\\/ESP.svg\",\"contentUrl\":\"https:\\\/\\\/www.entreculturas.org\\\/wp-content\\\/uploads\\\/2025\\\/10\\\/ESP.svg\",\"caption\":\"Entreculturas\"},\"image\":{\"@id\":\"https:\\\/\\\/www.entreculturas.org\\\/gl\\\/#\\\/schema\\\/logo\\\/image\\\/\"},\"sameAs\":[\"https:\\\/\\\/www.facebook.com\\\/entreculturas\",\"https:\\\/\\\/x.com\\\/Entreculturas\",\"https:\\\/\\\/www.instagram.com\\\/entreculturas\\\/\",\"https:\\\/\\\/www.youtube.com\\\/user\\\/entreculturasvideo\",\"https:\\\/\\\/www.linkedin.com\\\/company\\\/fundacion-entreculturas-ngdo\\\/\",\"https:\\\/\\\/www.flickr.com\\\/photos\\\/98455522@N04\\\/albums\\\/\"]}]}<\/script>\n<!-- \/ Yoast SEO Premium plugin. -->","yoast_head_json":{"title":"Grisell Galeano - Voluntaria Delegaci\u00f3n de Madrid - Entreculturas","robots":{"index":"index","follow":"follow","max-snippet":"max-snippet:-1","max-image-preview":"max-image-preview:large","max-video-preview":"max-video-preview:-1"},"canonical":"https:\/\/www.entreculturas.org\/gl\/noticia\/grisell-galeano-voluntaria-delegacion-de-madrid\/","og_locale":"gl_ES","og_type":"article","og_title":"Grisell Galeano - Voluntaria Delegaci\u00f3n de Madrid","og_description":"Me llamo Grisell, soy nicarag\u00fcense y hace un a\u00f1o que vivo en Madrid y he tenido la oportunidad de participar en la Campa\u00f1a de La LUZ de las NI\u00d1AS como Responsable de Comunicaci\u00f3n y G\u00e9nero de la Iniciativa de G\u00e9nero de la Federaci\u00f3n Internacional Fe y Alegr\u00eda.&nbsp; Con el prop\u00f3sito de visibilizar las diferentes realidades de violencia a las que est\u00e1n expuestas las ni\u00f1as y deconstruir las violencias basadas en g\u00e9nero, se desarroll\u00f3 una serie de acciones comunicativas donde fui participe como portavoz de la Campa\u00f1a regional de La LUZ de las NI\u00d1AS para Nicaragua, Honduras, El Salvador y Per\u00fa.&nbsp; Tras esta experiencia al llegar a Espa\u00f1a me anim\u00e9 a colaborar con Entreculturas, donde he realizado un voluntariado apoyando al \u00c1rea de Comunicaci\u00f3n en la sede central, y me llev\u00e9 una experiencia enriquecedora y de aprendizaje al redactar mi primer reportaje para la revista trimestral. Mi compromiso ha sido y [&hellip;]","og_url":"https:\/\/www.entreculturas.org\/gl\/noticia\/grisell-galeano-voluntaria-delegacion-de-madrid\/","og_site_name":"Entreculturas","article_publisher":"https:\/\/www.facebook.com\/entreculturas","article_modified_time":"2024-09-19T12:02:17+00:00","og_image":[{"width":1000,"height":540,"url":"https:\/\/www.entreculturas.org\/wp-content\/uploads\/2024\/08\/Grissel_web-e1726747320963.jpg","type":"image\/jpeg"}],"twitter_card":"summary_large_image","twitter_site":"@Entreculturas","schema":{"@context":"https:\/\/schema.org","@graph":[{"@type":"WebPage","@id":"https:\/\/www.entreculturas.org\/gl\/noticia\/grisell-galeano-voluntaria-delegacion-de-madrid\/","url":"https:\/\/www.entreculturas.org\/gl\/noticia\/grisell-galeano-voluntaria-delegacion-de-madrid\/","name":"Grisell Galeano - Voluntaria Delegaci\u00f3n de Madrid - Entreculturas","isPartOf":{"@id":"https:\/\/www.entreculturas.org\/gl\/#website"},"primaryImageOfPage":{"@id":"https:\/\/www.entreculturas.org\/gl\/noticia\/grisell-galeano-voluntaria-delegacion-de-madrid\/#primaryimage"},"image":{"@id":"https:\/\/www.entreculturas.org\/gl\/noticia\/grisell-galeano-voluntaria-delegacion-de-madrid\/#primaryimage"},"thumbnailUrl":"https:\/\/www.entreculturas.org\/wp-content\/uploads\/2024\/08\/Grissel_web-e1726747320963.jpg","datePublished":"2024-03-30T10:48:28+00:00","dateModified":"2024-09-19T12:02:17+00:00","breadcrumb":{"@id":"https:\/\/www.entreculturas.org\/gl\/noticia\/grisell-galeano-voluntaria-delegacion-de-madrid\/#breadcrumb"},"inLanguage":"gl-ES","potentialAction":[{"@type":"ReadAction","target":["https:\/\/www.entreculturas.org\/gl\/noticia\/grisell-galeano-voluntaria-delegacion-de-madrid\/"]}]},{"@type":"ImageObject","inLanguage":"gl-ES","@id":"https:\/\/www.entreculturas.org\/gl\/noticia\/grisell-galeano-voluntaria-delegacion-de-madrid\/#primaryimage","url":"https:\/\/www.entreculturas.org\/wp-content\/uploads\/2024\/08\/Grissel_web-e1726747320963.jpg","contentUrl":"https:\/\/www.entreculturas.org\/wp-content\/uploads\/2024\/08\/Grissel_web-e1726747320963.jpg","width":1000,"height":540},{"@type":"BreadcrumbList","@id":"https:\/\/www.entreculturas.org\/gl\/noticia\/grisell-galeano-voluntaria-delegacion-de-madrid\/#breadcrumb","itemListElement":[{"@type":"ListItem","position":1,"name":"Home","item":"https:\/\/www.entreculturas.org\/gl\/"},{"@type":"ListItem","position":2,"name":"Noticias","item":"https:\/\/www.entreculturas.org\/gl\/noticias\/"},{"@type":"ListItem","position":3,"name":"Grisell Galeano &#8211; Voluntaria Delegaci\u00f3n de Madrid"}]},{"@type":"WebSite","@id":"https:\/\/www.entreculturas.org\/gl\/#website","url":"https:\/\/www.entreculturas.org\/gl\/","name":"Entreculturas","description":"","publisher":{"@id":"https:\/\/www.entreculturas.org\/gl\/#organization"},"alternateName":"Entreculturas","potentialAction":[{"@type":"SearchAction","target":{"@type":"EntryPoint","urlTemplate":"https:\/\/www.entreculturas.org\/gl\/?s={search_term_string}"},"query-input":{"@type":"PropertyValueSpecification","valueRequired":true,"valueName":"search_term_string"}}],"inLanguage":"gl-ES"},{"@type":"Organization","@id":"https:\/\/www.entreculturas.org\/gl\/#organization","name":"Entreculturas","url":"https:\/\/www.entreculturas.org\/gl\/","logo":{"@type":"ImageObject","inLanguage":"gl-ES","@id":"https:\/\/www.entreculturas.org\/gl\/#\/schema\/logo\/image\/","url":"https:\/\/www.entreculturas.org\/wp-content\/uploads\/2025\/10\/ESP.svg","contentUrl":"https:\/\/www.entreculturas.org\/wp-content\/uploads\/2025\/10\/ESP.svg","caption":"Entreculturas"},"image":{"@id":"https:\/\/www.entreculturas.org\/gl\/#\/schema\/logo\/image\/"},"sameAs":["https:\/\/www.facebook.com\/entreculturas","https:\/\/x.com\/Entreculturas","https:\/\/www.instagram.com\/entreculturas\/","https:\/\/www.youtube.com\/user\/entreculturasvideo","https:\/\/www.linkedin.com\/company\/fundacion-entreculturas-ngdo\/","https:\/\/www.flickr.com\/photos\/98455522@N04\/albums\/"]}]}},"_links":{"self":[{"href":"https:\/\/www.entreculturas.org\/gl\/wp-json\/wp\/v2\/noticia\/30178","targetHints":{"allow":["GET"]}}],"collection":[{"href":"https:\/\/www.entreculturas.org\/gl\/wp-json\/wp\/v2\/noticia"}],"about":[{"href":"https:\/\/www.entreculturas.org\/gl\/wp-json\/wp\/v2\/types\/noticia"}],"wp:featuredmedia":[{"embeddable":true,"href":"https:\/\/www.entreculturas.org\/gl\/wp-json\/wp\/v2\/media\/30180"}],"wp:attachment":[{"href":"https:\/\/www.entreculturas.org\/gl\/wp-json\/wp\/v2\/media?parent=30178"}],"wp:term":[{"taxonomy":"category","embeddable":true,"href":"https:\/\/www.entreculturas.org\/gl\/wp-json\/wp\/v2\/categories?post=30178"},{"taxonomy":"post_tag","embeddable":true,"href":"https:\/\/www.entreculturas.org\/gl\/wp-json\/wp\/v2\/tags?post=30178"},{"taxonomy":"country","embeddable":true,"href":"https:\/\/www.entreculturas.org\/gl\/wp-json\/wp\/v2\/country?post=30178"},{"taxonomy":"cause","embeddable":true,"href":"https:\/\/www.entreculturas.org\/gl\/wp-json\/wp\/v2\/cause?post=30178"}],"curies":[{"name":"wp","href":"https:\/\/api.w.org\/{rel}","templated":true}]}}