{"id":29179,"date":"2024-07-24T11:36:56","date_gmt":"2024-07-24T09:36:56","guid":{"rendered":"https:\/\/www.entreculturas.org\/?post_type=noticia&#038;p=29179"},"modified":"2024-07-24T12:34:08","modified_gmt":"2024-07-24T10:34:08","slug":"dia-de-la-accion-humanitaria-la-importancia-de-la-educacion","status":"publish","type":"noticia","link":"https:\/\/www.entreculturas.org\/gl\/noticia\/dia-de-la-accion-humanitaria-la-importancia-de-la-educacion\/","title":{"rendered":"D\u00eda de la Acci\u00f3n Humanitaria: la importancia de la educaci\u00f3n"},"content":{"rendered":"\n<p>Hoy en d\u00eda, un n\u00famero sin precedentes de personas vive en medio de emergencias humanitarias. Conflictos armados, desastres naturales, enfermedades y persecuciones violentas han obligado a m\u00e1s de 120 millones de personas a abandonar sus hogares. En estos contextos, los ni\u00f1os y ni\u00f1as son especialmente vulnerables, enfrent\u00e1ndose a enfermedades, violencia y la p\u00e9rdida de su derecho a la educaci\u00f3n.<br><\/p>\n\n\n\n<p>En el D\u00eda de la Acci\u00f3n Humanitaria, queremos resaltar la importancia de incluir la educaci\u00f3n como parte esencial de la respuesta ante las emergencias humanitarias. Es fundamental implementar medidas efectivas que aseguren que, incluso en las circunstancias m\u00e1s dif\u00edciles, la educaci\u00f3n siga siendo una prioridad y un derecho inalienable. Garantizar el acceso a la educaci\u00f3n durante las emergencias humanitarias no solo protege a los ni\u00f1os y ni\u00f1as de los peligros inmediatos, sino que tambi\u00e9n les brinda la oportunidad de un futuro mejor.<br><\/p>\n\n\n\n<div class=\"wp-block-kadence-image kb-image29179_bf71e7-89\"><figure class=\"aligncenter size-large\"><img decoding=\"async\" width=\"1024\" height=\"683\" src=\"https:\/\/www.entreculturas.org\/wp-content\/uploads\/2024\/07\/Copia-de-LBN_2023_Baalbek_DarAlHanan-36-1024x683.jpg\" alt=\"\" class=\"kb-img wp-image-29214\" srcset=\"https:\/\/www.entreculturas.org\/wp-content\/uploads\/2024\/07\/Copia-de-LBN_2023_Baalbek_DarAlHanan-36-1024x683.jpg 1024w, https:\/\/www.entreculturas.org\/wp-content\/uploads\/2024\/07\/Copia-de-LBN_2023_Baalbek_DarAlHanan-36-300x200.jpg 300w, https:\/\/www.entreculturas.org\/wp-content\/uploads\/2024\/07\/Copia-de-LBN_2023_Baalbek_DarAlHanan-36-768x512.jpg 768w, https:\/\/www.entreculturas.org\/wp-content\/uploads\/2024\/07\/Copia-de-LBN_2023_Baalbek_DarAlHanan-36-1536x1024.jpg 1536w, https:\/\/www.entreculturas.org\/wp-content\/uploads\/2024\/07\/Copia-de-LBN_2023_Baalbek_DarAlHanan-36.jpg 2048w\" sizes=\"(max-width: 1024px) 100vw, 1024px\" \/><\/figure><\/div>\n\n\n\n<h2 class=\"wp-block-heading\" id=\"h-la-importancia-de-garantizar-el-derecho-a-la-educacion\"><strong>La importancia de garantizar el derecho a la Educaci\u00f3n<\/strong><\/h2>\n\n\n\n<p><br>\u201cLa educaci\u00f3n es importante en estos contextos de crisis para mitigar el impacto de la emergencia en los ni\u00f1os y en las ni\u00f1as. En las escuelas buscamos crear condiciones que minimicen lo m\u00e1s posible sus consecuencias, para que el alumnado est\u00e9 lo m\u00e1s alejado posible de los problemas sociales que estamos viviendo en Venezuela\u201d.&nbsp;<br><\/p>\n\n\n\n<p>\u00c1lex R\u00edos es Director de la Escuela de Fe y Alegr\u00eda Ram\u00f3n Paz Ipuana en La Guajira venezolana, una zona donde las condiciones clim\u00e1ticas y sociales pueden llegar a ser, en ocasiones, extremas. En esta situaci\u00f3n, las escuelas se erigen como espacios de protecci\u00f3n y desarrollo para los ni\u00f1os y las ni\u00f1as, donde el profesorado celebra la continuidad de su alumnado como una aut\u00e9ntica victoria contra las circunstancias: \u201cLa permanencia del estudiantado y que otros muchos se vayan incorporando es el logro m\u00e1s grande que tenemos\u201d.&nbsp;&nbsp;<br><\/p>\n\n\n\n<p>Como \u00c1lex, apostamos por el acceso a la educaci\u00f3n como la palanca necesaria para mejorar la vida de los ni\u00f1os, ni\u00f1as y j\u00f3venes que se encuentran en circunstancias de vulnerabilidad y en contexto de emergencias humanitarias. Por ese motivo, desde hace a\u00f1os llevamos a cabo la campa\u00f1a \u2018<a href=\"https:\/\/www.escuelarefugio.org\/\">Escuela Refugio<\/a>\u2019, donde ponemos en valor la educaci\u00f3n como una herramienta necesaria de acogida y protecci\u00f3n de la infancia y la juventud en situaciones de emergencia.<\/p>\n\n\n\n<p><\/p>\n\n\n\n<h2 class=\"wp-block-heading\" id=\"h-la-escuela-como-un-espacio-seguro-y-de-paz\"><strong>La escuela como un espacio seguro y de paz<\/strong><\/h2>\n\n\n\n<p><br>M\u00e1s&nbsp; de 460 millones de ni\u00f1os, ni\u00f1as y adolescentes viven en zonas de conflicto, ya sea en crisis prolongadas como las de Darfur (Sud\u00e1n), Afganist\u00e1n, Sud\u00e1n del Sur y Siria o en emergencias nuevas como las de Ucrania y Gaza. Unos conflictos que han provocado que una quinta parte de los ni\u00f1os y ni\u00f1as del mundo, el mayor n\u00famero de la historia, se encuentren hoy en situaciones de emergencia, haciendo que peligre su vida, su derecho al aprendizaje y sus oportunidades de futuro.&nbsp;<\/p>\n\n\n\n<p><\/p>\n\n\n\n<p>En estos contextos, incluso en las guerras m\u00e1s cruentas, la escuela significa mucho para la infancia. Es el lugar donde pueden recuperar, aunque sea por unas horas, la normalidad, el juego, el aprendizaje. Por este motivo, como afirma Milena Sinisterra, Coordinadora de la Oficina del Servicio Jesuita a Refugiados (JRS) en el Valle del Cauca, Colombia, es necesario \u201cfortalecer las escuelas para que sean un entorno protector y protegido, para que ni\u00f1os y ni\u00f1as puedan permanecer en el sistema educativo\u201d. Una seguridad que va m\u00e1s all\u00e1 de lo educativo y que engloba otros derechos humanos que est\u00e1n estrechamente relacionados, como el derecho a la sanidad o a una buena alimentaci\u00f3n.<br><\/p>\n\n\n\n<p>Adem\u00e1s de la situaci\u00f3n del alumnado, las comunidades que se encuentran en contextos de conflicto tambi\u00e9n tienen que hacer frente al uso militar que, a menudo, se hace de las escuelas, y a los numerosos ataques que sufren: m\u00e1s de 5.000 en 2020 y 2021, seg\u00fan denuncia la Coalici\u00f3n Global para Proteger la Educaci\u00f3n de Ataques.&nbsp;<br><\/p>\n\n\n\n<h2 class=\"wp-block-heading\" id=\"h-la-realidad-de-las-ninas\"><strong>La realidad de las ni\u00f1as<\/strong><\/h2>\n\n\n\n<p><\/p>\n\n\n\n<p>En zonas que sufren estas circunstancias, 72 millones de ni\u00f1os y ni\u00f1as no est\u00e1n escolarizados. Una realidad que afecta doblemente a las ni\u00f1as. Sin embargo, las escuelas, incluso en estos contextos de emergencia, se convierten en lugares de empoderamiento y resiliencia. J\u00f3venes como Zawadi Larrisa, refugiada congole\u00f1a en Malaui, que, gracias a la educaci\u00f3n recibida por el JRS, ha logrado insertarse en el mundo laboral como experta en marketing digital \u201cEn apenas tres meses mi vida ha cambiado\u201d, afirma Zawadi entusiasmada por el giro que ha experimentado su vida y por poder servir de referente a otras j\u00f3venes como ella: \u201cTu tambi\u00e9n puedes hacerlo, siempre y cuando despiertes, despiertes donde quiera que est\u00e9s, te levantes y luches por ti misma\u201d.&nbsp;<\/p>\n\n\n\n<p><\/p>\n\n\n\n<figure class=\"wp-block-image aligncenter size-large is-resized\"><img decoding=\"async\" width=\"1024\" height=\"576\" src=\"https:\/\/www.entreculturas.org\/wp-content\/uploads\/2024\/07\/Irene-Galera-1024x576.jpg\" alt=\"\" class=\"wp-image-29238\" style=\"width:799px;height:auto\" srcset=\"https:\/\/www.entreculturas.org\/wp-content\/uploads\/2024\/07\/Irene-Galera-1024x576.jpg 1024w, https:\/\/www.entreculturas.org\/wp-content\/uploads\/2024\/07\/Irene-Galera-300x169.jpg 300w, https:\/\/www.entreculturas.org\/wp-content\/uploads\/2024\/07\/Irene-Galera-768x432.jpg 768w, https:\/\/www.entreculturas.org\/wp-content\/uploads\/2024\/07\/Irene-Galera-1536x864.jpg 1536w, https:\/\/www.entreculturas.org\/wp-content\/uploads\/2024\/07\/Irene-Galera-2048x1152.jpg 2048w\" sizes=\"(max-width: 1024px) 100vw, 1024px\" \/><figcaption class=\"wp-element-caption\">Irene Galera<\/figcaption><\/figure>\n\n\n\n<p><br><\/p>\n\n\n\n<p>Zawadi es solo un ejemplo de las muchas historias de ni\u00f1as y ni\u00f1os en contextos de emergencia que han visto c\u00f3mo su vida cambiaba gracias a la educaci\u00f3n. Un progreso que no ser\u00eda posible sin el papel crucial que juega el profesorado, quien en muchas ocasiones ejerce su profesi\u00f3n en condiciones muy adversas, tal y como afirma Yaika Weber, gerente de Servicios Educativos de Fe y Alegr\u00eda Venezuela: \u201cLos y las docentes est\u00e1n muy exigidos para poder desarrollar su labor, ya que existen dificultades en estos entornos que les dificultan su trabajo\u201d.&nbsp;<br><\/p>\n\n\n\n<p>Esta entrega del profesorado en situaciones de emergencias es clave para garantizar la educaci\u00f3n, algo que la propia Zawadi reconoce: \u201cA pesar de todos los desaf\u00edos que hemos enfrentado, nuestros maestros y maestras nunca han dejado de ense\u00f1arnos, lo cual es algo muy bueno\u201d.&nbsp; Desde Entreculturas reivindicamos la necesidad de cuidar y garantizar el bienestar del personal docente, ya que, como afirma Yaika, \u201csin docentes no hay escuelas\u201d.&nbsp;<br><\/p>\n\n\n\n<p>Adem\u00e1s del profesorado y el alumnado, las familias juegan un papel fundamental en garantizar el derecho a la educaci\u00f3n en situaciones de emergencia, teniendo un rol que va mucho m\u00e1s all\u00e1 de llevar a sus hijos e hijas a la escuela. Padres y madres intentan minimizar al m\u00e1ximo los efectos que estas crisis tienen sobre los ni\u00f1os y ni\u00f1as . Una situaci\u00f3n que, en ocasiones, puede generar mucho estr\u00e9s, necesitando el acompa\u00f1amiento del personal educativo cualificado. Este&nbsp; fue el caso de Adla que, gracias al programa del JRS Siria, pudo pudo acompa\u00f1ar de una mejor manera la educaci\u00f3n de sus cinco hijos: \u201cEstoy m\u00e1s tranquila y s\u00e9 que ahora hablar es lo primero\u201d.&nbsp;<br><\/p>\n\n\n\n<p>Desde Entreculturas, seguimos reivindicando&nbsp; la escuela como un espacio necesario de acogida y protecci\u00f3n de la infancia refugiada y desplazada. Como un espacio privilegiado para la construcci\u00f3n de un mundo m\u00e1s justo e igualitario.&nbsp; <a href=\"https:\/\/www.escuelarefugio.org\">www.escuelarefugio.org<\/a><\/p>\n","protected":false},"excerpt":{"rendered":"<p>Hoy en d\u00eda, un n\u00famero sin precedentes de personas vive en medio de emergencias humanitarias. Conflictos armados, desastres naturales, enfermedades y persecuciones violentas han obligado a m\u00e1s de 120 millones de personas a abandonar sus hogares. En estos contextos, los ni\u00f1os y ni\u00f1as son especialmente vulnerables, enfrent\u00e1ndose a enfermedades, violencia y la p\u00e9rdida de su derecho a la educaci\u00f3n. En el D\u00eda de la Acci\u00f3n Humanitaria, queremos resaltar la importancia de incluir la educaci\u00f3n como parte esencial de la respuesta ante las emergencias humanitarias. Es fundamental implementar medidas efectivas que aseguren que, incluso en las circunstancias m\u00e1s dif\u00edciles, la educaci\u00f3n siga siendo una prioridad y un derecho inalienable. Garantizar el acceso a la educaci\u00f3n durante las emergencias humanitarias no solo protege a los ni\u00f1os y ni\u00f1as de los peligros inmediatos, sino que tambi\u00e9n les brinda la oportunidad de un futuro mejor. La importancia de garantizar el derecho a la Educaci\u00f3n [&hellip;]<\/p>\n","protected":false},"featured_media":29208,"template":"","meta":{"_acf_changed":false},"categories":[7],"tags":[10],"country":[],"cause":[129],"class_list":["post-29179","noticia","type-noticia","status-publish","has-post-thumbnail","hentry","category-noticia","tag-migracion-y-refugio","cause-migracion-y-refugio"],"acf":[],"yoast_head":"<!-- This site is optimized with the Yoast SEO Premium plugin v21.6 (Yoast SEO v27.5) - https:\/\/yoast.com\/product\/yoast-seo-premium-wordpress\/ -->\n<title>D\u00eda de la Acci\u00f3n Humanitaria: la importancia de la educaci\u00f3n - Entreculturas<\/title>\n<meta name=\"description\" content=\"En el D\u00eda de la Acci\u00f3n Humanitaria resaltamos la importancia de incluir la educaci\u00f3n como parte de la respuesta ante las crisis humanitarias.\" \/>\n<meta name=\"robots\" content=\"index, follow, max-snippet:-1, max-image-preview:large, max-video-preview:-1\" \/>\n<link rel=\"canonical\" href=\"https:\/\/www.entreculturas.org\/gl\/noticia\/dia-de-la-accion-humanitaria-la-importancia-de-la-educacion\/\" \/>\n<meta property=\"og:locale\" content=\"gl_ES\" \/>\n<meta property=\"og:type\" content=\"article\" \/>\n<meta property=\"og:title\" content=\"D\u00eda de la Acci\u00f3n Humanitaria: la importancia de la educaci\u00f3n\" \/>\n<meta property=\"og:description\" content=\"En el D\u00eda de la Acci\u00f3n Humanitaria resaltamos la importancia de incluir la educaci\u00f3n como parte de la respuesta ante las crisis humanitarias.\" \/>\n<meta property=\"og:url\" content=\"https:\/\/www.entreculturas.org\/gl\/noticia\/dia-de-la-accion-humanitaria-la-importancia-de-la-educacion\/\" \/>\n<meta property=\"og:site_name\" content=\"Entreculturas\" \/>\n<meta property=\"article:publisher\" content=\"https:\/\/www.facebook.com\/entreculturas\" \/>\n<meta property=\"article:modified_time\" content=\"2024-07-24T10:34:08+00:00\" \/>\n<meta property=\"og:image\" content=\"https:\/\/www.entreculturas.org\/wp-content\/uploads\/2024\/07\/20111215_RCA_Escuelas-Markounda-75-scaled-e1721814660653.jpg\" \/>\n\t<meta property=\"og:image:width\" content=\"2560\" \/>\n\t<meta property=\"og:image:height\" content=\"1207\" \/>\n\t<meta property=\"og:image:type\" content=\"image\/jpeg\" \/>\n<meta name=\"twitter:card\" content=\"summary_large_image\" \/>\n<meta name=\"twitter:site\" content=\"@Entreculturas\" \/>\n<script type=\"application\/ld+json\" class=\"yoast-schema-graph\">{\"@context\":\"https:\\\/\\\/schema.org\",\"@graph\":[{\"@type\":\"WebPage\",\"@id\":\"https:\\\/\\\/www.entreculturas.org\\\/gl\\\/noticia\\\/dia-de-la-accion-humanitaria-la-importancia-de-la-educacion\\\/\",\"url\":\"https:\\\/\\\/www.entreculturas.org\\\/gl\\\/noticia\\\/dia-de-la-accion-humanitaria-la-importancia-de-la-educacion\\\/\",\"name\":\"D\u00eda de la Acci\u00f3n Humanitaria: la importancia de la educaci\u00f3n - Entreculturas\",\"isPartOf\":{\"@id\":\"https:\\\/\\\/www.entreculturas.org\\\/gl\\\/#website\"},\"primaryImageOfPage\":{\"@id\":\"https:\\\/\\\/www.entreculturas.org\\\/gl\\\/noticia\\\/dia-de-la-accion-humanitaria-la-importancia-de-la-educacion\\\/#primaryimage\"},\"image\":{\"@id\":\"https:\\\/\\\/www.entreculturas.org\\\/gl\\\/noticia\\\/dia-de-la-accion-humanitaria-la-importancia-de-la-educacion\\\/#primaryimage\"},\"thumbnailUrl\":\"https:\\\/\\\/www.entreculturas.org\\\/wp-content\\\/uploads\\\/2024\\\/07\\\/20111215_RCA_Escuelas-Markounda-75-scaled-e1721814660653.jpg\",\"datePublished\":\"2024-07-24T09:36:56+00:00\",\"dateModified\":\"2024-07-24T10:34:08+00:00\",\"description\":\"En el D\u00eda de la Acci\u00f3n Humanitaria resaltamos la importancia de incluir la educaci\u00f3n como parte de la respuesta ante las crisis humanitarias.\",\"breadcrumb\":{\"@id\":\"https:\\\/\\\/www.entreculturas.org\\\/gl\\\/noticia\\\/dia-de-la-accion-humanitaria-la-importancia-de-la-educacion\\\/#breadcrumb\"},\"inLanguage\":\"gl-ES\",\"potentialAction\":[{\"@type\":\"ReadAction\",\"target\":[\"https:\\\/\\\/www.entreculturas.org\\\/gl\\\/noticia\\\/dia-de-la-accion-humanitaria-la-importancia-de-la-educacion\\\/\"]}]},{\"@type\":\"ImageObject\",\"inLanguage\":\"gl-ES\",\"@id\":\"https:\\\/\\\/www.entreculturas.org\\\/gl\\\/noticia\\\/dia-de-la-accion-humanitaria-la-importancia-de-la-educacion\\\/#primaryimage\",\"url\":\"https:\\\/\\\/www.entreculturas.org\\\/wp-content\\\/uploads\\\/2024\\\/07\\\/20111215_RCA_Escuelas-Markounda-75-scaled-e1721814660653.jpg\",\"contentUrl\":\"https:\\\/\\\/www.entreculturas.org\\\/wp-content\\\/uploads\\\/2024\\\/07\\\/20111215_RCA_Escuelas-Markounda-75-scaled-e1721814660653.jpg\",\"width\":2560,\"height\":1207,\"caption\":\"d\u00eda de la acci\u00f3n humanitaria\"},{\"@type\":\"BreadcrumbList\",\"@id\":\"https:\\\/\\\/www.entreculturas.org\\\/gl\\\/noticia\\\/dia-de-la-accion-humanitaria-la-importancia-de-la-educacion\\\/#breadcrumb\",\"itemListElement\":[{\"@type\":\"ListItem\",\"position\":1,\"name\":\"Home\",\"item\":\"https:\\\/\\\/www.entreculturas.org\\\/gl\\\/\"},{\"@type\":\"ListItem\",\"position\":2,\"name\":\"Noticias\",\"item\":\"https:\\\/\\\/www.entreculturas.org\\\/gl\\\/noticias\\\/\"},{\"@type\":\"ListItem\",\"position\":3,\"name\":\"D\u00eda de la Acci\u00f3n Humanitaria: la importancia de la educaci\u00f3n\"}]},{\"@type\":\"WebSite\",\"@id\":\"https:\\\/\\\/www.entreculturas.org\\\/gl\\\/#website\",\"url\":\"https:\\\/\\\/www.entreculturas.org\\\/gl\\\/\",\"name\":\"Entreculturas\",\"description\":\"\",\"publisher\":{\"@id\":\"https:\\\/\\\/www.entreculturas.org\\\/gl\\\/#organization\"},\"alternateName\":\"Entreculturas\",\"potentialAction\":[{\"@type\":\"SearchAction\",\"target\":{\"@type\":\"EntryPoint\",\"urlTemplate\":\"https:\\\/\\\/www.entreculturas.org\\\/gl\\\/?s={search_term_string}\"},\"query-input\":{\"@type\":\"PropertyValueSpecification\",\"valueRequired\":true,\"valueName\":\"search_term_string\"}}],\"inLanguage\":\"gl-ES\"},{\"@type\":\"Organization\",\"@id\":\"https:\\\/\\\/www.entreculturas.org\\\/gl\\\/#organization\",\"name\":\"Entreculturas\",\"url\":\"https:\\\/\\\/www.entreculturas.org\\\/gl\\\/\",\"logo\":{\"@type\":\"ImageObject\",\"inLanguage\":\"gl-ES\",\"@id\":\"https:\\\/\\\/www.entreculturas.org\\\/gl\\\/#\\\/schema\\\/logo\\\/image\\\/\",\"url\":\"https:\\\/\\\/www.entreculturas.org\\\/wp-content\\\/uploads\\\/2025\\\/10\\\/ESP.svg\",\"contentUrl\":\"https:\\\/\\\/www.entreculturas.org\\\/wp-content\\\/uploads\\\/2025\\\/10\\\/ESP.svg\",\"caption\":\"Entreculturas\"},\"image\":{\"@id\":\"https:\\\/\\\/www.entreculturas.org\\\/gl\\\/#\\\/schema\\\/logo\\\/image\\\/\"},\"sameAs\":[\"https:\\\/\\\/www.facebook.com\\\/entreculturas\",\"https:\\\/\\\/x.com\\\/Entreculturas\",\"https:\\\/\\\/www.instagram.com\\\/entreculturas\\\/\",\"https:\\\/\\\/www.youtube.com\\\/user\\\/entreculturasvideo\",\"https:\\\/\\\/www.linkedin.com\\\/company\\\/fundacion-entreculturas-ngdo\\\/\",\"https:\\\/\\\/www.flickr.com\\\/photos\\\/98455522@N04\\\/albums\\\/\"]}]}<\/script>\n<!-- \/ Yoast SEO Premium plugin. -->","yoast_head_json":{"title":"D\u00eda de la Acci\u00f3n Humanitaria: la importancia de la educaci\u00f3n - Entreculturas","description":"En el D\u00eda de la Acci\u00f3n Humanitaria resaltamos la importancia de incluir la educaci\u00f3n como parte de la respuesta ante las crisis humanitarias.","robots":{"index":"index","follow":"follow","max-snippet":"max-snippet:-1","max-image-preview":"max-image-preview:large","max-video-preview":"max-video-preview:-1"},"canonical":"https:\/\/www.entreculturas.org\/gl\/noticia\/dia-de-la-accion-humanitaria-la-importancia-de-la-educacion\/","og_locale":"gl_ES","og_type":"article","og_title":"D\u00eda de la Acci\u00f3n Humanitaria: la importancia de la educaci\u00f3n","og_description":"En el D\u00eda de la Acci\u00f3n Humanitaria resaltamos la importancia de incluir la educaci\u00f3n como parte de la respuesta ante las crisis humanitarias.","og_url":"https:\/\/www.entreculturas.org\/gl\/noticia\/dia-de-la-accion-humanitaria-la-importancia-de-la-educacion\/","og_site_name":"Entreculturas","article_publisher":"https:\/\/www.facebook.com\/entreculturas","article_modified_time":"2024-07-24T10:34:08+00:00","og_image":[{"width":2560,"height":1207,"url":"https:\/\/www.entreculturas.org\/wp-content\/uploads\/2024\/07\/20111215_RCA_Escuelas-Markounda-75-scaled-e1721814660653.jpg","type":"image\/jpeg"}],"twitter_card":"summary_large_image","twitter_site":"@Entreculturas","schema":{"@context":"https:\/\/schema.org","@graph":[{"@type":"WebPage","@id":"https:\/\/www.entreculturas.org\/gl\/noticia\/dia-de-la-accion-humanitaria-la-importancia-de-la-educacion\/","url":"https:\/\/www.entreculturas.org\/gl\/noticia\/dia-de-la-accion-humanitaria-la-importancia-de-la-educacion\/","name":"D\u00eda de la Acci\u00f3n Humanitaria: la importancia de la educaci\u00f3n - Entreculturas","isPartOf":{"@id":"https:\/\/www.entreculturas.org\/gl\/#website"},"primaryImageOfPage":{"@id":"https:\/\/www.entreculturas.org\/gl\/noticia\/dia-de-la-accion-humanitaria-la-importancia-de-la-educacion\/#primaryimage"},"image":{"@id":"https:\/\/www.entreculturas.org\/gl\/noticia\/dia-de-la-accion-humanitaria-la-importancia-de-la-educacion\/#primaryimage"},"thumbnailUrl":"https:\/\/www.entreculturas.org\/wp-content\/uploads\/2024\/07\/20111215_RCA_Escuelas-Markounda-75-scaled-e1721814660653.jpg","datePublished":"2024-07-24T09:36:56+00:00","dateModified":"2024-07-24T10:34:08+00:00","description":"En el D\u00eda de la Acci\u00f3n Humanitaria resaltamos la importancia de incluir la educaci\u00f3n como parte de la respuesta ante las crisis humanitarias.","breadcrumb":{"@id":"https:\/\/www.entreculturas.org\/gl\/noticia\/dia-de-la-accion-humanitaria-la-importancia-de-la-educacion\/#breadcrumb"},"inLanguage":"gl-ES","potentialAction":[{"@type":"ReadAction","target":["https:\/\/www.entreculturas.org\/gl\/noticia\/dia-de-la-accion-humanitaria-la-importancia-de-la-educacion\/"]}]},{"@type":"ImageObject","inLanguage":"gl-ES","@id":"https:\/\/www.entreculturas.org\/gl\/noticia\/dia-de-la-accion-humanitaria-la-importancia-de-la-educacion\/#primaryimage","url":"https:\/\/www.entreculturas.org\/wp-content\/uploads\/2024\/07\/20111215_RCA_Escuelas-Markounda-75-scaled-e1721814660653.jpg","contentUrl":"https:\/\/www.entreculturas.org\/wp-content\/uploads\/2024\/07\/20111215_RCA_Escuelas-Markounda-75-scaled-e1721814660653.jpg","width":2560,"height":1207,"caption":"d\u00eda de la acci\u00f3n humanitaria"},{"@type":"BreadcrumbList","@id":"https:\/\/www.entreculturas.org\/gl\/noticia\/dia-de-la-accion-humanitaria-la-importancia-de-la-educacion\/#breadcrumb","itemListElement":[{"@type":"ListItem","position":1,"name":"Home","item":"https:\/\/www.entreculturas.org\/gl\/"},{"@type":"ListItem","position":2,"name":"Noticias","item":"https:\/\/www.entreculturas.org\/gl\/noticias\/"},{"@type":"ListItem","position":3,"name":"D\u00eda de la Acci\u00f3n Humanitaria: la importancia de la educaci\u00f3n"}]},{"@type":"WebSite","@id":"https:\/\/www.entreculturas.org\/gl\/#website","url":"https:\/\/www.entreculturas.org\/gl\/","name":"Entreculturas","description":"","publisher":{"@id":"https:\/\/www.entreculturas.org\/gl\/#organization"},"alternateName":"Entreculturas","potentialAction":[{"@type":"SearchAction","target":{"@type":"EntryPoint","urlTemplate":"https:\/\/www.entreculturas.org\/gl\/?s={search_term_string}"},"query-input":{"@type":"PropertyValueSpecification","valueRequired":true,"valueName":"search_term_string"}}],"inLanguage":"gl-ES"},{"@type":"Organization","@id":"https:\/\/www.entreculturas.org\/gl\/#organization","name":"Entreculturas","url":"https:\/\/www.entreculturas.org\/gl\/","logo":{"@type":"ImageObject","inLanguage":"gl-ES","@id":"https:\/\/www.entreculturas.org\/gl\/#\/schema\/logo\/image\/","url":"https:\/\/www.entreculturas.org\/wp-content\/uploads\/2025\/10\/ESP.svg","contentUrl":"https:\/\/www.entreculturas.org\/wp-content\/uploads\/2025\/10\/ESP.svg","caption":"Entreculturas"},"image":{"@id":"https:\/\/www.entreculturas.org\/gl\/#\/schema\/logo\/image\/"},"sameAs":["https:\/\/www.facebook.com\/entreculturas","https:\/\/x.com\/Entreculturas","https:\/\/www.instagram.com\/entreculturas\/","https:\/\/www.youtube.com\/user\/entreculturasvideo","https:\/\/www.linkedin.com\/company\/fundacion-entreculturas-ngdo\/","https:\/\/www.flickr.com\/photos\/98455522@N04\/albums\/"]}]}},"_links":{"self":[{"href":"https:\/\/www.entreculturas.org\/gl\/wp-json\/wp\/v2\/noticia\/29179","targetHints":{"allow":["GET"]}}],"collection":[{"href":"https:\/\/www.entreculturas.org\/gl\/wp-json\/wp\/v2\/noticia"}],"about":[{"href":"https:\/\/www.entreculturas.org\/gl\/wp-json\/wp\/v2\/types\/noticia"}],"wp:featuredmedia":[{"embeddable":true,"href":"https:\/\/www.entreculturas.org\/gl\/wp-json\/wp\/v2\/media\/29208"}],"wp:attachment":[{"href":"https:\/\/www.entreculturas.org\/gl\/wp-json\/wp\/v2\/media?parent=29179"}],"wp:term":[{"taxonomy":"category","embeddable":true,"href":"https:\/\/www.entreculturas.org\/gl\/wp-json\/wp\/v2\/categories?post=29179"},{"taxonomy":"post_tag","embeddable":true,"href":"https:\/\/www.entreculturas.org\/gl\/wp-json\/wp\/v2\/tags?post=29179"},{"taxonomy":"country","embeddable":true,"href":"https:\/\/www.entreculturas.org\/gl\/wp-json\/wp\/v2\/country?post=29179"},{"taxonomy":"cause","embeddable":true,"href":"https:\/\/www.entreculturas.org\/gl\/wp-json\/wp\/v2\/cause?post=29179"}],"curies":[{"name":"wp","href":"https:\/\/api.w.org\/{rel}","templated":true}]}}