{"id":29114,"date":"2024-07-24T10:14:30","date_gmt":"2024-07-24T08:14:30","guid":{"rendered":"https:\/\/www.entreculturas.org\/?post_type=noticia&#038;p=29114"},"modified":"2024-07-24T10:14:32","modified_gmt":"2024-07-24T08:14:32","slug":"en-el-dia-internacional-de-las-cooperativas-juntos-y-juntas-trabajamos-caminamos-y-sonamos","status":"publish","type":"noticia","link":"https:\/\/www.entreculturas.org\/gl\/noticia\/en-el-dia-internacional-de-las-cooperativas-juntos-y-juntas-trabajamos-caminamos-y-sonamos\/","title":{"rendered":"En el D\u00eda Internacional de las Cooperativas \u201cJuntos y juntas trabajamos, caminamos y so\u00f1amos\u201d"},"content":{"rendered":"\n<p>Esto es lo que significa en tzeltal Yomol A\u2019tel, nombre de una de las cooperativas que forma parte de nuestro trabajo en alianza con Inditex, y que hemos querido dar a conocer en el marco de la celebraci\u00f3n del <strong>D\u00eda Internacional de las Cooperativas <\/strong>del 6 de julio.<\/p>\n\n\n\n<p><\/p>\n\n\n\n<p>El <strong>pueblo tzeltal<\/strong>, est\u00e1 situado en la regi\u00f3n de Chiapas, M\u00e9xico, un lugar entre monta\u00f1as, selva y cafetales. M\u00e9xico es un pa\u00eds diverso, con gran riqueza natural y una cultura ind\u00edgena muy presente en el pa\u00eds.<\/p>\n\n\n\n<p><\/p>\n\n\n\n<p>Frente a los retos que enfrenta esta regi\u00f3n, como la pobreza, la falta de oportunidades, la inestabilidad econ\u00f3mica, y por tanto la migraci\u00f3n de los j\u00f3venes, esta cooperativa se ha referenciado como un <strong>ejemplo de \u00e9xito de inversi\u00f3n social <\/strong>en la comunidad.\u00a0\u00a0<\/p>\n\n\n\n<p><\/p>\n\n\n\n<p>La cooperativa, sostenida por comunidades ind\u00edgenas, impulsa la <strong>producci\u00f3n de caf\u00e9, adem\u00e1s de otros productos como miel,<\/strong> todo ello de car\u00e1cter artesanal y org\u00e1nico. Ante la competitividad de precios en el mercado, han logrado hacerse un espacio con una intencionalidad clara de apostar por el valor a\u00f1adido de su producto frente al volumen, desarrollando una l\u00ednea gourmet con un nicho de mercado que busca generar mayor margen para el mejor pago a los productores.<\/p>\n\n\n\n<p><\/p>\n\n\n\n<p>Solo en la cooperativa del caf\u00e9, se ven <strong>beneficiadas y trabajan cerca de 1.300 familias.<\/strong> Pero adem\u00e1s, la cooperativa ha desarrollado una <strong>escuela de formaci\u00f3n <\/strong>para poder desarrollar las diferentes capacidades en la regi\u00f3n para que los j\u00f3venes puedan apropiarse del trabajo y emprender procesos econ\u00f3micos productivos m\u00e1s innovadores que les permita quedarse en su territorio.<\/p>\n\n\n\n<p><\/p>\n\n\n\n<h2 class=\"wp-block-heading\" id=\"h-xapontic-mujeres-generadoras-de-cambio\"><strong>Xapontic, mujeres generadoras de cambio.<\/strong><\/h2>\n\n\n\n<p><\/p>\n\n\n\n<p>Con el objetivo de <strong>diversificar el ingreso familiar y potenciar el rol de las mujeres en sus comunidades Xapontic<\/strong>, rama dentro de Yomol A\u2019tel dedicado a mujeres productoras de jabones artesanales.<\/p>\n\n\n\n<p><\/p>\n\n\n\n<p>A trav\u00e9s del respeto a sus tradiciones ancestrales, las trabajadoras y productoras de Xapontix, se fomenta el empleo de estas mujeres cumpliendo una doble funci\u00f3n: no solo les garantiza una fuente de ingresos digna, sino que <strong>se convierte en una manera de hacer frente a la desigualdad estructural <\/strong>que sufren las mujeres ind\u00edgenas.\u00a0<\/p>\n\n\n\n<p><\/p>\n\n\n\n<p>En<strong> Xapontic<\/strong> se ha generado, adem\u00e1s, un espacio de di\u00e1logo y de intercambio de conocimientos entre las mujeres que lideran su propio negocio, que se convierten en referentes y en todo un ejemplo a seguir para las mujeres m\u00e1s j\u00f3venes.\u00a0En palabras de una de sus participantes \u201c<em>lo que me ilusiona es que, como joven, tengo un compromiso firme con mi comunidad, con mi familia y con mi territorio. <strong>No vengo aqu\u00ed a ayudar, si no a trabajar juntos<\/strong><\/em>.\u201d<\/p>\n","protected":false},"excerpt":{"rendered":"<p>Esto es lo que significa en tzeltal Yomol A\u2019tel, nombre de una de las cooperativas que forma parte de nuestro trabajo en alianza con Inditex, y que hemos querido dar a conocer en el marco de la celebraci\u00f3n del D\u00eda Internacional de las Cooperativas del 6 de julio. El pueblo tzeltal, est\u00e1 situado en la regi\u00f3n de Chiapas, M\u00e9xico, un lugar entre monta\u00f1as, selva y cafetales. M\u00e9xico es un pa\u00eds diverso, con gran riqueza natural y una cultura ind\u00edgena muy presente en el pa\u00eds. Frente a los retos que enfrenta esta regi\u00f3n, como la pobreza, la falta de oportunidades, la inestabilidad econ\u00f3mica, y por tanto la migraci\u00f3n de los j\u00f3venes, esta cooperativa se ha referenciado como un ejemplo de \u00e9xito de inversi\u00f3n social en la comunidad.\u00a0\u00a0 La cooperativa, sostenida por comunidades ind\u00edgenas, impulsa la producci\u00f3n de caf\u00e9, adem\u00e1s de otros productos como miel, todo ello de car\u00e1cter artesanal y org\u00e1nico. [&hellip;]<\/p>\n","protected":false},"featured_media":29137,"template":"","meta":{"_acf_changed":false},"categories":[7],"tags":[196],"country":[121],"cause":[],"class_list":["post-29114","noticia","type-noticia","status-publish","has-post-thumbnail","hentry","category-noticia","tag-rsc","country-mexico"],"acf":[],"yoast_head":"<!-- This site is optimized with the Yoast SEO Premium plugin v21.6 (Yoast SEO v27.5) - https:\/\/yoast.com\/product\/yoast-seo-premium-wordpress\/ -->\n<title>En el D\u00eda Internacional de las Cooperativas \u201cJuntos y juntas trabajamos, caminamos y so\u00f1amos\u201d - Entreculturas<\/title>\n<meta name=\"description\" content=\"En el marco de la celebraci\u00f3n del D\u00eda Internacional de las Cooperativas destacamos el trabajo la cooperativa tzeltal Yomol A\u2019tel, en M\u00e9xico.\" \/>\n<meta name=\"robots\" content=\"index, follow, max-snippet:-1, max-image-preview:large, max-video-preview:-1\" \/>\n<link rel=\"canonical\" href=\"https:\/\/www.entreculturas.org\/gl\/noticia\/en-el-dia-internacional-de-las-cooperativas-juntos-y-juntas-trabajamos-caminamos-y-sonamos\/\" \/>\n<meta property=\"og:locale\" content=\"gl_ES\" \/>\n<meta property=\"og:type\" content=\"article\" \/>\n<meta property=\"og:title\" content=\"En el D\u00eda Internacional de las Cooperativas \u201cJuntos y juntas trabajamos, caminamos y so\u00f1amos\u201d\" \/>\n<meta property=\"og:description\" content=\"En el marco de la celebraci\u00f3n del D\u00eda Internacional de las Cooperativas destacamos el trabajo la cooperativa tzeltal Yomol A\u2019tel, en M\u00e9xico.\" \/>\n<meta property=\"og:url\" content=\"https:\/\/www.entreculturas.org\/gl\/noticia\/en-el-dia-internacional-de-las-cooperativas-juntos-y-juntas-trabajamos-caminamos-y-sonamos\/\" \/>\n<meta property=\"og:site_name\" content=\"Entreculturas\" \/>\n<meta property=\"article:publisher\" content=\"https:\/\/www.facebook.com\/entreculturas\" \/>\n<meta property=\"article:modified_time\" content=\"2024-07-24T08:14:32+00:00\" \/>\n<meta property=\"og:image\" content=\"https:\/\/www.entreculturas.org\/wp-content\/uploads\/2024\/07\/mexico.jpg\" \/>\n\t<meta property=\"og:image:width\" content=\"2000\" \/>\n\t<meta property=\"og:image:height\" content=\"1333\" \/>\n\t<meta property=\"og:image:type\" content=\"image\/jpeg\" \/>\n<meta name=\"twitter:card\" content=\"summary_large_image\" \/>\n<meta name=\"twitter:site\" content=\"@Entreculturas\" \/>\n<script type=\"application\/ld+json\" class=\"yoast-schema-graph\">{\"@context\":\"https:\\\/\\\/schema.org\",\"@graph\":[{\"@type\":\"WebPage\",\"@id\":\"https:\\\/\\\/www.entreculturas.org\\\/gl\\\/noticia\\\/en-el-dia-internacional-de-las-cooperativas-juntos-y-juntas-trabajamos-caminamos-y-sonamos\\\/\",\"url\":\"https:\\\/\\\/www.entreculturas.org\\\/gl\\\/noticia\\\/en-el-dia-internacional-de-las-cooperativas-juntos-y-juntas-trabajamos-caminamos-y-sonamos\\\/\",\"name\":\"En el D\u00eda Internacional de las Cooperativas \u201cJuntos y juntas trabajamos, caminamos y so\u00f1amos\u201d - Entreculturas\",\"isPartOf\":{\"@id\":\"https:\\\/\\\/www.entreculturas.org\\\/gl\\\/#website\"},\"primaryImageOfPage\":{\"@id\":\"https:\\\/\\\/www.entreculturas.org\\\/gl\\\/noticia\\\/en-el-dia-internacional-de-las-cooperativas-juntos-y-juntas-trabajamos-caminamos-y-sonamos\\\/#primaryimage\"},\"image\":{\"@id\":\"https:\\\/\\\/www.entreculturas.org\\\/gl\\\/noticia\\\/en-el-dia-internacional-de-las-cooperativas-juntos-y-juntas-trabajamos-caminamos-y-sonamos\\\/#primaryimage\"},\"thumbnailUrl\":\"https:\\\/\\\/www.entreculturas.org\\\/wp-content\\\/uploads\\\/2024\\\/07\\\/mexico.jpg\",\"datePublished\":\"2024-07-24T08:14:30+00:00\",\"dateModified\":\"2024-07-24T08:14:32+00:00\",\"description\":\"En el marco de la celebraci\u00f3n del D\u00eda Internacional de las Cooperativas destacamos el trabajo la cooperativa tzeltal Yomol A\u2019tel, en M\u00e9xico.\",\"breadcrumb\":{\"@id\":\"https:\\\/\\\/www.entreculturas.org\\\/gl\\\/noticia\\\/en-el-dia-internacional-de-las-cooperativas-juntos-y-juntas-trabajamos-caminamos-y-sonamos\\\/#breadcrumb\"},\"inLanguage\":\"gl-ES\",\"potentialAction\":[{\"@type\":\"ReadAction\",\"target\":[\"https:\\\/\\\/www.entreculturas.org\\\/gl\\\/noticia\\\/en-el-dia-internacional-de-las-cooperativas-juntos-y-juntas-trabajamos-caminamos-y-sonamos\\\/\"]}]},{\"@type\":\"ImageObject\",\"inLanguage\":\"gl-ES\",\"@id\":\"https:\\\/\\\/www.entreculturas.org\\\/gl\\\/noticia\\\/en-el-dia-internacional-de-las-cooperativas-juntos-y-juntas-trabajamos-caminamos-y-sonamos\\\/#primaryimage\",\"url\":\"https:\\\/\\\/www.entreculturas.org\\\/wp-content\\\/uploads\\\/2024\\\/07\\\/mexico.jpg\",\"contentUrl\":\"https:\\\/\\\/www.entreculturas.org\\\/wp-content\\\/uploads\\\/2024\\\/07\\\/mexico.jpg\",\"width\":2000,\"height\":1333,\"caption\":\"D\u00eda de las Cooperativas\"},{\"@type\":\"BreadcrumbList\",\"@id\":\"https:\\\/\\\/www.entreculturas.org\\\/gl\\\/noticia\\\/en-el-dia-internacional-de-las-cooperativas-juntos-y-juntas-trabajamos-caminamos-y-sonamos\\\/#breadcrumb\",\"itemListElement\":[{\"@type\":\"ListItem\",\"position\":1,\"name\":\"Home\",\"item\":\"https:\\\/\\\/www.entreculturas.org\\\/gl\\\/\"},{\"@type\":\"ListItem\",\"position\":2,\"name\":\"Noticias\",\"item\":\"https:\\\/\\\/www.entreculturas.org\\\/gl\\\/noticias\\\/\"},{\"@type\":\"ListItem\",\"position\":3,\"name\":\"En el D\u00eda Internacional de las Cooperativas \u201cJuntos y juntas trabajamos, caminamos y so\u00f1amos\u201d\"}]},{\"@type\":\"WebSite\",\"@id\":\"https:\\\/\\\/www.entreculturas.org\\\/gl\\\/#website\",\"url\":\"https:\\\/\\\/www.entreculturas.org\\\/gl\\\/\",\"name\":\"Entreculturas\",\"description\":\"\",\"publisher\":{\"@id\":\"https:\\\/\\\/www.entreculturas.org\\\/gl\\\/#organization\"},\"alternateName\":\"Entreculturas\",\"potentialAction\":[{\"@type\":\"SearchAction\",\"target\":{\"@type\":\"EntryPoint\",\"urlTemplate\":\"https:\\\/\\\/www.entreculturas.org\\\/gl\\\/?s={search_term_string}\"},\"query-input\":{\"@type\":\"PropertyValueSpecification\",\"valueRequired\":true,\"valueName\":\"search_term_string\"}}],\"inLanguage\":\"gl-ES\"},{\"@type\":\"Organization\",\"@id\":\"https:\\\/\\\/www.entreculturas.org\\\/gl\\\/#organization\",\"name\":\"Entreculturas\",\"url\":\"https:\\\/\\\/www.entreculturas.org\\\/gl\\\/\",\"logo\":{\"@type\":\"ImageObject\",\"inLanguage\":\"gl-ES\",\"@id\":\"https:\\\/\\\/www.entreculturas.org\\\/gl\\\/#\\\/schema\\\/logo\\\/image\\\/\",\"url\":\"https:\\\/\\\/www.entreculturas.org\\\/wp-content\\\/uploads\\\/2025\\\/10\\\/ESP.svg\",\"contentUrl\":\"https:\\\/\\\/www.entreculturas.org\\\/wp-content\\\/uploads\\\/2025\\\/10\\\/ESP.svg\",\"caption\":\"Entreculturas\"},\"image\":{\"@id\":\"https:\\\/\\\/www.entreculturas.org\\\/gl\\\/#\\\/schema\\\/logo\\\/image\\\/\"},\"sameAs\":[\"https:\\\/\\\/www.facebook.com\\\/entreculturas\",\"https:\\\/\\\/x.com\\\/Entreculturas\",\"https:\\\/\\\/www.instagram.com\\\/entreculturas\\\/\",\"https:\\\/\\\/www.youtube.com\\\/user\\\/entreculturasvideo\",\"https:\\\/\\\/www.linkedin.com\\\/company\\\/fundacion-entreculturas-ngdo\\\/\",\"https:\\\/\\\/www.flickr.com\\\/photos\\\/98455522@N04\\\/albums\\\/\"]}]}<\/script>\n<!-- \/ Yoast SEO Premium plugin. -->","yoast_head_json":{"title":"En el D\u00eda Internacional de las Cooperativas \u201cJuntos y juntas trabajamos, caminamos y so\u00f1amos\u201d - Entreculturas","description":"En el marco de la celebraci\u00f3n del D\u00eda Internacional de las Cooperativas destacamos el trabajo la cooperativa tzeltal Yomol A\u2019tel, en M\u00e9xico.","robots":{"index":"index","follow":"follow","max-snippet":"max-snippet:-1","max-image-preview":"max-image-preview:large","max-video-preview":"max-video-preview:-1"},"canonical":"https:\/\/www.entreculturas.org\/gl\/noticia\/en-el-dia-internacional-de-las-cooperativas-juntos-y-juntas-trabajamos-caminamos-y-sonamos\/","og_locale":"gl_ES","og_type":"article","og_title":"En el D\u00eda Internacional de las Cooperativas \u201cJuntos y juntas trabajamos, caminamos y so\u00f1amos\u201d","og_description":"En el marco de la celebraci\u00f3n del D\u00eda Internacional de las Cooperativas destacamos el trabajo la cooperativa tzeltal Yomol A\u2019tel, en M\u00e9xico.","og_url":"https:\/\/www.entreculturas.org\/gl\/noticia\/en-el-dia-internacional-de-las-cooperativas-juntos-y-juntas-trabajamos-caminamos-y-sonamos\/","og_site_name":"Entreculturas","article_publisher":"https:\/\/www.facebook.com\/entreculturas","article_modified_time":"2024-07-24T08:14:32+00:00","og_image":[{"width":2000,"height":1333,"url":"https:\/\/www.entreculturas.org\/wp-content\/uploads\/2024\/07\/mexico.jpg","type":"image\/jpeg"}],"twitter_card":"summary_large_image","twitter_site":"@Entreculturas","schema":{"@context":"https:\/\/schema.org","@graph":[{"@type":"WebPage","@id":"https:\/\/www.entreculturas.org\/gl\/noticia\/en-el-dia-internacional-de-las-cooperativas-juntos-y-juntas-trabajamos-caminamos-y-sonamos\/","url":"https:\/\/www.entreculturas.org\/gl\/noticia\/en-el-dia-internacional-de-las-cooperativas-juntos-y-juntas-trabajamos-caminamos-y-sonamos\/","name":"En el D\u00eda Internacional de las Cooperativas \u201cJuntos y juntas trabajamos, caminamos y so\u00f1amos\u201d - Entreculturas","isPartOf":{"@id":"https:\/\/www.entreculturas.org\/gl\/#website"},"primaryImageOfPage":{"@id":"https:\/\/www.entreculturas.org\/gl\/noticia\/en-el-dia-internacional-de-las-cooperativas-juntos-y-juntas-trabajamos-caminamos-y-sonamos\/#primaryimage"},"image":{"@id":"https:\/\/www.entreculturas.org\/gl\/noticia\/en-el-dia-internacional-de-las-cooperativas-juntos-y-juntas-trabajamos-caminamos-y-sonamos\/#primaryimage"},"thumbnailUrl":"https:\/\/www.entreculturas.org\/wp-content\/uploads\/2024\/07\/mexico.jpg","datePublished":"2024-07-24T08:14:30+00:00","dateModified":"2024-07-24T08:14:32+00:00","description":"En el marco de la celebraci\u00f3n del D\u00eda Internacional de las Cooperativas destacamos el trabajo la cooperativa tzeltal Yomol A\u2019tel, en M\u00e9xico.","breadcrumb":{"@id":"https:\/\/www.entreculturas.org\/gl\/noticia\/en-el-dia-internacional-de-las-cooperativas-juntos-y-juntas-trabajamos-caminamos-y-sonamos\/#breadcrumb"},"inLanguage":"gl-ES","potentialAction":[{"@type":"ReadAction","target":["https:\/\/www.entreculturas.org\/gl\/noticia\/en-el-dia-internacional-de-las-cooperativas-juntos-y-juntas-trabajamos-caminamos-y-sonamos\/"]}]},{"@type":"ImageObject","inLanguage":"gl-ES","@id":"https:\/\/www.entreculturas.org\/gl\/noticia\/en-el-dia-internacional-de-las-cooperativas-juntos-y-juntas-trabajamos-caminamos-y-sonamos\/#primaryimage","url":"https:\/\/www.entreculturas.org\/wp-content\/uploads\/2024\/07\/mexico.jpg","contentUrl":"https:\/\/www.entreculturas.org\/wp-content\/uploads\/2024\/07\/mexico.jpg","width":2000,"height":1333,"caption":"D\u00eda de las Cooperativas"},{"@type":"BreadcrumbList","@id":"https:\/\/www.entreculturas.org\/gl\/noticia\/en-el-dia-internacional-de-las-cooperativas-juntos-y-juntas-trabajamos-caminamos-y-sonamos\/#breadcrumb","itemListElement":[{"@type":"ListItem","position":1,"name":"Home","item":"https:\/\/www.entreculturas.org\/gl\/"},{"@type":"ListItem","position":2,"name":"Noticias","item":"https:\/\/www.entreculturas.org\/gl\/noticias\/"},{"@type":"ListItem","position":3,"name":"En el D\u00eda Internacional de las Cooperativas \u201cJuntos y juntas trabajamos, caminamos y so\u00f1amos\u201d"}]},{"@type":"WebSite","@id":"https:\/\/www.entreculturas.org\/gl\/#website","url":"https:\/\/www.entreculturas.org\/gl\/","name":"Entreculturas","description":"","publisher":{"@id":"https:\/\/www.entreculturas.org\/gl\/#organization"},"alternateName":"Entreculturas","potentialAction":[{"@type":"SearchAction","target":{"@type":"EntryPoint","urlTemplate":"https:\/\/www.entreculturas.org\/gl\/?s={search_term_string}"},"query-input":{"@type":"PropertyValueSpecification","valueRequired":true,"valueName":"search_term_string"}}],"inLanguage":"gl-ES"},{"@type":"Organization","@id":"https:\/\/www.entreculturas.org\/gl\/#organization","name":"Entreculturas","url":"https:\/\/www.entreculturas.org\/gl\/","logo":{"@type":"ImageObject","inLanguage":"gl-ES","@id":"https:\/\/www.entreculturas.org\/gl\/#\/schema\/logo\/image\/","url":"https:\/\/www.entreculturas.org\/wp-content\/uploads\/2025\/10\/ESP.svg","contentUrl":"https:\/\/www.entreculturas.org\/wp-content\/uploads\/2025\/10\/ESP.svg","caption":"Entreculturas"},"image":{"@id":"https:\/\/www.entreculturas.org\/gl\/#\/schema\/logo\/image\/"},"sameAs":["https:\/\/www.facebook.com\/entreculturas","https:\/\/x.com\/Entreculturas","https:\/\/www.instagram.com\/entreculturas\/","https:\/\/www.youtube.com\/user\/entreculturasvideo","https:\/\/www.linkedin.com\/company\/fundacion-entreculturas-ngdo\/","https:\/\/www.flickr.com\/photos\/98455522@N04\/albums\/"]}]}},"_links":{"self":[{"href":"https:\/\/www.entreculturas.org\/gl\/wp-json\/wp\/v2\/noticia\/29114","targetHints":{"allow":["GET"]}}],"collection":[{"href":"https:\/\/www.entreculturas.org\/gl\/wp-json\/wp\/v2\/noticia"}],"about":[{"href":"https:\/\/www.entreculturas.org\/gl\/wp-json\/wp\/v2\/types\/noticia"}],"wp:featuredmedia":[{"embeddable":true,"href":"https:\/\/www.entreculturas.org\/gl\/wp-json\/wp\/v2\/media\/29137"}],"wp:attachment":[{"href":"https:\/\/www.entreculturas.org\/gl\/wp-json\/wp\/v2\/media?parent=29114"}],"wp:term":[{"taxonomy":"category","embeddable":true,"href":"https:\/\/www.entreculturas.org\/gl\/wp-json\/wp\/v2\/categories?post=29114"},{"taxonomy":"post_tag","embeddable":true,"href":"https:\/\/www.entreculturas.org\/gl\/wp-json\/wp\/v2\/tags?post=29114"},{"taxonomy":"country","embeddable":true,"href":"https:\/\/www.entreculturas.org\/gl\/wp-json\/wp\/v2\/country?post=29114"},{"taxonomy":"cause","embeddable":true,"href":"https:\/\/www.entreculturas.org\/gl\/wp-json\/wp\/v2\/cause?post=29114"}],"curies":[{"name":"wp","href":"https:\/\/api.w.org\/{rel}","templated":true}]}}