{"id":2897,"date":"2019-03-21T10:51:12","date_gmt":"2019-03-21T10:51:12","guid":{"rendered":"https:\/\/entreculturasi.wpenginepowered.com\/?noticias=cuando-la-diferencia-es-lo-cotidiano-por-una-educacion-inclusiva-en-ecuador"},"modified":"2024-03-20T11:11:09","modified_gmt":"2024-03-20T10:11:09","slug":"cuando-la-diferencia-es-lo-cotidiano-por-una-educacion-inclusiva-en-ecuador","status":"publish","type":"noticia","link":"https:\/\/www.entreculturas.org\/gl\/noticia\/cuando-la-diferencia-es-lo-cotidiano-por-una-educacion-inclusiva-en-ecuador\/","title":{"rendered":"Cuando la diferencia es lo cotidiano: por una educaci\u00f3n inclusiva en Ecuador"},"content":{"rendered":"<p>\u201cLas cosas cambian de repente\u2026 Nosotros cre\u00edamos que \u00edbamos a tener el beb\u00e9, que al a\u00f1o iba a caminar y despu\u00e9s \u00edbamos a tener que buscar una escuela y etc\u00e9tera, como cualquier familia\u201d, confiesa Yesenia Ramos, mam\u00e1 de Samuel, alumno con discapacidad de la Unidad Educativa de Ema\u00fas, en Quito. \u201cAl principio, cuando vi que mi hijo no hac\u00eda nada, yo estaba muy preocupada, pero luego de ingresar en la escuelita de Fe y Alegr\u00eda he ido viendo que d\u00eda a d\u00eda va avanzando un poquito, va subiendo un peque\u00f1o escal\u00f3n, y eso es lo importante. Suerte que he conocido personas muy buenas que nos han ayudado, no solo a Samuel, tambi\u00e9n a m\u00ed, porque hay veces que uno tambi\u00e9n se desmorona\u201d.<\/p>\n<p>Seg\u00fan el Consejo Nacional para la Igualdad de Discapacidades (CONADIS), <strong>en Ecuador hay registradas actualmente 458.505 personas con discapacidad<\/strong>. De las que est\u00e1n en edad escolar, un total de 22.502 formaron parte del sistema educativo ordinario durante 2018.&nbsp;<br \/>&nbsp;<\/p>\n<\/p>\n<p><strong>En todo el pa\u00eds hay 5.400 centros educativos ordinarios y 106 que son especializados.<\/strong> Justamente, el Ministerio de Educaci\u00f3n present\u00f3 el a\u00f1o pasado un Manual de Educaci\u00f3n Especial y un Modelo Nacional de Gesti\u00f3n y Atenci\u00f3n para alumnos con necesidades especiales asociadas con la discapacidad. Asimismo, m\u00e1s de 11.000 docentes se est\u00e1n beneficiando del Programa de Capacitaci\u00f3n de Inclusi\u00f3n Educativa y Aprendizaje Sostenible (IEAS).<\/p>\n<p>Sin duda, existe la voluntad oficial de prestar la atenci\u00f3n requerida a un colectivo de personas que, poco a poco, va apostando por su dignidad y sus derechos, sin embargo, al menos en el terreno educativo, <strong>a\u00fan queda camino por recorrer para poder hablar de inclusi\u00f3n y de igualdad.<\/strong><\/p>\n<p>\u201cEs cierto que el Ministerio de Educaci\u00f3n ha realizado esfuerzos para desarrollar una pol\u00edtica educativa que haga realidad la inclusi\u00f3n, pero todav\u00eda hacen falta muchos cambios para lograr atender la enorme demanda existente y resolver los problemas derivados de una segregaci\u00f3n hist\u00f3rica\u201d, afirma Nelly Andrade, coordinadora del Programa de Inclusi\u00f3n Educativa de Fe y Alegr\u00eda Ecuador. \u201cLas cifras sobre la situaci\u00f3n de las personas con discapacidad y los resultados de los procesos de inclusi\u00f3n hasta la fecha evidencian un gran desfase que<strong> mantiene a esta poblaci\u00f3n en situaci\u00f3n de exclusi\u00f3n<\/strong>\u201d.<\/p>\n<p>Con la intenci\u00f3n de sumar esfuerzos en los procesos ya existentes, <span style=\"color:#ff0101\">Entreculturas y Fe y Alegr\u00eda trabajamos para contribuir al ejercicio del derecho a la educaci\u00f3n de ni\u00f1os, ni\u00f1as y adolescentes con discapacidad en Ecuador.<\/span> En concreto, buscamos favorecer la inclusi\u00f3n temprana, la permanencia, el aprendizaje y la promoci\u00f3n educativa en cuatro centros de educaci\u00f3n regular y dos centros de educaci\u00f3n especial de Fe y Alegr\u00eda en Quito, Manta, Guayaquil y Santo Domingo.<br \/>&nbsp;<\/p>\n<p><img decoding=\"async\" alt=\"\" height=\"535\" src=\"https:\/\/www.entreculturas.org\/wp-content\/uploads\/2019\/03\/ecuador3.jpg\" width=\"800\"><\/p>\n<p><strong>\u201cLo primero que tiene que garantizar una educaci\u00f3n inclusiva es el acceso. Lo segundo, la permanencia. Y, en tercer lugar, el aprendizaje\u201d<\/strong>, afirma Juan Carlos Jim\u00e9nez, del equipo de Fe y Alegr\u00eda en Santo Domingo. \u201cY, una vez que los ni\u00f1os ya han tenido acceso y les hemos allanado el terreno, hay que atender a los pap\u00e1s, hay que acompa\u00f1arlos en las diferentes etapas del crecimiento de su hijo\u201d.<\/p>\n<p>Fe y Alegr\u00eda cuenta con un modelo de gesti\u00f3n que <strong>centra las responsabilidades del proceso de inclusi\u00f3n en el centro de educaci\u00f3n regular<\/strong>. Este enfoque permite que sea el centro educativo quien se apropie progresivamente de sus responsabilidades y deberes en cuanto a inclusi\u00f3n se refiere. Para ello, pone a su disposici\u00f3n un equipo multidisciplinar (psic\u00f3loga\/o cl\u00ednico, psic\u00f3loga\/o educativo, trabajador\/a social, logopeda, etc) que, junto al responsable de inclusi\u00f3n educativa, se encarga de trasladar el conocimiento y las herramientas necesarias al cuerpo docente.&nbsp;<\/p>\n<p>Por otro lado, la estrategia pasa tambi\u00e9n por<strong> trabajar paralelamente con las familias y con los alumnos y alumnas<\/strong>, tanto los que presentan la discapacidad como los que no. La idea es fomentar el mutuo descubrimiento, la aceptaci\u00f3n y la adaptaci\u00f3n para que la inclusi\u00f3n sea algo progresivo y no genere frustraciones ni rechazos. En este prop\u00f3sito juega un papel fundamental la detecci\u00f3n y atenci\u00f3n temprana. Por ejemplo, muchos ni\u00f1os y ni\u00f1as con discapacidad auditiva llegan a los 8 \u00f3 9 a\u00f1os sin conocer la lengua de se\u00f1as o cualquier otro m\u00e9todo alternativo de comunicaci\u00f3n. Sin el lenguaje resulta muy dif\u00edcil avanzar en la educaci\u00f3n de estos ni\u00f1os y ni\u00f1as que se presentan ahora en el centro educativo, lo que genera una enorme frustraci\u00f3n en las familias, los docentes y en los propios ni\u00f1os y ni\u00f1as que no se pueden relacionar en igualdad de condiciones con la sociedad. Asimismo, muchas familias desconocen o carecen de un diagn\u00f3stico claro de la discapacidad de sus hijos e hijas, lo que a su vez genera falsas expectativas o subvaloraci\u00f3n de las capacidades de sus peque\u00f1os. La detecci\u00f3n y estimulaci\u00f3n temprana (desde los primeros meses de vida hasta los 3 a\u00f1os) es crucial para lograr la verdadera inclusi\u00f3n.<br \/>&nbsp;<\/p>\n<p><img decoding=\"async\" alt=\"\" height=\"533\" src=\"https:\/\/www.entreculturas.org\/wp-content\/uploads\/2019\/03\/ecuador1.jpg\" width=\"800\"><\/p>\n<p>\u201cMi hijo vino a los dos a\u00f1os y medio, \u00e9l caminaba pero temblosito y se ca\u00eda, yo no pensaba que mi hijo iba a tener el tremendo adelanto que ha tenido\u2026 \u00e9l, as\u00ed como ustedes lo ven, ahora llega a la escuela, saluda a todos, y pone mucha atenci\u00f3n. \u00c9l no intentaba comer solo, pero ac\u00e1 la profesora le ense\u00f1\u00f3, y eso es un adelanto que mi hijo ha tenido\u201d, cuenta Rosa Mendoza, mam\u00e1 de Evelio Laje, alumno de la escuela Tepeyac, en Guayaquil.<\/p>\n<p>\u201cLos propios padres se han dado cuenta de que sus hijos tienen determinadas capacidades que pensaban que no ten\u00edan. Han cambiado su idea de que iban a ser beb\u00e9s permanentes a los que hacerles todo y el pensamiento de que nunca podr\u00edan educarse. Muchos pap\u00e1s y mam\u00e1s han aprendido lenguaje de se\u00f1as, o braile y se han asociado para hacer frente a la situaci\u00f3n junto a otros padres y madres en situaciones similares\u201d, explica Juan Carlos.<\/p>\n<p>En los cuatro centros de educaci\u00f3n educaci\u00f3n regular, Fe y Alegr\u00eda atiende a 296 ni\u00f1os y ni\u00f1as de 0 a 6 a\u00f1os con diferentes tipos de discapacidad. En los dos centros de educaci\u00f3n especial son 156 los estudiantes de entre 6 y 20 a\u00f1os que se benefician del proyecto de educaci\u00f3n inclusiva. Junto a ellos, 87 docentes reciben una formaci\u00f3n espec\u00edfica para la adecuada atenci\u00f3n y acompa\u00f1amiento de los alumnos y alumnas con necesidades educativas especiales.<\/p>\n<p>\u201cUna persona que cambia de idea y acepta la diferencia y legitima esa diferencia eso es para nosotros un horizonte muy claro de que Fe y Alegr\u00eda est\u00e1 caminando y est\u00e1 aportando tanto a la sociedad como, sobre todo, a las familias para que fortalezcan su autoestima y se sientan grandes, porque la diferencia es lo cotidiano\u201d, sentencia Nelly.<\/p>\n<p>Fe y Alegr\u00eda ha logrado ya varios reconocimientos en el marco del Concurso Nacional de Buenas Pr\u00e1cticas en Educaci\u00f3n Inclusiva, organizado por la OEI&nbsp;y el Ministerio de Educaci\u00f3n. M\u00e1s informaci\u00f3n: <a href=\"https:\/\/inclusion.feyalegria.org.ec\" target=\"_blank\" rel=\"noopener\">https:\/\/inclusion.feyalegria.org.ec&nbsp;<\/a><\/p>\n<p>&nbsp;<\/p><\/p>\n","protected":false},"excerpt":{"rendered":"<p>Entreculturas y Fe y Alegr\u00eda trabajamos para contribuir al ejercicio del derecho a la educaci\u00f3n de ni\u00f1os, ni\u00f1as y adolescentes con discapacidad en Ecuador. Buscamos favorecer la inclusi\u00f3n temprana, la permanencia, el aprendizaje y la promoci\u00f3n educativa en cuatro centros de educaci\u00f3n regular y dos centros de educaci\u00f3n especial de Fe y Alegr\u00eda en Quito, Manta, Guayaquil y Santo Domingo.<\/p>\n","protected":false},"featured_media":2892,"template":"single-noticia","meta":{"_acf_changed":false},"categories":[7],"tags":[289],"country":[119],"cause":[128],"class_list":["post-2897","noticia","type-noticia","status-publish","has-post-thumbnail","hentry","category-noticia","tag-educacion","country-ecuador","cause-educacion"],"acf":[],"yoast_head":"<!-- This site is optimized with the Yoast SEO Premium plugin v21.6 (Yoast SEO v27.5) - https:\/\/yoast.com\/product\/yoast-seo-premium-wordpress\/ -->\n<title>Cuando la diferencia es lo cotidiano: por una educaci\u00f3n inclusiva en Ecuador - Entreculturas<\/title>\n<meta name=\"robots\" content=\"index, follow, max-snippet:-1, max-image-preview:large, max-video-preview:-1\" \/>\n<link rel=\"canonical\" href=\"https:\/\/www.entreculturas.org\/gl\/noticia\/cuando-la-diferencia-es-lo-cotidiano-por-una-educacion-inclusiva-en-ecuador\/\" \/>\n<meta property=\"og:locale\" content=\"gl_ES\" \/>\n<meta property=\"og:type\" content=\"article\" \/>\n<meta property=\"og:title\" content=\"Cuando la diferencia es lo cotidiano: por una educaci\u00f3n inclusiva en Ecuador\" \/>\n<meta property=\"og:description\" content=\"Entreculturas y Fe y Alegr\u00eda trabajamos para contribuir al ejercicio del derecho a la educaci\u00f3n de ni\u00f1os, ni\u00f1as y adolescentes con discapacidad en Ecuador. Buscamos favorecer la inclusi\u00f3n temprana, la permanencia, el aprendizaje y la promoci\u00f3n educativa en cuatro centros de educaci\u00f3n regular y dos centros de educaci\u00f3n especial de Fe y Alegr\u00eda en Quito, Manta, Guayaquil y Santo Domingo.\" \/>\n<meta property=\"og:url\" content=\"https:\/\/www.entreculturas.org\/gl\/noticia\/cuando-la-diferencia-es-lo-cotidiano-por-una-educacion-inclusiva-en-ecuador\/\" \/>\n<meta property=\"og:site_name\" content=\"Entreculturas\" \/>\n<meta property=\"article:publisher\" content=\"https:\/\/www.facebook.com\/entreculturas\" \/>\n<meta property=\"article:modified_time\" content=\"2024-03-20T10:11:09+00:00\" \/>\n<meta property=\"og:image\" content=\"https:\/\/www.entreculturas.org\/wp-content\/uploads\/2019\/03\/sindome.jpg\" \/>\n\t<meta property=\"og:image:width\" content=\"800\" \/>\n\t<meta property=\"og:image:height\" content=\"533\" \/>\n\t<meta property=\"og:image:type\" content=\"image\/jpeg\" \/>\n<meta name=\"twitter:card\" content=\"summary_large_image\" \/>\n<meta name=\"twitter:site\" content=\"@Entreculturas\" \/>\n<script type=\"application\/ld+json\" class=\"yoast-schema-graph\">{\"@context\":\"https:\\\/\\\/schema.org\",\"@graph\":[{\"@type\":\"WebPage\",\"@id\":\"https:\\\/\\\/www.entreculturas.org\\\/gl\\\/noticia\\\/cuando-la-diferencia-es-lo-cotidiano-por-una-educacion-inclusiva-en-ecuador\\\/\",\"url\":\"https:\\\/\\\/www.entreculturas.org\\\/gl\\\/noticia\\\/cuando-la-diferencia-es-lo-cotidiano-por-una-educacion-inclusiva-en-ecuador\\\/\",\"name\":\"Cuando la diferencia es lo cotidiano: por una educaci\u00f3n inclusiva en Ecuador - Entreculturas\",\"isPartOf\":{\"@id\":\"https:\\\/\\\/www.entreculturas.org\\\/gl\\\/#website\"},\"primaryImageOfPage\":{\"@id\":\"https:\\\/\\\/www.entreculturas.org\\\/gl\\\/noticia\\\/cuando-la-diferencia-es-lo-cotidiano-por-una-educacion-inclusiva-en-ecuador\\\/#primaryimage\"},\"image\":{\"@id\":\"https:\\\/\\\/www.entreculturas.org\\\/gl\\\/noticia\\\/cuando-la-diferencia-es-lo-cotidiano-por-una-educacion-inclusiva-en-ecuador\\\/#primaryimage\"},\"thumbnailUrl\":\"https:\\\/\\\/www.entreculturas.org\\\/wp-content\\\/uploads\\\/2019\\\/03\\\/sindome.jpg\",\"datePublished\":\"2019-03-21T10:51:12+00:00\",\"dateModified\":\"2024-03-20T10:11:09+00:00\",\"breadcrumb\":{\"@id\":\"https:\\\/\\\/www.entreculturas.org\\\/gl\\\/noticia\\\/cuando-la-diferencia-es-lo-cotidiano-por-una-educacion-inclusiva-en-ecuador\\\/#breadcrumb\"},\"inLanguage\":\"gl-ES\",\"potentialAction\":[{\"@type\":\"ReadAction\",\"target\":[\"https:\\\/\\\/www.entreculturas.org\\\/gl\\\/noticia\\\/cuando-la-diferencia-es-lo-cotidiano-por-una-educacion-inclusiva-en-ecuador\\\/\"]}]},{\"@type\":\"ImageObject\",\"inLanguage\":\"gl-ES\",\"@id\":\"https:\\\/\\\/www.entreculturas.org\\\/gl\\\/noticia\\\/cuando-la-diferencia-es-lo-cotidiano-por-una-educacion-inclusiva-en-ecuador\\\/#primaryimage\",\"url\":\"https:\\\/\\\/www.entreculturas.org\\\/wp-content\\\/uploads\\\/2019\\\/03\\\/sindome.jpg\",\"contentUrl\":\"https:\\\/\\\/www.entreculturas.org\\\/wp-content\\\/uploads\\\/2019\\\/03\\\/sindome.jpg\",\"width\":800,\"height\":533},{\"@type\":\"BreadcrumbList\",\"@id\":\"https:\\\/\\\/www.entreculturas.org\\\/gl\\\/noticia\\\/cuando-la-diferencia-es-lo-cotidiano-por-una-educacion-inclusiva-en-ecuador\\\/#breadcrumb\",\"itemListElement\":[{\"@type\":\"ListItem\",\"position\":1,\"name\":\"Home\",\"item\":\"https:\\\/\\\/www.entreculturas.org\\\/gl\\\/\"},{\"@type\":\"ListItem\",\"position\":2,\"name\":\"Noticias\",\"item\":\"https:\\\/\\\/www.entreculturas.org\\\/gl\\\/noticias\\\/\"},{\"@type\":\"ListItem\",\"position\":3,\"name\":\"Cuando la diferencia es lo cotidiano: por una educaci\u00f3n inclusiva en Ecuador\"}]},{\"@type\":\"WebSite\",\"@id\":\"https:\\\/\\\/www.entreculturas.org\\\/gl\\\/#website\",\"url\":\"https:\\\/\\\/www.entreculturas.org\\\/gl\\\/\",\"name\":\"Entreculturas\",\"description\":\"\",\"publisher\":{\"@id\":\"https:\\\/\\\/www.entreculturas.org\\\/gl\\\/#organization\"},\"alternateName\":\"Entreculturas\",\"potentialAction\":[{\"@type\":\"SearchAction\",\"target\":{\"@type\":\"EntryPoint\",\"urlTemplate\":\"https:\\\/\\\/www.entreculturas.org\\\/gl\\\/?s={search_term_string}\"},\"query-input\":{\"@type\":\"PropertyValueSpecification\",\"valueRequired\":true,\"valueName\":\"search_term_string\"}}],\"inLanguage\":\"gl-ES\"},{\"@type\":\"Organization\",\"@id\":\"https:\\\/\\\/www.entreculturas.org\\\/gl\\\/#organization\",\"name\":\"Entreculturas\",\"url\":\"https:\\\/\\\/www.entreculturas.org\\\/gl\\\/\",\"logo\":{\"@type\":\"ImageObject\",\"inLanguage\":\"gl-ES\",\"@id\":\"https:\\\/\\\/www.entreculturas.org\\\/gl\\\/#\\\/schema\\\/logo\\\/image\\\/\",\"url\":\"https:\\\/\\\/www.entreculturas.org\\\/wp-content\\\/uploads\\\/2025\\\/10\\\/ESP.svg\",\"contentUrl\":\"https:\\\/\\\/www.entreculturas.org\\\/wp-content\\\/uploads\\\/2025\\\/10\\\/ESP.svg\",\"caption\":\"Entreculturas\"},\"image\":{\"@id\":\"https:\\\/\\\/www.entreculturas.org\\\/gl\\\/#\\\/schema\\\/logo\\\/image\\\/\"},\"sameAs\":[\"https:\\\/\\\/www.facebook.com\\\/entreculturas\",\"https:\\\/\\\/x.com\\\/Entreculturas\",\"https:\\\/\\\/www.instagram.com\\\/entreculturas\\\/\",\"https:\\\/\\\/www.youtube.com\\\/user\\\/entreculturasvideo\",\"https:\\\/\\\/www.linkedin.com\\\/company\\\/fundacion-entreculturas-ngdo\\\/\",\"https:\\\/\\\/www.flickr.com\\\/photos\\\/98455522@N04\\\/albums\\\/\"]}]}<\/script>\n<!-- \/ Yoast SEO Premium plugin. -->","yoast_head_json":{"title":"Cuando la diferencia es lo cotidiano: por una educaci\u00f3n inclusiva en Ecuador - Entreculturas","robots":{"index":"index","follow":"follow","max-snippet":"max-snippet:-1","max-image-preview":"max-image-preview:large","max-video-preview":"max-video-preview:-1"},"canonical":"https:\/\/www.entreculturas.org\/gl\/noticia\/cuando-la-diferencia-es-lo-cotidiano-por-una-educacion-inclusiva-en-ecuador\/","og_locale":"gl_ES","og_type":"article","og_title":"Cuando la diferencia es lo cotidiano: por una educaci\u00f3n inclusiva en Ecuador","og_description":"Entreculturas y Fe y Alegr\u00eda trabajamos para contribuir al ejercicio del derecho a la educaci\u00f3n de ni\u00f1os, ni\u00f1as y adolescentes con discapacidad en Ecuador. Buscamos favorecer la inclusi\u00f3n temprana, la permanencia, el aprendizaje y la promoci\u00f3n educativa en cuatro centros de educaci\u00f3n regular y dos centros de educaci\u00f3n especial de Fe y Alegr\u00eda en Quito, Manta, Guayaquil y Santo Domingo.","og_url":"https:\/\/www.entreculturas.org\/gl\/noticia\/cuando-la-diferencia-es-lo-cotidiano-por-una-educacion-inclusiva-en-ecuador\/","og_site_name":"Entreculturas","article_publisher":"https:\/\/www.facebook.com\/entreculturas","article_modified_time":"2024-03-20T10:11:09+00:00","og_image":[{"width":800,"height":533,"url":"https:\/\/www.entreculturas.org\/wp-content\/uploads\/2019\/03\/sindome.jpg","type":"image\/jpeg"}],"twitter_card":"summary_large_image","twitter_site":"@Entreculturas","schema":{"@context":"https:\/\/schema.org","@graph":[{"@type":"WebPage","@id":"https:\/\/www.entreculturas.org\/gl\/noticia\/cuando-la-diferencia-es-lo-cotidiano-por-una-educacion-inclusiva-en-ecuador\/","url":"https:\/\/www.entreculturas.org\/gl\/noticia\/cuando-la-diferencia-es-lo-cotidiano-por-una-educacion-inclusiva-en-ecuador\/","name":"Cuando la diferencia es lo cotidiano: por una educaci\u00f3n inclusiva en Ecuador - Entreculturas","isPartOf":{"@id":"https:\/\/www.entreculturas.org\/gl\/#website"},"primaryImageOfPage":{"@id":"https:\/\/www.entreculturas.org\/gl\/noticia\/cuando-la-diferencia-es-lo-cotidiano-por-una-educacion-inclusiva-en-ecuador\/#primaryimage"},"image":{"@id":"https:\/\/www.entreculturas.org\/gl\/noticia\/cuando-la-diferencia-es-lo-cotidiano-por-una-educacion-inclusiva-en-ecuador\/#primaryimage"},"thumbnailUrl":"https:\/\/www.entreculturas.org\/wp-content\/uploads\/2019\/03\/sindome.jpg","datePublished":"2019-03-21T10:51:12+00:00","dateModified":"2024-03-20T10:11:09+00:00","breadcrumb":{"@id":"https:\/\/www.entreculturas.org\/gl\/noticia\/cuando-la-diferencia-es-lo-cotidiano-por-una-educacion-inclusiva-en-ecuador\/#breadcrumb"},"inLanguage":"gl-ES","potentialAction":[{"@type":"ReadAction","target":["https:\/\/www.entreculturas.org\/gl\/noticia\/cuando-la-diferencia-es-lo-cotidiano-por-una-educacion-inclusiva-en-ecuador\/"]}]},{"@type":"ImageObject","inLanguage":"gl-ES","@id":"https:\/\/www.entreculturas.org\/gl\/noticia\/cuando-la-diferencia-es-lo-cotidiano-por-una-educacion-inclusiva-en-ecuador\/#primaryimage","url":"https:\/\/www.entreculturas.org\/wp-content\/uploads\/2019\/03\/sindome.jpg","contentUrl":"https:\/\/www.entreculturas.org\/wp-content\/uploads\/2019\/03\/sindome.jpg","width":800,"height":533},{"@type":"BreadcrumbList","@id":"https:\/\/www.entreculturas.org\/gl\/noticia\/cuando-la-diferencia-es-lo-cotidiano-por-una-educacion-inclusiva-en-ecuador\/#breadcrumb","itemListElement":[{"@type":"ListItem","position":1,"name":"Home","item":"https:\/\/www.entreculturas.org\/gl\/"},{"@type":"ListItem","position":2,"name":"Noticias","item":"https:\/\/www.entreculturas.org\/gl\/noticias\/"},{"@type":"ListItem","position":3,"name":"Cuando la diferencia es lo cotidiano: por una educaci\u00f3n inclusiva en Ecuador"}]},{"@type":"WebSite","@id":"https:\/\/www.entreculturas.org\/gl\/#website","url":"https:\/\/www.entreculturas.org\/gl\/","name":"Entreculturas","description":"","publisher":{"@id":"https:\/\/www.entreculturas.org\/gl\/#organization"},"alternateName":"Entreculturas","potentialAction":[{"@type":"SearchAction","target":{"@type":"EntryPoint","urlTemplate":"https:\/\/www.entreculturas.org\/gl\/?s={search_term_string}"},"query-input":{"@type":"PropertyValueSpecification","valueRequired":true,"valueName":"search_term_string"}}],"inLanguage":"gl-ES"},{"@type":"Organization","@id":"https:\/\/www.entreculturas.org\/gl\/#organization","name":"Entreculturas","url":"https:\/\/www.entreculturas.org\/gl\/","logo":{"@type":"ImageObject","inLanguage":"gl-ES","@id":"https:\/\/www.entreculturas.org\/gl\/#\/schema\/logo\/image\/","url":"https:\/\/www.entreculturas.org\/wp-content\/uploads\/2025\/10\/ESP.svg","contentUrl":"https:\/\/www.entreculturas.org\/wp-content\/uploads\/2025\/10\/ESP.svg","caption":"Entreculturas"},"image":{"@id":"https:\/\/www.entreculturas.org\/gl\/#\/schema\/logo\/image\/"},"sameAs":["https:\/\/www.facebook.com\/entreculturas","https:\/\/x.com\/Entreculturas","https:\/\/www.instagram.com\/entreculturas\/","https:\/\/www.youtube.com\/user\/entreculturasvideo","https:\/\/www.linkedin.com\/company\/fundacion-entreculturas-ngdo\/","https:\/\/www.flickr.com\/photos\/98455522@N04\/albums\/"]}]}},"_links":{"self":[{"href":"https:\/\/www.entreculturas.org\/gl\/wp-json\/wp\/v2\/noticia\/2897","targetHints":{"allow":["GET"]}}],"collection":[{"href":"https:\/\/www.entreculturas.org\/gl\/wp-json\/wp\/v2\/noticia"}],"about":[{"href":"https:\/\/www.entreculturas.org\/gl\/wp-json\/wp\/v2\/types\/noticia"}],"wp:featuredmedia":[{"embeddable":true,"href":"https:\/\/www.entreculturas.org\/gl\/wp-json\/wp\/v2\/media\/2892"}],"wp:attachment":[{"href":"https:\/\/www.entreculturas.org\/gl\/wp-json\/wp\/v2\/media?parent=2897"}],"wp:term":[{"taxonomy":"category","embeddable":true,"href":"https:\/\/www.entreculturas.org\/gl\/wp-json\/wp\/v2\/categories?post=2897"},{"taxonomy":"post_tag","embeddable":true,"href":"https:\/\/www.entreculturas.org\/gl\/wp-json\/wp\/v2\/tags?post=2897"},{"taxonomy":"country","embeddable":true,"href":"https:\/\/www.entreculturas.org\/gl\/wp-json\/wp\/v2\/country?post=2897"},{"taxonomy":"cause","embeddable":true,"href":"https:\/\/www.entreculturas.org\/gl\/wp-json\/wp\/v2\/cause?post=2897"}],"curies":[{"name":"wp","href":"https:\/\/api.w.org\/{rel}","templated":true}]}}