{"id":2849,"date":"2019-03-13T09:31:01","date_gmt":"2019-03-13T09:31:01","guid":{"rendered":"https:\/\/entreculturasi.wpenginepowered.com\/?noticias=migracion-en-mexico-cada-vez-hay-mas-familias-mujeres-solas-con-hijos-e-hijas-y-menores-no"},"modified":"2024-02-09T12:59:38","modified_gmt":"2024-02-09T11:59:38","slug":"migracion-en-mexico-cada-vez-hay-mas-familias-mujeres-solas-con-hijos-e-hijas-y-menores-no","status":"publish","type":"noticia","link":"https:\/\/www.entreculturas.org\/gl\/noticia\/migracion-en-mexico-cada-vez-hay-mas-familias-mujeres-solas-con-hijos-e-hijas-y-menores-no\/","title":{"rendered":"Migraci\u00f3n en M\u00e9xico: &#8220;Cada vez hay m\u00e1s familias, mujeres solas con hijos e hijas y menores no acompa\u00f1ados&#8221;"},"content":{"rendered":"<p><strong>Andrea Villase\u00f1or es Directora del Servicio Jesuita de Refugiados en M\u00e9xico<\/strong>. Durante su \u00faltima visita a Entreculturas hemos hablado con ella sobre la situaci\u00f3n que experimenta la realidad de la migraci\u00f3n en M\u00e9xico.&nbsp;<\/p>\n<p>&nbsp;<\/p>\n<p><span style=\"color:#FF0000\"><strong>\u00bfCu\u00e1l es el motivo de tu visita?<\/strong><\/span><\/p>\n<p>Parte de la idea de esta visita consiste es dar a conocer la realidad que estamos teniendo en M\u00e9xico pero tambi\u00e9n en la regi\u00f3n, desde esta mirada de cu\u00e1les son tambi\u00e9n las&nbsp;causas de esta migraci\u00f3n, por qu\u00e9 la gente est\u00e1 huyendo. La situaci\u00f3n de M\u00e9xico como pa\u00eds de tr\u00e1nsito y acogida, pero tambi\u00e9n de denuncia de por qu\u00e9 la gente est\u00e1 saliendo y seguir\u00e1 saliendo [de sus pa\u00edses]. Por otra parte, hacer una llamado a la&nbsp;necesidad de fortalecer los sistemas de asilo tanto en M\u00e9xico como en el resto de pa\u00edses.<\/p>\n<p><span style=\"color:#FF0000\"><strong>\u00bfCu\u00e1l es la realidad actual de la migraci\u00f3n en M\u00e9xico?<\/strong><\/span><\/p>\n<p><strong>Por M\u00e9xico pasan cada a\u00f1o entre 400.000 y 500.000 personas en su tr\u00e1nsito<\/strong>&nbsp;sobre todo hacia Estados Unidos, que sigue siendo el gran imaginario donde la gente quiere ir. Pero cada vez se va quedando m\u00e1s gente en M\u00e9xico.<\/p>\n<p><span style=\"color:#FF0000\"><strong>\u00bfD\u00f3nde llegan las personas migrantes?<\/strong><\/span><\/p>\n<p>La frontera sur tiene m\u00e1s de 1.000 kil\u00f3metros. Decimos que es porosa porque la gente entra por diferentes v\u00edas, y&nbsp;<strong>Tapachula es una de las v\u00edas m\u00e1s importantes de acceso<\/strong>. All\u00ed&nbsp;se encuentra una de las tres oficinas donde se puede presentar la solicitud de asilo; se llama la COMAR&nbsp;(la Comisi\u00f3n Mexicana de Ayuda al Refugiado).&nbsp;Por la ley, la gente tiene que permanecer en el lugar donde hace la solicitud, no se puede mover del Estado -casi de la ciudad- donde solicita. Cada vez hay m\u00e1s poblaci\u00f3n: Tapachula es una ciudad peque\u00f1a. Mucha gente se est\u00e1 quedando en Tapachula en una situaci\u00f3n de precariedad y exclusi\u00f3n.<\/p>\n<p><span style=\"color:#FF0000\"><strong>\u00bfHan cambiado los perfiles de las personas migrantes?<\/strong><\/span><\/p>\n<p>En este paso de M\u00e9xico de ser m\u00e1s un lugar de destino, han cambiado los perfiles de personas migrantes. Antes el perfil era en su mayor\u00eda hombres (un 90%). Ahora <strong>cada vez hay m\u00e1s familias, mujeres solas con hijos e hijas y menores no acompa\u00f1ados que transitan por M\u00e9xico<\/strong>. Los porcentajes que manejamos son un 50% de&nbsp;hombres y un 50% de&nbsp;mujeres y un 20% de familias. Nosotros trabajamos menos con menores no acompa\u00f1ados pero cada vez vemos que son m\u00e1s los que solicitan protecci\u00f3n. Cada vez es m\u00e1s dif\u00edcil transitar por M\u00e9xico por la inseguridad, con lo cual ni\u00f1os, ni\u00f1as o mujeres que han sufrido mucha violencia en su pa\u00eds de origen ya no quieren arriesgarse a seguir sufriendo la violencia en el tr\u00e1nsito.<\/p>\n<p>A trav\u00e9s del acompa\u00f1amiento psicol\u00f3gico y en los procesos psicosociales vemos que&nbsp;<strong>un 80 o 90% de las mujeres que acompa\u00f1amos ha&nbsp;sufrido violencia de g\u00e9nero o violencia sexual a lo largo de su vida<\/strong>, no solamente en el trayecto sino en alg\u00fan momento de su vida, muchas tambi\u00e9n siendo ni\u00f1as. Por eso a veces, cuando hablamos de violencia sexual en el camino, es como &#8220;lo menos que me puede pasar&#8221; porque&nbsp;tienen asumido que en alg\u00fan momento del trayecto van a sufrir violencia sexual. Las compa\u00f1eras en Centroam\u00e9rica nos cuentan que cuando se les da informaci\u00f3n una de las recomendaciones que se hacen es que se pongan una inyecci\u00f3n anticonceptiva que dura tres meses, porque saben que va a ser muy dif\u00edcil evitar una violaci\u00f3n, pero al menos pueden evitar el embarazo.<\/p>\n<\/p>\n<div>\n<p><span style=\"color:#FF0000\"><strong>\u00bfCu\u00e1l es el trabajo de JRS M\u00e9xico?<\/strong><\/span><\/p>\n<p>De la mano con otras organizaciones que est\u00e1n trabajando en Tapachula <strong>damos asesor\u00eda jur\u00eddica, acompa\u00f1ada de asesor\u00eda psicol\u00f3gica, lo que nosotros llamamos &#8220;modelo psicojur\u00eddico&#8221;<\/strong>. La gente llega a nuestra oficina buscando una respuesta a su situaci\u00f3n jur\u00eddica y buscando protecci\u00f3n, y nosotros intentamos acompa\u00f1arlo desde una mirada m\u00e1s amplia e integral.<\/p>\n<p>El acompa\u00f1amiento es&nbsp;individual pero tambi\u00e9n colectivo. Trabajamos mucho con espacios de encuentro, de escucha y de autoayuda, que&nbsp;intentamos promover&nbsp;sobre todo entre mujeres. Tambi\u00e9n estamos empezando todo el proceso de integraci\u00f3n local junto a organizaciones que tienen presencia all\u00ed, entre ellas se encuentra la Organizaci\u00f3n Internacional del Trabajo, que tiene contacto con empresas. Brindando esos contactos la gente va teniendo m\u00e1s alternativas de vida y m\u00e1s autonom\u00eda.&nbsp;<\/p>\n<\/div>\n","protected":false},"excerpt":{"rendered":"<p>Andrea Villase\u00f1or es Directora del Servicio Jesuita de Refugiados en M\u00e9xico. Durante su \u00faltima visita a Entreculturas hemos hablado con ella sobre la situaci\u00f3n que experimenta la realidad de la migraci\u00f3n en M\u00e9xico.<\/p>\n","protected":false},"featured_media":2850,"template":"single-noticia","meta":{"_acf_changed":false},"categories":[7],"tags":[10],"country":[121],"cause":[129],"class_list":["post-2849","noticia","type-noticia","status-publish","has-post-thumbnail","hentry","category-noticia","tag-migracion-y-refugio","country-mexico","cause-migracion-y-refugio"],"acf":[],"yoast_head":"<!-- This site is optimized with the Yoast SEO Premium plugin v21.6 (Yoast SEO v27.5) - https:\/\/yoast.com\/product\/yoast-seo-premium-wordpress\/ -->\n<title>Migraci\u00f3n en M\u00e9xico: &quot;Cada vez hay m\u00e1s familias, mujeres solas con hijos e hijas y menores no acompa\u00f1ados&quot; - Entreculturas<\/title>\n<meta name=\"robots\" content=\"index, follow, max-snippet:-1, max-image-preview:large, max-video-preview:-1\" \/>\n<link rel=\"canonical\" href=\"https:\/\/www.entreculturas.org\/gl\/noticia\/migracion-en-mexico-cada-vez-hay-mas-familias-mujeres-solas-con-hijos-e-hijas-y-menores-no\/\" \/>\n<meta property=\"og:locale\" content=\"gl_ES\" \/>\n<meta property=\"og:type\" content=\"article\" \/>\n<meta property=\"og:title\" content=\"Migraci\u00f3n en M\u00e9xico: &quot;Cada vez hay m\u00e1s familias, mujeres solas con hijos e hijas y menores no acompa\u00f1ados&quot;\" \/>\n<meta property=\"og:description\" content=\"Andrea Villase\u00f1or es Directora del Servicio Jesuita de Refugiados en M\u00e9xico. Durante su \u00faltima visita a Entreculturas hemos hablado con ella sobre la situaci\u00f3n que experimenta la realidad de la migraci\u00f3n en M\u00e9xico.\" \/>\n<meta property=\"og:url\" content=\"https:\/\/www.entreculturas.org\/gl\/noticia\/migracion-en-mexico-cada-vez-hay-mas-familias-mujeres-solas-con-hijos-e-hijas-y-menores-no\/\" \/>\n<meta property=\"og:site_name\" content=\"Entreculturas\" \/>\n<meta property=\"article:publisher\" content=\"https:\/\/www.facebook.com\/entreculturas\" \/>\n<meta property=\"article:modified_time\" content=\"2024-02-09T11:59:38+00:00\" \/>\n<meta property=\"og:image\" content=\"https:\/\/www.entreculturas.org\/wp-content\/uploads\/2019\/03\/foto_3_villasenor.jpg\" \/>\n\t<meta property=\"og:image:width\" content=\"1920\" \/>\n\t<meta property=\"og:image:height\" content=\"1080\" \/>\n\t<meta property=\"og:image:type\" content=\"image\/jpeg\" \/>\n<meta name=\"twitter:card\" content=\"summary_large_image\" \/>\n<meta name=\"twitter:site\" content=\"@Entreculturas\" \/>\n<script type=\"application\/ld+json\" class=\"yoast-schema-graph\">{\"@context\":\"https:\\\/\\\/schema.org\",\"@graph\":[{\"@type\":\"WebPage\",\"@id\":\"https:\\\/\\\/www.entreculturas.org\\\/gl\\\/noticia\\\/migracion-en-mexico-cada-vez-hay-mas-familias-mujeres-solas-con-hijos-e-hijas-y-menores-no\\\/\",\"url\":\"https:\\\/\\\/www.entreculturas.org\\\/gl\\\/noticia\\\/migracion-en-mexico-cada-vez-hay-mas-familias-mujeres-solas-con-hijos-e-hijas-y-menores-no\\\/\",\"name\":\"Migraci\u00f3n en M\u00e9xico: \\\"Cada vez hay m\u00e1s familias, mujeres solas con hijos e hijas y menores no acompa\u00f1ados\\\" - Entreculturas\",\"isPartOf\":{\"@id\":\"https:\\\/\\\/www.entreculturas.org\\\/gl\\\/#website\"},\"primaryImageOfPage\":{\"@id\":\"https:\\\/\\\/www.entreculturas.org\\\/gl\\\/noticia\\\/migracion-en-mexico-cada-vez-hay-mas-familias-mujeres-solas-con-hijos-e-hijas-y-menores-no\\\/#primaryimage\"},\"image\":{\"@id\":\"https:\\\/\\\/www.entreculturas.org\\\/gl\\\/noticia\\\/migracion-en-mexico-cada-vez-hay-mas-familias-mujeres-solas-con-hijos-e-hijas-y-menores-no\\\/#primaryimage\"},\"thumbnailUrl\":\"https:\\\/\\\/www.entreculturas.org\\\/wp-content\\\/uploads\\\/2019\\\/03\\\/foto_3_villasenor.jpg\",\"datePublished\":\"2019-03-13T09:31:01+00:00\",\"dateModified\":\"2024-02-09T11:59:38+00:00\",\"breadcrumb\":{\"@id\":\"https:\\\/\\\/www.entreculturas.org\\\/gl\\\/noticia\\\/migracion-en-mexico-cada-vez-hay-mas-familias-mujeres-solas-con-hijos-e-hijas-y-menores-no\\\/#breadcrumb\"},\"inLanguage\":\"gl-ES\",\"potentialAction\":[{\"@type\":\"ReadAction\",\"target\":[\"https:\\\/\\\/www.entreculturas.org\\\/gl\\\/noticia\\\/migracion-en-mexico-cada-vez-hay-mas-familias-mujeres-solas-con-hijos-e-hijas-y-menores-no\\\/\"]}]},{\"@type\":\"ImageObject\",\"inLanguage\":\"gl-ES\",\"@id\":\"https:\\\/\\\/www.entreculturas.org\\\/gl\\\/noticia\\\/migracion-en-mexico-cada-vez-hay-mas-familias-mujeres-solas-con-hijos-e-hijas-y-menores-no\\\/#primaryimage\",\"url\":\"https:\\\/\\\/www.entreculturas.org\\\/wp-content\\\/uploads\\\/2019\\\/03\\\/foto_3_villasenor.jpg\",\"contentUrl\":\"https:\\\/\\\/www.entreculturas.org\\\/wp-content\\\/uploads\\\/2019\\\/03\\\/foto_3_villasenor.jpg\",\"width\":1920,\"height\":1080,\"caption\":\"foto_3_villasenor\"},{\"@type\":\"BreadcrumbList\",\"@id\":\"https:\\\/\\\/www.entreculturas.org\\\/gl\\\/noticia\\\/migracion-en-mexico-cada-vez-hay-mas-familias-mujeres-solas-con-hijos-e-hijas-y-menores-no\\\/#breadcrumb\",\"itemListElement\":[{\"@type\":\"ListItem\",\"position\":1,\"name\":\"Home\",\"item\":\"https:\\\/\\\/www.entreculturas.org\\\/gl\\\/\"},{\"@type\":\"ListItem\",\"position\":2,\"name\":\"Noticias\",\"item\":\"https:\\\/\\\/www.entreculturas.org\\\/gl\\\/noticias\\\/\"},{\"@type\":\"ListItem\",\"position\":3,\"name\":\"Migraci\u00f3n en M\u00e9xico: &#8220;Cada vez hay m\u00e1s familias, mujeres solas con hijos e hijas y menores no acompa\u00f1ados&#8221;\"}]},{\"@type\":\"WebSite\",\"@id\":\"https:\\\/\\\/www.entreculturas.org\\\/gl\\\/#website\",\"url\":\"https:\\\/\\\/www.entreculturas.org\\\/gl\\\/\",\"name\":\"Entreculturas\",\"description\":\"\",\"publisher\":{\"@id\":\"https:\\\/\\\/www.entreculturas.org\\\/gl\\\/#organization\"},\"alternateName\":\"Entreculturas\",\"potentialAction\":[{\"@type\":\"SearchAction\",\"target\":{\"@type\":\"EntryPoint\",\"urlTemplate\":\"https:\\\/\\\/www.entreculturas.org\\\/gl\\\/?s={search_term_string}\"},\"query-input\":{\"@type\":\"PropertyValueSpecification\",\"valueRequired\":true,\"valueName\":\"search_term_string\"}}],\"inLanguage\":\"gl-ES\"},{\"@type\":\"Organization\",\"@id\":\"https:\\\/\\\/www.entreculturas.org\\\/gl\\\/#organization\",\"name\":\"Entreculturas\",\"url\":\"https:\\\/\\\/www.entreculturas.org\\\/gl\\\/\",\"logo\":{\"@type\":\"ImageObject\",\"inLanguage\":\"gl-ES\",\"@id\":\"https:\\\/\\\/www.entreculturas.org\\\/gl\\\/#\\\/schema\\\/logo\\\/image\\\/\",\"url\":\"https:\\\/\\\/www.entreculturas.org\\\/wp-content\\\/uploads\\\/2025\\\/10\\\/ESP.svg\",\"contentUrl\":\"https:\\\/\\\/www.entreculturas.org\\\/wp-content\\\/uploads\\\/2025\\\/10\\\/ESP.svg\",\"caption\":\"Entreculturas\"},\"image\":{\"@id\":\"https:\\\/\\\/www.entreculturas.org\\\/gl\\\/#\\\/schema\\\/logo\\\/image\\\/\"},\"sameAs\":[\"https:\\\/\\\/www.facebook.com\\\/entreculturas\",\"https:\\\/\\\/x.com\\\/Entreculturas\",\"https:\\\/\\\/www.instagram.com\\\/entreculturas\\\/\",\"https:\\\/\\\/www.youtube.com\\\/user\\\/entreculturasvideo\",\"https:\\\/\\\/www.linkedin.com\\\/company\\\/fundacion-entreculturas-ngdo\\\/\",\"https:\\\/\\\/www.flickr.com\\\/photos\\\/98455522@N04\\\/albums\\\/\"]}]}<\/script>\n<!-- \/ Yoast SEO Premium plugin. -->","yoast_head_json":{"title":"Migraci\u00f3n en M\u00e9xico: \"Cada vez hay m\u00e1s familias, mujeres solas con hijos e hijas y menores no acompa\u00f1ados\" - Entreculturas","robots":{"index":"index","follow":"follow","max-snippet":"max-snippet:-1","max-image-preview":"max-image-preview:large","max-video-preview":"max-video-preview:-1"},"canonical":"https:\/\/www.entreculturas.org\/gl\/noticia\/migracion-en-mexico-cada-vez-hay-mas-familias-mujeres-solas-con-hijos-e-hijas-y-menores-no\/","og_locale":"gl_ES","og_type":"article","og_title":"Migraci\u00f3n en M\u00e9xico: \"Cada vez hay m\u00e1s familias, mujeres solas con hijos e hijas y menores no acompa\u00f1ados\"","og_description":"Andrea Villase\u00f1or es Directora del Servicio Jesuita de Refugiados en M\u00e9xico. Durante su \u00faltima visita a Entreculturas hemos hablado con ella sobre la situaci\u00f3n que experimenta la realidad de la migraci\u00f3n en M\u00e9xico.","og_url":"https:\/\/www.entreculturas.org\/gl\/noticia\/migracion-en-mexico-cada-vez-hay-mas-familias-mujeres-solas-con-hijos-e-hijas-y-menores-no\/","og_site_name":"Entreculturas","article_publisher":"https:\/\/www.facebook.com\/entreculturas","article_modified_time":"2024-02-09T11:59:38+00:00","og_image":[{"width":1920,"height":1080,"url":"https:\/\/www.entreculturas.org\/wp-content\/uploads\/2019\/03\/foto_3_villasenor.jpg","type":"image\/jpeg"}],"twitter_card":"summary_large_image","twitter_site":"@Entreculturas","schema":{"@context":"https:\/\/schema.org","@graph":[{"@type":"WebPage","@id":"https:\/\/www.entreculturas.org\/gl\/noticia\/migracion-en-mexico-cada-vez-hay-mas-familias-mujeres-solas-con-hijos-e-hijas-y-menores-no\/","url":"https:\/\/www.entreculturas.org\/gl\/noticia\/migracion-en-mexico-cada-vez-hay-mas-familias-mujeres-solas-con-hijos-e-hijas-y-menores-no\/","name":"Migraci\u00f3n en M\u00e9xico: \"Cada vez hay m\u00e1s familias, mujeres solas con hijos e hijas y menores no acompa\u00f1ados\" - Entreculturas","isPartOf":{"@id":"https:\/\/www.entreculturas.org\/gl\/#website"},"primaryImageOfPage":{"@id":"https:\/\/www.entreculturas.org\/gl\/noticia\/migracion-en-mexico-cada-vez-hay-mas-familias-mujeres-solas-con-hijos-e-hijas-y-menores-no\/#primaryimage"},"image":{"@id":"https:\/\/www.entreculturas.org\/gl\/noticia\/migracion-en-mexico-cada-vez-hay-mas-familias-mujeres-solas-con-hijos-e-hijas-y-menores-no\/#primaryimage"},"thumbnailUrl":"https:\/\/www.entreculturas.org\/wp-content\/uploads\/2019\/03\/foto_3_villasenor.jpg","datePublished":"2019-03-13T09:31:01+00:00","dateModified":"2024-02-09T11:59:38+00:00","breadcrumb":{"@id":"https:\/\/www.entreculturas.org\/gl\/noticia\/migracion-en-mexico-cada-vez-hay-mas-familias-mujeres-solas-con-hijos-e-hijas-y-menores-no\/#breadcrumb"},"inLanguage":"gl-ES","potentialAction":[{"@type":"ReadAction","target":["https:\/\/www.entreculturas.org\/gl\/noticia\/migracion-en-mexico-cada-vez-hay-mas-familias-mujeres-solas-con-hijos-e-hijas-y-menores-no\/"]}]},{"@type":"ImageObject","inLanguage":"gl-ES","@id":"https:\/\/www.entreculturas.org\/gl\/noticia\/migracion-en-mexico-cada-vez-hay-mas-familias-mujeres-solas-con-hijos-e-hijas-y-menores-no\/#primaryimage","url":"https:\/\/www.entreculturas.org\/wp-content\/uploads\/2019\/03\/foto_3_villasenor.jpg","contentUrl":"https:\/\/www.entreculturas.org\/wp-content\/uploads\/2019\/03\/foto_3_villasenor.jpg","width":1920,"height":1080,"caption":"foto_3_villasenor"},{"@type":"BreadcrumbList","@id":"https:\/\/www.entreculturas.org\/gl\/noticia\/migracion-en-mexico-cada-vez-hay-mas-familias-mujeres-solas-con-hijos-e-hijas-y-menores-no\/#breadcrumb","itemListElement":[{"@type":"ListItem","position":1,"name":"Home","item":"https:\/\/www.entreculturas.org\/gl\/"},{"@type":"ListItem","position":2,"name":"Noticias","item":"https:\/\/www.entreculturas.org\/gl\/noticias\/"},{"@type":"ListItem","position":3,"name":"Migraci\u00f3n en M\u00e9xico: &#8220;Cada vez hay m\u00e1s familias, mujeres solas con hijos e hijas y menores no acompa\u00f1ados&#8221;"}]},{"@type":"WebSite","@id":"https:\/\/www.entreculturas.org\/gl\/#website","url":"https:\/\/www.entreculturas.org\/gl\/","name":"Entreculturas","description":"","publisher":{"@id":"https:\/\/www.entreculturas.org\/gl\/#organization"},"alternateName":"Entreculturas","potentialAction":[{"@type":"SearchAction","target":{"@type":"EntryPoint","urlTemplate":"https:\/\/www.entreculturas.org\/gl\/?s={search_term_string}"},"query-input":{"@type":"PropertyValueSpecification","valueRequired":true,"valueName":"search_term_string"}}],"inLanguage":"gl-ES"},{"@type":"Organization","@id":"https:\/\/www.entreculturas.org\/gl\/#organization","name":"Entreculturas","url":"https:\/\/www.entreculturas.org\/gl\/","logo":{"@type":"ImageObject","inLanguage":"gl-ES","@id":"https:\/\/www.entreculturas.org\/gl\/#\/schema\/logo\/image\/","url":"https:\/\/www.entreculturas.org\/wp-content\/uploads\/2025\/10\/ESP.svg","contentUrl":"https:\/\/www.entreculturas.org\/wp-content\/uploads\/2025\/10\/ESP.svg","caption":"Entreculturas"},"image":{"@id":"https:\/\/www.entreculturas.org\/gl\/#\/schema\/logo\/image\/"},"sameAs":["https:\/\/www.facebook.com\/entreculturas","https:\/\/x.com\/Entreculturas","https:\/\/www.instagram.com\/entreculturas\/","https:\/\/www.youtube.com\/user\/entreculturasvideo","https:\/\/www.linkedin.com\/company\/fundacion-entreculturas-ngdo\/","https:\/\/www.flickr.com\/photos\/98455522@N04\/albums\/"]}]}},"_links":{"self":[{"href":"https:\/\/www.entreculturas.org\/gl\/wp-json\/wp\/v2\/noticia\/2849","targetHints":{"allow":["GET"]}}],"collection":[{"href":"https:\/\/www.entreculturas.org\/gl\/wp-json\/wp\/v2\/noticia"}],"about":[{"href":"https:\/\/www.entreculturas.org\/gl\/wp-json\/wp\/v2\/types\/noticia"}],"wp:featuredmedia":[{"embeddable":true,"href":"https:\/\/www.entreculturas.org\/gl\/wp-json\/wp\/v2\/media\/2850"}],"wp:attachment":[{"href":"https:\/\/www.entreculturas.org\/gl\/wp-json\/wp\/v2\/media?parent=2849"}],"wp:term":[{"taxonomy":"category","embeddable":true,"href":"https:\/\/www.entreculturas.org\/gl\/wp-json\/wp\/v2\/categories?post=2849"},{"taxonomy":"post_tag","embeddable":true,"href":"https:\/\/www.entreculturas.org\/gl\/wp-json\/wp\/v2\/tags?post=2849"},{"taxonomy":"country","embeddable":true,"href":"https:\/\/www.entreculturas.org\/gl\/wp-json\/wp\/v2\/country?post=2849"},{"taxonomy":"cause","embeddable":true,"href":"https:\/\/www.entreculturas.org\/gl\/wp-json\/wp\/v2\/cause?post=2849"}],"curies":[{"name":"wp","href":"https:\/\/api.w.org\/{rel}","templated":true}]}}