{"id":2731,"date":"2019-02-22T10:09:48","date_gmt":"2019-02-22T10:09:48","guid":{"rendered":"https:\/\/entreculturasi.wpenginepowered.com\/?noticias=8m-de-mujeres-que-cambian-el-mundo-defensoras-de-derechos-humanos"},"modified":"2024-02-09T12:40:27","modified_gmt":"2024-02-09T11:40:27","slug":"8m-de-mujeres-que-cambian-el-mundo-defensoras-de-derechos-humanos","status":"publish","type":"noticia","link":"https:\/\/www.entreculturas.org\/gl\/noticia\/8m-de-mujeres-que-cambian-el-mundo-defensoras-de-derechos-humanos\/","title":{"rendered":"#8M de Mujeres que cambian el mundo: defensoras de Derechos Humanos"},"content":{"rendered":"<p>El<strong> D\u00eda Internacional de los Derechos de las Mujeres<\/strong> (8 de marzo) se aproxima y con \u00e9l nuestra propuesta de aprendizajes y acciones para reivindicar qu\u00e9 es La Hora de La Igualdad. Persiguiendo ese fin, desde el equipo de REDEC vamos a publicar una serie de reportajes que pretenden fortalecer y promover una ciudadan\u00eda global comprometida con la defensa de la igualdad de derechos para todas las personas. Para comenzar, queremos conmemorar y reivindicar los procesos de lucha y resistencia que han llevado a cabo mujeres de todo el mundo con el fin de defender sus derechos y terminar con la precarizaci\u00f3n de sus vidas y comunidades. En definitiva, queremos invitarte a conocer o recordar&nbsp;las historias de <strong>cinco grandes mujeres<\/strong> que, como muchas otras, han dedicado su vida a la lucha por los derechos humanos.<\/p>\n<p><span id=\"docs-internal-guid-2f6fe48a-7fff-dc09-bfa2-237d6124cbc5\"><span style=\"font-size: 11pt;font-family: Arial;background-color: transparent;font-weight: 700\"><\/span><\/span><br \/><span style=\"color:#FF0000\"><strong>ASIA:&nbsp;Malala Yousafzai&nbsp;<\/strong><\/span><br \/>Malala es una activista pakistan\u00ed gran defensora del derecho a la educaci\u00f3n de las mujeres, lo cual la hizo merecedora del Premio Nobel de la Paz en 2014 a la edad de 17 a\u00f1os, convirti\u00e9ndose en la persona m\u00e1s joven en recibirlo. Con tan solo 11 a\u00f1os, Malala comenz\u00f3 a denunciar la situaci\u00f3n que se viv\u00eda en su tierra bajo la ocupaci\u00f3n de los talibanes a trav\u00e9s de un pseud\u00f3nimo para la BBC, donde tambi\u00e9n promov\u00eda la educaci\u00f3n de las ni\u00f1as. Actualmente reside en Inglaterra tras haber sobrevivido a un intento de asesinato por parte del r\u00e9gimen talib\u00e1n. Gracias a su lucha se aprob\u00f3 en las Naciones Unidas para la Educaci\u00f3n Mundial la primera Ley de Derecho a la Educaci\u00f3n en Pakist\u00e1n.<\/p>\n<p>&nbsp;<\/p>\n<p>&nbsp;<\/p>\n<p><span id=\"docs-internal-guid-ad24a4c7-7fff-8989-8dd7-fb07ba08e935\"><span style=\"font-size: 11pt;font-family: Arial;background-color: transparent;font-weight: 700\"><img decoding=\"async\" src=\"https:\/\/lh4.googleusercontent.com\/voK3p7bYFWU5bTrcKKGPkEfCNGfgWs7sT--b6psz-85FyFk9NiY7JzYIKfstX6Vlz5EYUF7GQZGO6naUbC1_sQAfNNSc3tHH7prvM6ZLZoIeO0GaOvucvfE_bc3-Nr_4m3p8es_e\" style=\"border-width: 0px;border-style: solid;width: 297px;height: 155px;margin: 10px;float: left\"><\/span><\/span><br \/><span style=\"color:#FF0000\"><strong>\u00c1FRICA: Theresa Kachindamoto&nbsp;<\/strong><\/span><br \/>Theresa es, desde 2003, una l\u00edder pol\u00edtica de Dedza, una localidad de Malawi. Es internacionalmente conocida por su lucha contra los matrimonios forzosos en Malawi, pa\u00eds en el que, seg\u00fan Naciones Unidas, m\u00e1s de la mitad de las ni\u00f1as que se casaron en 2012 ten\u00edan menos de 18 a\u00f1os. Kachindamoto se ha convertido en una verdadera aliada en la lucha por los derechos, evitando que 850 ni\u00f1as fueran obligadas a casarse forzosamente y ha logrado enviar a cientos de ni\u00f1as y mujeres a la escuela, en muchas ocasiones, pagando ella misma la cuota de sus estudios.<\/p>\n<p>&nbsp;<\/p>\n<p>&nbsp;<\/p>\n<p><span id=\"docs-internal-guid-6995583a-7fff-158f-4210-fa405e4a86f8\"><span style=\"font-size: 11pt;font-family: Arial;background-color: transparent\"><img decoding=\"async\" src=\"https:\/\/lh6.googleusercontent.com\/tCBCR00go6AzrenmPIio3V9UCvEu_kYt1jVj8UtGd_0H3DQz2zmZpk5Fa4e5J964CTkFFtSMu7vk7fWjhFYb-xjB8rH_9UV1WR8PYwDNH1MpDDkvr88qQodsnyMTbu5FcfyohOgy\" style=\"border-width: 0px;border-style: solid;width: 256px;height: 171px;margin: 10px;float: left\"><\/span><\/span><br \/><span style=\"color:#FF0000\"><strong>AM\u00c9RICA: Marielle Franco&nbsp;<\/strong><\/span><br \/>Concejala, soci\u00f3loga, y dirigente social brasile\u00f1a, Marielle Franco luch\u00f3 por los derechos humanos de los habitantes de las favelas, as\u00ed como por los derechos de las mujeres y la comunidad LGTBIQ. Antes de ser concejala hab\u00eda participado en la coordinaci\u00f3n de la Comisi\u00f3n de Derechos humanos de la asamblea legislativa provincial de la ciudad de R\u00edo de Janeiro.&nbsp;<\/p>\n<p>Adem\u00e1s combati\u00f3 vehementemente contra la violencia y represi\u00f3n policial en los barrios desfavorecidos de Brasil, denunciando la grave violaci\u00f3n a los derechos humanos que viv\u00eda a diario la poblaci\u00f3n. El 14 de marzo de 2018 fue asesinada tras salir de una actividad pol\u00edtica en el centro de la ciudad. Desde entonces, han sido multitud las organizaciones y colectivos en todo el mundo que se han organizado y alzado la voz exigiendo justicia.<\/p>\n<p>&nbsp;<\/p>\n<p><span id=\"docs-internal-guid-d55ddaf5-7fff-9306-c417-97e5cb051015\"><span style=\"font-size: 11pt;font-family: Arial;background-color: transparent\"><img decoding=\"async\" src=\"https:\/\/lh3.googleusercontent.com\/d2UJmmcXu5YqosV5uK8QXH9QZ1gQ161NbKWdvBqYNDjtjegJ_j1WznQ4V8CVsZHAWBdlkeIdHOIt292udddcgAYlJTxXyoVHYvITWJ_vLW0zJ2_Y4aRlz4Dds6CHLgZWm9rJ3HM6\" style=\"border-width: 0px;border-style: solid;width: 259px;height: 194px;float: left;margin: 10px\"><\/span><\/span><br \/><span style=\"color:#FF0000\"><strong>OCEAN\u00cdA: Midrula Pasad<\/strong><\/span><br \/>Midrula fue una doctora y activista de Fiyi que luch\u00f3 activamente por defender los derechos de las mujeres en su pa\u00eds, sobre todo los sexuales y reproductivos en tiempos donde el tema era \u2013 y sigue siendo &#8211; considerado como tab\u00fa. Particip\u00f3 junto a otras mujeres en el \u201cMovimiento de Mujeres de Fiyi\u201d&nbsp; que revindicaba los derechos sociales, medioambientales, econ\u00f3micos y de infancia. En septiembre de 1999 recibi\u00f3 un premio regional sobre salud y derechos reproductivos concedido por el fondo de Poblaci\u00f3n de las Naciones Unidas.<\/p>\n<p>&nbsp;<\/p>\n<p>&nbsp;<\/p>\n<p>&nbsp;<\/p>\n<p><img decoding=\"async\" alt=\"\" src=\"https:\/\/www.entreculturas.org\/wp-content\/uploads\/2019\/02\/750692014117c3d80c11c97c2c6b6cf2.jpg\" style=\"width: 150px;height: 204px;border-width: 0px;border-style: solid;margin: 10px;float: left\"><span style=\"color:#FF0000\"><strong>EUROPA: Emmeline Pankhurst&nbsp;<\/strong><\/span><br \/>Activista y pol\u00edtica brit\u00e1nica que lider\u00f3 el movimiento sufragista en su pa\u00eds. Su participaci\u00f3n en la lucha fue crucial para lograr el derecho de las mujeres a votar en Gran Breta\u00f1a.&nbsp;Fund\u00f3 en 1889 la Liga del Sufragio Femenino, un movimiento que luchaba por el derecho de las mujeres a participar en los comicios locales. En 1903 particip\u00f3 en la creaci\u00f3n de la Uni\u00f3n Social y Pol\u00edtica de las mujeres, cuyas participantes fueron las primeras en ser denominadas \u201csufragistas\u201d. Emmeline inici\u00f3 numerosas manifestaciones en la lucha militante por las calles de Londres junto con sus dos hijas, Christabel y Sylvia. Finalmente, muri\u00f3 en 1928, poco despu\u00e9s de que el Parlamento Brit\u00e1nico aprobara la concesi\u00f3n del derecho del voto a las mujeres.<\/p>\n<p><span style=\"color:#ff0000\">&nbsp;<\/span><\/p>\n<p><span style=\"color:#ff0000\">&nbsp;<\/span><\/p>\n<p><span style=\"color:#ff0000\">&nbsp;<\/span><\/p>\n<p><strong>\u00bfLas conoc\u00edas? \u00bfQu\u00e9 otras mujeres conoces y admiras?<\/strong> Te invitamos a descubrir nuestra<strong> propuesta did\u00e1ctica del D\u00eda D 2019 que tiene como objetivo trabajar este d\u00eda por etapas educativas.<\/strong> En el reverso de su formato en cartel, esta unidad did\u00e1ctica recoge cuatro propuestas did\u00e1cticas adaptadas por edades para acercar a grupos de j\u00f3venes de 4 a 18 a\u00f1os la toma de conciencia sobre la importancia de la igualdad y as\u00ed se identifiquen como promotores de entornos y relaciones igualitarias.<\/p>\n","protected":false},"excerpt":{"rendered":"<p>El D\u00eda Internacional de los Derechos de las Mujeres (8 de marzo) se aproxima y con \u00e9l nuestra propuesta de aprendizajes y acciones para reivindicar qu\u00e9 es La Hora de La Igualdad. Persiguiendo ese fin, desde el equipo de REDEC vamos a publicar una serie de reportajes que pretenden fortalecer y promover una ciudadan\u00eda global comprometida con la defensa de la igualdad de derechos para todas las personas. Para comenzar, queremos conmemorar y reivindicar los procesos de lucha y resistencia que han llevado a cabo mujeres de todo el mundo con el fin de defender sus derechos y terminar con la precarizaci\u00f3n de sus vidas y comunidades. En definitiva, queremos invitarte a conocer o recordar&nbsp;las historias de cinco grandes mujeres que, como muchas otras, han dedicado su vida a la lucha por los derechos humanos. ASIA:&nbsp;Malala Yousafzai&nbsp;Malala es una activista pakistan\u00ed gran defensora del derecho a la educaci\u00f3n de las [&hellip;]<\/p>\n","protected":false},"featured_media":2729,"template":"single-noticia","meta":{"_acf_changed":false},"categories":[7],"tags":[293],"country":[],"cause":[130],"class_list":["post-2731","noticia","type-noticia","status-publish","has-post-thumbnail","hentry","category-noticia","tag-genero","cause-genero"],"acf":[],"yoast_head":"<!-- This site is optimized with the Yoast SEO Premium plugin v21.6 (Yoast SEO v27.5) - https:\/\/yoast.com\/product\/yoast-seo-premium-wordpress\/ -->\n<title>#8M de Mujeres que cambian el mundo: defensoras de Derechos Humanos - Entreculturas<\/title>\n<meta name=\"robots\" content=\"index, follow, max-snippet:-1, max-image-preview:large, max-video-preview:-1\" \/>\n<link rel=\"canonical\" href=\"https:\/\/www.entreculturas.org\/gl\/noticia\/8m-de-mujeres-que-cambian-el-mundo-defensoras-de-derechos-humanos\/\" \/>\n<meta property=\"og:locale\" content=\"gl_ES\" \/>\n<meta property=\"og:type\" content=\"article\" \/>\n<meta property=\"og:title\" content=\"#8M de Mujeres que cambian el mundo: defensoras de Derechos Humanos\" \/>\n<meta property=\"og:description\" content=\"El D\u00eda Internacional de los Derechos de las Mujeres (8 de marzo) se aproxima y con \u00e9l nuestra propuesta de aprendizajes y acciones para reivindicar qu\u00e9 es La Hora de La Igualdad. Persiguiendo ese fin, desde el equipo de REDEC vamos a publicar una serie de reportajes que pretenden fortalecer y promover una ciudadan\u00eda global comprometida con la defensa de la igualdad de derechos para todas las personas. Para comenzar, queremos conmemorar y reivindicar los procesos de lucha y resistencia que han llevado a cabo mujeres de todo el mundo con el fin de defender sus derechos y terminar con la precarizaci\u00f3n de sus vidas y comunidades. En definitiva, queremos invitarte a conocer o recordar&nbsp;las historias de cinco grandes mujeres que, como muchas otras, han dedicado su vida a la lucha por los derechos humanos. ASIA:&nbsp;Malala Yousafzai&nbsp;Malala es una activista pakistan\u00ed gran defensora del derecho a la educaci\u00f3n de las [&hellip;]\" \/>\n<meta property=\"og:url\" content=\"https:\/\/www.entreculturas.org\/gl\/noticia\/8m-de-mujeres-que-cambian-el-mundo-defensoras-de-derechos-humanos\/\" \/>\n<meta property=\"og:site_name\" content=\"Entreculturas\" \/>\n<meta property=\"article:publisher\" content=\"https:\/\/www.facebook.com\/entreculturas\" \/>\n<meta property=\"article:modified_time\" content=\"2024-02-09T11:40:27+00:00\" \/>\n<meta property=\"og:image\" content=\"https:\/\/www.entreculturas.org\/wp-content\/uploads\/2019\/02\/750692014117c3d80c11c97c2c6b6cf2.jpg\" \/>\n\t<meta property=\"og:image:width\" content=\"1473\" \/>\n\t<meta property=\"og:image:height\" content=\"2000\" \/>\n\t<meta property=\"og:image:type\" content=\"image\/jpeg\" \/>\n<meta name=\"twitter:card\" content=\"summary_large_image\" \/>\n<meta name=\"twitter:site\" content=\"@Entreculturas\" \/>\n<script type=\"application\/ld+json\" class=\"yoast-schema-graph\">{\"@context\":\"https:\\\/\\\/schema.org\",\"@graph\":[{\"@type\":\"WebPage\",\"@id\":\"https:\\\/\\\/www.entreculturas.org\\\/gl\\\/noticia\\\/8m-de-mujeres-que-cambian-el-mundo-defensoras-de-derechos-humanos\\\/\",\"url\":\"https:\\\/\\\/www.entreculturas.org\\\/gl\\\/noticia\\\/8m-de-mujeres-que-cambian-el-mundo-defensoras-de-derechos-humanos\\\/\",\"name\":\"#8M de Mujeres que cambian el mundo: defensoras de Derechos Humanos - Entreculturas\",\"isPartOf\":{\"@id\":\"https:\\\/\\\/www.entreculturas.org\\\/gl\\\/#website\"},\"primaryImageOfPage\":{\"@id\":\"https:\\\/\\\/www.entreculturas.org\\\/gl\\\/noticia\\\/8m-de-mujeres-que-cambian-el-mundo-defensoras-de-derechos-humanos\\\/#primaryimage\"},\"image\":{\"@id\":\"https:\\\/\\\/www.entreculturas.org\\\/gl\\\/noticia\\\/8m-de-mujeres-que-cambian-el-mundo-defensoras-de-derechos-humanos\\\/#primaryimage\"},\"thumbnailUrl\":\"https:\\\/\\\/www.entreculturas.org\\\/wp-content\\\/uploads\\\/2019\\\/02\\\/750692014117c3d80c11c97c2c6b6cf2.jpg\",\"datePublished\":\"2019-02-22T10:09:48+00:00\",\"dateModified\":\"2024-02-09T11:40:27+00:00\",\"breadcrumb\":{\"@id\":\"https:\\\/\\\/www.entreculturas.org\\\/gl\\\/noticia\\\/8m-de-mujeres-que-cambian-el-mundo-defensoras-de-derechos-humanos\\\/#breadcrumb\"},\"inLanguage\":\"gl-ES\",\"potentialAction\":[{\"@type\":\"ReadAction\",\"target\":[\"https:\\\/\\\/www.entreculturas.org\\\/gl\\\/noticia\\\/8m-de-mujeres-que-cambian-el-mundo-defensoras-de-derechos-humanos\\\/\"]}]},{\"@type\":\"ImageObject\",\"inLanguage\":\"gl-ES\",\"@id\":\"https:\\\/\\\/www.entreculturas.org\\\/gl\\\/noticia\\\/8m-de-mujeres-que-cambian-el-mundo-defensoras-de-derechos-humanos\\\/#primaryimage\",\"url\":\"https:\\\/\\\/www.entreculturas.org\\\/wp-content\\\/uploads\\\/2019\\\/02\\\/750692014117c3d80c11c97c2c6b6cf2.jpg\",\"contentUrl\":\"https:\\\/\\\/www.entreculturas.org\\\/wp-content\\\/uploads\\\/2019\\\/02\\\/750692014117c3d80c11c97c2c6b6cf2.jpg\",\"width\":1473,\"height\":2000},{\"@type\":\"BreadcrumbList\",\"@id\":\"https:\\\/\\\/www.entreculturas.org\\\/gl\\\/noticia\\\/8m-de-mujeres-que-cambian-el-mundo-defensoras-de-derechos-humanos\\\/#breadcrumb\",\"itemListElement\":[{\"@type\":\"ListItem\",\"position\":1,\"name\":\"Home\",\"item\":\"https:\\\/\\\/www.entreculturas.org\\\/gl\\\/\"},{\"@type\":\"ListItem\",\"position\":2,\"name\":\"Noticias\",\"item\":\"https:\\\/\\\/www.entreculturas.org\\\/gl\\\/noticias\\\/\"},{\"@type\":\"ListItem\",\"position\":3,\"name\":\"#8M de Mujeres que cambian el mundo: defensoras de Derechos Humanos\"}]},{\"@type\":\"WebSite\",\"@id\":\"https:\\\/\\\/www.entreculturas.org\\\/gl\\\/#website\",\"url\":\"https:\\\/\\\/www.entreculturas.org\\\/gl\\\/\",\"name\":\"Entreculturas\",\"description\":\"\",\"publisher\":{\"@id\":\"https:\\\/\\\/www.entreculturas.org\\\/gl\\\/#organization\"},\"alternateName\":\"Entreculturas\",\"potentialAction\":[{\"@type\":\"SearchAction\",\"target\":{\"@type\":\"EntryPoint\",\"urlTemplate\":\"https:\\\/\\\/www.entreculturas.org\\\/gl\\\/?s={search_term_string}\"},\"query-input\":{\"@type\":\"PropertyValueSpecification\",\"valueRequired\":true,\"valueName\":\"search_term_string\"}}],\"inLanguage\":\"gl-ES\"},{\"@type\":\"Organization\",\"@id\":\"https:\\\/\\\/www.entreculturas.org\\\/gl\\\/#organization\",\"name\":\"Entreculturas\",\"url\":\"https:\\\/\\\/www.entreculturas.org\\\/gl\\\/\",\"logo\":{\"@type\":\"ImageObject\",\"inLanguage\":\"gl-ES\",\"@id\":\"https:\\\/\\\/www.entreculturas.org\\\/gl\\\/#\\\/schema\\\/logo\\\/image\\\/\",\"url\":\"https:\\\/\\\/www.entreculturas.org\\\/wp-content\\\/uploads\\\/2025\\\/10\\\/ESP.svg\",\"contentUrl\":\"https:\\\/\\\/www.entreculturas.org\\\/wp-content\\\/uploads\\\/2025\\\/10\\\/ESP.svg\",\"caption\":\"Entreculturas\"},\"image\":{\"@id\":\"https:\\\/\\\/www.entreculturas.org\\\/gl\\\/#\\\/schema\\\/logo\\\/image\\\/\"},\"sameAs\":[\"https:\\\/\\\/www.facebook.com\\\/entreculturas\",\"https:\\\/\\\/x.com\\\/Entreculturas\",\"https:\\\/\\\/www.instagram.com\\\/entreculturas\\\/\",\"https:\\\/\\\/www.youtube.com\\\/user\\\/entreculturasvideo\",\"https:\\\/\\\/www.linkedin.com\\\/company\\\/fundacion-entreculturas-ngdo\\\/\",\"https:\\\/\\\/www.flickr.com\\\/photos\\\/98455522@N04\\\/albums\\\/\"]}]}<\/script>\n<!-- \/ Yoast SEO Premium plugin. -->","yoast_head_json":{"title":"#8M de Mujeres que cambian el mundo: defensoras de Derechos Humanos - Entreculturas","robots":{"index":"index","follow":"follow","max-snippet":"max-snippet:-1","max-image-preview":"max-image-preview:large","max-video-preview":"max-video-preview:-1"},"canonical":"https:\/\/www.entreculturas.org\/gl\/noticia\/8m-de-mujeres-que-cambian-el-mundo-defensoras-de-derechos-humanos\/","og_locale":"gl_ES","og_type":"article","og_title":"#8M de Mujeres que cambian el mundo: defensoras de Derechos Humanos","og_description":"El D\u00eda Internacional de los Derechos de las Mujeres (8 de marzo) se aproxima y con \u00e9l nuestra propuesta de aprendizajes y acciones para reivindicar qu\u00e9 es La Hora de La Igualdad. Persiguiendo ese fin, desde el equipo de REDEC vamos a publicar una serie de reportajes que pretenden fortalecer y promover una ciudadan\u00eda global comprometida con la defensa de la igualdad de derechos para todas las personas. Para comenzar, queremos conmemorar y reivindicar los procesos de lucha y resistencia que han llevado a cabo mujeres de todo el mundo con el fin de defender sus derechos y terminar con la precarizaci\u00f3n de sus vidas y comunidades. En definitiva, queremos invitarte a conocer o recordar&nbsp;las historias de cinco grandes mujeres que, como muchas otras, han dedicado su vida a la lucha por los derechos humanos. ASIA:&nbsp;Malala Yousafzai&nbsp;Malala es una activista pakistan\u00ed gran defensora del derecho a la educaci\u00f3n de las [&hellip;]","og_url":"https:\/\/www.entreculturas.org\/gl\/noticia\/8m-de-mujeres-que-cambian-el-mundo-defensoras-de-derechos-humanos\/","og_site_name":"Entreculturas","article_publisher":"https:\/\/www.facebook.com\/entreculturas","article_modified_time":"2024-02-09T11:40:27+00:00","og_image":[{"width":1473,"height":2000,"url":"https:\/\/www.entreculturas.org\/wp-content\/uploads\/2019\/02\/750692014117c3d80c11c97c2c6b6cf2.jpg","type":"image\/jpeg"}],"twitter_card":"summary_large_image","twitter_site":"@Entreculturas","schema":{"@context":"https:\/\/schema.org","@graph":[{"@type":"WebPage","@id":"https:\/\/www.entreculturas.org\/gl\/noticia\/8m-de-mujeres-que-cambian-el-mundo-defensoras-de-derechos-humanos\/","url":"https:\/\/www.entreculturas.org\/gl\/noticia\/8m-de-mujeres-que-cambian-el-mundo-defensoras-de-derechos-humanos\/","name":"#8M de Mujeres que cambian el mundo: defensoras de Derechos Humanos - Entreculturas","isPartOf":{"@id":"https:\/\/www.entreculturas.org\/gl\/#website"},"primaryImageOfPage":{"@id":"https:\/\/www.entreculturas.org\/gl\/noticia\/8m-de-mujeres-que-cambian-el-mundo-defensoras-de-derechos-humanos\/#primaryimage"},"image":{"@id":"https:\/\/www.entreculturas.org\/gl\/noticia\/8m-de-mujeres-que-cambian-el-mundo-defensoras-de-derechos-humanos\/#primaryimage"},"thumbnailUrl":"https:\/\/www.entreculturas.org\/wp-content\/uploads\/2019\/02\/750692014117c3d80c11c97c2c6b6cf2.jpg","datePublished":"2019-02-22T10:09:48+00:00","dateModified":"2024-02-09T11:40:27+00:00","breadcrumb":{"@id":"https:\/\/www.entreculturas.org\/gl\/noticia\/8m-de-mujeres-que-cambian-el-mundo-defensoras-de-derechos-humanos\/#breadcrumb"},"inLanguage":"gl-ES","potentialAction":[{"@type":"ReadAction","target":["https:\/\/www.entreculturas.org\/gl\/noticia\/8m-de-mujeres-que-cambian-el-mundo-defensoras-de-derechos-humanos\/"]}]},{"@type":"ImageObject","inLanguage":"gl-ES","@id":"https:\/\/www.entreculturas.org\/gl\/noticia\/8m-de-mujeres-que-cambian-el-mundo-defensoras-de-derechos-humanos\/#primaryimage","url":"https:\/\/www.entreculturas.org\/wp-content\/uploads\/2019\/02\/750692014117c3d80c11c97c2c6b6cf2.jpg","contentUrl":"https:\/\/www.entreculturas.org\/wp-content\/uploads\/2019\/02\/750692014117c3d80c11c97c2c6b6cf2.jpg","width":1473,"height":2000},{"@type":"BreadcrumbList","@id":"https:\/\/www.entreculturas.org\/gl\/noticia\/8m-de-mujeres-que-cambian-el-mundo-defensoras-de-derechos-humanos\/#breadcrumb","itemListElement":[{"@type":"ListItem","position":1,"name":"Home","item":"https:\/\/www.entreculturas.org\/gl\/"},{"@type":"ListItem","position":2,"name":"Noticias","item":"https:\/\/www.entreculturas.org\/gl\/noticias\/"},{"@type":"ListItem","position":3,"name":"#8M de Mujeres que cambian el mundo: defensoras de Derechos Humanos"}]},{"@type":"WebSite","@id":"https:\/\/www.entreculturas.org\/gl\/#website","url":"https:\/\/www.entreculturas.org\/gl\/","name":"Entreculturas","description":"","publisher":{"@id":"https:\/\/www.entreculturas.org\/gl\/#organization"},"alternateName":"Entreculturas","potentialAction":[{"@type":"SearchAction","target":{"@type":"EntryPoint","urlTemplate":"https:\/\/www.entreculturas.org\/gl\/?s={search_term_string}"},"query-input":{"@type":"PropertyValueSpecification","valueRequired":true,"valueName":"search_term_string"}}],"inLanguage":"gl-ES"},{"@type":"Organization","@id":"https:\/\/www.entreculturas.org\/gl\/#organization","name":"Entreculturas","url":"https:\/\/www.entreculturas.org\/gl\/","logo":{"@type":"ImageObject","inLanguage":"gl-ES","@id":"https:\/\/www.entreculturas.org\/gl\/#\/schema\/logo\/image\/","url":"https:\/\/www.entreculturas.org\/wp-content\/uploads\/2025\/10\/ESP.svg","contentUrl":"https:\/\/www.entreculturas.org\/wp-content\/uploads\/2025\/10\/ESP.svg","caption":"Entreculturas"},"image":{"@id":"https:\/\/www.entreculturas.org\/gl\/#\/schema\/logo\/image\/"},"sameAs":["https:\/\/www.facebook.com\/entreculturas","https:\/\/x.com\/Entreculturas","https:\/\/www.instagram.com\/entreculturas\/","https:\/\/www.youtube.com\/user\/entreculturasvideo","https:\/\/www.linkedin.com\/company\/fundacion-entreculturas-ngdo\/","https:\/\/www.flickr.com\/photos\/98455522@N04\/albums\/"]}]}},"_links":{"self":[{"href":"https:\/\/www.entreculturas.org\/gl\/wp-json\/wp\/v2\/noticia\/2731","targetHints":{"allow":["GET"]}}],"collection":[{"href":"https:\/\/www.entreculturas.org\/gl\/wp-json\/wp\/v2\/noticia"}],"about":[{"href":"https:\/\/www.entreculturas.org\/gl\/wp-json\/wp\/v2\/types\/noticia"}],"wp:featuredmedia":[{"embeddable":true,"href":"https:\/\/www.entreculturas.org\/gl\/wp-json\/wp\/v2\/media\/2729"}],"wp:attachment":[{"href":"https:\/\/www.entreculturas.org\/gl\/wp-json\/wp\/v2\/media?parent=2731"}],"wp:term":[{"taxonomy":"category","embeddable":true,"href":"https:\/\/www.entreculturas.org\/gl\/wp-json\/wp\/v2\/categories?post=2731"},{"taxonomy":"post_tag","embeddable":true,"href":"https:\/\/www.entreculturas.org\/gl\/wp-json\/wp\/v2\/tags?post=2731"},{"taxonomy":"country","embeddable":true,"href":"https:\/\/www.entreculturas.org\/gl\/wp-json\/wp\/v2\/country?post=2731"},{"taxonomy":"cause","embeddable":true,"href":"https:\/\/www.entreculturas.org\/gl\/wp-json\/wp\/v2\/cause?post=2731"}],"curies":[{"name":"wp","href":"https:\/\/api.w.org\/{rel}","templated":true}]}}