{"id":2621,"date":"2018-12-14T23:00:00","date_gmt":"2018-12-14T23:00:00","guid":{"rendered":"https:\/\/entreculturasi.wpenginepowered.com\/?noticias=entreculturas-testigo-en-primera-persona-del-primer-pacto-mundial-de-migraciones-de"},"modified":"2024-02-05T17:26:13","modified_gmt":"2024-02-05T16:26:13","slug":"entreculturas-testigo-en-primera-persona-del-primer-pacto-mundial-de-migraciones-de","status":"publish","type":"noticia","link":"https:\/\/www.entreculturas.org\/gl\/noticia\/entreculturas-testigo-en-primera-persona-del-primer-pacto-mundial-de-migraciones-de\/","title":{"rendered":"Entreculturas testigo en primera persona del primer Pacto Mundial de Migraciones de Naciones Unidas"},"content":{"rendered":"<p>Entreculturas fue testigo&nbsp;en primera persona del primer Pacto Mundial de Migraciones de Naciones Unidas, que se celebr\u00f3 a principios de mes en Marrakech y que cont\u00f3 con la participaci\u00f3n de casi 100 j\u00f3venes de 50 nacionalidades distintas que integraron el <a href=\"https:\/\/www.unmgcy.org\/youth4migration\" target=\"_blank\" rel=\"noopener\">Foro Juvenil de Migraciones<\/a>. Entre las personas participantes se encontraba <strong>Rosal\u00eda Gonz\u00e1lez, integrante de la Red Generaci\u00f3n 21+, quien estuvo acompa\u00f1ada de nuestra compa\u00f1era Macarena Romero.<\/strong><\/p>\n<p>&#8220;Como parte de la red generaci\u00f3n 21+ creo que nuestra participaci\u00f3n en este f\u00f3rum juvenil nos puede ayudar a entender c\u00f3mo funcionan las grandes organizaciones y c\u00f3mo cada vez dan un papel m\u00e1s importante a las juventudes. Nos han dado un papel fundamental, al dejarnos opinar y contar nuestras propias historias, y creo que de eso se trata el congreso, de dotar a los j\u00f3venes de ese esp\u00edritu de responsabilidad, y de cambio de sus propias realidades\u201d, dijo Rosal\u00eda.<\/p>\n<p>Los j\u00f3venes y las j\u00f3venes participantes trabajaron en diferentes actividades, entre ellas en la elaboraci\u00f3n de una agenda de objetivos y acciones para el futuro de la Agenda de Migraciones. Tras las dos sesiones de trabajo, Rosal\u00eda asegur\u00f3: \u201ccreo que el mayor aprendizaje de este Foro es el gran papel y la gran responsabilidad que tenemos las y los j\u00f3venes de cara al futuro y tambi\u00e9n en el presente para<strong> liderar y participar en la puesta en marcha de los compromisos internacionales de los Estados, exigi\u00e9ndoles y vigil\u00e1ndoles<\/strong>\u201d.<\/p>\n<p>Tras el Foro Juvenil de Migraciones tuvo lugar el Foro que reuni\u00f3 a jefes de Estado y de Gobierno, y altos representantes de 164 pa\u00edses. <strong>El acuerdo alcanzado, aunque no es vinculante, supone el primer marco de coordinaci\u00f3n internacional para una migraci\u00f3n segura, ordenada y regular.<\/strong> El acuerdo contempla 23 compromisos, entre los que se encuentran: abordar las causas de la migraci\u00f3n, mejorar las v\u00edas de migraci\u00f3n legal y la toma de medidas concretas contra la trata y el tr\u00e1fico de personas.<\/p>\n<p><\/p>\n<p>&nbsp;<\/p>\n<p><strong>NOTICIA RELACIONADA<\/strong><\/p>\n<ul>\n<li><a href=\"https:\/\/refugeesmigrants.un.org\/es\/intergovernmental-conference-2018\" target=\"_blank\" rel=\"noopener\">La conferencia intergubernamental para adoptar el Pacto Mundial para una Migraci\u00f3n Segura, Ordenada y Regular se llev\u00f3 a cabo en Marrakech, Marruecos, los d\u00edas 10 y 11 de diciembre de 2018<\/a><\/li>\n<\/ul>\n","protected":false},"excerpt":{"rendered":"<p>Entreculturas fue testigo directo del primer Pacto Mundial de Migraciones de Naciones Unidas, que se celebr\u00f3 a principios de mes en Marrakech. Nuestra compa\u00f1era de departamento de Estudios e Incidencia, Macarena Romero, asisti\u00f3 al evento acompa\u00f1ada de Rosal\u00eda Gonz\u00e1lez, integrante de la Red Generaci\u00f3n 21+, que particip\u00f3 en el Foro Juvenil de Migraciones celebrado inmediatamente antes de la cita oficial.<\/p>\n","protected":false},"featured_media":2619,"template":"single-noticia","meta":{"_acf_changed":false},"categories":[7],"tags":[10],"country":[],"cause":[129],"class_list":["post-2621","noticia","type-noticia","status-publish","has-post-thumbnail","hentry","category-noticia","tag-migracion-y-refugio","cause-migracion-y-refugio"],"acf":[],"yoast_head":"<!-- This site is optimized with the Yoast SEO Premium plugin v21.6 (Yoast SEO v27.5) - https:\/\/yoast.com\/product\/yoast-seo-premium-wordpress\/ -->\n<title>Entreculturas testigo en primera persona del primer Pacto Mundial de Migraciones de Naciones Unidas - Entreculturas<\/title>\n<meta name=\"robots\" content=\"index, follow, max-snippet:-1, max-image-preview:large, max-video-preview:-1\" \/>\n<link rel=\"canonical\" href=\"https:\/\/www.entreculturas.org\/gl\/noticia\/entreculturas-testigo-en-primera-persona-del-primer-pacto-mundial-de-migraciones-de\/\" \/>\n<meta property=\"og:locale\" content=\"gl_ES\" \/>\n<meta property=\"og:type\" content=\"article\" \/>\n<meta property=\"og:title\" content=\"Entreculturas testigo en primera persona del primer Pacto Mundial de Migraciones de Naciones Unidas\" \/>\n<meta property=\"og:description\" content=\"Entreculturas fue testigo directo del primer Pacto Mundial de Migraciones de Naciones Unidas, que se celebr\u00f3 a principios de mes en Marrakech. Nuestra compa\u00f1era de departamento de Estudios e Incidencia, Macarena Romero, asisti\u00f3 al evento acompa\u00f1ada de Rosal\u00eda Gonz\u00e1lez, integrante de la Red Generaci\u00f3n 21+, que particip\u00f3 en el Foro Juvenil de Migraciones celebrado inmediatamente antes de la cita oficial.\" \/>\n<meta property=\"og:url\" content=\"https:\/\/www.entreculturas.org\/gl\/noticia\/entreculturas-testigo-en-primera-persona-del-primer-pacto-mundial-de-migraciones-de\/\" \/>\n<meta property=\"og:site_name\" content=\"Entreculturas\" \/>\n<meta property=\"article:publisher\" content=\"https:\/\/www.facebook.com\/entreculturas\" \/>\n<meta property=\"article:modified_time\" content=\"2024-02-05T16:26:13+00:00\" \/>\n<meta property=\"og:image\" content=\"https:\/\/www.entreculturas.org\/wp-content\/uploads\/2018\/12\/captura_de_pantalla_2018-12-27_a_las_13.31.49.png\" \/>\n\t<meta property=\"og:image:width\" content=\"560\" \/>\n\t<meta property=\"og:image:height\" content=\"627\" \/>\n\t<meta property=\"og:image:type\" content=\"image\/png\" \/>\n<meta name=\"twitter:card\" content=\"summary_large_image\" \/>\n<meta name=\"twitter:site\" content=\"@Entreculturas\" \/>\n<script type=\"application\/ld+json\" class=\"yoast-schema-graph\">{\"@context\":\"https:\\\/\\\/schema.org\",\"@graph\":[{\"@type\":\"WebPage\",\"@id\":\"https:\\\/\\\/www.entreculturas.org\\\/gl\\\/noticia\\\/entreculturas-testigo-en-primera-persona-del-primer-pacto-mundial-de-migraciones-de\\\/\",\"url\":\"https:\\\/\\\/www.entreculturas.org\\\/gl\\\/noticia\\\/entreculturas-testigo-en-primera-persona-del-primer-pacto-mundial-de-migraciones-de\\\/\",\"name\":\"Entreculturas testigo en primera persona del primer Pacto Mundial de Migraciones de Naciones Unidas - Entreculturas\",\"isPartOf\":{\"@id\":\"https:\\\/\\\/www.entreculturas.org\\\/gl\\\/#website\"},\"primaryImageOfPage\":{\"@id\":\"https:\\\/\\\/www.entreculturas.org\\\/gl\\\/noticia\\\/entreculturas-testigo-en-primera-persona-del-primer-pacto-mundial-de-migraciones-de\\\/#primaryimage\"},\"image\":{\"@id\":\"https:\\\/\\\/www.entreculturas.org\\\/gl\\\/noticia\\\/entreculturas-testigo-en-primera-persona-del-primer-pacto-mundial-de-migraciones-de\\\/#primaryimage\"},\"thumbnailUrl\":\"https:\\\/\\\/www.entreculturas.org\\\/wp-content\\\/uploads\\\/2018\\\/12\\\/captura_de_pantalla_2018-12-27_a_las_13.31.49.png\",\"datePublished\":\"2018-12-14T23:00:00+00:00\",\"dateModified\":\"2024-02-05T16:26:13+00:00\",\"breadcrumb\":{\"@id\":\"https:\\\/\\\/www.entreculturas.org\\\/gl\\\/noticia\\\/entreculturas-testigo-en-primera-persona-del-primer-pacto-mundial-de-migraciones-de\\\/#breadcrumb\"},\"inLanguage\":\"gl-ES\",\"potentialAction\":[{\"@type\":\"ReadAction\",\"target\":[\"https:\\\/\\\/www.entreculturas.org\\\/gl\\\/noticia\\\/entreculturas-testigo-en-primera-persona-del-primer-pacto-mundial-de-migraciones-de\\\/\"]}]},{\"@type\":\"ImageObject\",\"inLanguage\":\"gl-ES\",\"@id\":\"https:\\\/\\\/www.entreculturas.org\\\/gl\\\/noticia\\\/entreculturas-testigo-en-primera-persona-del-primer-pacto-mundial-de-migraciones-de\\\/#primaryimage\",\"url\":\"https:\\\/\\\/www.entreculturas.org\\\/wp-content\\\/uploads\\\/2018\\\/12\\\/captura_de_pantalla_2018-12-27_a_las_13.31.49.png\",\"contentUrl\":\"https:\\\/\\\/www.entreculturas.org\\\/wp-content\\\/uploads\\\/2018\\\/12\\\/captura_de_pantalla_2018-12-27_a_las_13.31.49.png\",\"width\":560,\"height\":627},{\"@type\":\"BreadcrumbList\",\"@id\":\"https:\\\/\\\/www.entreculturas.org\\\/gl\\\/noticia\\\/entreculturas-testigo-en-primera-persona-del-primer-pacto-mundial-de-migraciones-de\\\/#breadcrumb\",\"itemListElement\":[{\"@type\":\"ListItem\",\"position\":1,\"name\":\"Home\",\"item\":\"https:\\\/\\\/www.entreculturas.org\\\/gl\\\/\"},{\"@type\":\"ListItem\",\"position\":2,\"name\":\"Noticias\",\"item\":\"https:\\\/\\\/www.entreculturas.org\\\/gl\\\/noticias\\\/\"},{\"@type\":\"ListItem\",\"position\":3,\"name\":\"Entreculturas testigo en primera persona del primer Pacto Mundial de Migraciones de Naciones Unidas\"}]},{\"@type\":\"WebSite\",\"@id\":\"https:\\\/\\\/www.entreculturas.org\\\/gl\\\/#website\",\"url\":\"https:\\\/\\\/www.entreculturas.org\\\/gl\\\/\",\"name\":\"Entreculturas\",\"description\":\"\",\"publisher\":{\"@id\":\"https:\\\/\\\/www.entreculturas.org\\\/gl\\\/#organization\"},\"alternateName\":\"Entreculturas\",\"potentialAction\":[{\"@type\":\"SearchAction\",\"target\":{\"@type\":\"EntryPoint\",\"urlTemplate\":\"https:\\\/\\\/www.entreculturas.org\\\/gl\\\/?s={search_term_string}\"},\"query-input\":{\"@type\":\"PropertyValueSpecification\",\"valueRequired\":true,\"valueName\":\"search_term_string\"}}],\"inLanguage\":\"gl-ES\"},{\"@type\":\"Organization\",\"@id\":\"https:\\\/\\\/www.entreculturas.org\\\/gl\\\/#organization\",\"name\":\"Entreculturas\",\"url\":\"https:\\\/\\\/www.entreculturas.org\\\/gl\\\/\",\"logo\":{\"@type\":\"ImageObject\",\"inLanguage\":\"gl-ES\",\"@id\":\"https:\\\/\\\/www.entreculturas.org\\\/gl\\\/#\\\/schema\\\/logo\\\/image\\\/\",\"url\":\"https:\\\/\\\/www.entreculturas.org\\\/wp-content\\\/uploads\\\/2025\\\/10\\\/ESP.svg\",\"contentUrl\":\"https:\\\/\\\/www.entreculturas.org\\\/wp-content\\\/uploads\\\/2025\\\/10\\\/ESP.svg\",\"caption\":\"Entreculturas\"},\"image\":{\"@id\":\"https:\\\/\\\/www.entreculturas.org\\\/gl\\\/#\\\/schema\\\/logo\\\/image\\\/\"},\"sameAs\":[\"https:\\\/\\\/www.facebook.com\\\/entreculturas\",\"https:\\\/\\\/x.com\\\/Entreculturas\",\"https:\\\/\\\/www.instagram.com\\\/entreculturas\\\/\",\"https:\\\/\\\/www.youtube.com\\\/user\\\/entreculturasvideo\",\"https:\\\/\\\/www.linkedin.com\\\/company\\\/fundacion-entreculturas-ngdo\\\/\",\"https:\\\/\\\/www.flickr.com\\\/photos\\\/98455522@N04\\\/albums\\\/\"]}]}<\/script>\n<!-- \/ Yoast SEO Premium plugin. -->","yoast_head_json":{"title":"Entreculturas testigo en primera persona del primer Pacto Mundial de Migraciones de Naciones Unidas - Entreculturas","robots":{"index":"index","follow":"follow","max-snippet":"max-snippet:-1","max-image-preview":"max-image-preview:large","max-video-preview":"max-video-preview:-1"},"canonical":"https:\/\/www.entreculturas.org\/gl\/noticia\/entreculturas-testigo-en-primera-persona-del-primer-pacto-mundial-de-migraciones-de\/","og_locale":"gl_ES","og_type":"article","og_title":"Entreculturas testigo en primera persona del primer Pacto Mundial de Migraciones de Naciones Unidas","og_description":"Entreculturas fue testigo directo del primer Pacto Mundial de Migraciones de Naciones Unidas, que se celebr\u00f3 a principios de mes en Marrakech. Nuestra compa\u00f1era de departamento de Estudios e Incidencia, Macarena Romero, asisti\u00f3 al evento acompa\u00f1ada de Rosal\u00eda Gonz\u00e1lez, integrante de la Red Generaci\u00f3n 21+, que particip\u00f3 en el Foro Juvenil de Migraciones celebrado inmediatamente antes de la cita oficial.","og_url":"https:\/\/www.entreculturas.org\/gl\/noticia\/entreculturas-testigo-en-primera-persona-del-primer-pacto-mundial-de-migraciones-de\/","og_site_name":"Entreculturas","article_publisher":"https:\/\/www.facebook.com\/entreculturas","article_modified_time":"2024-02-05T16:26:13+00:00","og_image":[{"width":560,"height":627,"url":"https:\/\/www.entreculturas.org\/wp-content\/uploads\/2018\/12\/captura_de_pantalla_2018-12-27_a_las_13.31.49.png","type":"image\/png"}],"twitter_card":"summary_large_image","twitter_site":"@Entreculturas","schema":{"@context":"https:\/\/schema.org","@graph":[{"@type":"WebPage","@id":"https:\/\/www.entreculturas.org\/gl\/noticia\/entreculturas-testigo-en-primera-persona-del-primer-pacto-mundial-de-migraciones-de\/","url":"https:\/\/www.entreculturas.org\/gl\/noticia\/entreculturas-testigo-en-primera-persona-del-primer-pacto-mundial-de-migraciones-de\/","name":"Entreculturas testigo en primera persona del primer Pacto Mundial de Migraciones de Naciones Unidas - Entreculturas","isPartOf":{"@id":"https:\/\/www.entreculturas.org\/gl\/#website"},"primaryImageOfPage":{"@id":"https:\/\/www.entreculturas.org\/gl\/noticia\/entreculturas-testigo-en-primera-persona-del-primer-pacto-mundial-de-migraciones-de\/#primaryimage"},"image":{"@id":"https:\/\/www.entreculturas.org\/gl\/noticia\/entreculturas-testigo-en-primera-persona-del-primer-pacto-mundial-de-migraciones-de\/#primaryimage"},"thumbnailUrl":"https:\/\/www.entreculturas.org\/wp-content\/uploads\/2018\/12\/captura_de_pantalla_2018-12-27_a_las_13.31.49.png","datePublished":"2018-12-14T23:00:00+00:00","dateModified":"2024-02-05T16:26:13+00:00","breadcrumb":{"@id":"https:\/\/www.entreculturas.org\/gl\/noticia\/entreculturas-testigo-en-primera-persona-del-primer-pacto-mundial-de-migraciones-de\/#breadcrumb"},"inLanguage":"gl-ES","potentialAction":[{"@type":"ReadAction","target":["https:\/\/www.entreculturas.org\/gl\/noticia\/entreculturas-testigo-en-primera-persona-del-primer-pacto-mundial-de-migraciones-de\/"]}]},{"@type":"ImageObject","inLanguage":"gl-ES","@id":"https:\/\/www.entreculturas.org\/gl\/noticia\/entreculturas-testigo-en-primera-persona-del-primer-pacto-mundial-de-migraciones-de\/#primaryimage","url":"https:\/\/www.entreculturas.org\/wp-content\/uploads\/2018\/12\/captura_de_pantalla_2018-12-27_a_las_13.31.49.png","contentUrl":"https:\/\/www.entreculturas.org\/wp-content\/uploads\/2018\/12\/captura_de_pantalla_2018-12-27_a_las_13.31.49.png","width":560,"height":627},{"@type":"BreadcrumbList","@id":"https:\/\/www.entreculturas.org\/gl\/noticia\/entreculturas-testigo-en-primera-persona-del-primer-pacto-mundial-de-migraciones-de\/#breadcrumb","itemListElement":[{"@type":"ListItem","position":1,"name":"Home","item":"https:\/\/www.entreculturas.org\/gl\/"},{"@type":"ListItem","position":2,"name":"Noticias","item":"https:\/\/www.entreculturas.org\/gl\/noticias\/"},{"@type":"ListItem","position":3,"name":"Entreculturas testigo en primera persona del primer Pacto Mundial de Migraciones de Naciones Unidas"}]},{"@type":"WebSite","@id":"https:\/\/www.entreculturas.org\/gl\/#website","url":"https:\/\/www.entreculturas.org\/gl\/","name":"Entreculturas","description":"","publisher":{"@id":"https:\/\/www.entreculturas.org\/gl\/#organization"},"alternateName":"Entreculturas","potentialAction":[{"@type":"SearchAction","target":{"@type":"EntryPoint","urlTemplate":"https:\/\/www.entreculturas.org\/gl\/?s={search_term_string}"},"query-input":{"@type":"PropertyValueSpecification","valueRequired":true,"valueName":"search_term_string"}}],"inLanguage":"gl-ES"},{"@type":"Organization","@id":"https:\/\/www.entreculturas.org\/gl\/#organization","name":"Entreculturas","url":"https:\/\/www.entreculturas.org\/gl\/","logo":{"@type":"ImageObject","inLanguage":"gl-ES","@id":"https:\/\/www.entreculturas.org\/gl\/#\/schema\/logo\/image\/","url":"https:\/\/www.entreculturas.org\/wp-content\/uploads\/2025\/10\/ESP.svg","contentUrl":"https:\/\/www.entreculturas.org\/wp-content\/uploads\/2025\/10\/ESP.svg","caption":"Entreculturas"},"image":{"@id":"https:\/\/www.entreculturas.org\/gl\/#\/schema\/logo\/image\/"},"sameAs":["https:\/\/www.facebook.com\/entreculturas","https:\/\/x.com\/Entreculturas","https:\/\/www.instagram.com\/entreculturas\/","https:\/\/www.youtube.com\/user\/entreculturasvideo","https:\/\/www.linkedin.com\/company\/fundacion-entreculturas-ngdo\/","https:\/\/www.flickr.com\/photos\/98455522@N04\/albums\/"]}]}},"_links":{"self":[{"href":"https:\/\/www.entreculturas.org\/gl\/wp-json\/wp\/v2\/noticia\/2621","targetHints":{"allow":["GET"]}}],"collection":[{"href":"https:\/\/www.entreculturas.org\/gl\/wp-json\/wp\/v2\/noticia"}],"about":[{"href":"https:\/\/www.entreculturas.org\/gl\/wp-json\/wp\/v2\/types\/noticia"}],"wp:featuredmedia":[{"embeddable":true,"href":"https:\/\/www.entreculturas.org\/gl\/wp-json\/wp\/v2\/media\/2619"}],"wp:attachment":[{"href":"https:\/\/www.entreculturas.org\/gl\/wp-json\/wp\/v2\/media?parent=2621"}],"wp:term":[{"taxonomy":"category","embeddable":true,"href":"https:\/\/www.entreculturas.org\/gl\/wp-json\/wp\/v2\/categories?post=2621"},{"taxonomy":"post_tag","embeddable":true,"href":"https:\/\/www.entreculturas.org\/gl\/wp-json\/wp\/v2\/tags?post=2621"},{"taxonomy":"country","embeddable":true,"href":"https:\/\/www.entreculturas.org\/gl\/wp-json\/wp\/v2\/country?post=2621"},{"taxonomy":"cause","embeddable":true,"href":"https:\/\/www.entreculturas.org\/gl\/wp-json\/wp\/v2\/cause?post=2621"}],"curies":[{"name":"wp","href":"https:\/\/api.w.org\/{rel}","templated":true}]}}