{"id":2605,"date":"2018-12-27T09:35:27","date_gmt":"2018-12-27T09:35:27","guid":{"rendered":"https:\/\/entreculturasi.wpenginepowered.com\/?noticias=rd-congo-educacion-contra-la-vulnerabilidad-para-las-ninas-desplazadas-en-masisi"},"modified":"2024-02-06T09:19:25","modified_gmt":"2024-02-06T08:19:25","slug":"rd-congo-educacion-contra-la-vulnerabilidad-para-las-ninas-desplazadas-en-masisi","status":"publish","type":"noticia","link":"https:\/\/www.entreculturas.org\/gl\/noticia\/rd-congo-educacion-contra-la-vulnerabilidad-para-las-ninas-desplazadas-en-masisi\/","title":{"rendered":"R.D. Congo: Educaci\u00f3n contra la vulnerabilidad para las ni\u00f1as desplazadas en Masisi"},"content":{"rendered":"<p>Seg\u00fan la OCHA (Oficina de Naciones Unidas para la Coordinaci\u00f3n de los Asuntos Humanitarios), unas 50 familias cada hora todos los d\u00edas se ven obligadas a huir de sus hogares en Rep\u00fablica Democr\u00e1tica del Congo. El aumento de la conflictividad en el \u00faltimo a\u00f1o ha elevado a <strong>4,4 millones la cifra de desplazados internos en el pa\u00eds, la m\u00e1s alta de todo el continente africano.&nbsp;<\/strong><\/p>\n<p>La provincia de Kivu Norte sigue siendo la m\u00e1s afectada, con m\u00e1s de 1,1 millones de personas desplazadas, a las que se suman otras miles procedentes de pa\u00edses vecinos -como Ruanda o Burundi- que, dada la situaci\u00f3n en su propio territorio, han cruzado la frontera buscando refugio.<\/p>\n<p>El Servicio Jesuita a Refugiados (JRS), nuestro socio local en el terreno, trabaja en tres localidades de Kivu Norte: en Goma, en Masisi y en Mweso. Desde Entreculturas llevamos m\u00e1s de una d\u00e9cada apoyando su labor centrada en aliviar el sufrimiento de la poblaci\u00f3n desplazada, en concreto, mediante el <strong>apoyo psicosocial<\/strong>, facilitando el <strong>acceso a la educaci\u00f3n<\/strong> de ni\u00f1os, ni\u00f1as y adolescentes, y ofreciendo <strong>formaci\u00f3n profesional<\/strong> a la poblaci\u00f3n joven y adulta de cara a su inserci\u00f3n laboral. Todo ello siempre prestando especial atenci\u00f3n a los colectivos m\u00e1s vulnerables.<\/p>\n<p><span style=\"font-size:18px\"><span style=\"color:#ff0101\"><strong>Masisi<\/strong><\/span><\/span><br \/>Uno de esos colectivos especialmente vulnerables son las ni\u00f1as y adolescentes desplazadas de Masisi. El Servicio Jesuita a Refugiados trabaja en 5 de los 9 campos de Masisi: Kalinga, Lushebere, Bonde, Bushani y Bukombo. Estos cinco campos albergan una poblaci\u00f3n de aproximadamente 14.800 personas. Masisi se sit\u00faa lejos de Kinshasa, la capital del pa\u00eds (a unos 2.000 Kil\u00f3metros), por lo que la presencia del Gobierno en esta regi\u00f3n es muy reducida. Esta distancia del poder central, entre otros factores, ha favorecido que distintos grupos armados se desplieguen por toda la zona, impulsados por distintos conflictos de identidad, pobreza, distribuci\u00f3n de la tierra y corrupci\u00f3n. El nivel de inseguridad es alarmante y miles de personas se ven forzadas a abandonar sus hogares, sus escuelas y sus medios de vida.&nbsp;<\/p>\n<p>En este contexto, las<strong> ni\u00f1as y adolescentes habitualmente se convierten en las primeras v\u00edctimas por m\u00faltiples factores<\/strong>: abandono escolar para ayudar en las tareas del hogar, matrimonio temprano, reclutamiento por parte de grupos armados, maltrato, explotaci\u00f3n y abusos sexuales\u2026 y existe otro factor que no suele ser mencionado pero que tambi\u00e9n acarrea m\u00faltiples inconvenientes para ellas: la menstruaci\u00f3n.&nbsp;<\/p>\n<p>La precariedad de la vida en los campos de desplazados conlleva la <strong>falta de acceso a material de higiene b\u00e1sico<\/strong>. Como consecuencia, las chicas suelen quedarse en casa durante varios d\u00edas cada mes, vi\u00e9ndose incrementado su absentismo escolar. Adem\u00e1s, esa falta de materiales y de informaci\u00f3n sobre higiene menstrual, salud sexual y reproductiva tambi\u00e9n puede suponer riesgos importantes para su salud.&nbsp;&nbsp;<\/p>\n<p><img decoding=\"async\" alt=\"\" height=\"367\" src=\"https:\/\/www.entreculturas.org\/wp-content\/uploads\/2018\/12\/repor-congo1.jpg\" width=\"800\"><\/p>\n<p>Dada esta situaci\u00f3n, una de las l\u00edneas de trabajo del JRS es, pues, la de mejorar el acceso a la educaci\u00f3n y ofrecer una formaci\u00f3n en higiene menstrual a chicas menores de 15 a\u00f1os y en situaci\u00f3n de desplazamiento interno en los campos de Masisi. Se trata de un proyecto enmarcado en el Programa La Luz de las Ni\u00f1as, de Entreculturas, y tras varios a\u00f1os de intervenci\u00f3n se ha constatado la mejora de la calidad de vida de este colectivo e, incluso, el aumento de la cohesi\u00f3n entre la poblaci\u00f3n desplazada a reunir a ni\u00f1as de diferentes campos.<\/p>\n<p>En estos momentos, el proyecto se focaliza en 365 ni\u00f1as a quienes se les paga el 50% de las tasas escolares, se les proporciona el material escolar necesario y se les hace entrega de productos de higiene menstrual cada mes (compresas y jabones). Junto a esto, reciben talleres de formaci\u00f3n sobre higiene menstrual y salud sexual y reproductiva.&nbsp;<\/p>\n<p>Adem\u00e1s de ellas, sus padres y madres tambi\u00e9n asisten a<strong> sesiones de sensibilizaci\u00f3n sobre la importancia de la educaci\u00f3n de las ni\u00f1as<\/strong> y el rol que ellos deben desempe\u00f1ar en este proceso; y 170 chicos menores de 15 a\u00f1os, compa\u00f1eros de clase, participan en charlas sobre temas tales como conducta y comunicaci\u00f3n no violenta, VIH-SIDA, gesti\u00f3n de la higiene menstrual o los cambios del cuerpo durante la pubertad.<\/p>\n<p>El proyecto tambi\u00e9n ha previsto formar a dos chicas, alumnas de las escuelas, como agentes de monitoreo en cuestiones relacionadas con la gesti\u00f3n de higiene dentro de la escuela. Durante el curso, analizar\u00e1n la situaci\u00f3n de 3 escuelas de educaci\u00f3n secundaria de la zona e identificar\u00e1n las necesidades m\u00e1s urgentes de dichos centros.<\/p>\n","protected":false},"excerpt":{"rendered":"<p>El Servicio Jesuita a Refugiados (JRS), nuestro socio local en el terreno, trabaja en tres localidades de Kivu Norte: en Goma, en Masisi y en Mweso. Desde Entreculturas llevamos m\u00e1s de una d\u00e9cada apoyando su labor centrada en aliviar el sufrimiento de la poblaci\u00f3n desplazada, en concreto, mediante el apoyo psicosocial, facilitando el acceso a la educaci\u00f3n de ni\u00f1os, ni\u00f1as y adolescentes, y ofreciendo formaci\u00f3n profesional a la poblaci\u00f3n joven y adulta de cara a su inserci\u00f3n laboral. Todo ello siempre prestando especial atenci\u00f3n a los colectivos m\u00e1s vulnerables.<\/p>\n","protected":false},"featured_media":2600,"template":"single-noticia","meta":{"_acf_changed":false},"categories":[7],"tags":[293],"country":[],"cause":[130],"class_list":["post-2605","noticia","type-noticia","status-publish","has-post-thumbnail","hentry","category-noticia","tag-genero","cause-genero"],"acf":[],"yoast_head":"<!-- This site is optimized with the Yoast SEO Premium plugin v21.6 (Yoast SEO v27.5) - https:\/\/yoast.com\/product\/yoast-seo-premium-wordpress\/ -->\n<title>R.D. Congo: Educaci\u00f3n contra la vulnerabilidad para las ni\u00f1as desplazadas en Masisi - Entreculturas<\/title>\n<meta name=\"robots\" content=\"index, follow, max-snippet:-1, max-image-preview:large, max-video-preview:-1\" \/>\n<link rel=\"canonical\" href=\"https:\/\/www.entreculturas.org\/gl\/noticia\/rd-congo-educacion-contra-la-vulnerabilidad-para-las-ninas-desplazadas-en-masisi\/\" \/>\n<meta property=\"og:locale\" content=\"gl_ES\" \/>\n<meta property=\"og:type\" content=\"article\" \/>\n<meta property=\"og:title\" content=\"R.D. Congo: Educaci\u00f3n contra la vulnerabilidad para las ni\u00f1as desplazadas en Masisi\" \/>\n<meta property=\"og:description\" content=\"El Servicio Jesuita a Refugiados (JRS), nuestro socio local en el terreno, trabaja en tres localidades de Kivu Norte: en Goma, en Masisi y en Mweso. Desde Entreculturas llevamos m\u00e1s de una d\u00e9cada apoyando su labor centrada en aliviar el sufrimiento de la poblaci\u00f3n desplazada, en concreto, mediante el apoyo psicosocial, facilitando el acceso a la educaci\u00f3n de ni\u00f1os, ni\u00f1as y adolescentes, y ofreciendo formaci\u00f3n profesional a la poblaci\u00f3n joven y adulta de cara a su inserci\u00f3n laboral. Todo ello siempre prestando especial atenci\u00f3n a los colectivos m\u00e1s vulnerables.\" \/>\n<meta property=\"og:url\" content=\"https:\/\/www.entreculturas.org\/gl\/noticia\/rd-congo-educacion-contra-la-vulnerabilidad-para-las-ninas-desplazadas-en-masisi\/\" \/>\n<meta property=\"og:site_name\" content=\"Entreculturas\" \/>\n<meta property=\"article:publisher\" content=\"https:\/\/www.facebook.com\/entreculturas\" \/>\n<meta property=\"article:modified_time\" content=\"2024-02-06T08:19:25+00:00\" \/>\n<meta property=\"og:image\" content=\"https:\/\/www.entreculturas.org\/wp-content\/uploads\/2018\/12\/repor-congo2.jpg\" \/>\n\t<meta property=\"og:image:width\" content=\"800\" \/>\n\t<meta property=\"og:image:height\" content=\"416\" \/>\n\t<meta property=\"og:image:type\" content=\"image\/jpeg\" \/>\n<meta name=\"twitter:card\" content=\"summary_large_image\" \/>\n<meta name=\"twitter:site\" content=\"@Entreculturas\" \/>\n<script type=\"application\/ld+json\" class=\"yoast-schema-graph\">{\"@context\":\"https:\\\/\\\/schema.org\",\"@graph\":[{\"@type\":\"WebPage\",\"@id\":\"https:\\\/\\\/www.entreculturas.org\\\/gl\\\/noticia\\\/rd-congo-educacion-contra-la-vulnerabilidad-para-las-ninas-desplazadas-en-masisi\\\/\",\"url\":\"https:\\\/\\\/www.entreculturas.org\\\/gl\\\/noticia\\\/rd-congo-educacion-contra-la-vulnerabilidad-para-las-ninas-desplazadas-en-masisi\\\/\",\"name\":\"R.D. Congo: Educaci\u00f3n contra la vulnerabilidad para las ni\u00f1as desplazadas en Masisi - Entreculturas\",\"isPartOf\":{\"@id\":\"https:\\\/\\\/www.entreculturas.org\\\/gl\\\/#website\"},\"primaryImageOfPage\":{\"@id\":\"https:\\\/\\\/www.entreculturas.org\\\/gl\\\/noticia\\\/rd-congo-educacion-contra-la-vulnerabilidad-para-las-ninas-desplazadas-en-masisi\\\/#primaryimage\"},\"image\":{\"@id\":\"https:\\\/\\\/www.entreculturas.org\\\/gl\\\/noticia\\\/rd-congo-educacion-contra-la-vulnerabilidad-para-las-ninas-desplazadas-en-masisi\\\/#primaryimage\"},\"thumbnailUrl\":\"https:\\\/\\\/www.entreculturas.org\\\/wp-content\\\/uploads\\\/2018\\\/12\\\/repor-congo2.jpg\",\"datePublished\":\"2018-12-27T09:35:27+00:00\",\"dateModified\":\"2024-02-06T08:19:25+00:00\",\"breadcrumb\":{\"@id\":\"https:\\\/\\\/www.entreculturas.org\\\/gl\\\/noticia\\\/rd-congo-educacion-contra-la-vulnerabilidad-para-las-ninas-desplazadas-en-masisi\\\/#breadcrumb\"},\"inLanguage\":\"gl-ES\",\"potentialAction\":[{\"@type\":\"ReadAction\",\"target\":[\"https:\\\/\\\/www.entreculturas.org\\\/gl\\\/noticia\\\/rd-congo-educacion-contra-la-vulnerabilidad-para-las-ninas-desplazadas-en-masisi\\\/\"]}]},{\"@type\":\"ImageObject\",\"inLanguage\":\"gl-ES\",\"@id\":\"https:\\\/\\\/www.entreculturas.org\\\/gl\\\/noticia\\\/rd-congo-educacion-contra-la-vulnerabilidad-para-las-ninas-desplazadas-en-masisi\\\/#primaryimage\",\"url\":\"https:\\\/\\\/www.entreculturas.org\\\/wp-content\\\/uploads\\\/2018\\\/12\\\/repor-congo2.jpg\",\"contentUrl\":\"https:\\\/\\\/www.entreculturas.org\\\/wp-content\\\/uploads\\\/2018\\\/12\\\/repor-congo2.jpg\",\"width\":800,\"height\":416},{\"@type\":\"BreadcrumbList\",\"@id\":\"https:\\\/\\\/www.entreculturas.org\\\/gl\\\/noticia\\\/rd-congo-educacion-contra-la-vulnerabilidad-para-las-ninas-desplazadas-en-masisi\\\/#breadcrumb\",\"itemListElement\":[{\"@type\":\"ListItem\",\"position\":1,\"name\":\"Home\",\"item\":\"https:\\\/\\\/www.entreculturas.org\\\/gl\\\/\"},{\"@type\":\"ListItem\",\"position\":2,\"name\":\"Noticias\",\"item\":\"https:\\\/\\\/www.entreculturas.org\\\/gl\\\/noticias\\\/\"},{\"@type\":\"ListItem\",\"position\":3,\"name\":\"R.D. Congo: Educaci\u00f3n contra la vulnerabilidad para las ni\u00f1as desplazadas en Masisi\"}]},{\"@type\":\"WebSite\",\"@id\":\"https:\\\/\\\/www.entreculturas.org\\\/gl\\\/#website\",\"url\":\"https:\\\/\\\/www.entreculturas.org\\\/gl\\\/\",\"name\":\"Entreculturas\",\"description\":\"\",\"publisher\":{\"@id\":\"https:\\\/\\\/www.entreculturas.org\\\/gl\\\/#organization\"},\"alternateName\":\"Entreculturas\",\"potentialAction\":[{\"@type\":\"SearchAction\",\"target\":{\"@type\":\"EntryPoint\",\"urlTemplate\":\"https:\\\/\\\/www.entreculturas.org\\\/gl\\\/?s={search_term_string}\"},\"query-input\":{\"@type\":\"PropertyValueSpecification\",\"valueRequired\":true,\"valueName\":\"search_term_string\"}}],\"inLanguage\":\"gl-ES\"},{\"@type\":\"Organization\",\"@id\":\"https:\\\/\\\/www.entreculturas.org\\\/gl\\\/#organization\",\"name\":\"Entreculturas\",\"url\":\"https:\\\/\\\/www.entreculturas.org\\\/gl\\\/\",\"logo\":{\"@type\":\"ImageObject\",\"inLanguage\":\"gl-ES\",\"@id\":\"https:\\\/\\\/www.entreculturas.org\\\/gl\\\/#\\\/schema\\\/logo\\\/image\\\/\",\"url\":\"https:\\\/\\\/www.entreculturas.org\\\/wp-content\\\/uploads\\\/2025\\\/10\\\/ESP.svg\",\"contentUrl\":\"https:\\\/\\\/www.entreculturas.org\\\/wp-content\\\/uploads\\\/2025\\\/10\\\/ESP.svg\",\"caption\":\"Entreculturas\"},\"image\":{\"@id\":\"https:\\\/\\\/www.entreculturas.org\\\/gl\\\/#\\\/schema\\\/logo\\\/image\\\/\"},\"sameAs\":[\"https:\\\/\\\/www.facebook.com\\\/entreculturas\",\"https:\\\/\\\/x.com\\\/Entreculturas\",\"https:\\\/\\\/www.instagram.com\\\/entreculturas\\\/\",\"https:\\\/\\\/www.youtube.com\\\/user\\\/entreculturasvideo\",\"https:\\\/\\\/www.linkedin.com\\\/company\\\/fundacion-entreculturas-ngdo\\\/\",\"https:\\\/\\\/www.flickr.com\\\/photos\\\/98455522@N04\\\/albums\\\/\"]}]}<\/script>\n<!-- \/ Yoast SEO Premium plugin. -->","yoast_head_json":{"title":"R.D. Congo: Educaci\u00f3n contra la vulnerabilidad para las ni\u00f1as desplazadas en Masisi - Entreculturas","robots":{"index":"index","follow":"follow","max-snippet":"max-snippet:-1","max-image-preview":"max-image-preview:large","max-video-preview":"max-video-preview:-1"},"canonical":"https:\/\/www.entreculturas.org\/gl\/noticia\/rd-congo-educacion-contra-la-vulnerabilidad-para-las-ninas-desplazadas-en-masisi\/","og_locale":"gl_ES","og_type":"article","og_title":"R.D. Congo: Educaci\u00f3n contra la vulnerabilidad para las ni\u00f1as desplazadas en Masisi","og_description":"El Servicio Jesuita a Refugiados (JRS), nuestro socio local en el terreno, trabaja en tres localidades de Kivu Norte: en Goma, en Masisi y en Mweso. Desde Entreculturas llevamos m\u00e1s de una d\u00e9cada apoyando su labor centrada en aliviar el sufrimiento de la poblaci\u00f3n desplazada, en concreto, mediante el apoyo psicosocial, facilitando el acceso a la educaci\u00f3n de ni\u00f1os, ni\u00f1as y adolescentes, y ofreciendo formaci\u00f3n profesional a la poblaci\u00f3n joven y adulta de cara a su inserci\u00f3n laboral. Todo ello siempre prestando especial atenci\u00f3n a los colectivos m\u00e1s vulnerables.","og_url":"https:\/\/www.entreculturas.org\/gl\/noticia\/rd-congo-educacion-contra-la-vulnerabilidad-para-las-ninas-desplazadas-en-masisi\/","og_site_name":"Entreculturas","article_publisher":"https:\/\/www.facebook.com\/entreculturas","article_modified_time":"2024-02-06T08:19:25+00:00","og_image":[{"width":800,"height":416,"url":"https:\/\/www.entreculturas.org\/wp-content\/uploads\/2018\/12\/repor-congo2.jpg","type":"image\/jpeg"}],"twitter_card":"summary_large_image","twitter_site":"@Entreculturas","schema":{"@context":"https:\/\/schema.org","@graph":[{"@type":"WebPage","@id":"https:\/\/www.entreculturas.org\/gl\/noticia\/rd-congo-educacion-contra-la-vulnerabilidad-para-las-ninas-desplazadas-en-masisi\/","url":"https:\/\/www.entreculturas.org\/gl\/noticia\/rd-congo-educacion-contra-la-vulnerabilidad-para-las-ninas-desplazadas-en-masisi\/","name":"R.D. Congo: Educaci\u00f3n contra la vulnerabilidad para las ni\u00f1as desplazadas en Masisi - Entreculturas","isPartOf":{"@id":"https:\/\/www.entreculturas.org\/gl\/#website"},"primaryImageOfPage":{"@id":"https:\/\/www.entreculturas.org\/gl\/noticia\/rd-congo-educacion-contra-la-vulnerabilidad-para-las-ninas-desplazadas-en-masisi\/#primaryimage"},"image":{"@id":"https:\/\/www.entreculturas.org\/gl\/noticia\/rd-congo-educacion-contra-la-vulnerabilidad-para-las-ninas-desplazadas-en-masisi\/#primaryimage"},"thumbnailUrl":"https:\/\/www.entreculturas.org\/wp-content\/uploads\/2018\/12\/repor-congo2.jpg","datePublished":"2018-12-27T09:35:27+00:00","dateModified":"2024-02-06T08:19:25+00:00","breadcrumb":{"@id":"https:\/\/www.entreculturas.org\/gl\/noticia\/rd-congo-educacion-contra-la-vulnerabilidad-para-las-ninas-desplazadas-en-masisi\/#breadcrumb"},"inLanguage":"gl-ES","potentialAction":[{"@type":"ReadAction","target":["https:\/\/www.entreculturas.org\/gl\/noticia\/rd-congo-educacion-contra-la-vulnerabilidad-para-las-ninas-desplazadas-en-masisi\/"]}]},{"@type":"ImageObject","inLanguage":"gl-ES","@id":"https:\/\/www.entreculturas.org\/gl\/noticia\/rd-congo-educacion-contra-la-vulnerabilidad-para-las-ninas-desplazadas-en-masisi\/#primaryimage","url":"https:\/\/www.entreculturas.org\/wp-content\/uploads\/2018\/12\/repor-congo2.jpg","contentUrl":"https:\/\/www.entreculturas.org\/wp-content\/uploads\/2018\/12\/repor-congo2.jpg","width":800,"height":416},{"@type":"BreadcrumbList","@id":"https:\/\/www.entreculturas.org\/gl\/noticia\/rd-congo-educacion-contra-la-vulnerabilidad-para-las-ninas-desplazadas-en-masisi\/#breadcrumb","itemListElement":[{"@type":"ListItem","position":1,"name":"Home","item":"https:\/\/www.entreculturas.org\/gl\/"},{"@type":"ListItem","position":2,"name":"Noticias","item":"https:\/\/www.entreculturas.org\/gl\/noticias\/"},{"@type":"ListItem","position":3,"name":"R.D. Congo: Educaci\u00f3n contra la vulnerabilidad para las ni\u00f1as desplazadas en Masisi"}]},{"@type":"WebSite","@id":"https:\/\/www.entreculturas.org\/gl\/#website","url":"https:\/\/www.entreculturas.org\/gl\/","name":"Entreculturas","description":"","publisher":{"@id":"https:\/\/www.entreculturas.org\/gl\/#organization"},"alternateName":"Entreculturas","potentialAction":[{"@type":"SearchAction","target":{"@type":"EntryPoint","urlTemplate":"https:\/\/www.entreculturas.org\/gl\/?s={search_term_string}"},"query-input":{"@type":"PropertyValueSpecification","valueRequired":true,"valueName":"search_term_string"}}],"inLanguage":"gl-ES"},{"@type":"Organization","@id":"https:\/\/www.entreculturas.org\/gl\/#organization","name":"Entreculturas","url":"https:\/\/www.entreculturas.org\/gl\/","logo":{"@type":"ImageObject","inLanguage":"gl-ES","@id":"https:\/\/www.entreculturas.org\/gl\/#\/schema\/logo\/image\/","url":"https:\/\/www.entreculturas.org\/wp-content\/uploads\/2025\/10\/ESP.svg","contentUrl":"https:\/\/www.entreculturas.org\/wp-content\/uploads\/2025\/10\/ESP.svg","caption":"Entreculturas"},"image":{"@id":"https:\/\/www.entreculturas.org\/gl\/#\/schema\/logo\/image\/"},"sameAs":["https:\/\/www.facebook.com\/entreculturas","https:\/\/x.com\/Entreculturas","https:\/\/www.instagram.com\/entreculturas\/","https:\/\/www.youtube.com\/user\/entreculturasvideo","https:\/\/www.linkedin.com\/company\/fundacion-entreculturas-ngdo\/","https:\/\/www.flickr.com\/photos\/98455522@N04\/albums\/"]}]}},"_links":{"self":[{"href":"https:\/\/www.entreculturas.org\/gl\/wp-json\/wp\/v2\/noticia\/2605","targetHints":{"allow":["GET"]}}],"collection":[{"href":"https:\/\/www.entreculturas.org\/gl\/wp-json\/wp\/v2\/noticia"}],"about":[{"href":"https:\/\/www.entreculturas.org\/gl\/wp-json\/wp\/v2\/types\/noticia"}],"wp:featuredmedia":[{"embeddable":true,"href":"https:\/\/www.entreculturas.org\/gl\/wp-json\/wp\/v2\/media\/2600"}],"wp:attachment":[{"href":"https:\/\/www.entreculturas.org\/gl\/wp-json\/wp\/v2\/media?parent=2605"}],"wp:term":[{"taxonomy":"category","embeddable":true,"href":"https:\/\/www.entreculturas.org\/gl\/wp-json\/wp\/v2\/categories?post=2605"},{"taxonomy":"post_tag","embeddable":true,"href":"https:\/\/www.entreculturas.org\/gl\/wp-json\/wp\/v2\/tags?post=2605"},{"taxonomy":"country","embeddable":true,"href":"https:\/\/www.entreculturas.org\/gl\/wp-json\/wp\/v2\/country?post=2605"},{"taxonomy":"cause","embeddable":true,"href":"https:\/\/www.entreculturas.org\/gl\/wp-json\/wp\/v2\/cause?post=2605"}],"curies":[{"name":"wp","href":"https:\/\/api.w.org\/{rel}","templated":true}]}}