{"id":2532,"date":"2018-12-04T23:00:00","date_gmt":"2018-12-04T23:00:00","guid":{"rendered":"https:\/\/entreculturasi.wpenginepowered.com\/?noticias=noche-de-celebracion-san-francisco-javier-y-dia-del-voluntariado"},"modified":"2023-12-18T10:33:59","modified_gmt":"2023-12-18T09:33:59","slug":"noche-de-celebracion-san-francisco-javier-y-dia-del-voluntariado","status":"publish","type":"noticia","link":"https:\/\/www.entreculturas.org\/gl\/noticia\/noche-de-celebracion-san-francisco-javier-y-dia-del-voluntariado\/","title":{"rendered":"Noche de celebraci\u00f3n: San Francisco Javier y d\u00eda del voluntariado"},"content":{"rendered":"<p>En el contexto del D\u00eda Internacional del Voluntariado, desde Entreculturas y junto con la Pastoral MAG+S hemos celebrado en la Casa San Ingnacio en Madrid dos citas importantes: la fiesta de San Francisco Javier, patr\u00f3n de los misioneros, que se conmemora el d\u00eda 3 de diciembre, y el D\u00eda Internacional del Voluntariado.<\/p>\n<p>Un espacio para informar a las personas asistentes de la propuesta de voluntariado internacional de la Provincia sj de Espa\u00f1a y de sus diferentes programas. Todos ellos impulsados y acompa\u00f1ados por MAG+S, Entreculturas, Alboan y las Universidades Jesuitas. Diferentes programas de una misma propuesta de voluntariado que pretende ser transformadora, que quiere provocar en las personas participantes un proceso acompa\u00f1ado con hondura y que ofrezca horizontes.<\/p>\n<p>Programas de corta duraci\u00f3n como Experiencia Sur de Entreculturas y las Experiencias Sentido Sur de MAG+S, Alboan y Entreculturas, programas de corta y media duraci\u00f3n como las que ofrecen los servicios solidarios de las Universidades Jesuitas (Aristos Campus Mundus) y el programa VOLPA, de larga duraci\u00f3n y promovido por Alboan y Entreculturas.<\/p>\n<p>Especialmente valioso fue el momento de los testimonios. Expresaron lo m\u00e1s significativo de sus experiencias y lo relacionaron con algunas claves de la experiencia misionera de San Francisco Javier:<\/p>\n<ul>\n<li>Cristina comparti\u00f3 algunas claves de su experiencia como <strong>VOLPA<\/strong> durante 1 a\u00f1o en Kenia: &#8220;Me queda grabado las personas con las que compart\u00ed y conoc\u00ed con ellos ese Encuentro &#8230; De alguna manera me anim\u00e9 a saltar la valla&#8221;.<\/li>\n<li>David habl\u00f3 de su <strong>Experiencia Sur<\/strong> el pasado verano en los albergues del Servicio Jesuita de Migrantes en M\u00e9xico: &#8220;Yo quer\u00eda estar con gente sencilla de manera sencilla.&#8221;<\/li>\n<li>M\u00aa Carmen y Carlos Maza sj compartieron su experiencia como acompa\u00f1antes de <strong>experiencias Sentido Sur<\/strong> en Bolivia y Chad: \u201cMe preguntan \u00bfqu\u00e9 es lo que has hecho en Bolivia? Les respondo: &#8220;Dar y recibir cari\u00f1o. Establecer v\u00ednculos personales.\u201d Carlos nos compart\u00eda algo de lo que fue testigo como acompa\u00f1ante: \u201cEn los l\u00edmites de los j\u00f3venes y las j\u00f3venes voluntarios est\u00e1 la perla de la experiencia, ah\u00ed est\u00e1 el crecimiento y la oportunidad de traer de vuelta una mirada nueva&#8221;.<\/li>\n<\/ul>\n<p>\u200bUna noche para compartir, sentir, conocer, agradecer y celebrar. El voluntariado ignaciano es una propuesta para transformar vidas que a su vez transformen a otras y cambian estructuras injustas. Y esto&nbsp;que a veces parece demasiado pretencioso decirlo, es lo que qued\u00f3 plasmado en cada testimonio.<\/p>\n<p>Feliz San Francisco Javier y feliz D\u00eda Internacional del Voluntariado.<\/p>\n","protected":false},"excerpt":{"rendered":"<p>En el contexto del D\u00eda Internacional del Voluntariado, desde Entreculturas y junto con la Pastoral MAG+S hemos celebrado en la Casa San Ingnacio en Madrid dos citas importantes: la fiesta de San Francisco Javier, patr\u00f3n de los misioneros, que se conmemora el d\u00eda 3 de diciembre, y el D\u00eda Internacional del Voluntariado.<\/p>\n","protected":false},"featured_media":2531,"template":"single-noticia","meta":{"_acf_changed":false},"categories":[7],"tags":[191],"country":[],"cause":[132],"class_list":["post-2532","noticia","type-noticia","status-publish","has-post-thumbnail","hentry","category-noticia","tag-voluntariado","cause-participacion-y-ciudadania-global"],"acf":[],"yoast_head":"<!-- This site is optimized with the Yoast SEO Premium plugin v21.6 (Yoast SEO v27.5) - https:\/\/yoast.com\/product\/yoast-seo-premium-wordpress\/ -->\n<title>Noche de celebraci\u00f3n: San Francisco Javier y d\u00eda del voluntariado - Entreculturas<\/title>\n<meta name=\"robots\" content=\"index, follow, max-snippet:-1, max-image-preview:large, max-video-preview:-1\" \/>\n<link rel=\"canonical\" href=\"https:\/\/www.entreculturas.org\/gl\/noticia\/noche-de-celebracion-san-francisco-javier-y-dia-del-voluntariado\/\" \/>\n<meta property=\"og:locale\" content=\"gl_ES\" \/>\n<meta property=\"og:type\" content=\"article\" \/>\n<meta property=\"og:title\" content=\"Noche de celebraci\u00f3n: San Francisco Javier y d\u00eda del voluntariado\" \/>\n<meta property=\"og:description\" content=\"En el contexto del D\u00eda Internacional del Voluntariado, desde Entreculturas y junto con la Pastoral MAG+S hemos celebrado en la Casa San Ingnacio en Madrid dos citas importantes: la fiesta de San Francisco Javier, patr\u00f3n de los misioneros, que se conmemora el d\u00eda 3 de diciembre, y el D\u00eda Internacional del Voluntariado.\" \/>\n<meta property=\"og:url\" content=\"https:\/\/www.entreculturas.org\/gl\/noticia\/noche-de-celebracion-san-francisco-javier-y-dia-del-voluntariado\/\" \/>\n<meta property=\"og:site_name\" content=\"Entreculturas\" \/>\n<meta property=\"article:publisher\" content=\"https:\/\/www.facebook.com\/entreculturas\" \/>\n<meta property=\"article:modified_time\" content=\"2023-12-18T09:33:59+00:00\" \/>\n<meta property=\"og:image\" content=\"https:\/\/www.entreculturas.org\/wp-content\/uploads\/2018\/12\/whatsapp_image_2018-12-10_at_11.34.54.jpeg\" \/>\n\t<meta property=\"og:image:width\" content=\"800\" \/>\n\t<meta property=\"og:image:height\" content=\"537\" \/>\n\t<meta property=\"og:image:type\" content=\"image\/jpeg\" \/>\n<meta name=\"twitter:card\" content=\"summary_large_image\" \/>\n<meta name=\"twitter:site\" content=\"@Entreculturas\" \/>\n<script type=\"application\/ld+json\" class=\"yoast-schema-graph\">{\"@context\":\"https:\\\/\\\/schema.org\",\"@graph\":[{\"@type\":\"WebPage\",\"@id\":\"https:\\\/\\\/www.entreculturas.org\\\/gl\\\/noticia\\\/noche-de-celebracion-san-francisco-javier-y-dia-del-voluntariado\\\/\",\"url\":\"https:\\\/\\\/www.entreculturas.org\\\/gl\\\/noticia\\\/noche-de-celebracion-san-francisco-javier-y-dia-del-voluntariado\\\/\",\"name\":\"Noche de celebraci\u00f3n: San Francisco Javier y d\u00eda del voluntariado - Entreculturas\",\"isPartOf\":{\"@id\":\"https:\\\/\\\/www.entreculturas.org\\\/gl\\\/#website\"},\"primaryImageOfPage\":{\"@id\":\"https:\\\/\\\/www.entreculturas.org\\\/gl\\\/noticia\\\/noche-de-celebracion-san-francisco-javier-y-dia-del-voluntariado\\\/#primaryimage\"},\"image\":{\"@id\":\"https:\\\/\\\/www.entreculturas.org\\\/gl\\\/noticia\\\/noche-de-celebracion-san-francisco-javier-y-dia-del-voluntariado\\\/#primaryimage\"},\"thumbnailUrl\":\"https:\\\/\\\/www.entreculturas.org\\\/wp-content\\\/uploads\\\/2018\\\/12\\\/whatsapp_image_2018-12-10_at_11.34.54.jpeg\",\"datePublished\":\"2018-12-04T23:00:00+00:00\",\"dateModified\":\"2023-12-18T09:33:59+00:00\",\"breadcrumb\":{\"@id\":\"https:\\\/\\\/www.entreculturas.org\\\/gl\\\/noticia\\\/noche-de-celebracion-san-francisco-javier-y-dia-del-voluntariado\\\/#breadcrumb\"},\"inLanguage\":\"gl-ES\",\"potentialAction\":[{\"@type\":\"ReadAction\",\"target\":[\"https:\\\/\\\/www.entreculturas.org\\\/gl\\\/noticia\\\/noche-de-celebracion-san-francisco-javier-y-dia-del-voluntariado\\\/\"]}]},{\"@type\":\"ImageObject\",\"inLanguage\":\"gl-ES\",\"@id\":\"https:\\\/\\\/www.entreculturas.org\\\/gl\\\/noticia\\\/noche-de-celebracion-san-francisco-javier-y-dia-del-voluntariado\\\/#primaryimage\",\"url\":\"https:\\\/\\\/www.entreculturas.org\\\/wp-content\\\/uploads\\\/2018\\\/12\\\/whatsapp_image_2018-12-10_at_11.34.54.jpeg\",\"contentUrl\":\"https:\\\/\\\/www.entreculturas.org\\\/wp-content\\\/uploads\\\/2018\\\/12\\\/whatsapp_image_2018-12-10_at_11.34.54.jpeg\",\"width\":800,\"height\":537},{\"@type\":\"BreadcrumbList\",\"@id\":\"https:\\\/\\\/www.entreculturas.org\\\/gl\\\/noticia\\\/noche-de-celebracion-san-francisco-javier-y-dia-del-voluntariado\\\/#breadcrumb\",\"itemListElement\":[{\"@type\":\"ListItem\",\"position\":1,\"name\":\"Home\",\"item\":\"https:\\\/\\\/www.entreculturas.org\\\/gl\\\/\"},{\"@type\":\"ListItem\",\"position\":2,\"name\":\"Noticias\",\"item\":\"https:\\\/\\\/www.entreculturas.org\\\/gl\\\/noticias\\\/\"},{\"@type\":\"ListItem\",\"position\":3,\"name\":\"Noche de celebraci\u00f3n: San Francisco Javier y d\u00eda del voluntariado\"}]},{\"@type\":\"WebSite\",\"@id\":\"https:\\\/\\\/www.entreculturas.org\\\/gl\\\/#website\",\"url\":\"https:\\\/\\\/www.entreculturas.org\\\/gl\\\/\",\"name\":\"Entreculturas\",\"description\":\"\",\"publisher\":{\"@id\":\"https:\\\/\\\/www.entreculturas.org\\\/gl\\\/#organization\"},\"alternateName\":\"Entreculturas\",\"potentialAction\":[{\"@type\":\"SearchAction\",\"target\":{\"@type\":\"EntryPoint\",\"urlTemplate\":\"https:\\\/\\\/www.entreculturas.org\\\/gl\\\/?s={search_term_string}\"},\"query-input\":{\"@type\":\"PropertyValueSpecification\",\"valueRequired\":true,\"valueName\":\"search_term_string\"}}],\"inLanguage\":\"gl-ES\"},{\"@type\":\"Organization\",\"@id\":\"https:\\\/\\\/www.entreculturas.org\\\/gl\\\/#organization\",\"name\":\"Entreculturas\",\"url\":\"https:\\\/\\\/www.entreculturas.org\\\/gl\\\/\",\"logo\":{\"@type\":\"ImageObject\",\"inLanguage\":\"gl-ES\",\"@id\":\"https:\\\/\\\/www.entreculturas.org\\\/gl\\\/#\\\/schema\\\/logo\\\/image\\\/\",\"url\":\"https:\\\/\\\/www.entreculturas.org\\\/wp-content\\\/uploads\\\/2025\\\/10\\\/ESP.svg\",\"contentUrl\":\"https:\\\/\\\/www.entreculturas.org\\\/wp-content\\\/uploads\\\/2025\\\/10\\\/ESP.svg\",\"caption\":\"Entreculturas\"},\"image\":{\"@id\":\"https:\\\/\\\/www.entreculturas.org\\\/gl\\\/#\\\/schema\\\/logo\\\/image\\\/\"},\"sameAs\":[\"https:\\\/\\\/www.facebook.com\\\/entreculturas\",\"https:\\\/\\\/x.com\\\/Entreculturas\",\"https:\\\/\\\/www.instagram.com\\\/entreculturas\\\/\",\"https:\\\/\\\/www.youtube.com\\\/user\\\/entreculturasvideo\",\"https:\\\/\\\/www.linkedin.com\\\/company\\\/fundacion-entreculturas-ngdo\\\/\",\"https:\\\/\\\/www.flickr.com\\\/photos\\\/98455522@N04\\\/albums\\\/\"]}]}<\/script>\n<!-- \/ Yoast SEO Premium plugin. -->","yoast_head_json":{"title":"Noche de celebraci\u00f3n: San Francisco Javier y d\u00eda del voluntariado - Entreculturas","robots":{"index":"index","follow":"follow","max-snippet":"max-snippet:-1","max-image-preview":"max-image-preview:large","max-video-preview":"max-video-preview:-1"},"canonical":"https:\/\/www.entreculturas.org\/gl\/noticia\/noche-de-celebracion-san-francisco-javier-y-dia-del-voluntariado\/","og_locale":"gl_ES","og_type":"article","og_title":"Noche de celebraci\u00f3n: San Francisco Javier y d\u00eda del voluntariado","og_description":"En el contexto del D\u00eda Internacional del Voluntariado, desde Entreculturas y junto con la Pastoral MAG+S hemos celebrado en la Casa San Ingnacio en Madrid dos citas importantes: la fiesta de San Francisco Javier, patr\u00f3n de los misioneros, que se conmemora el d\u00eda 3 de diciembre, y el D\u00eda Internacional del Voluntariado.","og_url":"https:\/\/www.entreculturas.org\/gl\/noticia\/noche-de-celebracion-san-francisco-javier-y-dia-del-voluntariado\/","og_site_name":"Entreculturas","article_publisher":"https:\/\/www.facebook.com\/entreculturas","article_modified_time":"2023-12-18T09:33:59+00:00","og_image":[{"width":800,"height":537,"url":"https:\/\/www.entreculturas.org\/wp-content\/uploads\/2018\/12\/whatsapp_image_2018-12-10_at_11.34.54.jpeg","type":"image\/jpeg"}],"twitter_card":"summary_large_image","twitter_site":"@Entreculturas","schema":{"@context":"https:\/\/schema.org","@graph":[{"@type":"WebPage","@id":"https:\/\/www.entreculturas.org\/gl\/noticia\/noche-de-celebracion-san-francisco-javier-y-dia-del-voluntariado\/","url":"https:\/\/www.entreculturas.org\/gl\/noticia\/noche-de-celebracion-san-francisco-javier-y-dia-del-voluntariado\/","name":"Noche de celebraci\u00f3n: San Francisco Javier y d\u00eda del voluntariado - Entreculturas","isPartOf":{"@id":"https:\/\/www.entreculturas.org\/gl\/#website"},"primaryImageOfPage":{"@id":"https:\/\/www.entreculturas.org\/gl\/noticia\/noche-de-celebracion-san-francisco-javier-y-dia-del-voluntariado\/#primaryimage"},"image":{"@id":"https:\/\/www.entreculturas.org\/gl\/noticia\/noche-de-celebracion-san-francisco-javier-y-dia-del-voluntariado\/#primaryimage"},"thumbnailUrl":"https:\/\/www.entreculturas.org\/wp-content\/uploads\/2018\/12\/whatsapp_image_2018-12-10_at_11.34.54.jpeg","datePublished":"2018-12-04T23:00:00+00:00","dateModified":"2023-12-18T09:33:59+00:00","breadcrumb":{"@id":"https:\/\/www.entreculturas.org\/gl\/noticia\/noche-de-celebracion-san-francisco-javier-y-dia-del-voluntariado\/#breadcrumb"},"inLanguage":"gl-ES","potentialAction":[{"@type":"ReadAction","target":["https:\/\/www.entreculturas.org\/gl\/noticia\/noche-de-celebracion-san-francisco-javier-y-dia-del-voluntariado\/"]}]},{"@type":"ImageObject","inLanguage":"gl-ES","@id":"https:\/\/www.entreculturas.org\/gl\/noticia\/noche-de-celebracion-san-francisco-javier-y-dia-del-voluntariado\/#primaryimage","url":"https:\/\/www.entreculturas.org\/wp-content\/uploads\/2018\/12\/whatsapp_image_2018-12-10_at_11.34.54.jpeg","contentUrl":"https:\/\/www.entreculturas.org\/wp-content\/uploads\/2018\/12\/whatsapp_image_2018-12-10_at_11.34.54.jpeg","width":800,"height":537},{"@type":"BreadcrumbList","@id":"https:\/\/www.entreculturas.org\/gl\/noticia\/noche-de-celebracion-san-francisco-javier-y-dia-del-voluntariado\/#breadcrumb","itemListElement":[{"@type":"ListItem","position":1,"name":"Home","item":"https:\/\/www.entreculturas.org\/gl\/"},{"@type":"ListItem","position":2,"name":"Noticias","item":"https:\/\/www.entreculturas.org\/gl\/noticias\/"},{"@type":"ListItem","position":3,"name":"Noche de celebraci\u00f3n: San Francisco Javier y d\u00eda del voluntariado"}]},{"@type":"WebSite","@id":"https:\/\/www.entreculturas.org\/gl\/#website","url":"https:\/\/www.entreculturas.org\/gl\/","name":"Entreculturas","description":"","publisher":{"@id":"https:\/\/www.entreculturas.org\/gl\/#organization"},"alternateName":"Entreculturas","potentialAction":[{"@type":"SearchAction","target":{"@type":"EntryPoint","urlTemplate":"https:\/\/www.entreculturas.org\/gl\/?s={search_term_string}"},"query-input":{"@type":"PropertyValueSpecification","valueRequired":true,"valueName":"search_term_string"}}],"inLanguage":"gl-ES"},{"@type":"Organization","@id":"https:\/\/www.entreculturas.org\/gl\/#organization","name":"Entreculturas","url":"https:\/\/www.entreculturas.org\/gl\/","logo":{"@type":"ImageObject","inLanguage":"gl-ES","@id":"https:\/\/www.entreculturas.org\/gl\/#\/schema\/logo\/image\/","url":"https:\/\/www.entreculturas.org\/wp-content\/uploads\/2025\/10\/ESP.svg","contentUrl":"https:\/\/www.entreculturas.org\/wp-content\/uploads\/2025\/10\/ESP.svg","caption":"Entreculturas"},"image":{"@id":"https:\/\/www.entreculturas.org\/gl\/#\/schema\/logo\/image\/"},"sameAs":["https:\/\/www.facebook.com\/entreculturas","https:\/\/x.com\/Entreculturas","https:\/\/www.instagram.com\/entreculturas\/","https:\/\/www.youtube.com\/user\/entreculturasvideo","https:\/\/www.linkedin.com\/company\/fundacion-entreculturas-ngdo\/","https:\/\/www.flickr.com\/photos\/98455522@N04\/albums\/"]}]}},"_links":{"self":[{"href":"https:\/\/www.entreculturas.org\/gl\/wp-json\/wp\/v2\/noticia\/2532","targetHints":{"allow":["GET"]}}],"collection":[{"href":"https:\/\/www.entreculturas.org\/gl\/wp-json\/wp\/v2\/noticia"}],"about":[{"href":"https:\/\/www.entreculturas.org\/gl\/wp-json\/wp\/v2\/types\/noticia"}],"wp:featuredmedia":[{"embeddable":true,"href":"https:\/\/www.entreculturas.org\/gl\/wp-json\/wp\/v2\/media\/2531"}],"wp:attachment":[{"href":"https:\/\/www.entreculturas.org\/gl\/wp-json\/wp\/v2\/media?parent=2532"}],"wp:term":[{"taxonomy":"category","embeddable":true,"href":"https:\/\/www.entreculturas.org\/gl\/wp-json\/wp\/v2\/categories?post=2532"},{"taxonomy":"post_tag","embeddable":true,"href":"https:\/\/www.entreculturas.org\/gl\/wp-json\/wp\/v2\/tags?post=2532"},{"taxonomy":"country","embeddable":true,"href":"https:\/\/www.entreculturas.org\/gl\/wp-json\/wp\/v2\/country?post=2532"},{"taxonomy":"cause","embeddable":true,"href":"https:\/\/www.entreculturas.org\/gl\/wp-json\/wp\/v2\/cause?post=2532"}],"curies":[{"name":"wp","href":"https:\/\/api.w.org\/{rel}","templated":true}]}}