{"id":24378,"date":"2024-05-10T14:01:48","date_gmt":"2024-05-10T12:01:48","guid":{"rendered":"https:\/\/www.entreculturas.org\/?post_type=noticia&#038;p=24378"},"modified":"2024-05-14T13:23:27","modified_gmt":"2024-05-14T11:23:27","slug":"las-cholitas-escaladoras-de-bolivia-inician-su-gira-en-espana","status":"publish","type":"noticia","link":"https:\/\/www.entreculturas.org\/gl\/noticia\/las-cholitas-escaladoras-de-bolivia-inician-su-gira-en-espana\/","title":{"rendered":"LAS CHOLITAS ESCALADORAS DE BOLIVIA INICIAN SU GIRA EN ESPA\u00d1A"},"content":{"rendered":"\n<ul class=\"wp-block-list\">\n<li>Las Cholitas escaladoras de Bolivia, protagonistas del documental \u2018Cholitas\u2019, participar\u00e1n en una visita promovida por las ONG Entreculturas, Alboan y Oxfam Interm\u00f3n que llevar\u00e1 el documental a 11 ciudades.\u00a0<\/li>\n\n\n\n<li>El documental narra la expedici\u00f3n de Dora, Liita, Lidia, Cecilia y Elena, cinco mujeres ind\u00edgenas bolivianas, al Aconcagua, la monta\u00f1a m\u00e1s alta de Am\u00e9rica.<\/li>\n<\/ul>\n\n\n\n<p><\/p>\n\n\n\n<p>Cecilia Llusco y Elena Quispe son dos de las cholitas escaladoras de Bolivia, que protagonizaron el documental \u2018Cholitas\u2019, dirigido por Jaime Murciego y Pablo Iraburu, y que fue respaldado por las <strong>ONG Entreculturas, Alboan y Oxfam<\/strong>. Ambas recorrer\u00e1n 11 ciudades espa\u00f1olas entre el 8 y el 22 de mayo en una visita promovida por las tres ONG, cuya inauguraci\u00f3n ha tenido lugar este mi\u00e9rcoles en Madrid con un cinef\u00f3rum en la librer\u00eda Desnivel, un evento en el que tambi\u00e9n estuvo presente Jaime Murciego.\u00a0<\/p>\n\n\n\n<p><\/p>\n\n\n\n<p>\u201cEl grupo de Cholitas escaladoras se form\u00f3 en 2015 motivado por la gran descriminaci\u00f3n que hab\u00eda hacia las mujeres ind\u00edgenas\u201d. Con estas palabras, Cecilia Llusco comenz\u00f3 el coloquio posterior explicando los or\u00edgenes de este <strong>grupo de mujeres escaladoras aymaras<\/strong> y c\u00f3mo llegaron a protagonizar el documental: \u201cHab\u00edamos subido muchos monta\u00f1as de 6000 metros en Bolivia, pero quer\u00edamos cumplir nuestro sue\u00f1o de llegar a la cumbre m\u00e1s alta de Am\u00e9rica, el Aconcagua, y gracias a la oportunidad que nos brind\u00f3 el documental pudimos lograrlo\u201d.\u00a0<\/p>\n\n\n\n<p><\/p>\n\n\n\n<p>Cecilia tambi\u00e9n habl\u00f3 de lo que significan para las mujeres bolivianas estas expediciones: \u201cHemos roto muchas barreras e intentamos inspirar a las nuevas generaciones porque estamos muy orgullosas de ser mujeres ind\u00edgenas y de representar a todas las mujeres en la monta\u00f1a\u201d. Esta sororidad, explic\u00f3 por su parte Elena Quispe, es \u201clo mejor que nos ha ense\u00f1ado la monta\u00f1a, porque all\u00ed<strong> nos apoyamos, nos motivamos y nos impulsamos unas a otras para seguir juntas hacia adelante\u201d<\/strong>.\u00a0<\/p>\n\n\n\n<p><\/p>\n\n\n\n<p>Elena tambi\u00e9n explic\u00f3 la relaci\u00f3n de respeto que las cholitas escaladoras tienen con la naturaleza: <strong>\u201csiempre agradecemos a las monta\u00f1as que logramos hacer cima por dejarnos permitir llegar hasta sus cumbres\u201d.<\/strong> Un sentimiento con la <em>pachamama <\/em>transmitido por la cultura ind\u00edgena aymara cuya reivindicaci\u00f3n, para Elena, es necesaria y diferente para cada persona: \u201ccada ni\u00f1o, ni\u00f1as y joven tiene un sue\u00f1o que poco a poco se puede lograr\u201d.\u00a0<\/p>\n\n\n\n<p><\/p>\n\n\n\n<p>Desde el punto de vista cinematogr\u00e1fico, Jaime Murciego se\u00f1al\u00f3 que desde el principio ten\u00eda claro que \u201cquer\u00eda hacer un documental de monta\u00f1a, donde la monta\u00f1a fuera lo menos importante\u201d. El director explic\u00f3 c\u00f3mo lo realmente interesante era captar las \u201cmotivaciones que las hacen salir de casa y dejar a sus familias para escalar monta\u00f1as, <strong>desafiando sus roles sociales y de g\u00e9nero para hacer lo que les apasiona<\/strong>\u201d.\u00a0<\/p>\n\n\n\n<p><\/p>\n\n\n\n<p>Por su parte, Raquel Mart\u00edn, Directora de Comunicaci\u00f3n de la ONG Entreculturas y moderadora del coloquio, quiso cerrar el espacio enfatizando c\u00f3mo \u201c\u2018Cholitas\u2019 no solo es un documental sobre escalada, sino un poderoso testimonio que <strong>nos invita a reflexionar sobre las desigualdades que enfrentan las mujeres<\/strong> y sobre el v\u00ednculo entre la justicia socioambiental y las luchas por la igualdad para un mundo sostenible.\u201d<\/p>\n\n\n\n<p><\/p>\n\n\n\n<p>La <a href=\"https:\/\/www.entreculturas.org\/noticia\/las-cholitas-escaladoras-visitan-espana\/\"><strong>visita<\/strong><\/a><strong> de Elena y Cecilia<\/strong> en Madrid continuar\u00e1 el pr\u00f3ximo s\u00e1bado 11 de mayo, donde a las 18:00 disputar\u00e1n un <strong>partido amistoso abierto de f\u00fatbol al p\u00fablico y a medios<\/strong> con las \u2018Dragonas\u2019 de Lavapi\u00e9s (C\/ de Tribulete, 12). A su vez, la gira por el resto de Espa\u00f1a las llevar\u00e1 a participar en proyecciones y coloquios en otras 10 ciudades donde se realizar\u00e1n proyecciones y coloquios: Badajoz, Valladolid, C\u00f3rdoba, Burgos, Vitoria, Pamplona, Zaragoza, Donosti, Bilbao y Santander.<\/p>\n\n\n\n<p><\/p>\n","protected":false},"excerpt":{"rendered":"<p>Cecilia Llusco y Elena Quispe son dos de las cholitas escaladoras de Bolivia, que protagonizaron el documental \u2018Cholitas\u2019, dirigido por Jaime Murciego y Pablo Iraburu, y que fue respaldado por las ONG Entreculturas, Alboan y Oxfam. Ambas recorrer\u00e1n 11 ciudades espa\u00f1olas entre el 8 y el 22 de mayo en una visita promovida por las tres ONG, cuya inauguraci\u00f3n ha tenido lugar este mi\u00e9rcoles en Madrid con un cinef\u00f3rum en la librer\u00eda Desnivel, un evento en el que tambi\u00e9n estuvo presente Jaime Murciego.\u00a0 \u201cEl grupo de Cholitas escaladoras se form\u00f3 en 2015 motivado por la gran descriminaci\u00f3n que hab\u00eda hacia las mujeres ind\u00edgenas\u201d. Con estas palabras, Cecilia Llusco comenz\u00f3 el coloquio posterior explicando los or\u00edgenes de este grupo de mujeres escaladoras aymaras y c\u00f3mo llegaron a protagonizar el documental: \u201cHab\u00edamos subido muchos monta\u00f1as de 6000 metros en Bolivia, pero quer\u00edamos cumplir nuestro sue\u00f1o de llegar a la cumbre m\u00e1s alta [&hellip;]<\/p>\n","protected":false},"featured_media":24436,"template":"","meta":{"_acf_changed":false},"categories":[7],"tags":[293],"country":[116,120],"cause":[130],"class_list":["post-24378","noticia","type-noticia","status-publish","has-post-thumbnail","hentry","category-noticia","tag-genero","country-bolivia","country-espana","cause-genero"],"acf":[],"yoast_head":"<!-- This site is optimized with the Yoast SEO Premium plugin v21.6 (Yoast SEO v27.5) - https:\/\/yoast.com\/product\/yoast-seo-premium-wordpress\/ -->\n<title>LAS CHOLITAS ESCALADORAS DE BOLIVIA INICIAN SU GIRA EN ESPA\u00d1A - Entreculturas<\/title>\n<meta name=\"description\" content=\"Las Cholitas escaladoras de Bolivia participar\u00e1n en una visita que llevar\u00e1 el documental a 11 ciudades de Espa\u00f1a.\" \/>\n<meta name=\"robots\" content=\"index, follow, max-snippet:-1, max-image-preview:large, max-video-preview:-1\" \/>\n<link rel=\"canonical\" href=\"https:\/\/www.entreculturas.org\/gl\/noticia\/las-cholitas-escaladoras-de-bolivia-inician-su-gira-en-espana\/\" \/>\n<meta property=\"og:locale\" content=\"gl_ES\" \/>\n<meta property=\"og:type\" content=\"article\" \/>\n<meta property=\"og:title\" content=\"LAS CHOLITAS ESCALADORAS DE BOLIVIA INICIAN SU GIRA EN ESPA\u00d1A\" \/>\n<meta property=\"og:description\" content=\"Las Cholitas escaladoras de Bolivia participar\u00e1n en una visita que llevar\u00e1 el documental a 11 ciudades de Espa\u00f1a.\" \/>\n<meta property=\"og:url\" content=\"https:\/\/www.entreculturas.org\/gl\/noticia\/las-cholitas-escaladoras-de-bolivia-inician-su-gira-en-espana\/\" \/>\n<meta property=\"og:site_name\" content=\"Entreculturas\" \/>\n<meta property=\"article:publisher\" content=\"https:\/\/www.facebook.com\/entreculturas\" \/>\n<meta property=\"article:modified_time\" content=\"2024-05-14T11:23:27+00:00\" \/>\n<meta property=\"og:image\" content=\"https:\/\/www.entreculturas.org\/wp-content\/uploads\/2024\/05\/DSC09902-scaled.jpg\" \/>\n\t<meta property=\"og:image:width\" content=\"2560\" \/>\n\t<meta property=\"og:image:height\" content=\"1707\" \/>\n\t<meta property=\"og:image:type\" content=\"image\/jpeg\" \/>\n<meta name=\"twitter:card\" content=\"summary_large_image\" \/>\n<meta name=\"twitter:site\" content=\"@Entreculturas\" \/>\n<script type=\"application\/ld+json\" class=\"yoast-schema-graph\">{\"@context\":\"https:\\\/\\\/schema.org\",\"@graph\":[{\"@type\":\"WebPage\",\"@id\":\"https:\\\/\\\/www.entreculturas.org\\\/gl\\\/noticia\\\/las-cholitas-escaladoras-de-bolivia-inician-su-gira-en-espana\\\/\",\"url\":\"https:\\\/\\\/www.entreculturas.org\\\/gl\\\/noticia\\\/las-cholitas-escaladoras-de-bolivia-inician-su-gira-en-espana\\\/\",\"name\":\"LAS CHOLITAS ESCALADORAS DE BOLIVIA INICIAN SU GIRA EN ESPA\u00d1A - Entreculturas\",\"isPartOf\":{\"@id\":\"https:\\\/\\\/www.entreculturas.org\\\/gl\\\/#website\"},\"primaryImageOfPage\":{\"@id\":\"https:\\\/\\\/www.entreculturas.org\\\/gl\\\/noticia\\\/las-cholitas-escaladoras-de-bolivia-inician-su-gira-en-espana\\\/#primaryimage\"},\"image\":{\"@id\":\"https:\\\/\\\/www.entreculturas.org\\\/gl\\\/noticia\\\/las-cholitas-escaladoras-de-bolivia-inician-su-gira-en-espana\\\/#primaryimage\"},\"thumbnailUrl\":\"https:\\\/\\\/www.entreculturas.org\\\/wp-content\\\/uploads\\\/2024\\\/05\\\/DSC09902-scaled.jpg\",\"datePublished\":\"2024-05-10T12:01:48+00:00\",\"dateModified\":\"2024-05-14T11:23:27+00:00\",\"description\":\"Las Cholitas escaladoras de Bolivia participar\u00e1n en una visita que llevar\u00e1 el documental a 11 ciudades de Espa\u00f1a.\",\"breadcrumb\":{\"@id\":\"https:\\\/\\\/www.entreculturas.org\\\/gl\\\/noticia\\\/las-cholitas-escaladoras-de-bolivia-inician-su-gira-en-espana\\\/#breadcrumb\"},\"inLanguage\":\"gl-ES\",\"potentialAction\":[{\"@type\":\"ReadAction\",\"target\":[\"https:\\\/\\\/www.entreculturas.org\\\/gl\\\/noticia\\\/las-cholitas-escaladoras-de-bolivia-inician-su-gira-en-espana\\\/\"]}]},{\"@type\":\"ImageObject\",\"inLanguage\":\"gl-ES\",\"@id\":\"https:\\\/\\\/www.entreculturas.org\\\/gl\\\/noticia\\\/las-cholitas-escaladoras-de-bolivia-inician-su-gira-en-espana\\\/#primaryimage\",\"url\":\"https:\\\/\\\/www.entreculturas.org\\\/wp-content\\\/uploads\\\/2024\\\/05\\\/DSC09902-scaled.jpg\",\"contentUrl\":\"https:\\\/\\\/www.entreculturas.org\\\/wp-content\\\/uploads\\\/2024\\\/05\\\/DSC09902-scaled.jpg\",\"width\":2560,\"height\":1707,\"caption\":\"rueda de prensa\"},{\"@type\":\"BreadcrumbList\",\"@id\":\"https:\\\/\\\/www.entreculturas.org\\\/gl\\\/noticia\\\/las-cholitas-escaladoras-de-bolivia-inician-su-gira-en-espana\\\/#breadcrumb\",\"itemListElement\":[{\"@type\":\"ListItem\",\"position\":1,\"name\":\"Home\",\"item\":\"https:\\\/\\\/www.entreculturas.org\\\/gl\\\/\"},{\"@type\":\"ListItem\",\"position\":2,\"name\":\"Noticias\",\"item\":\"https:\\\/\\\/www.entreculturas.org\\\/gl\\\/noticias\\\/\"},{\"@type\":\"ListItem\",\"position\":3,\"name\":\"LAS CHOLITAS ESCALADORAS DE BOLIVIA INICIAN SU GIRA EN ESPA\u00d1A\"}]},{\"@type\":\"WebSite\",\"@id\":\"https:\\\/\\\/www.entreculturas.org\\\/gl\\\/#website\",\"url\":\"https:\\\/\\\/www.entreculturas.org\\\/gl\\\/\",\"name\":\"Entreculturas\",\"description\":\"\",\"publisher\":{\"@id\":\"https:\\\/\\\/www.entreculturas.org\\\/gl\\\/#organization\"},\"alternateName\":\"Entreculturas\",\"potentialAction\":[{\"@type\":\"SearchAction\",\"target\":{\"@type\":\"EntryPoint\",\"urlTemplate\":\"https:\\\/\\\/www.entreculturas.org\\\/gl\\\/?s={search_term_string}\"},\"query-input\":{\"@type\":\"PropertyValueSpecification\",\"valueRequired\":true,\"valueName\":\"search_term_string\"}}],\"inLanguage\":\"gl-ES\"},{\"@type\":\"Organization\",\"@id\":\"https:\\\/\\\/www.entreculturas.org\\\/gl\\\/#organization\",\"name\":\"Entreculturas\",\"url\":\"https:\\\/\\\/www.entreculturas.org\\\/gl\\\/\",\"logo\":{\"@type\":\"ImageObject\",\"inLanguage\":\"gl-ES\",\"@id\":\"https:\\\/\\\/www.entreculturas.org\\\/gl\\\/#\\\/schema\\\/logo\\\/image\\\/\",\"url\":\"https:\\\/\\\/www.entreculturas.org\\\/wp-content\\\/uploads\\\/2025\\\/10\\\/ESP.svg\",\"contentUrl\":\"https:\\\/\\\/www.entreculturas.org\\\/wp-content\\\/uploads\\\/2025\\\/10\\\/ESP.svg\",\"caption\":\"Entreculturas\"},\"image\":{\"@id\":\"https:\\\/\\\/www.entreculturas.org\\\/gl\\\/#\\\/schema\\\/logo\\\/image\\\/\"},\"sameAs\":[\"https:\\\/\\\/www.facebook.com\\\/entreculturas\",\"https:\\\/\\\/x.com\\\/Entreculturas\",\"https:\\\/\\\/www.instagram.com\\\/entreculturas\\\/\",\"https:\\\/\\\/www.youtube.com\\\/user\\\/entreculturasvideo\",\"https:\\\/\\\/www.linkedin.com\\\/company\\\/fundacion-entreculturas-ngdo\\\/\",\"https:\\\/\\\/www.flickr.com\\\/photos\\\/98455522@N04\\\/albums\\\/\"]}]}<\/script>\n<!-- \/ Yoast SEO Premium plugin. -->","yoast_head_json":{"title":"LAS CHOLITAS ESCALADORAS DE BOLIVIA INICIAN SU GIRA EN ESPA\u00d1A - Entreculturas","description":"Las Cholitas escaladoras de Bolivia participar\u00e1n en una visita que llevar\u00e1 el documental a 11 ciudades de Espa\u00f1a.","robots":{"index":"index","follow":"follow","max-snippet":"max-snippet:-1","max-image-preview":"max-image-preview:large","max-video-preview":"max-video-preview:-1"},"canonical":"https:\/\/www.entreculturas.org\/gl\/noticia\/las-cholitas-escaladoras-de-bolivia-inician-su-gira-en-espana\/","og_locale":"gl_ES","og_type":"article","og_title":"LAS CHOLITAS ESCALADORAS DE BOLIVIA INICIAN SU GIRA EN ESPA\u00d1A","og_description":"Las Cholitas escaladoras de Bolivia participar\u00e1n en una visita que llevar\u00e1 el documental a 11 ciudades de Espa\u00f1a.","og_url":"https:\/\/www.entreculturas.org\/gl\/noticia\/las-cholitas-escaladoras-de-bolivia-inician-su-gira-en-espana\/","og_site_name":"Entreculturas","article_publisher":"https:\/\/www.facebook.com\/entreculturas","article_modified_time":"2024-05-14T11:23:27+00:00","og_image":[{"width":2560,"height":1707,"url":"https:\/\/www.entreculturas.org\/wp-content\/uploads\/2024\/05\/DSC09902-scaled.jpg","type":"image\/jpeg"}],"twitter_card":"summary_large_image","twitter_site":"@Entreculturas","schema":{"@context":"https:\/\/schema.org","@graph":[{"@type":"WebPage","@id":"https:\/\/www.entreculturas.org\/gl\/noticia\/las-cholitas-escaladoras-de-bolivia-inician-su-gira-en-espana\/","url":"https:\/\/www.entreculturas.org\/gl\/noticia\/las-cholitas-escaladoras-de-bolivia-inician-su-gira-en-espana\/","name":"LAS CHOLITAS ESCALADORAS DE BOLIVIA INICIAN SU GIRA EN ESPA\u00d1A - Entreculturas","isPartOf":{"@id":"https:\/\/www.entreculturas.org\/gl\/#website"},"primaryImageOfPage":{"@id":"https:\/\/www.entreculturas.org\/gl\/noticia\/las-cholitas-escaladoras-de-bolivia-inician-su-gira-en-espana\/#primaryimage"},"image":{"@id":"https:\/\/www.entreculturas.org\/gl\/noticia\/las-cholitas-escaladoras-de-bolivia-inician-su-gira-en-espana\/#primaryimage"},"thumbnailUrl":"https:\/\/www.entreculturas.org\/wp-content\/uploads\/2024\/05\/DSC09902-scaled.jpg","datePublished":"2024-05-10T12:01:48+00:00","dateModified":"2024-05-14T11:23:27+00:00","description":"Las Cholitas escaladoras de Bolivia participar\u00e1n en una visita que llevar\u00e1 el documental a 11 ciudades de Espa\u00f1a.","breadcrumb":{"@id":"https:\/\/www.entreculturas.org\/gl\/noticia\/las-cholitas-escaladoras-de-bolivia-inician-su-gira-en-espana\/#breadcrumb"},"inLanguage":"gl-ES","potentialAction":[{"@type":"ReadAction","target":["https:\/\/www.entreculturas.org\/gl\/noticia\/las-cholitas-escaladoras-de-bolivia-inician-su-gira-en-espana\/"]}]},{"@type":"ImageObject","inLanguage":"gl-ES","@id":"https:\/\/www.entreculturas.org\/gl\/noticia\/las-cholitas-escaladoras-de-bolivia-inician-su-gira-en-espana\/#primaryimage","url":"https:\/\/www.entreculturas.org\/wp-content\/uploads\/2024\/05\/DSC09902-scaled.jpg","contentUrl":"https:\/\/www.entreculturas.org\/wp-content\/uploads\/2024\/05\/DSC09902-scaled.jpg","width":2560,"height":1707,"caption":"rueda de prensa"},{"@type":"BreadcrumbList","@id":"https:\/\/www.entreculturas.org\/gl\/noticia\/las-cholitas-escaladoras-de-bolivia-inician-su-gira-en-espana\/#breadcrumb","itemListElement":[{"@type":"ListItem","position":1,"name":"Home","item":"https:\/\/www.entreculturas.org\/gl\/"},{"@type":"ListItem","position":2,"name":"Noticias","item":"https:\/\/www.entreculturas.org\/gl\/noticias\/"},{"@type":"ListItem","position":3,"name":"LAS CHOLITAS ESCALADORAS DE BOLIVIA INICIAN SU GIRA EN ESPA\u00d1A"}]},{"@type":"WebSite","@id":"https:\/\/www.entreculturas.org\/gl\/#website","url":"https:\/\/www.entreculturas.org\/gl\/","name":"Entreculturas","description":"","publisher":{"@id":"https:\/\/www.entreculturas.org\/gl\/#organization"},"alternateName":"Entreculturas","potentialAction":[{"@type":"SearchAction","target":{"@type":"EntryPoint","urlTemplate":"https:\/\/www.entreculturas.org\/gl\/?s={search_term_string}"},"query-input":{"@type":"PropertyValueSpecification","valueRequired":true,"valueName":"search_term_string"}}],"inLanguage":"gl-ES"},{"@type":"Organization","@id":"https:\/\/www.entreculturas.org\/gl\/#organization","name":"Entreculturas","url":"https:\/\/www.entreculturas.org\/gl\/","logo":{"@type":"ImageObject","inLanguage":"gl-ES","@id":"https:\/\/www.entreculturas.org\/gl\/#\/schema\/logo\/image\/","url":"https:\/\/www.entreculturas.org\/wp-content\/uploads\/2025\/10\/ESP.svg","contentUrl":"https:\/\/www.entreculturas.org\/wp-content\/uploads\/2025\/10\/ESP.svg","caption":"Entreculturas"},"image":{"@id":"https:\/\/www.entreculturas.org\/gl\/#\/schema\/logo\/image\/"},"sameAs":["https:\/\/www.facebook.com\/entreculturas","https:\/\/x.com\/Entreculturas","https:\/\/www.instagram.com\/entreculturas\/","https:\/\/www.youtube.com\/user\/entreculturasvideo","https:\/\/www.linkedin.com\/company\/fundacion-entreculturas-ngdo\/","https:\/\/www.flickr.com\/photos\/98455522@N04\/albums\/"]}]}},"_links":{"self":[{"href":"https:\/\/www.entreculturas.org\/gl\/wp-json\/wp\/v2\/noticia\/24378","targetHints":{"allow":["GET"]}}],"collection":[{"href":"https:\/\/www.entreculturas.org\/gl\/wp-json\/wp\/v2\/noticia"}],"about":[{"href":"https:\/\/www.entreculturas.org\/gl\/wp-json\/wp\/v2\/types\/noticia"}],"wp:featuredmedia":[{"embeddable":true,"href":"https:\/\/www.entreculturas.org\/gl\/wp-json\/wp\/v2\/media\/24436"}],"wp:attachment":[{"href":"https:\/\/www.entreculturas.org\/gl\/wp-json\/wp\/v2\/media?parent=24378"}],"wp:term":[{"taxonomy":"category","embeddable":true,"href":"https:\/\/www.entreculturas.org\/gl\/wp-json\/wp\/v2\/categories?post=24378"},{"taxonomy":"post_tag","embeddable":true,"href":"https:\/\/www.entreculturas.org\/gl\/wp-json\/wp\/v2\/tags?post=24378"},{"taxonomy":"country","embeddable":true,"href":"https:\/\/www.entreculturas.org\/gl\/wp-json\/wp\/v2\/country?post=24378"},{"taxonomy":"cause","embeddable":true,"href":"https:\/\/www.entreculturas.org\/gl\/wp-json\/wp\/v2\/cause?post=24378"}],"curies":[{"name":"wp","href":"https:\/\/api.w.org\/{rel}","templated":true}]}}