{"id":24372,"date":"2024-05-10T13:39:12","date_gmt":"2024-05-10T11:39:12","guid":{"rendered":"https:\/\/www.entreculturas.org\/?post_type=noticia&#038;p=24372"},"modified":"2024-05-11T09:43:54","modified_gmt":"2024-05-11T07:43:54","slug":"dia-mundial-del-comercio-justo-una-apuesta-sostenible-y-de-justicia","status":"publish","type":"noticia","link":"https:\/\/www.entreculturas.org\/gl\/noticia\/dia-mundial-del-comercio-justo-una-apuesta-sostenible-y-de-justicia\/","title":{"rendered":"D\u00eda Mundial del Comercio Justo: una apuesta sostenible y de justicia"},"content":{"rendered":"\n<p>\u00bfCu\u00e1ntas veces has comprado algo sin saber su ruta de producci\u00f3n? Quiz\u00e1 muy seguido. Pero, \u00bfpor qu\u00e9 es importante conocerla? Hoy, D\u00eda Mundial del Comercio Justo, es una oportunidad para reflexionar y aprender sobre c\u00f3mo realizar un consumo m\u00e1s consciente, justo y sostenible para las personas y para el planeta.&nbsp;<\/p>\n\n\n\n<p><\/p>\n\n\n\n<p>Pensar en este tipo de consumo puede resultar desafiante. Sin embargo, podemos contribuir a su realizaci\u00f3n, a trav\u00e9s del Comercio Justo, un movimiento que lucha por una mayor justicia global en lo econ\u00f3mico, social, humano y medioambiental. Desde Entreculturas creemos que este tipo de estrategias son fundamentales para continuar trabajando en la promoci\u00f3n y protecci\u00f3n de los derechos humanos y del medio ambiente.&nbsp;<\/p>\n\n\n\n<p><\/p>\n\n\n\n<h2 class=\"wp-block-heading\" id=\"h-que-es-el-comercio-justo\"><strong>\u00bfQu\u00e9 es el Comercio Justo?<\/strong><\/h2>\n\n\n\n<p><br>El D\u00eda Mundial de Comercio Justo es una iniciativa de la World Fair Trade Organization (WFTO) que se celebra desde 2001 y busca una mayor equidad en el comercio internacional prestando especial atenci\u00f3n a criterios sociales y medioambientales. Contribuye al desarrollo sostenible ofreciendo mejores condiciones comerciales, asegurando los derechos de productoras y productores, as\u00ed como de trabajadoras y trabajadores desfavorecidos.<\/p>\n\n\n\n<p><\/p>\n\n\n\n<h2 class=\"wp-block-heading\" id=\"h-los-10-principios-del-comercio-justo\"><strong>Los 10 principios del Comercio Justo<\/strong><\/h2>\n\n\n\n<p><\/p>\n\n\n\n<p>A nivel internacional se han establecido 10 principios que deben cumplir todas las organizaciones que hacen parte de este movimiento:<\/p>\n\n\n\n<p><\/p>\n\n\n\n<ol class=\"wp-block-list\">\n<li>Oportunidades para productores y productoras econ\u00f3micamente marginados<\/li>\n\n\n\n<li>Transparencia y responsabilidad<\/li>\n\n\n\n<li>Pr\u00e1cticas comerciales justas<\/li>\n\n\n\n<li>Pago justo<\/li>\n\n\n\n<li>No al Trabajo Infantil, no al Trabajo Forzoso<\/li>\n\n\n\n<li>No a la discriminaci\u00f3n, equidad de g\u00e9nero y libertad de asociaci\u00f3n&nbsp;<\/li>\n\n\n\n<li>Buenas condiciones de trabajo<\/li>\n\n\n\n<li>Desarrollo de capacidades<\/li>\n\n\n\n<li>Promoci\u00f3n del Comercio Justo<\/li>\n\n\n\n<li>Acci\u00f3n clim\u00e1tica y protecci\u00f3n del medio ambiente<\/li>\n<\/ol>\n\n\n\n<p><\/p>\n\n\n\n<h2 class=\"wp-block-heading\" id=\"h-que-hay-detras-del-comercio-justo\"><strong>\u00bfQu\u00e9 hay detr\u00e1s del Comercio Justo?<\/strong><\/h2>\n\n\n\n<p><\/p>\n\n\n\n<p>Uno de los prop\u00f3sitos del Comercio Justo es generar no s\u00f3lo una conciencia y responsabilidad en los consumidores, sino tambi\u00e9n un inter\u00e9s por conocer el origen de cada servicio o producto que adquirimos.&nbsp;<\/p>\n\n\n\n<p><\/p>\n\n\n\n<p>Dentro de la cadena de producci\u00f3n de Comercio Justo, podemos encontrar a los productores y productoras, las organizaciones comercializadoras, las organizaciones importadoras, las Tiendas de Comercio Justo, las Empresas de Gran Distribuci\u00f3n, las Redes y, por \u00faltimo, las Certificadoras.&nbsp;<\/p>\n\n\n\n<p><\/p>\n\n\n\n<h2 class=\"wp-block-heading\" id=\"h-regala-entreculturas-y-contribuye-a-un-comercio-justo-y-sostenible\"><strong>Regala Entreculturas y contribuye a un comercio justo y sostenible<\/strong><\/h2>\n\n\n\n<p><\/p>\n\n\n\n<p>Desde Entreculturas sumamos nuestro granito de arena a una econom\u00eda y un comercio m\u00e1s sostenibles y justos a trav\u00e9s de Regala Entreculturas, una plataforma donde encontrar\u00e1s productos solidarios y de comercio justo, elaborados por personas que participan en nuestros proyectos en distintos pa\u00edses de <strong>\u00c1frica, Am\u00e9rica Latina y Europa<\/strong>.<\/p>\n\n\n\n<p><\/p>\n\n\n\n<p>Entre ellas, est\u00e1n las artesan\u00edas realizadas por \u2018Mikono, the refugee craft shop\u2019, integrada por grupos de artesanos y artesanas refugiadas urbanas y emprendedores sociales locales en las comunidades de acogida del Servicio Jesuita a Refugiados (JRS) en Nairobi, Kenia. Otros de los productos que se ofertan son los\u00a0 jabones artesanales Xapontic elaborados por las mujeres ind\u00edgenas tzeltales de la Cooperativa Yomol A&#8217;tel de Chiapas, M\u00e9xico. <\/p>\n\n\n\n<p><\/p>\n\n\n\n<figure class=\"wp-block-image aligncenter size-large is-resized\"><img decoding=\"async\" width=\"1024\" height=\"683\" src=\"https:\/\/www.entreculturas.org\/wp-content\/uploads\/2024\/05\/IMG_5925-1024x683.jpg\" alt=\"\" class=\"wp-image-24384\" style=\"width:783px;height:auto\" srcset=\"https:\/\/www.entreculturas.org\/wp-content\/uploads\/2024\/05\/IMG_5925-1024x683.jpg 1024w, https:\/\/www.entreculturas.org\/wp-content\/uploads\/2024\/05\/IMG_5925-300x200.jpg 300w, https:\/\/www.entreculturas.org\/wp-content\/uploads\/2024\/05\/IMG_5925-768x512.jpg 768w, https:\/\/www.entreculturas.org\/wp-content\/uploads\/2024\/05\/IMG_5925.jpg 1500w\" sizes=\"(max-width: 1024px) 100vw, 1024px\" \/><figcaption class=\"wp-element-caption\">Mujeres refugiadas que elaboran artesan\u00edas<\/figcaption><\/figure>\n\n\n\n<p><\/p>\n\n\n\n<p>Hoy, d\u00eda mundial del Comercio Justo, \u00bfquieres sumarte a la defensa de la igualdad en derechos y la justicia social? \u00danete a nuestras causas y <a href=\"https:\/\/regala.entreculturas.org\/\">Regala Entreculturas<\/a>.<\/p>\n\n\n\n<p><\/p>\n","protected":false},"excerpt":{"rendered":"<p>\u00bfCu\u00e1ntas veces has comprado algo sin saber su ruta de producci\u00f3n? Quiz\u00e1 muy seguido. Pero, \u00bfpor qu\u00e9 es importante conocerla? Hoy, D\u00eda Mundial del Comercio Justo, es una oportunidad para reflexionar y aprender sobre c\u00f3mo realizar un consumo m\u00e1s consciente, justo y sostenible para las personas y para el planeta.&nbsp; Pensar en este tipo de consumo puede resultar desafiante. Sin embargo, podemos contribuir a su realizaci\u00f3n, a trav\u00e9s del Comercio Justo, un movimiento que lucha por una mayor justicia global en lo econ\u00f3mico, social, humano y medioambiental. Desde Entreculturas creemos que este tipo de estrategias son fundamentales para continuar trabajando en la promoci\u00f3n y protecci\u00f3n de los derechos humanos y del medio ambiente.&nbsp; \u00bfQu\u00e9 es el Comercio Justo? El D\u00eda Mundial de Comercio Justo es una iniciativa de la World Fair Trade Organization (WFTO) que se celebra desde 2001 y busca una mayor equidad en el comercio internacional prestando especial [&hellip;]<\/p>\n","protected":false},"featured_media":24389,"template":"","meta":{"_acf_changed":false},"categories":[7],"tags":[10],"country":[],"cause":[129],"class_list":["post-24372","noticia","type-noticia","status-publish","has-post-thumbnail","hentry","category-noticia","tag-migracion-y-refugio","cause-migracion-y-refugio"],"acf":[],"yoast_head":"<!-- This site is optimized with the Yoast SEO Premium plugin v21.6 (Yoast SEO v27.5) - https:\/\/yoast.com\/product\/yoast-seo-premium-wordpress\/ -->\n<title>D\u00eda Mundial del Comercio Justo: una apuesta sostenible y de justicia - Entreculturas<\/title>\n<meta name=\"description\" content=\"El comercio justo esun movimiento que lucha por una mayor justicia global en lo econ\u00f3mico, social, humano y medioambiental.\" \/>\n<meta name=\"robots\" content=\"index, follow, max-snippet:-1, max-image-preview:large, max-video-preview:-1\" \/>\n<link rel=\"canonical\" href=\"https:\/\/www.entreculturas.org\/gl\/noticia\/dia-mundial-del-comercio-justo-una-apuesta-sostenible-y-de-justicia\/\" \/>\n<meta property=\"og:locale\" content=\"gl_ES\" \/>\n<meta property=\"og:type\" content=\"article\" \/>\n<meta property=\"og:title\" content=\"D\u00eda Mundial del Comercio Justo: una apuesta sostenible y de justicia\" \/>\n<meta property=\"og:description\" content=\"El comercio justo esun movimiento que lucha por una mayor justicia global en lo econ\u00f3mico, social, humano y medioambiental.\" \/>\n<meta property=\"og:url\" content=\"https:\/\/www.entreculturas.org\/gl\/noticia\/dia-mundial-del-comercio-justo-una-apuesta-sostenible-y-de-justicia\/\" \/>\n<meta property=\"og:site_name\" content=\"Entreculturas\" \/>\n<meta property=\"article:publisher\" content=\"https:\/\/www.facebook.com\/entreculturas\" \/>\n<meta property=\"article:modified_time\" content=\"2024-05-11T07:43:54+00:00\" \/>\n<meta property=\"og:image\" content=\"https:\/\/www.entreculturas.org\/wp-content\/uploads\/2024\/05\/IMG_6334-e1715413422962.jpg\" \/>\n\t<meta property=\"og:image:width\" content=\"1500\" \/>\n\t<meta property=\"og:image:height\" content=\"800\" \/>\n\t<meta property=\"og:image:type\" content=\"image\/jpeg\" \/>\n<meta name=\"twitter:card\" content=\"summary_large_image\" \/>\n<meta name=\"twitter:site\" content=\"@Entreculturas\" \/>\n<script type=\"application\/ld+json\" class=\"yoast-schema-graph\">{\"@context\":\"https:\\\/\\\/schema.org\",\"@graph\":[{\"@type\":\"WebPage\",\"@id\":\"https:\\\/\\\/www.entreculturas.org\\\/gl\\\/noticia\\\/dia-mundial-del-comercio-justo-una-apuesta-sostenible-y-de-justicia\\\/\",\"url\":\"https:\\\/\\\/www.entreculturas.org\\\/gl\\\/noticia\\\/dia-mundial-del-comercio-justo-una-apuesta-sostenible-y-de-justicia\\\/\",\"name\":\"D\u00eda Mundial del Comercio Justo: una apuesta sostenible y de justicia - Entreculturas\",\"isPartOf\":{\"@id\":\"https:\\\/\\\/www.entreculturas.org\\\/gl\\\/#website\"},\"primaryImageOfPage\":{\"@id\":\"https:\\\/\\\/www.entreculturas.org\\\/gl\\\/noticia\\\/dia-mundial-del-comercio-justo-una-apuesta-sostenible-y-de-justicia\\\/#primaryimage\"},\"image\":{\"@id\":\"https:\\\/\\\/www.entreculturas.org\\\/gl\\\/noticia\\\/dia-mundial-del-comercio-justo-una-apuesta-sostenible-y-de-justicia\\\/#primaryimage\"},\"thumbnailUrl\":\"https:\\\/\\\/www.entreculturas.org\\\/wp-content\\\/uploads\\\/2024\\\/05\\\/IMG_6334-e1715413422962.jpg\",\"datePublished\":\"2024-05-10T11:39:12+00:00\",\"dateModified\":\"2024-05-11T07:43:54+00:00\",\"description\":\"El comercio justo esun movimiento que lucha por una mayor justicia global en lo econ\u00f3mico, social, humano y medioambiental.\",\"breadcrumb\":{\"@id\":\"https:\\\/\\\/www.entreculturas.org\\\/gl\\\/noticia\\\/dia-mundial-del-comercio-justo-una-apuesta-sostenible-y-de-justicia\\\/#breadcrumb\"},\"inLanguage\":\"gl-ES\",\"potentialAction\":[{\"@type\":\"ReadAction\",\"target\":[\"https:\\\/\\\/www.entreculturas.org\\\/gl\\\/noticia\\\/dia-mundial-del-comercio-justo-una-apuesta-sostenible-y-de-justicia\\\/\"]}]},{\"@type\":\"ImageObject\",\"inLanguage\":\"gl-ES\",\"@id\":\"https:\\\/\\\/www.entreculturas.org\\\/gl\\\/noticia\\\/dia-mundial-del-comercio-justo-una-apuesta-sostenible-y-de-justicia\\\/#primaryimage\",\"url\":\"https:\\\/\\\/www.entreculturas.org\\\/wp-content\\\/uploads\\\/2024\\\/05\\\/IMG_6334-e1715413422962.jpg\",\"contentUrl\":\"https:\\\/\\\/www.entreculturas.org\\\/wp-content\\\/uploads\\\/2024\\\/05\\\/IMG_6334-e1715413422962.jpg\",\"width\":1500,\"height\":800},{\"@type\":\"BreadcrumbList\",\"@id\":\"https:\\\/\\\/www.entreculturas.org\\\/gl\\\/noticia\\\/dia-mundial-del-comercio-justo-una-apuesta-sostenible-y-de-justicia\\\/#breadcrumb\",\"itemListElement\":[{\"@type\":\"ListItem\",\"position\":1,\"name\":\"Home\",\"item\":\"https:\\\/\\\/www.entreculturas.org\\\/gl\\\/\"},{\"@type\":\"ListItem\",\"position\":2,\"name\":\"Noticias\",\"item\":\"https:\\\/\\\/www.entreculturas.org\\\/gl\\\/noticias\\\/\"},{\"@type\":\"ListItem\",\"position\":3,\"name\":\"D\u00eda Mundial del Comercio Justo: una apuesta sostenible y de justicia\"}]},{\"@type\":\"WebSite\",\"@id\":\"https:\\\/\\\/www.entreculturas.org\\\/gl\\\/#website\",\"url\":\"https:\\\/\\\/www.entreculturas.org\\\/gl\\\/\",\"name\":\"Entreculturas\",\"description\":\"\",\"publisher\":{\"@id\":\"https:\\\/\\\/www.entreculturas.org\\\/gl\\\/#organization\"},\"alternateName\":\"Entreculturas\",\"potentialAction\":[{\"@type\":\"SearchAction\",\"target\":{\"@type\":\"EntryPoint\",\"urlTemplate\":\"https:\\\/\\\/www.entreculturas.org\\\/gl\\\/?s={search_term_string}\"},\"query-input\":{\"@type\":\"PropertyValueSpecification\",\"valueRequired\":true,\"valueName\":\"search_term_string\"}}],\"inLanguage\":\"gl-ES\"},{\"@type\":\"Organization\",\"@id\":\"https:\\\/\\\/www.entreculturas.org\\\/gl\\\/#organization\",\"name\":\"Entreculturas\",\"url\":\"https:\\\/\\\/www.entreculturas.org\\\/gl\\\/\",\"logo\":{\"@type\":\"ImageObject\",\"inLanguage\":\"gl-ES\",\"@id\":\"https:\\\/\\\/www.entreculturas.org\\\/gl\\\/#\\\/schema\\\/logo\\\/image\\\/\",\"url\":\"https:\\\/\\\/www.entreculturas.org\\\/wp-content\\\/uploads\\\/2025\\\/10\\\/ESP.svg\",\"contentUrl\":\"https:\\\/\\\/www.entreculturas.org\\\/wp-content\\\/uploads\\\/2025\\\/10\\\/ESP.svg\",\"caption\":\"Entreculturas\"},\"image\":{\"@id\":\"https:\\\/\\\/www.entreculturas.org\\\/gl\\\/#\\\/schema\\\/logo\\\/image\\\/\"},\"sameAs\":[\"https:\\\/\\\/www.facebook.com\\\/entreculturas\",\"https:\\\/\\\/x.com\\\/Entreculturas\",\"https:\\\/\\\/www.instagram.com\\\/entreculturas\\\/\",\"https:\\\/\\\/www.youtube.com\\\/user\\\/entreculturasvideo\",\"https:\\\/\\\/www.linkedin.com\\\/company\\\/fundacion-entreculturas-ngdo\\\/\",\"https:\\\/\\\/www.flickr.com\\\/photos\\\/98455522@N04\\\/albums\\\/\"]}]}<\/script>\n<!-- \/ Yoast SEO Premium plugin. -->","yoast_head_json":{"title":"D\u00eda Mundial del Comercio Justo: una apuesta sostenible y de justicia - Entreculturas","description":"El comercio justo esun movimiento que lucha por una mayor justicia global en lo econ\u00f3mico, social, humano y medioambiental.","robots":{"index":"index","follow":"follow","max-snippet":"max-snippet:-1","max-image-preview":"max-image-preview:large","max-video-preview":"max-video-preview:-1"},"canonical":"https:\/\/www.entreculturas.org\/gl\/noticia\/dia-mundial-del-comercio-justo-una-apuesta-sostenible-y-de-justicia\/","og_locale":"gl_ES","og_type":"article","og_title":"D\u00eda Mundial del Comercio Justo: una apuesta sostenible y de justicia","og_description":"El comercio justo esun movimiento que lucha por una mayor justicia global en lo econ\u00f3mico, social, humano y medioambiental.","og_url":"https:\/\/www.entreculturas.org\/gl\/noticia\/dia-mundial-del-comercio-justo-una-apuesta-sostenible-y-de-justicia\/","og_site_name":"Entreculturas","article_publisher":"https:\/\/www.facebook.com\/entreculturas","article_modified_time":"2024-05-11T07:43:54+00:00","og_image":[{"width":1500,"height":800,"url":"https:\/\/www.entreculturas.org\/wp-content\/uploads\/2024\/05\/IMG_6334-e1715413422962.jpg","type":"image\/jpeg"}],"twitter_card":"summary_large_image","twitter_site":"@Entreculturas","schema":{"@context":"https:\/\/schema.org","@graph":[{"@type":"WebPage","@id":"https:\/\/www.entreculturas.org\/gl\/noticia\/dia-mundial-del-comercio-justo-una-apuesta-sostenible-y-de-justicia\/","url":"https:\/\/www.entreculturas.org\/gl\/noticia\/dia-mundial-del-comercio-justo-una-apuesta-sostenible-y-de-justicia\/","name":"D\u00eda Mundial del Comercio Justo: una apuesta sostenible y de justicia - Entreculturas","isPartOf":{"@id":"https:\/\/www.entreculturas.org\/gl\/#website"},"primaryImageOfPage":{"@id":"https:\/\/www.entreculturas.org\/gl\/noticia\/dia-mundial-del-comercio-justo-una-apuesta-sostenible-y-de-justicia\/#primaryimage"},"image":{"@id":"https:\/\/www.entreculturas.org\/gl\/noticia\/dia-mundial-del-comercio-justo-una-apuesta-sostenible-y-de-justicia\/#primaryimage"},"thumbnailUrl":"https:\/\/www.entreculturas.org\/wp-content\/uploads\/2024\/05\/IMG_6334-e1715413422962.jpg","datePublished":"2024-05-10T11:39:12+00:00","dateModified":"2024-05-11T07:43:54+00:00","description":"El comercio justo esun movimiento que lucha por una mayor justicia global en lo econ\u00f3mico, social, humano y medioambiental.","breadcrumb":{"@id":"https:\/\/www.entreculturas.org\/gl\/noticia\/dia-mundial-del-comercio-justo-una-apuesta-sostenible-y-de-justicia\/#breadcrumb"},"inLanguage":"gl-ES","potentialAction":[{"@type":"ReadAction","target":["https:\/\/www.entreculturas.org\/gl\/noticia\/dia-mundial-del-comercio-justo-una-apuesta-sostenible-y-de-justicia\/"]}]},{"@type":"ImageObject","inLanguage":"gl-ES","@id":"https:\/\/www.entreculturas.org\/gl\/noticia\/dia-mundial-del-comercio-justo-una-apuesta-sostenible-y-de-justicia\/#primaryimage","url":"https:\/\/www.entreculturas.org\/wp-content\/uploads\/2024\/05\/IMG_6334-e1715413422962.jpg","contentUrl":"https:\/\/www.entreculturas.org\/wp-content\/uploads\/2024\/05\/IMG_6334-e1715413422962.jpg","width":1500,"height":800},{"@type":"BreadcrumbList","@id":"https:\/\/www.entreculturas.org\/gl\/noticia\/dia-mundial-del-comercio-justo-una-apuesta-sostenible-y-de-justicia\/#breadcrumb","itemListElement":[{"@type":"ListItem","position":1,"name":"Home","item":"https:\/\/www.entreculturas.org\/gl\/"},{"@type":"ListItem","position":2,"name":"Noticias","item":"https:\/\/www.entreculturas.org\/gl\/noticias\/"},{"@type":"ListItem","position":3,"name":"D\u00eda Mundial del Comercio Justo: una apuesta sostenible y de justicia"}]},{"@type":"WebSite","@id":"https:\/\/www.entreculturas.org\/gl\/#website","url":"https:\/\/www.entreculturas.org\/gl\/","name":"Entreculturas","description":"","publisher":{"@id":"https:\/\/www.entreculturas.org\/gl\/#organization"},"alternateName":"Entreculturas","potentialAction":[{"@type":"SearchAction","target":{"@type":"EntryPoint","urlTemplate":"https:\/\/www.entreculturas.org\/gl\/?s={search_term_string}"},"query-input":{"@type":"PropertyValueSpecification","valueRequired":true,"valueName":"search_term_string"}}],"inLanguage":"gl-ES"},{"@type":"Organization","@id":"https:\/\/www.entreculturas.org\/gl\/#organization","name":"Entreculturas","url":"https:\/\/www.entreculturas.org\/gl\/","logo":{"@type":"ImageObject","inLanguage":"gl-ES","@id":"https:\/\/www.entreculturas.org\/gl\/#\/schema\/logo\/image\/","url":"https:\/\/www.entreculturas.org\/wp-content\/uploads\/2025\/10\/ESP.svg","contentUrl":"https:\/\/www.entreculturas.org\/wp-content\/uploads\/2025\/10\/ESP.svg","caption":"Entreculturas"},"image":{"@id":"https:\/\/www.entreculturas.org\/gl\/#\/schema\/logo\/image\/"},"sameAs":["https:\/\/www.facebook.com\/entreculturas","https:\/\/x.com\/Entreculturas","https:\/\/www.instagram.com\/entreculturas\/","https:\/\/www.youtube.com\/user\/entreculturasvideo","https:\/\/www.linkedin.com\/company\/fundacion-entreculturas-ngdo\/","https:\/\/www.flickr.com\/photos\/98455522@N04\/albums\/"]}]}},"_links":{"self":[{"href":"https:\/\/www.entreculturas.org\/gl\/wp-json\/wp\/v2\/noticia\/24372","targetHints":{"allow":["GET"]}}],"collection":[{"href":"https:\/\/www.entreculturas.org\/gl\/wp-json\/wp\/v2\/noticia"}],"about":[{"href":"https:\/\/www.entreculturas.org\/gl\/wp-json\/wp\/v2\/types\/noticia"}],"wp:featuredmedia":[{"embeddable":true,"href":"https:\/\/www.entreculturas.org\/gl\/wp-json\/wp\/v2\/media\/24389"}],"wp:attachment":[{"href":"https:\/\/www.entreculturas.org\/gl\/wp-json\/wp\/v2\/media?parent=24372"}],"wp:term":[{"taxonomy":"category","embeddable":true,"href":"https:\/\/www.entreculturas.org\/gl\/wp-json\/wp\/v2\/categories?post=24372"},{"taxonomy":"post_tag","embeddable":true,"href":"https:\/\/www.entreculturas.org\/gl\/wp-json\/wp\/v2\/tags?post=24372"},{"taxonomy":"country","embeddable":true,"href":"https:\/\/www.entreculturas.org\/gl\/wp-json\/wp\/v2\/country?post=24372"},{"taxonomy":"cause","embeddable":true,"href":"https:\/\/www.entreculturas.org\/gl\/wp-json\/wp\/v2\/cause?post=24372"}],"curies":[{"name":"wp","href":"https:\/\/api.w.org\/{rel}","templated":true}]}}