{"id":24100,"date":"2024-04-25T12:09:11","date_gmt":"2024-04-25T10:09:11","guid":{"rendered":"https:\/\/www.entreculturas.org\/?post_type=noticia&#038;p=24100"},"modified":"2024-04-25T12:14:15","modified_gmt":"2024-04-25T10:14:15","slug":"la-fundacion-altamira-lar-colabora-con-entreculturas-un-ano-mas","status":"publish","type":"noticia","link":"https:\/\/www.entreculturas.org\/gl\/noticia\/la-fundacion-altamira-lar-colabora-con-entreculturas-un-ano-mas\/","title":{"rendered":"La Fundaci\u00f3n Altamira Lar colabora con Entreculturas un a\u00f1o m\u00e1s"},"content":{"rendered":"\n<ul class=\"wp-block-list\">\n<li>El Patronato de la Fundaci\u00f3n Altamira Lar decide apoyar al Proyecto <strong>\u201cMejora de las condiciones en la residencia estudiantil del centro educativo El Milagro\u201d en Per\u00fa<\/strong>.\u00a0<br><\/li>\n\n\n\n<li>Hace m\u00e1s de 20 a\u00f1os, Grupo Lar cre\u00f3 su <strong>Fundaci\u00f3n Altamira Lar<\/strong> con el fin de impulsar la acci\u00f3n social dentro de la compa\u00f1\u00eda, demostrando as\u00ed que las empresas juegan un papel fundamental en el \u00e1mbito del desarrollo.\u00a0<\/li>\n<\/ul>\n\n\n\n<p><\/p>\n\n\n\n<p>Este mes<strong> la Fundaci\u00f3n Altamira Lar ha decidido apoyarnos otro a\u00f1o m\u00e1s<\/strong>, escogiendo un proyecto de Entreculturas como ganador de su convocatoria de ayudas sociales. El proyecto galardonado consiste <strong>en mejorar las condiciones de habitabilidad de la residencia estudiantil <\/strong>del Instituto de Educaci\u00f3n Superior de El Milagro, situado en la provincia peruana de Maynas.&nbsp;<\/p>\n\n\n\n<p><\/p>\n\n\n\n<p>La localizaci\u00f3n del instituto, que est\u00e1 a las afueras de la <strong>ciudad de Iquitos<\/strong> (capital de la regi\u00f3n), hace que el traslado diario no sea una opci\u00f3n elegible en la econom\u00eda individual de los estudiantes, adem\u00e1s de que el costo de vida en la regi\u00f3n Loreto es alto debido al acceso principalmente por v\u00eda a\u00e9rea para la comunicaci\u00f3n con otras regiones del Per\u00fa, por lo que la mayor\u00eda de los estudiantes optan por quedarse en la residencia estudiantil durante el periodo acad\u00e9mico.<\/p>\n\n\n\n<p><\/p>\n\n\n\n<p><strong>Con el apoyo de la Fundaci\u00f3n Altamira Lar, se ver\u00e1n beneficiados de manera directa 321 estudiantes<\/strong> de la carrera de Industrias Alimentarias. La Fundaci\u00f3n Altamira Lar se ha comprometido a financiar el proyecto presentado por Entreculturas, que ha sido seleccionado por su propuesta innovadora y su potencial para generar un impacto significativo en la calidad de vida de los estudiantes. El proyecto propiciar\u00e1 un ambiente m\u00e1s seguro y c\u00f3modo para el estudio y para el desarrollo personal de los j\u00f3venes.<\/p>\n\n\n\n<p><\/p>\n\n\n\n<p><strong>Fe y Alegr\u00eda Per\u00fa<\/strong>, <strong>nuestro socio local<\/strong>, es el encargado de dirigir la renovaci\u00f3n y la adecuaci\u00f3n de las instalaciones de esta residencia estudiantil, incluyendo las mejoras en las \u00e1reas comunes, dormitorios, ba\u00f1os y espacios recreativos. Adem\u00e1s, se implementar\u00e1n medidas de seguridad y accesibilidad con el prop\u00f3sito de garantizar un ambiente seguro y accesible para todos los estudiantes.<\/p>\n\n\n\n<p><\/p>\n\n\n\n<p>Entre las actividades que se van a desarrollar cabe destacar <strong>la definici\u00f3n y adquisici\u00f3n de equipos y mobiliario adecuado para la residencia estudiantil, <\/strong>decisi\u00f3n que se tomar\u00e1 en colaboraci\u00f3n con el acompa\u00f1ante t\u00e9cnico de Fe y Alegr\u00eda Per\u00fa y con el equipo directivo del instituto. Asimismo, especialistas en acondicionamiento de infraestructuras ayudar\u00e1n en la evaluaci\u00f3n de las opciones de equipamiento acorde al contexto geogr\u00e1fico y se gestionar\u00e1 la log\u00edstica de compra y traslado de los equipos y mobiliario hasta la residencia.<\/p>\n\n\n\n<p><\/p>\n\n\n\n<p>En cuanto al equipamiento y mobiliario, <strong>se renovar\u00e1n y ampliar\u00e1n las camas, colchones y cubrecamas en las habitaciones<\/strong> seg\u00fan el espacio disponible y se proporcionar\u00e1n lockers para almacenar pertenencias personales de los estudiantes. En la zona de cocina-comedor, se actualizar\u00e1n la cocina y el menaje, y se renovar\u00e1n y ampliar\u00e1n las sillas y mesas del comedor.<\/p>\n\n\n\n<p><\/p>\n\n\n\n<p>Con esta colaboraci\u00f3n, <strong>la Fundaci\u00f3n Altamira Lar y Entreculturas reafirman su compromiso con la educaci\u00f3n y el bienestar de los j\u00f3venes,<\/strong> trabajando juntos para crear oportunidades y mejorar la calidad de vida de los estudiantes en la provincia peruana de Maynas.<\/p>\n","protected":false},"excerpt":{"rendered":"<p>Este mes la Fundaci\u00f3n Altamira Lar ha decidido apoyarnos otro a\u00f1o m\u00e1s, escogiendo un proyecto de Entreculturas como ganador de su convocatoria de ayudas sociales. El proyecto galardonado consiste en mejorar las condiciones de habitabilidad de la residencia estudiantil del Instituto de Educaci\u00f3n Superior de El Milagro, situado en la provincia peruana de Maynas.&nbsp; La localizaci\u00f3n del instituto, que est\u00e1 a las afueras de la ciudad de Iquitos (capital de la regi\u00f3n), hace que el traslado diario no sea una opci\u00f3n elegible en la econom\u00eda individual de los estudiantes, adem\u00e1s de que el costo de vida en la regi\u00f3n Loreto es alto debido al acceso principalmente por v\u00eda a\u00e9rea para la comunicaci\u00f3n con otras regiones del Per\u00fa, por lo que la mayor\u00eda de los estudiantes optan por quedarse en la residencia estudiantil durante el periodo acad\u00e9mico. Con el apoyo de la Fundaci\u00f3n Altamira Lar, se ver\u00e1n beneficiados de manera directa [&hellip;]<\/p>\n","protected":false},"featured_media":24106,"template":"","meta":{"_acf_changed":false},"categories":[7],"tags":[196],"country":[123],"cause":[128],"class_list":["post-24100","noticia","type-noticia","status-publish","has-post-thumbnail","hentry","category-noticia","tag-rsc","country-peru","cause-educacion"],"acf":[],"yoast_head":"<!-- This site is optimized with the Yoast SEO Premium plugin v21.6 (Yoast SEO v27.5) - https:\/\/yoast.com\/product\/yoast-seo-premium-wordpress\/ -->\n<title>La Fundaci\u00f3n Altamira Lar colabora con Entreculturas un a\u00f1o m\u00e1s - Entreculturas<\/title>\n<meta name=\"description\" content=\"La Fundaci\u00f3n Altamira Lar apoya el Proyecto \u201cMejora de las condiciones en la residencia estudiantil del centro educativo El Milagro\u201d en Per\u00fa\" \/>\n<meta name=\"robots\" content=\"index, follow, max-snippet:-1, max-image-preview:large, max-video-preview:-1\" \/>\n<link rel=\"canonical\" href=\"https:\/\/www.entreculturas.org\/gl\/noticia\/la-fundacion-altamira-lar-colabora-con-entreculturas-un-ano-mas\/\" \/>\n<meta property=\"og:locale\" content=\"gl_ES\" \/>\n<meta property=\"og:type\" content=\"article\" \/>\n<meta property=\"og:title\" content=\"La Fundaci\u00f3n Altamira Lar colabora con Entreculturas un a\u00f1o m\u00e1s\" \/>\n<meta property=\"og:description\" content=\"La Fundaci\u00f3n Altamira Lar apoya el Proyecto \u201cMejora de las condiciones en la residencia estudiantil del centro educativo El Milagro\u201d en Per\u00fa\" \/>\n<meta property=\"og:url\" content=\"https:\/\/www.entreculturas.org\/gl\/noticia\/la-fundacion-altamira-lar-colabora-con-entreculturas-un-ano-mas\/\" \/>\n<meta property=\"og:site_name\" content=\"Entreculturas\" \/>\n<meta property=\"article:publisher\" content=\"https:\/\/www.facebook.com\/entreculturas\" \/>\n<meta property=\"article:modified_time\" content=\"2024-04-25T10:14:15+00:00\" \/>\n<meta property=\"og:image\" content=\"https:\/\/www.entreculturas.org\/wp-content\/uploads\/2024\/04\/pixelcut-export-1.png\" \/>\n\t<meta property=\"og:image:width\" content=\"567\" \/>\n\t<meta property=\"og:image:height\" content=\"317\" \/>\n\t<meta property=\"og:image:type\" content=\"image\/png\" \/>\n<meta name=\"twitter:card\" content=\"summary_large_image\" \/>\n<meta name=\"twitter:site\" content=\"@Entreculturas\" \/>\n<script type=\"application\/ld+json\" class=\"yoast-schema-graph\">{\"@context\":\"https:\\\/\\\/schema.org\",\"@graph\":[{\"@type\":\"WebPage\",\"@id\":\"https:\\\/\\\/www.entreculturas.org\\\/gl\\\/noticia\\\/la-fundacion-altamira-lar-colabora-con-entreculturas-un-ano-mas\\\/\",\"url\":\"https:\\\/\\\/www.entreculturas.org\\\/gl\\\/noticia\\\/la-fundacion-altamira-lar-colabora-con-entreculturas-un-ano-mas\\\/\",\"name\":\"La Fundaci\u00f3n Altamira Lar colabora con Entreculturas un a\u00f1o m\u00e1s - Entreculturas\",\"isPartOf\":{\"@id\":\"https:\\\/\\\/www.entreculturas.org\\\/gl\\\/#website\"},\"primaryImageOfPage\":{\"@id\":\"https:\\\/\\\/www.entreculturas.org\\\/gl\\\/noticia\\\/la-fundacion-altamira-lar-colabora-con-entreculturas-un-ano-mas\\\/#primaryimage\"},\"image\":{\"@id\":\"https:\\\/\\\/www.entreculturas.org\\\/gl\\\/noticia\\\/la-fundacion-altamira-lar-colabora-con-entreculturas-un-ano-mas\\\/#primaryimage\"},\"thumbnailUrl\":\"https:\\\/\\\/www.entreculturas.org\\\/wp-content\\\/uploads\\\/2024\\\/04\\\/pixelcut-export-1.png\",\"datePublished\":\"2024-04-25T10:09:11+00:00\",\"dateModified\":\"2024-04-25T10:14:15+00:00\",\"description\":\"La Fundaci\u00f3n Altamira Lar apoya el Proyecto \u201cMejora de las condiciones en la residencia estudiantil del centro educativo El Milagro\u201d en Per\u00fa\",\"breadcrumb\":{\"@id\":\"https:\\\/\\\/www.entreculturas.org\\\/gl\\\/noticia\\\/la-fundacion-altamira-lar-colabora-con-entreculturas-un-ano-mas\\\/#breadcrumb\"},\"inLanguage\":\"gl-ES\",\"potentialAction\":[{\"@type\":\"ReadAction\",\"target\":[\"https:\\\/\\\/www.entreculturas.org\\\/gl\\\/noticia\\\/la-fundacion-altamira-lar-colabora-con-entreculturas-un-ano-mas\\\/\"]}]},{\"@type\":\"ImageObject\",\"inLanguage\":\"gl-ES\",\"@id\":\"https:\\\/\\\/www.entreculturas.org\\\/gl\\\/noticia\\\/la-fundacion-altamira-lar-colabora-con-entreculturas-un-ano-mas\\\/#primaryimage\",\"url\":\"https:\\\/\\\/www.entreculturas.org\\\/wp-content\\\/uploads\\\/2024\\\/04\\\/pixelcut-export-1.png\",\"contentUrl\":\"https:\\\/\\\/www.entreculturas.org\\\/wp-content\\\/uploads\\\/2024\\\/04\\\/pixelcut-export-1.png\",\"width\":567,\"height\":317,\"caption\":\"Fundaci\u00f3n Altamira Lar\"},{\"@type\":\"BreadcrumbList\",\"@id\":\"https:\\\/\\\/www.entreculturas.org\\\/gl\\\/noticia\\\/la-fundacion-altamira-lar-colabora-con-entreculturas-un-ano-mas\\\/#breadcrumb\",\"itemListElement\":[{\"@type\":\"ListItem\",\"position\":1,\"name\":\"Home\",\"item\":\"https:\\\/\\\/www.entreculturas.org\\\/gl\\\/\"},{\"@type\":\"ListItem\",\"position\":2,\"name\":\"Noticias\",\"item\":\"https:\\\/\\\/www.entreculturas.org\\\/gl\\\/noticias\\\/\"},{\"@type\":\"ListItem\",\"position\":3,\"name\":\"La Fundaci\u00f3n Altamira Lar colabora con Entreculturas un a\u00f1o m\u00e1s\"}]},{\"@type\":\"WebSite\",\"@id\":\"https:\\\/\\\/www.entreculturas.org\\\/gl\\\/#website\",\"url\":\"https:\\\/\\\/www.entreculturas.org\\\/gl\\\/\",\"name\":\"Entreculturas\",\"description\":\"\",\"publisher\":{\"@id\":\"https:\\\/\\\/www.entreculturas.org\\\/gl\\\/#organization\"},\"alternateName\":\"Entreculturas\",\"potentialAction\":[{\"@type\":\"SearchAction\",\"target\":{\"@type\":\"EntryPoint\",\"urlTemplate\":\"https:\\\/\\\/www.entreculturas.org\\\/gl\\\/?s={search_term_string}\"},\"query-input\":{\"@type\":\"PropertyValueSpecification\",\"valueRequired\":true,\"valueName\":\"search_term_string\"}}],\"inLanguage\":\"gl-ES\"},{\"@type\":\"Organization\",\"@id\":\"https:\\\/\\\/www.entreculturas.org\\\/gl\\\/#organization\",\"name\":\"Entreculturas\",\"url\":\"https:\\\/\\\/www.entreculturas.org\\\/gl\\\/\",\"logo\":{\"@type\":\"ImageObject\",\"inLanguage\":\"gl-ES\",\"@id\":\"https:\\\/\\\/www.entreculturas.org\\\/gl\\\/#\\\/schema\\\/logo\\\/image\\\/\",\"url\":\"https:\\\/\\\/www.entreculturas.org\\\/wp-content\\\/uploads\\\/2025\\\/10\\\/ESP.svg\",\"contentUrl\":\"https:\\\/\\\/www.entreculturas.org\\\/wp-content\\\/uploads\\\/2025\\\/10\\\/ESP.svg\",\"caption\":\"Entreculturas\"},\"image\":{\"@id\":\"https:\\\/\\\/www.entreculturas.org\\\/gl\\\/#\\\/schema\\\/logo\\\/image\\\/\"},\"sameAs\":[\"https:\\\/\\\/www.facebook.com\\\/entreculturas\",\"https:\\\/\\\/x.com\\\/Entreculturas\",\"https:\\\/\\\/www.instagram.com\\\/entreculturas\\\/\",\"https:\\\/\\\/www.youtube.com\\\/user\\\/entreculturasvideo\",\"https:\\\/\\\/www.linkedin.com\\\/company\\\/fundacion-entreculturas-ngdo\\\/\",\"https:\\\/\\\/www.flickr.com\\\/photos\\\/98455522@N04\\\/albums\\\/\"]}]}<\/script>\n<!-- \/ Yoast SEO Premium plugin. -->","yoast_head_json":{"title":"La Fundaci\u00f3n Altamira Lar colabora con Entreculturas un a\u00f1o m\u00e1s - Entreculturas","description":"La Fundaci\u00f3n Altamira Lar apoya el Proyecto \u201cMejora de las condiciones en la residencia estudiantil del centro educativo El Milagro\u201d en Per\u00fa","robots":{"index":"index","follow":"follow","max-snippet":"max-snippet:-1","max-image-preview":"max-image-preview:large","max-video-preview":"max-video-preview:-1"},"canonical":"https:\/\/www.entreculturas.org\/gl\/noticia\/la-fundacion-altamira-lar-colabora-con-entreculturas-un-ano-mas\/","og_locale":"gl_ES","og_type":"article","og_title":"La Fundaci\u00f3n Altamira Lar colabora con Entreculturas un a\u00f1o m\u00e1s","og_description":"La Fundaci\u00f3n Altamira Lar apoya el Proyecto \u201cMejora de las condiciones en la residencia estudiantil del centro educativo El Milagro\u201d en Per\u00fa","og_url":"https:\/\/www.entreculturas.org\/gl\/noticia\/la-fundacion-altamira-lar-colabora-con-entreculturas-un-ano-mas\/","og_site_name":"Entreculturas","article_publisher":"https:\/\/www.facebook.com\/entreculturas","article_modified_time":"2024-04-25T10:14:15+00:00","og_image":[{"width":567,"height":317,"url":"https:\/\/www.entreculturas.org\/wp-content\/uploads\/2024\/04\/pixelcut-export-1.png","type":"image\/png"}],"twitter_card":"summary_large_image","twitter_site":"@Entreculturas","schema":{"@context":"https:\/\/schema.org","@graph":[{"@type":"WebPage","@id":"https:\/\/www.entreculturas.org\/gl\/noticia\/la-fundacion-altamira-lar-colabora-con-entreculturas-un-ano-mas\/","url":"https:\/\/www.entreculturas.org\/gl\/noticia\/la-fundacion-altamira-lar-colabora-con-entreculturas-un-ano-mas\/","name":"La Fundaci\u00f3n Altamira Lar colabora con Entreculturas un a\u00f1o m\u00e1s - Entreculturas","isPartOf":{"@id":"https:\/\/www.entreculturas.org\/gl\/#website"},"primaryImageOfPage":{"@id":"https:\/\/www.entreculturas.org\/gl\/noticia\/la-fundacion-altamira-lar-colabora-con-entreculturas-un-ano-mas\/#primaryimage"},"image":{"@id":"https:\/\/www.entreculturas.org\/gl\/noticia\/la-fundacion-altamira-lar-colabora-con-entreculturas-un-ano-mas\/#primaryimage"},"thumbnailUrl":"https:\/\/www.entreculturas.org\/wp-content\/uploads\/2024\/04\/pixelcut-export-1.png","datePublished":"2024-04-25T10:09:11+00:00","dateModified":"2024-04-25T10:14:15+00:00","description":"La Fundaci\u00f3n Altamira Lar apoya el Proyecto \u201cMejora de las condiciones en la residencia estudiantil del centro educativo El Milagro\u201d en Per\u00fa","breadcrumb":{"@id":"https:\/\/www.entreculturas.org\/gl\/noticia\/la-fundacion-altamira-lar-colabora-con-entreculturas-un-ano-mas\/#breadcrumb"},"inLanguage":"gl-ES","potentialAction":[{"@type":"ReadAction","target":["https:\/\/www.entreculturas.org\/gl\/noticia\/la-fundacion-altamira-lar-colabora-con-entreculturas-un-ano-mas\/"]}]},{"@type":"ImageObject","inLanguage":"gl-ES","@id":"https:\/\/www.entreculturas.org\/gl\/noticia\/la-fundacion-altamira-lar-colabora-con-entreculturas-un-ano-mas\/#primaryimage","url":"https:\/\/www.entreculturas.org\/wp-content\/uploads\/2024\/04\/pixelcut-export-1.png","contentUrl":"https:\/\/www.entreculturas.org\/wp-content\/uploads\/2024\/04\/pixelcut-export-1.png","width":567,"height":317,"caption":"Fundaci\u00f3n Altamira Lar"},{"@type":"BreadcrumbList","@id":"https:\/\/www.entreculturas.org\/gl\/noticia\/la-fundacion-altamira-lar-colabora-con-entreculturas-un-ano-mas\/#breadcrumb","itemListElement":[{"@type":"ListItem","position":1,"name":"Home","item":"https:\/\/www.entreculturas.org\/gl\/"},{"@type":"ListItem","position":2,"name":"Noticias","item":"https:\/\/www.entreculturas.org\/gl\/noticias\/"},{"@type":"ListItem","position":3,"name":"La Fundaci\u00f3n Altamira Lar colabora con Entreculturas un a\u00f1o m\u00e1s"}]},{"@type":"WebSite","@id":"https:\/\/www.entreculturas.org\/gl\/#website","url":"https:\/\/www.entreculturas.org\/gl\/","name":"Entreculturas","description":"","publisher":{"@id":"https:\/\/www.entreculturas.org\/gl\/#organization"},"alternateName":"Entreculturas","potentialAction":[{"@type":"SearchAction","target":{"@type":"EntryPoint","urlTemplate":"https:\/\/www.entreculturas.org\/gl\/?s={search_term_string}"},"query-input":{"@type":"PropertyValueSpecification","valueRequired":true,"valueName":"search_term_string"}}],"inLanguage":"gl-ES"},{"@type":"Organization","@id":"https:\/\/www.entreculturas.org\/gl\/#organization","name":"Entreculturas","url":"https:\/\/www.entreculturas.org\/gl\/","logo":{"@type":"ImageObject","inLanguage":"gl-ES","@id":"https:\/\/www.entreculturas.org\/gl\/#\/schema\/logo\/image\/","url":"https:\/\/www.entreculturas.org\/wp-content\/uploads\/2025\/10\/ESP.svg","contentUrl":"https:\/\/www.entreculturas.org\/wp-content\/uploads\/2025\/10\/ESP.svg","caption":"Entreculturas"},"image":{"@id":"https:\/\/www.entreculturas.org\/gl\/#\/schema\/logo\/image\/"},"sameAs":["https:\/\/www.facebook.com\/entreculturas","https:\/\/x.com\/Entreculturas","https:\/\/www.instagram.com\/entreculturas\/","https:\/\/www.youtube.com\/user\/entreculturasvideo","https:\/\/www.linkedin.com\/company\/fundacion-entreculturas-ngdo\/","https:\/\/www.flickr.com\/photos\/98455522@N04\/albums\/"]}]}},"_links":{"self":[{"href":"https:\/\/www.entreculturas.org\/gl\/wp-json\/wp\/v2\/noticia\/24100","targetHints":{"allow":["GET"]}}],"collection":[{"href":"https:\/\/www.entreculturas.org\/gl\/wp-json\/wp\/v2\/noticia"}],"about":[{"href":"https:\/\/www.entreculturas.org\/gl\/wp-json\/wp\/v2\/types\/noticia"}],"wp:featuredmedia":[{"embeddable":true,"href":"https:\/\/www.entreculturas.org\/gl\/wp-json\/wp\/v2\/media\/24106"}],"wp:attachment":[{"href":"https:\/\/www.entreculturas.org\/gl\/wp-json\/wp\/v2\/media?parent=24100"}],"wp:term":[{"taxonomy":"category","embeddable":true,"href":"https:\/\/www.entreculturas.org\/gl\/wp-json\/wp\/v2\/categories?post=24100"},{"taxonomy":"post_tag","embeddable":true,"href":"https:\/\/www.entreculturas.org\/gl\/wp-json\/wp\/v2\/tags?post=24100"},{"taxonomy":"country","embeddable":true,"href":"https:\/\/www.entreculturas.org\/gl\/wp-json\/wp\/v2\/country?post=24100"},{"taxonomy":"cause","embeddable":true,"href":"https:\/\/www.entreculturas.org\/gl\/wp-json\/wp\/v2\/cause?post=24100"}],"curies":[{"name":"wp","href":"https:\/\/api.w.org\/{rel}","templated":true}]}}