{"id":2399,"date":"2018-11-29T11:27:26","date_gmt":"2018-11-29T11:27:26","guid":{"rendered":"https:\/\/entreculturasi.wpenginepowered.com\/?noticias=el-voluntariado-internacional-en-el-foco-del-dia-internacional-del-voluntariado"},"modified":"2023-12-18T10:34:00","modified_gmt":"2023-12-18T09:34:00","slug":"el-voluntariado-internacional-en-el-foco-del-dia-internacional-del-voluntariado","status":"publish","type":"noticia","link":"https:\/\/www.entreculturas.org\/gl\/noticia\/el-voluntariado-internacional-en-el-foco-del-dia-internacional-del-voluntariado\/","title":{"rendered":"El voluntariado internacional en el foco del D\u00eda Internacional del Voluntariado"},"content":{"rendered":"<p>En el marco del <strong>D\u00eda Internacional del Voluntariado,<\/strong> que se celebra el d\u00eda 5 de diciembre, desde Entreculturas queremos poner en esta ocasi\u00f3n el foco en el<strong> voluntariado internacional<\/strong>, ya que el voluntariado internacional para el desarrollo es un \u00e1mbito poco conocido, escasamente reconocido y amenazado en su sostenibilidad en el \u00e1mbito de la cooperaci\u00f3n al desarrollo.&nbsp;<\/p>\n<p>En este sentido, el d\u00eda <strong>4 de diciembre en la ma\u00f1ana<\/strong> tendr\u00e1 lugar en la sede de Entreculturas un <strong>desayuno-reflexi\u00f3n<\/strong> sobre claves de un voluntariado internacional transformador al que acudir\u00e1n agentes y ONGD que tienen una palabra que decir sobre el voluntariado internacional. Este acto ser\u00e1 transmitido por streaming para las personas que est\u00e9n interesadas.<\/p>\n<p>Tras 27 a\u00f1os apostando por el voluntariado internacional de larga duraci\u00f3n a trav\u00e9s de nuestro programa VOLPA y la publicaci\u00f3n de nuestro cuaderno de <a href=\"https:\/\/www.entreculturas.org\/sites\/default\/files\/noticias\/cuadernillofinal25volpa.pdf\" target=\"_blank\" rel=\"noopener\">&#8220;25 a\u00f1os de historias de cambio&#8221;<\/a>, queremos <strong>compartir nuestros aprendizajes <\/strong>sobre el impacto que las experiencias de voluntariado internacional tiene en las personas transformando tanto su vida personal como en su papel en la sociedad una vez vuelve a su pa\u00eds de origen.&nbsp;<\/p>\n<p>Ese mismo d\u00eda por la tarde tendr\u00e1 lugar un acto junto a la <a href=\"https:\/\/magis.es\/\" target=\"_blank\" rel=\"noopener\">pastoral Magis<\/a> con el objetivo de dar a conocer el <strong>marco de voluntariado internaciona<\/strong>l que ofrece la Compa\u00f1\u00eda de Jes\u00fas en Espa\u00f1a.&nbsp;Este evento se llevar\u00e1 a cabo en <strong>Casa San Ignacio a las 19.30h<\/strong> y est\u00e1 abierto a todas las personas que est\u00e9n interesadas. En dicho evento se contar\u00e1n distintas <strong>experiencias <\/strong>que se ofrecen hoy en d\u00eda desde la Compa\u00f1\u00eda de Jes\u00fas en Espa\u00f1a&nbsp;y ser\u00e1 una oportunidad para escuchar tambi\u00e9n el testimonio de algunas personas que han participado en estos programas.&nbsp;<\/p>\n<p><img decoding=\"async\" alt=\"\" height=\"800\" src=\"https:\/\/www.entreculturas.org\/wp-content\/uploads\/2018\/11\/invitacion_4dic_tarde.png\" width=\"800\"><\/p>\n<p>Por parte de Entreculturas estar\u00e1n <strong>Cristina Caravello,<\/strong> que fue VOLPA en Kenia, y <strong>David Alonso,<\/strong> que estuvo el pasado verano de Experiencia Sur en M\u00e9xico. Adem\u00e1s, por parte de Magis estar\u00e1n el jesuita <strong>Carlos Maza<\/strong> y la religiosa <strong>Mari Carmen Jim\u00e9nez <\/strong>aportando algunas claves del acompa\u00f1amiento de estas experiencias.&nbsp;<\/p>\n<ul>\n<li>Para quienes est\u00e9n interesados en segu\u00edr&nbsp;ambos eventos pueden seguir el hashtag <span style=\"color:#ff0101\">#VoluntariadoEsCooperacion.<\/span><\/li>\n<\/ul>\n","protected":false},"excerpt":{"rendered":"<p>En el marco del D\u00eda Internacional del Voluntariado, que se celebra el d\u00eda 5, de diciembre desde Entreculturas queremos poner en esta ocasi\u00f3n el foco en el voluntariado internacional, ya que el voluntariado internacional para el desarrollo es un \u00e1mbito poco conocido, escasamente reconocido y amenazado en su sostenibilidad en el \u00e1mbito de la cooperaci\u00f3n al desarrollo. <\/p>\n","protected":false},"featured_media":2389,"template":"single-noticia","meta":{"_acf_changed":false},"categories":[7],"tags":[191],"country":[120],"cause":[132],"class_list":["post-2399","noticia","type-noticia","status-publish","has-post-thumbnail","hentry","category-noticia","tag-voluntariado","country-espana","cause-participacion-y-ciudadania-global"],"acf":[],"yoast_head":"<!-- This site is optimized with the Yoast SEO Premium plugin v21.6 (Yoast SEO v27.5) - https:\/\/yoast.com\/product\/yoast-seo-premium-wordpress\/ -->\n<title>El voluntariado internacional en el foco del D\u00eda Internacional del Voluntariado - Entreculturas<\/title>\n<meta name=\"robots\" content=\"index, follow, max-snippet:-1, max-image-preview:large, max-video-preview:-1\" \/>\n<link rel=\"canonical\" href=\"https:\/\/www.entreculturas.org\/gl\/noticia\/el-voluntariado-internacional-en-el-foco-del-dia-internacional-del-voluntariado\/\" \/>\n<meta property=\"og:locale\" content=\"gl_ES\" \/>\n<meta property=\"og:type\" content=\"article\" \/>\n<meta property=\"og:title\" content=\"El voluntariado internacional en el foco del D\u00eda Internacional del Voluntariado\" \/>\n<meta property=\"og:description\" content=\"En el marco del D\u00eda Internacional del Voluntariado, que se celebra el d\u00eda 5, de diciembre desde Entreculturas queremos poner en esta ocasi\u00f3n el foco en el voluntariado internacional, ya que el voluntariado internacional para el desarrollo es un \u00e1mbito poco conocido, escasamente reconocido y amenazado en su sostenibilidad en el \u00e1mbito de la cooperaci\u00f3n al desarrollo.\" \/>\n<meta property=\"og:url\" content=\"https:\/\/www.entreculturas.org\/gl\/noticia\/el-voluntariado-internacional-en-el-foco-del-dia-internacional-del-voluntariado\/\" \/>\n<meta property=\"og:site_name\" content=\"Entreculturas\" \/>\n<meta property=\"article:publisher\" content=\"https:\/\/www.facebook.com\/entreculturas\" \/>\n<meta property=\"article:modified_time\" content=\"2023-12-18T09:34:00+00:00\" \/>\n<meta property=\"og:image\" content=\"https:\/\/www.entreculturas.org\/wp-content\/uploads\/2018\/11\/div-foto-noticia4.jpg\" \/>\n\t<meta property=\"og:image:width\" content=\"1000\" \/>\n\t<meta property=\"og:image:height\" content=\"712\" \/>\n\t<meta property=\"og:image:type\" content=\"image\/jpeg\" \/>\n<meta name=\"twitter:card\" content=\"summary_large_image\" \/>\n<meta name=\"twitter:site\" content=\"@Entreculturas\" \/>\n<script type=\"application\/ld+json\" class=\"yoast-schema-graph\">{\"@context\":\"https:\\\/\\\/schema.org\",\"@graph\":[{\"@type\":\"WebPage\",\"@id\":\"https:\\\/\\\/www.entreculturas.org\\\/gl\\\/noticia\\\/el-voluntariado-internacional-en-el-foco-del-dia-internacional-del-voluntariado\\\/\",\"url\":\"https:\\\/\\\/www.entreculturas.org\\\/gl\\\/noticia\\\/el-voluntariado-internacional-en-el-foco-del-dia-internacional-del-voluntariado\\\/\",\"name\":\"El voluntariado internacional en el foco del D\u00eda Internacional del Voluntariado - Entreculturas\",\"isPartOf\":{\"@id\":\"https:\\\/\\\/www.entreculturas.org\\\/gl\\\/#website\"},\"primaryImageOfPage\":{\"@id\":\"https:\\\/\\\/www.entreculturas.org\\\/gl\\\/noticia\\\/el-voluntariado-internacional-en-el-foco-del-dia-internacional-del-voluntariado\\\/#primaryimage\"},\"image\":{\"@id\":\"https:\\\/\\\/www.entreculturas.org\\\/gl\\\/noticia\\\/el-voluntariado-internacional-en-el-foco-del-dia-internacional-del-voluntariado\\\/#primaryimage\"},\"thumbnailUrl\":\"https:\\\/\\\/www.entreculturas.org\\\/wp-content\\\/uploads\\\/2018\\\/11\\\/div-foto-noticia4.jpg\",\"datePublished\":\"2018-11-29T11:27:26+00:00\",\"dateModified\":\"2023-12-18T09:34:00+00:00\",\"breadcrumb\":{\"@id\":\"https:\\\/\\\/www.entreculturas.org\\\/gl\\\/noticia\\\/el-voluntariado-internacional-en-el-foco-del-dia-internacional-del-voluntariado\\\/#breadcrumb\"},\"inLanguage\":\"gl-ES\",\"potentialAction\":[{\"@type\":\"ReadAction\",\"target\":[\"https:\\\/\\\/www.entreculturas.org\\\/gl\\\/noticia\\\/el-voluntariado-internacional-en-el-foco-del-dia-internacional-del-voluntariado\\\/\"]}]},{\"@type\":\"ImageObject\",\"inLanguage\":\"gl-ES\",\"@id\":\"https:\\\/\\\/www.entreculturas.org\\\/gl\\\/noticia\\\/el-voluntariado-internacional-en-el-foco-del-dia-internacional-del-voluntariado\\\/#primaryimage\",\"url\":\"https:\\\/\\\/www.entreculturas.org\\\/wp-content\\\/uploads\\\/2018\\\/11\\\/div-foto-noticia4.jpg\",\"contentUrl\":\"https:\\\/\\\/www.entreculturas.org\\\/wp-content\\\/uploads\\\/2018\\\/11\\\/div-foto-noticia4.jpg\",\"width\":1000,\"height\":712},{\"@type\":\"BreadcrumbList\",\"@id\":\"https:\\\/\\\/www.entreculturas.org\\\/gl\\\/noticia\\\/el-voluntariado-internacional-en-el-foco-del-dia-internacional-del-voluntariado\\\/#breadcrumb\",\"itemListElement\":[{\"@type\":\"ListItem\",\"position\":1,\"name\":\"Home\",\"item\":\"https:\\\/\\\/www.entreculturas.org\\\/gl\\\/\"},{\"@type\":\"ListItem\",\"position\":2,\"name\":\"Noticias\",\"item\":\"https:\\\/\\\/www.entreculturas.org\\\/gl\\\/noticias\\\/\"},{\"@type\":\"ListItem\",\"position\":3,\"name\":\"El voluntariado internacional en el foco del D\u00eda Internacional del Voluntariado\"}]},{\"@type\":\"WebSite\",\"@id\":\"https:\\\/\\\/www.entreculturas.org\\\/gl\\\/#website\",\"url\":\"https:\\\/\\\/www.entreculturas.org\\\/gl\\\/\",\"name\":\"Entreculturas\",\"description\":\"\",\"publisher\":{\"@id\":\"https:\\\/\\\/www.entreculturas.org\\\/gl\\\/#organization\"},\"alternateName\":\"Entreculturas\",\"potentialAction\":[{\"@type\":\"SearchAction\",\"target\":{\"@type\":\"EntryPoint\",\"urlTemplate\":\"https:\\\/\\\/www.entreculturas.org\\\/gl\\\/?s={search_term_string}\"},\"query-input\":{\"@type\":\"PropertyValueSpecification\",\"valueRequired\":true,\"valueName\":\"search_term_string\"}}],\"inLanguage\":\"gl-ES\"},{\"@type\":\"Organization\",\"@id\":\"https:\\\/\\\/www.entreculturas.org\\\/gl\\\/#organization\",\"name\":\"Entreculturas\",\"url\":\"https:\\\/\\\/www.entreculturas.org\\\/gl\\\/\",\"logo\":{\"@type\":\"ImageObject\",\"inLanguage\":\"gl-ES\",\"@id\":\"https:\\\/\\\/www.entreculturas.org\\\/gl\\\/#\\\/schema\\\/logo\\\/image\\\/\",\"url\":\"https:\\\/\\\/www.entreculturas.org\\\/wp-content\\\/uploads\\\/2025\\\/10\\\/ESP.svg\",\"contentUrl\":\"https:\\\/\\\/www.entreculturas.org\\\/wp-content\\\/uploads\\\/2025\\\/10\\\/ESP.svg\",\"caption\":\"Entreculturas\"},\"image\":{\"@id\":\"https:\\\/\\\/www.entreculturas.org\\\/gl\\\/#\\\/schema\\\/logo\\\/image\\\/\"},\"sameAs\":[\"https:\\\/\\\/www.facebook.com\\\/entreculturas\",\"https:\\\/\\\/x.com\\\/Entreculturas\",\"https:\\\/\\\/www.instagram.com\\\/entreculturas\\\/\",\"https:\\\/\\\/www.youtube.com\\\/user\\\/entreculturasvideo\",\"https:\\\/\\\/www.linkedin.com\\\/company\\\/fundacion-entreculturas-ngdo\\\/\",\"https:\\\/\\\/www.flickr.com\\\/photos\\\/98455522@N04\\\/albums\\\/\"]}]}<\/script>\n<!-- \/ Yoast SEO Premium plugin. -->","yoast_head_json":{"title":"El voluntariado internacional en el foco del D\u00eda Internacional del Voluntariado - Entreculturas","robots":{"index":"index","follow":"follow","max-snippet":"max-snippet:-1","max-image-preview":"max-image-preview:large","max-video-preview":"max-video-preview:-1"},"canonical":"https:\/\/www.entreculturas.org\/gl\/noticia\/el-voluntariado-internacional-en-el-foco-del-dia-internacional-del-voluntariado\/","og_locale":"gl_ES","og_type":"article","og_title":"El voluntariado internacional en el foco del D\u00eda Internacional del Voluntariado","og_description":"En el marco del D\u00eda Internacional del Voluntariado, que se celebra el d\u00eda 5, de diciembre desde Entreculturas queremos poner en esta ocasi\u00f3n el foco en el voluntariado internacional, ya que el voluntariado internacional para el desarrollo es un \u00e1mbito poco conocido, escasamente reconocido y amenazado en su sostenibilidad en el \u00e1mbito de la cooperaci\u00f3n al desarrollo.","og_url":"https:\/\/www.entreculturas.org\/gl\/noticia\/el-voluntariado-internacional-en-el-foco-del-dia-internacional-del-voluntariado\/","og_site_name":"Entreculturas","article_publisher":"https:\/\/www.facebook.com\/entreculturas","article_modified_time":"2023-12-18T09:34:00+00:00","og_image":[{"width":1000,"height":712,"url":"https:\/\/www.entreculturas.org\/wp-content\/uploads\/2018\/11\/div-foto-noticia4.jpg","type":"image\/jpeg"}],"twitter_card":"summary_large_image","twitter_site":"@Entreculturas","schema":{"@context":"https:\/\/schema.org","@graph":[{"@type":"WebPage","@id":"https:\/\/www.entreculturas.org\/gl\/noticia\/el-voluntariado-internacional-en-el-foco-del-dia-internacional-del-voluntariado\/","url":"https:\/\/www.entreculturas.org\/gl\/noticia\/el-voluntariado-internacional-en-el-foco-del-dia-internacional-del-voluntariado\/","name":"El voluntariado internacional en el foco del D\u00eda Internacional del Voluntariado - Entreculturas","isPartOf":{"@id":"https:\/\/www.entreculturas.org\/gl\/#website"},"primaryImageOfPage":{"@id":"https:\/\/www.entreculturas.org\/gl\/noticia\/el-voluntariado-internacional-en-el-foco-del-dia-internacional-del-voluntariado\/#primaryimage"},"image":{"@id":"https:\/\/www.entreculturas.org\/gl\/noticia\/el-voluntariado-internacional-en-el-foco-del-dia-internacional-del-voluntariado\/#primaryimage"},"thumbnailUrl":"https:\/\/www.entreculturas.org\/wp-content\/uploads\/2018\/11\/div-foto-noticia4.jpg","datePublished":"2018-11-29T11:27:26+00:00","dateModified":"2023-12-18T09:34:00+00:00","breadcrumb":{"@id":"https:\/\/www.entreculturas.org\/gl\/noticia\/el-voluntariado-internacional-en-el-foco-del-dia-internacional-del-voluntariado\/#breadcrumb"},"inLanguage":"gl-ES","potentialAction":[{"@type":"ReadAction","target":["https:\/\/www.entreculturas.org\/gl\/noticia\/el-voluntariado-internacional-en-el-foco-del-dia-internacional-del-voluntariado\/"]}]},{"@type":"ImageObject","inLanguage":"gl-ES","@id":"https:\/\/www.entreculturas.org\/gl\/noticia\/el-voluntariado-internacional-en-el-foco-del-dia-internacional-del-voluntariado\/#primaryimage","url":"https:\/\/www.entreculturas.org\/wp-content\/uploads\/2018\/11\/div-foto-noticia4.jpg","contentUrl":"https:\/\/www.entreculturas.org\/wp-content\/uploads\/2018\/11\/div-foto-noticia4.jpg","width":1000,"height":712},{"@type":"BreadcrumbList","@id":"https:\/\/www.entreculturas.org\/gl\/noticia\/el-voluntariado-internacional-en-el-foco-del-dia-internacional-del-voluntariado\/#breadcrumb","itemListElement":[{"@type":"ListItem","position":1,"name":"Home","item":"https:\/\/www.entreculturas.org\/gl\/"},{"@type":"ListItem","position":2,"name":"Noticias","item":"https:\/\/www.entreculturas.org\/gl\/noticias\/"},{"@type":"ListItem","position":3,"name":"El voluntariado internacional en el foco del D\u00eda Internacional del Voluntariado"}]},{"@type":"WebSite","@id":"https:\/\/www.entreculturas.org\/gl\/#website","url":"https:\/\/www.entreculturas.org\/gl\/","name":"Entreculturas","description":"","publisher":{"@id":"https:\/\/www.entreculturas.org\/gl\/#organization"},"alternateName":"Entreculturas","potentialAction":[{"@type":"SearchAction","target":{"@type":"EntryPoint","urlTemplate":"https:\/\/www.entreculturas.org\/gl\/?s={search_term_string}"},"query-input":{"@type":"PropertyValueSpecification","valueRequired":true,"valueName":"search_term_string"}}],"inLanguage":"gl-ES"},{"@type":"Organization","@id":"https:\/\/www.entreculturas.org\/gl\/#organization","name":"Entreculturas","url":"https:\/\/www.entreculturas.org\/gl\/","logo":{"@type":"ImageObject","inLanguage":"gl-ES","@id":"https:\/\/www.entreculturas.org\/gl\/#\/schema\/logo\/image\/","url":"https:\/\/www.entreculturas.org\/wp-content\/uploads\/2025\/10\/ESP.svg","contentUrl":"https:\/\/www.entreculturas.org\/wp-content\/uploads\/2025\/10\/ESP.svg","caption":"Entreculturas"},"image":{"@id":"https:\/\/www.entreculturas.org\/gl\/#\/schema\/logo\/image\/"},"sameAs":["https:\/\/www.facebook.com\/entreculturas","https:\/\/x.com\/Entreculturas","https:\/\/www.instagram.com\/entreculturas\/","https:\/\/www.youtube.com\/user\/entreculturasvideo","https:\/\/www.linkedin.com\/company\/fundacion-entreculturas-ngdo\/","https:\/\/www.flickr.com\/photos\/98455522@N04\/albums\/"]}]}},"_links":{"self":[{"href":"https:\/\/www.entreculturas.org\/gl\/wp-json\/wp\/v2\/noticia\/2399","targetHints":{"allow":["GET"]}}],"collection":[{"href":"https:\/\/www.entreculturas.org\/gl\/wp-json\/wp\/v2\/noticia"}],"about":[{"href":"https:\/\/www.entreculturas.org\/gl\/wp-json\/wp\/v2\/types\/noticia"}],"wp:featuredmedia":[{"embeddable":true,"href":"https:\/\/www.entreculturas.org\/gl\/wp-json\/wp\/v2\/media\/2389"}],"wp:attachment":[{"href":"https:\/\/www.entreculturas.org\/gl\/wp-json\/wp\/v2\/media?parent=2399"}],"wp:term":[{"taxonomy":"category","embeddable":true,"href":"https:\/\/www.entreculturas.org\/gl\/wp-json\/wp\/v2\/categories?post=2399"},{"taxonomy":"post_tag","embeddable":true,"href":"https:\/\/www.entreculturas.org\/gl\/wp-json\/wp\/v2\/tags?post=2399"},{"taxonomy":"country","embeddable":true,"href":"https:\/\/www.entreculturas.org\/gl\/wp-json\/wp\/v2\/country?post=2399"},{"taxonomy":"cause","embeddable":true,"href":"https:\/\/www.entreculturas.org\/gl\/wp-json\/wp\/v2\/cause?post=2399"}],"curies":[{"name":"wp","href":"https:\/\/api.w.org\/{rel}","templated":true}]}}