{"id":2320,"date":"2018-11-06T10:51:17","date_gmt":"2018-11-06T10:51:17","guid":{"rendered":"https:\/\/entreculturasi.wpenginepowered.com\/?noticias=exodo-hondureno-hacia-eeuu"},"modified":"2024-12-09T13:16:10","modified_gmt":"2024-12-09T12:16:10","slug":"exodo-hondureno-hacia-eeuu","status":"publish","type":"noticia","link":"https:\/\/www.entreculturas.org\/gl\/noticia\/exodo-hondureno-hacia-eeuu\/","title":{"rendered":"\u00c9xodo hondure\u00f1o hacia EEUU"},"content":{"rendered":"<p>El \u00e9xodo an\u00f3nimo de miles de personas centroamericanas desde hace a\u00f1os se est\u00e1 visibilizado estas semanas en la llamada Caravana Migrante. La Caravana agrupa a m\u00e1s de 7.000 personas hondure\u00f1as que se dirigen hacia los Estados Unidos. La Caravana se encuentra actualmente al Sur de M\u00e9xico y su avance est\u00e1 siendo lento y dif\u00edcil, especialmente para las madres que viajan solas acompa\u00f1adas de menores. <strong>Entreculturas y ALBOAN expresamos nuestra solidaridad con todas estas personas, nuestra preocupaci\u00f3n por su seguridad y nuestro apoyo a las organizaciones hermanas que les acompa\u00f1an.\u00a0<\/strong><\/p>\n<p>La respuesta de la Compa\u00f1\u00eda de Jes\u00fas a las migraciones en Am\u00e9rica Latina se construye a trav\u00e9s de la Red Jesuita con Migrantes Latinoam\u00e9rica y Caribe (RJM LAC), uno de cuyos componentes es la RJM CANA (Centroam\u00e9rica y Norteam\u00e9rica), presente en todos los pa\u00edses de origen, tr\u00e1nsito y destino del corredor migratorio centroamericano. Entreculturas y ALBOAN trabajamos desde hace m\u00e1s diez a\u00f1os con la RJM CANA y sus miembros. En concreto, apoyamos al Servicio Jesuita a Migrantes y Refugiados (SJMR) en M\u00e9xico en la atenci\u00f3n a la poblaci\u00f3n migrante centroamericana; acompa\u00f1amiento que se plasma, entre otros programas, en la red de albergues que se extienden por territorio mexicano. Tambi\u00e9n colaboramos en Centroam\u00e9rica con organizaciones como el Equipo de Reflexi\u00f3n, Investigaci\u00f3n y Comunicaci\u00f3n (ERIC)-Radio Progreso en Honduras, que acompa\u00f1a a las personas, analiza el contexto sociopol\u00edtico del pa\u00eds y pone nombre a las causas y a los causantes que est\u00e1n detr\u00e1s de estos flujos migratorios sostenidos y crecientes.\u00a0<br \/>\u00a0<\/p>\n<p><strong>En estos momentos, se est\u00e1 respondiendo a la Caravana migrante desde Honduras, el Salvador, Guatemala y M\u00e9xico con acompa\u00f1amiento, con tareas de observaci\u00f3n, documentaci\u00f3n e informaci\u00f3n, con asesoramiento jur\u00eddico y mediante acciones de incidencia pol\u00edtica<\/strong>. Como ejemplo, la RJM CANA y otras organizaciones de defensa de los DD.HH solicitaron hace diez d\u00edas a la Comisi\u00f3n Interamericana de Derechos Humanos (CIDH) medidas cautelares de protecci\u00f3n a favor de las personas que forman parte de la Caravana Migrante.<br \/>\u00a0<br \/>Un abordaje adecuado de la Caravana Migrante debe se\u00f1alar <a href=\"https:\/\/www.eldiario.es\/desalambre\/Caravana-hondurena-migrantes-causas-causantes_0_830817128.html\" target=\"_blank\" rel=\"noopener\">sus causas y a sus causantes<\/a>, entender que la seguridad que est\u00e1 en juego es principalmente la de las personas migrantes en la ruta y promocionar una cultura de la Hospitalidad entre los pueblos y los seres humanos.<br \/>\u00a0<br \/><strong>\u00bfQu\u00e9 pasa en Centroam\u00e9rica?, \u00bfPor qu\u00e9 se lanzan tantas personas fuera su pa\u00eds?, \u00bfC\u00f3mo se explica este \u00e9xodo?, \u00bfQu\u00e9 seguridad est\u00e1 en juego? <\/strong>El pasado lunes 29 de octubre, Ismael Moreno SJ (P. Melo), Director del ERIC-Radio Progreso y Andrea Villase\u00f1or, Directora del SJR M\u00e9xico, se conectaron en videoconferencia desde Honduras y M\u00e9xico para trasladar a medios de comunicaci\u00f3n y a la sociedad espa\u00f1ola, la situaci\u00f3n actual de la Caravana y sus causas.\u00a0<\/p>\n<p>\u00a0<br \/><span style=\"font-size: 16px;\"><strong><span style=\"color: #ff0101;\">Enlaces de inter\u00e9s:\u00a0<\/span><\/strong><\/span><\/p>\n<ul>\n<li><a href=\"https:\/\/www.europapress.es\/epsocial\/migracion\/noticia-activista-jesuita-ismael-moreno-avisa-caravana-migrantes-exodo-masivo-no-va-detener-20181029191341.html\" target=\"_blank\" rel=\"noopener\">Noticia en Europa Press: \u201cEl activista jesuita Ismael Moreno avisa sobre la caravana de migrantes, un \u00e9xodo masivo que no se va a detener\u201d\u00a0<\/a><\/li>\n<li><a href=\"https:\/\/www.eldiario.es\/desalambre\/Caravana-hondurena-migrantes-causas-causantes_0_830817128.html\" target=\"_blank\" rel=\"noopener\">ElDiario.es \u201cLa caravana hondure\u00f1a de migrantes, sus causas y sus causantes\u201d<\/a><\/li>\n<li><a href=\"https:\/\/www.elindependiente.com\/politica\/2018\/11\/04\/trump-guerra-electoral-tropas-contra-la-caravana-de-migrantes\/\" target=\"_blank\" rel=\"noopener\">El Independiente\u00a0<\/a><\/li>\n<li><a href=\"https:\/\/historiasdehospitalidad.com\/pdfs\/el-exodo-destapa-la-trama_DOC_RJM_LAC.pdf\" target=\"_blank\" rel=\"noopener\">Posicionamiento RJM LAC: \u201cel \u00c9xodo destapa la trama\u201d<\/a><\/li>\n<li><a href=\"https:\/\/www.facebook.com\/feyalegriahonduras\/photos\/a.650965331601660\/2213372985360879\/?type=3&amp;theater\" target=\"_blank\" rel=\"noopener\">Comunicado de Fe y Alegr\u00eda Honduras<\/a><\/li>\n<li>Servicio Jesuita a Migrantes M\u00e9xico, 2 comunicados:<\/li>\n<\/ul>\n<p>\u00a0 \u00a0 \u00a0 \u00a0&#8211; <a href=\"https:\/\/www.sjmmexico.org.mx\/oscs-solicitan-a-la-cidh-medidas-cautelares-a-favor-de-la-caravana-migrante-y-las-personas-defensoras-de-derechos-humanos-que-la-asisten-en-su-trayecto\">https:\/\/www.sjmmexico.org.mx\/oscs-solicitan-a-la-cidh-medidas-cautelares-a-favor-de-la-caravana-migrante-y-las-personas-defensoras-de-derechos-humanos-que-la-asisten-en-su-trayecto<\/a><br \/>\u00a0 \u00a0 \u00a0 \u00a0&#8211;<a href=\"https:\/\/www.sjmmexico.org.mx\/accion-urgente-exodo-migrante\/\"> https:\/\/www.sjmmexico.org.mx\/accion-urgente-exodo-migrante\/<\/a><\/p>\n<ul>\n<li><a href=\"https:\/\/jesuitas.lat\/es\/noticias\/938-pronunciamiento-del-rjm-ante-la-caravana-espontanea-de-personas-individuales-madres-y-familias-hondurenas?fbclid=IwAR2US5XWi1sTs6NcroYi5b4H6oWc0N4qfmoYiLR5fdGWUI05aApyJOQanpE\" target=\"_blank\" rel=\"noopener\">Pronunciamiento RJM<\/a><\/li>\n<li><a href=\"https:\/\/rjmcentroamerica.org\/mundo\/situacion-de-emergencia-y-llamado-a-la-proteccion-del-exido-migrante-en-veracruz\/?fbclid=IwAR21UFtlVf1qWVQ-JjO-nfVl39QXXGKNr9LtkFPaUu6MlgNtgLJ-_9ocR2I\" target=\"_blank\" rel=\"noopener\">Situaci\u00f3n de emergencia y llamado a la protecci\u00f3n del \u00c9xodo Migrante en Veracruz<\/a><\/li>\n<\/ul>\n\n\n<p><\/p>\n","protected":false},"excerpt":{"rendered":"<p>El \u00e9xodo an\u00f3nimo de miles de personas centroamericanas desde hace a\u00f1os se est\u00e1 visibilizado estas semanas en la llamada Caravana Migrante. La Caravana agrupa a m\u00e1s de 7.000 personas hondure\u00f1as.<\/p>\n","protected":false},"featured_media":2321,"template":"single-noticia","meta":{"_acf_changed":false},"categories":[7],"tags":[10],"country":[146],"cause":[129],"class_list":["post-2320","noticia","type-noticia","status-publish","has-post-thumbnail","hentry","category-noticia","tag-migracion-y-refugio","country-honduras","cause-migracion-y-refugio"],"acf":[],"yoast_head":"<!-- This site is optimized with the Yoast SEO Premium plugin v21.6 (Yoast SEO v27.5) - https:\/\/yoast.com\/product\/yoast-seo-premium-wordpress\/ -->\n<title>\u00c9xodo hondure\u00f1o hacia EEUU - Entreculturas<\/title>\n<meta name=\"robots\" content=\"index, follow, max-snippet:-1, max-image-preview:large, max-video-preview:-1\" \/>\n<link rel=\"canonical\" href=\"https:\/\/www.entreculturas.org\/gl\/noticia\/exodo-hondureno-hacia-eeuu\/\" \/>\n<meta property=\"og:locale\" content=\"gl_ES\" \/>\n<meta property=\"og:type\" content=\"article\" \/>\n<meta property=\"og:title\" content=\"\u00c9xodo hondure\u00f1o hacia EEUU\" \/>\n<meta property=\"og:description\" content=\"El \u00e9xodo an\u00f3nimo de miles de personas centroamericanas desde hace a\u00f1os se est\u00e1 visibilizado estas semanas en la llamada Caravana Migrante. La Caravana agrupa a m\u00e1s de 7.000 personas hondure\u00f1as.\" \/>\n<meta property=\"og:url\" content=\"https:\/\/www.entreculturas.org\/gl\/noticia\/exodo-hondureno-hacia-eeuu\/\" \/>\n<meta property=\"og:site_name\" content=\"Entreculturas\" \/>\n<meta property=\"article:publisher\" content=\"https:\/\/www.facebook.com\/entreculturas\" \/>\n<meta property=\"article:modified_time\" content=\"2024-12-09T12:16:10+00:00\" \/>\n<meta property=\"og:image\" content=\"https:\/\/www.entreculturas.org\/wp-content\/uploads\/2018\/11\/poscionamiento-caravana.jpg\" \/>\n\t<meta property=\"og:image:width\" content=\"889\" \/>\n\t<meta property=\"og:image:height\" content=\"621\" \/>\n\t<meta property=\"og:image:type\" content=\"image\/jpeg\" \/>\n<meta name=\"twitter:card\" content=\"summary_large_image\" \/>\n<meta name=\"twitter:site\" content=\"@Entreculturas\" \/>\n<script type=\"application\/ld+json\" class=\"yoast-schema-graph\">{\"@context\":\"https:\\\/\\\/schema.org\",\"@graph\":[{\"@type\":\"WebPage\",\"@id\":\"https:\\\/\\\/www.entreculturas.org\\\/gl\\\/noticia\\\/exodo-hondureno-hacia-eeuu\\\/\",\"url\":\"https:\\\/\\\/www.entreculturas.org\\\/gl\\\/noticia\\\/exodo-hondureno-hacia-eeuu\\\/\",\"name\":\"\u00c9xodo hondure\u00f1o hacia EEUU - Entreculturas\",\"isPartOf\":{\"@id\":\"https:\\\/\\\/www.entreculturas.org\\\/gl\\\/#website\"},\"primaryImageOfPage\":{\"@id\":\"https:\\\/\\\/www.entreculturas.org\\\/gl\\\/noticia\\\/exodo-hondureno-hacia-eeuu\\\/#primaryimage\"},\"image\":{\"@id\":\"https:\\\/\\\/www.entreculturas.org\\\/gl\\\/noticia\\\/exodo-hondureno-hacia-eeuu\\\/#primaryimage\"},\"thumbnailUrl\":\"https:\\\/\\\/www.entreculturas.org\\\/wp-content\\\/uploads\\\/2018\\\/11\\\/poscionamiento-caravana.jpg\",\"datePublished\":\"2018-11-06T10:51:17+00:00\",\"dateModified\":\"2024-12-09T12:16:10+00:00\",\"breadcrumb\":{\"@id\":\"https:\\\/\\\/www.entreculturas.org\\\/gl\\\/noticia\\\/exodo-hondureno-hacia-eeuu\\\/#breadcrumb\"},\"inLanguage\":\"gl-ES\",\"potentialAction\":[{\"@type\":\"ReadAction\",\"target\":[\"https:\\\/\\\/www.entreculturas.org\\\/gl\\\/noticia\\\/exodo-hondureno-hacia-eeuu\\\/\"]}]},{\"@type\":\"ImageObject\",\"inLanguage\":\"gl-ES\",\"@id\":\"https:\\\/\\\/www.entreculturas.org\\\/gl\\\/noticia\\\/exodo-hondureno-hacia-eeuu\\\/#primaryimage\",\"url\":\"https:\\\/\\\/www.entreculturas.org\\\/wp-content\\\/uploads\\\/2018\\\/11\\\/poscionamiento-caravana.jpg\",\"contentUrl\":\"https:\\\/\\\/www.entreculturas.org\\\/wp-content\\\/uploads\\\/2018\\\/11\\\/poscionamiento-caravana.jpg\",\"width\":889,\"height\":621,\"caption\":\"poscionamiento-caravana\"},{\"@type\":\"BreadcrumbList\",\"@id\":\"https:\\\/\\\/www.entreculturas.org\\\/gl\\\/noticia\\\/exodo-hondureno-hacia-eeuu\\\/#breadcrumb\",\"itemListElement\":[{\"@type\":\"ListItem\",\"position\":1,\"name\":\"Home\",\"item\":\"https:\\\/\\\/www.entreculturas.org\\\/gl\\\/\"},{\"@type\":\"ListItem\",\"position\":2,\"name\":\"Noticias\",\"item\":\"https:\\\/\\\/www.entreculturas.org\\\/gl\\\/noticias\\\/\"},{\"@type\":\"ListItem\",\"position\":3,\"name\":\"\u00c9xodo hondure\u00f1o hacia EEUU\"}]},{\"@type\":\"WebSite\",\"@id\":\"https:\\\/\\\/www.entreculturas.org\\\/gl\\\/#website\",\"url\":\"https:\\\/\\\/www.entreculturas.org\\\/gl\\\/\",\"name\":\"Entreculturas\",\"description\":\"\",\"publisher\":{\"@id\":\"https:\\\/\\\/www.entreculturas.org\\\/gl\\\/#organization\"},\"alternateName\":\"Entreculturas\",\"potentialAction\":[{\"@type\":\"SearchAction\",\"target\":{\"@type\":\"EntryPoint\",\"urlTemplate\":\"https:\\\/\\\/www.entreculturas.org\\\/gl\\\/?s={search_term_string}\"},\"query-input\":{\"@type\":\"PropertyValueSpecification\",\"valueRequired\":true,\"valueName\":\"search_term_string\"}}],\"inLanguage\":\"gl-ES\"},{\"@type\":\"Organization\",\"@id\":\"https:\\\/\\\/www.entreculturas.org\\\/gl\\\/#organization\",\"name\":\"Entreculturas\",\"url\":\"https:\\\/\\\/www.entreculturas.org\\\/gl\\\/\",\"logo\":{\"@type\":\"ImageObject\",\"inLanguage\":\"gl-ES\",\"@id\":\"https:\\\/\\\/www.entreculturas.org\\\/gl\\\/#\\\/schema\\\/logo\\\/image\\\/\",\"url\":\"https:\\\/\\\/www.entreculturas.org\\\/wp-content\\\/uploads\\\/2025\\\/10\\\/ESP.svg\",\"contentUrl\":\"https:\\\/\\\/www.entreculturas.org\\\/wp-content\\\/uploads\\\/2025\\\/10\\\/ESP.svg\",\"caption\":\"Entreculturas\"},\"image\":{\"@id\":\"https:\\\/\\\/www.entreculturas.org\\\/gl\\\/#\\\/schema\\\/logo\\\/image\\\/\"},\"sameAs\":[\"https:\\\/\\\/www.facebook.com\\\/entreculturas\",\"https:\\\/\\\/x.com\\\/Entreculturas\",\"https:\\\/\\\/www.instagram.com\\\/entreculturas\\\/\",\"https:\\\/\\\/www.youtube.com\\\/user\\\/entreculturasvideo\",\"https:\\\/\\\/www.linkedin.com\\\/company\\\/fundacion-entreculturas-ngdo\\\/\",\"https:\\\/\\\/www.flickr.com\\\/photos\\\/98455522@N04\\\/albums\\\/\"]}]}<\/script>\n<!-- \/ Yoast SEO Premium plugin. -->","yoast_head_json":{"title":"\u00c9xodo hondure\u00f1o hacia EEUU - Entreculturas","robots":{"index":"index","follow":"follow","max-snippet":"max-snippet:-1","max-image-preview":"max-image-preview:large","max-video-preview":"max-video-preview:-1"},"canonical":"https:\/\/www.entreculturas.org\/gl\/noticia\/exodo-hondureno-hacia-eeuu\/","og_locale":"gl_ES","og_type":"article","og_title":"\u00c9xodo hondure\u00f1o hacia EEUU","og_description":"El \u00e9xodo an\u00f3nimo de miles de personas centroamericanas desde hace a\u00f1os se est\u00e1 visibilizado estas semanas en la llamada Caravana Migrante. La Caravana agrupa a m\u00e1s de 7.000 personas hondure\u00f1as.","og_url":"https:\/\/www.entreculturas.org\/gl\/noticia\/exodo-hondureno-hacia-eeuu\/","og_site_name":"Entreculturas","article_publisher":"https:\/\/www.facebook.com\/entreculturas","article_modified_time":"2024-12-09T12:16:10+00:00","og_image":[{"width":889,"height":621,"url":"https:\/\/www.entreculturas.org\/wp-content\/uploads\/2018\/11\/poscionamiento-caravana.jpg","type":"image\/jpeg"}],"twitter_card":"summary_large_image","twitter_site":"@Entreculturas","schema":{"@context":"https:\/\/schema.org","@graph":[{"@type":"WebPage","@id":"https:\/\/www.entreculturas.org\/gl\/noticia\/exodo-hondureno-hacia-eeuu\/","url":"https:\/\/www.entreculturas.org\/gl\/noticia\/exodo-hondureno-hacia-eeuu\/","name":"\u00c9xodo hondure\u00f1o hacia EEUU - Entreculturas","isPartOf":{"@id":"https:\/\/www.entreculturas.org\/gl\/#website"},"primaryImageOfPage":{"@id":"https:\/\/www.entreculturas.org\/gl\/noticia\/exodo-hondureno-hacia-eeuu\/#primaryimage"},"image":{"@id":"https:\/\/www.entreculturas.org\/gl\/noticia\/exodo-hondureno-hacia-eeuu\/#primaryimage"},"thumbnailUrl":"https:\/\/www.entreculturas.org\/wp-content\/uploads\/2018\/11\/poscionamiento-caravana.jpg","datePublished":"2018-11-06T10:51:17+00:00","dateModified":"2024-12-09T12:16:10+00:00","breadcrumb":{"@id":"https:\/\/www.entreculturas.org\/gl\/noticia\/exodo-hondureno-hacia-eeuu\/#breadcrumb"},"inLanguage":"gl-ES","potentialAction":[{"@type":"ReadAction","target":["https:\/\/www.entreculturas.org\/gl\/noticia\/exodo-hondureno-hacia-eeuu\/"]}]},{"@type":"ImageObject","inLanguage":"gl-ES","@id":"https:\/\/www.entreculturas.org\/gl\/noticia\/exodo-hondureno-hacia-eeuu\/#primaryimage","url":"https:\/\/www.entreculturas.org\/wp-content\/uploads\/2018\/11\/poscionamiento-caravana.jpg","contentUrl":"https:\/\/www.entreculturas.org\/wp-content\/uploads\/2018\/11\/poscionamiento-caravana.jpg","width":889,"height":621,"caption":"poscionamiento-caravana"},{"@type":"BreadcrumbList","@id":"https:\/\/www.entreculturas.org\/gl\/noticia\/exodo-hondureno-hacia-eeuu\/#breadcrumb","itemListElement":[{"@type":"ListItem","position":1,"name":"Home","item":"https:\/\/www.entreculturas.org\/gl\/"},{"@type":"ListItem","position":2,"name":"Noticias","item":"https:\/\/www.entreculturas.org\/gl\/noticias\/"},{"@type":"ListItem","position":3,"name":"\u00c9xodo hondure\u00f1o hacia EEUU"}]},{"@type":"WebSite","@id":"https:\/\/www.entreculturas.org\/gl\/#website","url":"https:\/\/www.entreculturas.org\/gl\/","name":"Entreculturas","description":"","publisher":{"@id":"https:\/\/www.entreculturas.org\/gl\/#organization"},"alternateName":"Entreculturas","potentialAction":[{"@type":"SearchAction","target":{"@type":"EntryPoint","urlTemplate":"https:\/\/www.entreculturas.org\/gl\/?s={search_term_string}"},"query-input":{"@type":"PropertyValueSpecification","valueRequired":true,"valueName":"search_term_string"}}],"inLanguage":"gl-ES"},{"@type":"Organization","@id":"https:\/\/www.entreculturas.org\/gl\/#organization","name":"Entreculturas","url":"https:\/\/www.entreculturas.org\/gl\/","logo":{"@type":"ImageObject","inLanguage":"gl-ES","@id":"https:\/\/www.entreculturas.org\/gl\/#\/schema\/logo\/image\/","url":"https:\/\/www.entreculturas.org\/wp-content\/uploads\/2025\/10\/ESP.svg","contentUrl":"https:\/\/www.entreculturas.org\/wp-content\/uploads\/2025\/10\/ESP.svg","caption":"Entreculturas"},"image":{"@id":"https:\/\/www.entreculturas.org\/gl\/#\/schema\/logo\/image\/"},"sameAs":["https:\/\/www.facebook.com\/entreculturas","https:\/\/x.com\/Entreculturas","https:\/\/www.instagram.com\/entreculturas\/","https:\/\/www.youtube.com\/user\/entreculturasvideo","https:\/\/www.linkedin.com\/company\/fundacion-entreculturas-ngdo\/","https:\/\/www.flickr.com\/photos\/98455522@N04\/albums\/"]}]}},"_links":{"self":[{"href":"https:\/\/www.entreculturas.org\/gl\/wp-json\/wp\/v2\/noticia\/2320","targetHints":{"allow":["GET"]}}],"collection":[{"href":"https:\/\/www.entreculturas.org\/gl\/wp-json\/wp\/v2\/noticia"}],"about":[{"href":"https:\/\/www.entreculturas.org\/gl\/wp-json\/wp\/v2\/types\/noticia"}],"wp:featuredmedia":[{"embeddable":true,"href":"https:\/\/www.entreculturas.org\/gl\/wp-json\/wp\/v2\/media\/2321"}],"wp:attachment":[{"href":"https:\/\/www.entreculturas.org\/gl\/wp-json\/wp\/v2\/media?parent=2320"}],"wp:term":[{"taxonomy":"category","embeddable":true,"href":"https:\/\/www.entreculturas.org\/gl\/wp-json\/wp\/v2\/categories?post=2320"},{"taxonomy":"post_tag","embeddable":true,"href":"https:\/\/www.entreculturas.org\/gl\/wp-json\/wp\/v2\/tags?post=2320"},{"taxonomy":"country","embeddable":true,"href":"https:\/\/www.entreculturas.org\/gl\/wp-json\/wp\/v2\/country?post=2320"},{"taxonomy":"cause","embeddable":true,"href":"https:\/\/www.entreculturas.org\/gl\/wp-json\/wp\/v2\/cause?post=2320"}],"curies":[{"name":"wp","href":"https:\/\/api.w.org\/{rel}","templated":true}]}}