{"id":2310,"date":"2018-10-29T11:56:11","date_gmt":"2018-10-29T11:56:11","guid":{"rendered":"https:\/\/entreculturasi.wpenginepowered.com\/?noticias=semana-solidaria-de-la-universidad-de-burgos"},"modified":"2023-12-18T10:34:02","modified_gmt":"2023-12-18T09:34:02","slug":"semana-solidaria-de-la-universidad-de-burgos","status":"publish","type":"noticia","link":"https:\/\/www.entreculturas.org\/gl\/noticia\/semana-solidaria-de-la-universidad-de-burgos\/","title":{"rendered":"Semana Solidaria de la Universidad de Burgos"},"content":{"rendered":"<p>La delegaci\u00f3n de Burgos ha participado en la XIV Semana Solidaria de la Universidad de Burgos. El pasado&nbsp;24 de octubre los compa\u00f1eros y compa\u00f1eras de la delegaci\u00f3n instalaron una mesa informativa desde la cual repartieron informaci\u00f3n de Entreculturas y&nbsp;materiales educativos entre el alumnado y profesorado de la facultad de Educaci\u00f3n.<!--break--><\/p>\n<p>Nuestro t\u00e9cnico de Ciudadan\u00eda imparti\u00f3 el taller <a href=\"https:\/\/drive.google.com\/file\/d\/1Yeq93TDYjc5VoNgtSstE7qXtyIvo35YG\/view\" target=\"_blank\" rel=\"noopener\">\u201cHerramientas de Educaci\u00f3n para la Ciudadan\u00eda para profesorado de secundaria\u201d<\/a> ante los&nbsp;estudiantes del M\u00e1ster Universitario en Profesor de Educaci\u00f3n Secundaria Obligatoria y Bachillerato, Formaci\u00f3n Profesional y Ense\u00f1anza de Idiomas.<\/p>\n<p><img decoding=\"async\" alt=\"\" src=\"https:\/\/www.entreculturas.org\/wp-content\/uploads\/2018\/10\/semanaburgos1.jpg\" style=\"width: 800px;height: 499px\"><\/p>\n","protected":false},"excerpt":{"rendered":"<p>La delegaci\u00f3n de Burgos ha participado en la XIV Semana Solidaria de la Universidad de Burgos. El pasado&nbsp;24 de octubre los compa\u00f1eros y compa\u00f1eras de la delegaci\u00f3n instalaron una mesa informativa desde la cual repartieron informaci\u00f3n de Entreculturas y&nbsp;materiales educativos entre el alumnado y profesorado de la facultad de Educaci\u00f3n. Nuestro t\u00e9cnico de Ciudadan\u00eda imparti\u00f3 el taller \u201cHerramientas de Educaci\u00f3n para la Ciudadan\u00eda para profesorado de secundaria\u201d ante los&nbsp;estudiantes del M\u00e1ster Universitario en Profesor de Educaci\u00f3n Secundaria Obligatoria y Bachillerato, Formaci\u00f3n Profesional y Ense\u00f1anza de Idiomas.<\/p>\n","protected":false},"featured_media":2309,"template":"single-noticia","meta":{"_acf_changed":false},"categories":[7],"tags":[185],"country":[120],"cause":[132],"class_list":["post-2310","noticia","type-noticia","status-publish","has-post-thumbnail","hentry","category-noticia","tag-entreculturas","country-espana","cause-participacion-y-ciudadania-global"],"acf":[],"yoast_head":"<!-- This site is optimized with the Yoast SEO Premium plugin v21.6 (Yoast SEO v27.5) - https:\/\/yoast.com\/product\/yoast-seo-premium-wordpress\/ -->\n<title>Semana Solidaria de la Universidad de Burgos - Entreculturas<\/title>\n<meta name=\"robots\" content=\"index, follow, max-snippet:-1, max-image-preview:large, max-video-preview:-1\" \/>\n<link rel=\"canonical\" href=\"https:\/\/www.entreculturas.org\/gl\/noticia\/semana-solidaria-de-la-universidad-de-burgos\/\" \/>\n<meta property=\"og:locale\" content=\"gl_ES\" \/>\n<meta property=\"og:type\" content=\"article\" \/>\n<meta property=\"og:title\" content=\"Semana Solidaria de la Universidad de Burgos\" \/>\n<meta property=\"og:description\" content=\"La delegaci\u00f3n de Burgos ha participado en la XIV Semana Solidaria de la Universidad de Burgos. El pasado&nbsp;24 de octubre los compa\u00f1eros y compa\u00f1eras de la delegaci\u00f3n instalaron una mesa informativa desde la cual repartieron informaci\u00f3n de Entreculturas y&nbsp;materiales educativos entre el alumnado y profesorado de la facultad de Educaci\u00f3n. Nuestro t\u00e9cnico de Ciudadan\u00eda imparti\u00f3 el taller \u201cHerramientas de Educaci\u00f3n para la Ciudadan\u00eda para profesorado de secundaria\u201d ante los&nbsp;estudiantes del M\u00e1ster Universitario en Profesor de Educaci\u00f3n Secundaria Obligatoria y Bachillerato, Formaci\u00f3n Profesional y Ense\u00f1anza de Idiomas.\" \/>\n<meta property=\"og:url\" content=\"https:\/\/www.entreculturas.org\/gl\/noticia\/semana-solidaria-de-la-universidad-de-burgos\/\" \/>\n<meta property=\"og:site_name\" content=\"Entreculturas\" \/>\n<meta property=\"article:publisher\" content=\"https:\/\/www.facebook.com\/entreculturas\" \/>\n<meta property=\"article:modified_time\" content=\"2023-12-18T09:34:02+00:00\" \/>\n<meta property=\"og:image\" content=\"https:\/\/www.entreculturas.org\/wp-content\/uploads\/2018\/10\/semanaburgos1.jpg\" \/>\n\t<meta property=\"og:image:width\" content=\"800\" \/>\n\t<meta property=\"og:image:height\" content=\"499\" \/>\n\t<meta property=\"og:image:type\" content=\"image\/jpeg\" \/>\n<meta name=\"twitter:card\" content=\"summary_large_image\" \/>\n<meta name=\"twitter:site\" content=\"@Entreculturas\" \/>\n<script type=\"application\/ld+json\" class=\"yoast-schema-graph\">{\"@context\":\"https:\\\/\\\/schema.org\",\"@graph\":[{\"@type\":\"WebPage\",\"@id\":\"https:\\\/\\\/www.entreculturas.org\\\/gl\\\/noticia\\\/semana-solidaria-de-la-universidad-de-burgos\\\/\",\"url\":\"https:\\\/\\\/www.entreculturas.org\\\/gl\\\/noticia\\\/semana-solidaria-de-la-universidad-de-burgos\\\/\",\"name\":\"Semana Solidaria de la Universidad de Burgos - Entreculturas\",\"isPartOf\":{\"@id\":\"https:\\\/\\\/www.entreculturas.org\\\/gl\\\/#website\"},\"primaryImageOfPage\":{\"@id\":\"https:\\\/\\\/www.entreculturas.org\\\/gl\\\/noticia\\\/semana-solidaria-de-la-universidad-de-burgos\\\/#primaryimage\"},\"image\":{\"@id\":\"https:\\\/\\\/www.entreculturas.org\\\/gl\\\/noticia\\\/semana-solidaria-de-la-universidad-de-burgos\\\/#primaryimage\"},\"thumbnailUrl\":\"https:\\\/\\\/www.entreculturas.org\\\/wp-content\\\/uploads\\\/2018\\\/10\\\/semanaburgos1.jpg\",\"datePublished\":\"2018-10-29T11:56:11+00:00\",\"dateModified\":\"2023-12-18T09:34:02+00:00\",\"breadcrumb\":{\"@id\":\"https:\\\/\\\/www.entreculturas.org\\\/gl\\\/noticia\\\/semana-solidaria-de-la-universidad-de-burgos\\\/#breadcrumb\"},\"inLanguage\":\"gl-ES\",\"potentialAction\":[{\"@type\":\"ReadAction\",\"target\":[\"https:\\\/\\\/www.entreculturas.org\\\/gl\\\/noticia\\\/semana-solidaria-de-la-universidad-de-burgos\\\/\"]}]},{\"@type\":\"ImageObject\",\"inLanguage\":\"gl-ES\",\"@id\":\"https:\\\/\\\/www.entreculturas.org\\\/gl\\\/noticia\\\/semana-solidaria-de-la-universidad-de-burgos\\\/#primaryimage\",\"url\":\"https:\\\/\\\/www.entreculturas.org\\\/wp-content\\\/uploads\\\/2018\\\/10\\\/semanaburgos1.jpg\",\"contentUrl\":\"https:\\\/\\\/www.entreculturas.org\\\/wp-content\\\/uploads\\\/2018\\\/10\\\/semanaburgos1.jpg\",\"width\":800,\"height\":499},{\"@type\":\"BreadcrumbList\",\"@id\":\"https:\\\/\\\/www.entreculturas.org\\\/gl\\\/noticia\\\/semana-solidaria-de-la-universidad-de-burgos\\\/#breadcrumb\",\"itemListElement\":[{\"@type\":\"ListItem\",\"position\":1,\"name\":\"Home\",\"item\":\"https:\\\/\\\/www.entreculturas.org\\\/gl\\\/\"},{\"@type\":\"ListItem\",\"position\":2,\"name\":\"Noticias\",\"item\":\"https:\\\/\\\/www.entreculturas.org\\\/gl\\\/noticias\\\/\"},{\"@type\":\"ListItem\",\"position\":3,\"name\":\"Semana Solidaria de la Universidad de Burgos\"}]},{\"@type\":\"WebSite\",\"@id\":\"https:\\\/\\\/www.entreculturas.org\\\/gl\\\/#website\",\"url\":\"https:\\\/\\\/www.entreculturas.org\\\/gl\\\/\",\"name\":\"Entreculturas\",\"description\":\"\",\"publisher\":{\"@id\":\"https:\\\/\\\/www.entreculturas.org\\\/gl\\\/#organization\"},\"alternateName\":\"Entreculturas\",\"potentialAction\":[{\"@type\":\"SearchAction\",\"target\":{\"@type\":\"EntryPoint\",\"urlTemplate\":\"https:\\\/\\\/www.entreculturas.org\\\/gl\\\/?s={search_term_string}\"},\"query-input\":{\"@type\":\"PropertyValueSpecification\",\"valueRequired\":true,\"valueName\":\"search_term_string\"}}],\"inLanguage\":\"gl-ES\"},{\"@type\":\"Organization\",\"@id\":\"https:\\\/\\\/www.entreculturas.org\\\/gl\\\/#organization\",\"name\":\"Entreculturas\",\"url\":\"https:\\\/\\\/www.entreculturas.org\\\/gl\\\/\",\"logo\":{\"@type\":\"ImageObject\",\"inLanguage\":\"gl-ES\",\"@id\":\"https:\\\/\\\/www.entreculturas.org\\\/gl\\\/#\\\/schema\\\/logo\\\/image\\\/\",\"url\":\"https:\\\/\\\/www.entreculturas.org\\\/wp-content\\\/uploads\\\/2025\\\/10\\\/ESP.svg\",\"contentUrl\":\"https:\\\/\\\/www.entreculturas.org\\\/wp-content\\\/uploads\\\/2025\\\/10\\\/ESP.svg\",\"caption\":\"Entreculturas\"},\"image\":{\"@id\":\"https:\\\/\\\/www.entreculturas.org\\\/gl\\\/#\\\/schema\\\/logo\\\/image\\\/\"},\"sameAs\":[\"https:\\\/\\\/www.facebook.com\\\/entreculturas\",\"https:\\\/\\\/x.com\\\/Entreculturas\",\"https:\\\/\\\/www.instagram.com\\\/entreculturas\\\/\",\"https:\\\/\\\/www.youtube.com\\\/user\\\/entreculturasvideo\",\"https:\\\/\\\/www.linkedin.com\\\/company\\\/fundacion-entreculturas-ngdo\\\/\",\"https:\\\/\\\/www.flickr.com\\\/photos\\\/98455522@N04\\\/albums\\\/\"]}]}<\/script>\n<!-- \/ Yoast SEO Premium plugin. -->","yoast_head_json":{"title":"Semana Solidaria de la Universidad de Burgos - Entreculturas","robots":{"index":"index","follow":"follow","max-snippet":"max-snippet:-1","max-image-preview":"max-image-preview:large","max-video-preview":"max-video-preview:-1"},"canonical":"https:\/\/www.entreculturas.org\/gl\/noticia\/semana-solidaria-de-la-universidad-de-burgos\/","og_locale":"gl_ES","og_type":"article","og_title":"Semana Solidaria de la Universidad de Burgos","og_description":"La delegaci\u00f3n de Burgos ha participado en la XIV Semana Solidaria de la Universidad de Burgos. El pasado&nbsp;24 de octubre los compa\u00f1eros y compa\u00f1eras de la delegaci\u00f3n instalaron una mesa informativa desde la cual repartieron informaci\u00f3n de Entreculturas y&nbsp;materiales educativos entre el alumnado y profesorado de la facultad de Educaci\u00f3n. Nuestro t\u00e9cnico de Ciudadan\u00eda imparti\u00f3 el taller \u201cHerramientas de Educaci\u00f3n para la Ciudadan\u00eda para profesorado de secundaria\u201d ante los&nbsp;estudiantes del M\u00e1ster Universitario en Profesor de Educaci\u00f3n Secundaria Obligatoria y Bachillerato, Formaci\u00f3n Profesional y Ense\u00f1anza de Idiomas.","og_url":"https:\/\/www.entreculturas.org\/gl\/noticia\/semana-solidaria-de-la-universidad-de-burgos\/","og_site_name":"Entreculturas","article_publisher":"https:\/\/www.facebook.com\/entreculturas","article_modified_time":"2023-12-18T09:34:02+00:00","og_image":[{"width":800,"height":499,"url":"https:\/\/www.entreculturas.org\/wp-content\/uploads\/2018\/10\/semanaburgos1.jpg","type":"image\/jpeg"}],"twitter_card":"summary_large_image","twitter_site":"@Entreculturas","schema":{"@context":"https:\/\/schema.org","@graph":[{"@type":"WebPage","@id":"https:\/\/www.entreculturas.org\/gl\/noticia\/semana-solidaria-de-la-universidad-de-burgos\/","url":"https:\/\/www.entreculturas.org\/gl\/noticia\/semana-solidaria-de-la-universidad-de-burgos\/","name":"Semana Solidaria de la Universidad de Burgos - Entreculturas","isPartOf":{"@id":"https:\/\/www.entreculturas.org\/gl\/#website"},"primaryImageOfPage":{"@id":"https:\/\/www.entreculturas.org\/gl\/noticia\/semana-solidaria-de-la-universidad-de-burgos\/#primaryimage"},"image":{"@id":"https:\/\/www.entreculturas.org\/gl\/noticia\/semana-solidaria-de-la-universidad-de-burgos\/#primaryimage"},"thumbnailUrl":"https:\/\/www.entreculturas.org\/wp-content\/uploads\/2018\/10\/semanaburgos1.jpg","datePublished":"2018-10-29T11:56:11+00:00","dateModified":"2023-12-18T09:34:02+00:00","breadcrumb":{"@id":"https:\/\/www.entreculturas.org\/gl\/noticia\/semana-solidaria-de-la-universidad-de-burgos\/#breadcrumb"},"inLanguage":"gl-ES","potentialAction":[{"@type":"ReadAction","target":["https:\/\/www.entreculturas.org\/gl\/noticia\/semana-solidaria-de-la-universidad-de-burgos\/"]}]},{"@type":"ImageObject","inLanguage":"gl-ES","@id":"https:\/\/www.entreculturas.org\/gl\/noticia\/semana-solidaria-de-la-universidad-de-burgos\/#primaryimage","url":"https:\/\/www.entreculturas.org\/wp-content\/uploads\/2018\/10\/semanaburgos1.jpg","contentUrl":"https:\/\/www.entreculturas.org\/wp-content\/uploads\/2018\/10\/semanaburgos1.jpg","width":800,"height":499},{"@type":"BreadcrumbList","@id":"https:\/\/www.entreculturas.org\/gl\/noticia\/semana-solidaria-de-la-universidad-de-burgos\/#breadcrumb","itemListElement":[{"@type":"ListItem","position":1,"name":"Home","item":"https:\/\/www.entreculturas.org\/gl\/"},{"@type":"ListItem","position":2,"name":"Noticias","item":"https:\/\/www.entreculturas.org\/gl\/noticias\/"},{"@type":"ListItem","position":3,"name":"Semana Solidaria de la Universidad de Burgos"}]},{"@type":"WebSite","@id":"https:\/\/www.entreculturas.org\/gl\/#website","url":"https:\/\/www.entreculturas.org\/gl\/","name":"Entreculturas","description":"","publisher":{"@id":"https:\/\/www.entreculturas.org\/gl\/#organization"},"alternateName":"Entreculturas","potentialAction":[{"@type":"SearchAction","target":{"@type":"EntryPoint","urlTemplate":"https:\/\/www.entreculturas.org\/gl\/?s={search_term_string}"},"query-input":{"@type":"PropertyValueSpecification","valueRequired":true,"valueName":"search_term_string"}}],"inLanguage":"gl-ES"},{"@type":"Organization","@id":"https:\/\/www.entreculturas.org\/gl\/#organization","name":"Entreculturas","url":"https:\/\/www.entreculturas.org\/gl\/","logo":{"@type":"ImageObject","inLanguage":"gl-ES","@id":"https:\/\/www.entreculturas.org\/gl\/#\/schema\/logo\/image\/","url":"https:\/\/www.entreculturas.org\/wp-content\/uploads\/2025\/10\/ESP.svg","contentUrl":"https:\/\/www.entreculturas.org\/wp-content\/uploads\/2025\/10\/ESP.svg","caption":"Entreculturas"},"image":{"@id":"https:\/\/www.entreculturas.org\/gl\/#\/schema\/logo\/image\/"},"sameAs":["https:\/\/www.facebook.com\/entreculturas","https:\/\/x.com\/Entreculturas","https:\/\/www.instagram.com\/entreculturas\/","https:\/\/www.youtube.com\/user\/entreculturasvideo","https:\/\/www.linkedin.com\/company\/fundacion-entreculturas-ngdo\/","https:\/\/www.flickr.com\/photos\/98455522@N04\/albums\/"]}]}},"_links":{"self":[{"href":"https:\/\/www.entreculturas.org\/gl\/wp-json\/wp\/v2\/noticia\/2310","targetHints":{"allow":["GET"]}}],"collection":[{"href":"https:\/\/www.entreculturas.org\/gl\/wp-json\/wp\/v2\/noticia"}],"about":[{"href":"https:\/\/www.entreculturas.org\/gl\/wp-json\/wp\/v2\/types\/noticia"}],"wp:featuredmedia":[{"embeddable":true,"href":"https:\/\/www.entreculturas.org\/gl\/wp-json\/wp\/v2\/media\/2309"}],"wp:attachment":[{"href":"https:\/\/www.entreculturas.org\/gl\/wp-json\/wp\/v2\/media?parent=2310"}],"wp:term":[{"taxonomy":"category","embeddable":true,"href":"https:\/\/www.entreculturas.org\/gl\/wp-json\/wp\/v2\/categories?post=2310"},{"taxonomy":"post_tag","embeddable":true,"href":"https:\/\/www.entreculturas.org\/gl\/wp-json\/wp\/v2\/tags?post=2310"},{"taxonomy":"country","embeddable":true,"href":"https:\/\/www.entreculturas.org\/gl\/wp-json\/wp\/v2\/country?post=2310"},{"taxonomy":"cause","embeddable":true,"href":"https:\/\/www.entreculturas.org\/gl\/wp-json\/wp\/v2\/cause?post=2310"}],"curies":[{"name":"wp","href":"https:\/\/api.w.org\/{rel}","templated":true}]}}