{"id":22448,"date":"2024-03-13T08:56:24","date_gmt":"2024-03-13T07:56:24","guid":{"rendered":"https:\/\/www.entreculturas.org\/?post_type=noticia&#038;p=22448"},"modified":"2024-03-13T08:56:26","modified_gmt":"2024-03-13T07:56:26","slug":"ninas-soldados-escapar-del-estigma","status":"publish","type":"noticia","link":"https:\/\/www.entreculturas.org\/gl\/noticia\/ninas-soldados-escapar-del-estigma\/","title":{"rendered":"NI\u00d1AS SOLDADOS: ESCAPAR DEL ESTIGMA"},"content":{"rendered":"\n<p><em>\u00ab\u00a1La perdida ha vuelto! \u00a1La perdida ha vuelto!\u00bb<\/em>, gritaba la madre de Marlene*, tras dos largos a\u00f1os, al ver por fin a su hija, secuestrada por un grupo armado cuando era a\u00fan una ni\u00f1a en Sud\u00e1n del Sur.<\/p>\n\n\n\n<div style=\"height:15px\" aria-hidden=\"true\" class=\"wp-block-spacer\"><\/div>\n\n\n\n<p>El 12 de febrero, conmemoramos el\u00a0<strong>D\u00eda contra la Utilizaci\u00f3n de los Menores Soldado<\/strong>, una de las m\u00e1s graves violaciones a menores en zonas de conflicto armado.\u00a0Seg\u00fan el Consejo de Seguridad de Naciones Unidas, el n\u00famero de\u00a0<strong>ni\u00f1as secuestradas en el mundo aument\u00f3 en un 30%<\/strong>\u00a0en 2022, siendo muchas de ellas reclutadas por grupos armados.\u00a0<\/p>\n\n\n\n<div style=\"height:15px\" aria-hidden=\"true\" class=\"wp-block-spacer\"><\/div>\n\n\n\n<p>En particular, las ni\u00f1as reclutadas por grupos armados est\u00e1n<strong>\u00a0expuestas a la violencia sexual, embarazo precoz, matrimonios forzosos<\/strong>, as\u00ed como al estigma y al rechazo por parte de sus familias y la comunidad durante su reinserci\u00f3n en la sociedad. Estas situaciones truncan la vida de ni\u00f1as como Marlene y las priva de su derecho a tener una infancia digna.<\/p>\n\n\n\n<div style=\"height:15px\" aria-hidden=\"true\" class=\"wp-block-spacer\"><\/div>\n\n\n\n<p>Aunque las cifras no son precisas, se estima que\u00a0<strong>en Sud\u00e1n del Sur existen entre 7.000 y 19.000 menores soldado<\/strong>. En concreto, la falta de visibilidad de las ni\u00f1as soldado hace que carezcan de programas de atenci\u00f3n espec\u00edficos para responder a sus necesidades.<\/p>\n\n\n\n<div style=\"height:15px\" aria-hidden=\"true\" class=\"wp-block-spacer\"><\/div>\n\n\n\n<p><em>\u00abCuando regres\u00e9 a mi pueblo natal, fue muy dif\u00edcil\u2026 Todos en el pueblo ten\u00edan miedo de m\u00ed. Pensaban que hab\u00eda vuelto para matarlos a todos. Cuando iba a buscar agua, la gente corr\u00eda. Fue dif\u00edcil\u2026 pero las personas l\u00edderes de la comunidad me ayudaron y le dec\u00edan a la gente que yo era una persona nueva, que ya no era la misma de la selva.\u00bb<\/em><\/p>\n\n\n\n<div style=\"height:15px\" aria-hidden=\"true\" class=\"wp-block-spacer\"><\/div>\n\n\n\n<p>Junto al JRS apoyamos la reintegraci\u00f3n de ni\u00f1as como Marlene, proporcion\u00e1ndoles recursos esenciales y el pago de las tasas escolares. A pesar de los prejuicios sociales a los que tuvo que enfrentarse a su regreso, la intervenci\u00f3n del jefe de la comunidad ayud\u00f3 a disipar malentendidos, fomentando la reintegraci\u00f3n de Marlene en la sociedad. Ahora, est\u00e1 feliz en la comunidad y disfruta de su vuelta a la escuela.<\/p>\n\n\n\n<div style=\"height:15px\" aria-hidden=\"true\" class=\"wp-block-spacer\"><\/div>\n\n\n\n<p><em>\u00abAlgunos d\u00edas estoy feliz, porque estoy de vuelta y estoy en la escuela. Otros d\u00edas, estoy triste, porque recuerdo las cosas que hice\u2026\u00bb<\/em><\/p>\n\n\n\n<div style=\"height:15px\" aria-hidden=\"true\" class=\"wp-block-spacer\"><\/div>\n\n\n\n<p>Desde\u00a0<strong>Entreculturas<\/strong>, de la mano de JRS, estamos presentes en Sud\u00e1n del Sur apoyando a cientos de ni\u00f1as, a trav\u00e9s de nuestro programa\u00a0<strong>La LUZ de las NI\u00d1AS,<\/strong>\u00a0protegi\u00e9ndolas de la violencia que sufren por el hecho de ser ni\u00f1as y para que puedan recibir un acompa\u00f1amiento adecuado a sus necesidades.<\/p>\n\n\n\n<div style=\"height:15px\" aria-hidden=\"true\" class=\"wp-block-spacer\"><\/div>\n","protected":false},"excerpt":{"rendered":"<p>\u00ab\u00a1La perdida ha vuelto! \u00a1La perdida ha vuelto!\u00bb, gritaba la madre de Marlene*, tras dos largos a\u00f1os, al ver por fin a su hija, secuestrada por un grupo armado cuando era a\u00fan una ni\u00f1a en Sud\u00e1n del Sur. El 12 de febrero, conmemoramos el\u00a0D\u00eda contra la Utilizaci\u00f3n de los Menores Soldado, una de las m\u00e1s graves violaciones a menores en zonas de conflicto armado.\u00a0Seg\u00fan el Consejo de Seguridad de Naciones Unidas, el n\u00famero de\u00a0ni\u00f1as secuestradas en el mundo aument\u00f3 en un 30%\u00a0en 2022, siendo muchas de ellas reclutadas por grupos armados.\u00a0 En particular, las ni\u00f1as reclutadas por grupos armados est\u00e1n\u00a0expuestas a la violencia sexual, embarazo precoz, matrimonios forzosos, as\u00ed como al estigma y al rechazo por parte de sus familias y la comunidad durante su reinserci\u00f3n en la sociedad. Estas situaciones truncan la vida de ni\u00f1as como Marlene y las priva de su derecho a tener una infancia digna. Aunque [&hellip;]<\/p>\n","protected":false},"featured_media":22450,"template":"","meta":{"_acf_changed":false},"categories":[7],"tags":[293],"country":[],"cause":[130],"class_list":["post-22448","noticia","type-noticia","status-publish","has-post-thumbnail","hentry","category-noticia","tag-genero","cause-genero"],"acf":[],"yoast_head":"<!-- This site is optimized with the Yoast SEO Premium plugin v21.6 (Yoast SEO v27.5) - https:\/\/yoast.com\/product\/yoast-seo-premium-wordpress\/ -->\n<title>NI\u00d1AS SOLDADOS: ESCAPAR DEL ESTIGMA - Entreculturas<\/title>\n<meta name=\"description\" content=\"La utilizaci\u00f3n de las ni\u00f1as soldado es una de las m\u00e1s graves violaciones a menores en zonas de conflicto armado.\" \/>\n<meta name=\"robots\" content=\"index, follow, max-snippet:-1, max-image-preview:large, max-video-preview:-1\" \/>\n<link rel=\"canonical\" href=\"https:\/\/www.entreculturas.org\/gl\/noticia\/ninas-soldados-escapar-del-estigma\/\" \/>\n<meta property=\"og:locale\" content=\"gl_ES\" \/>\n<meta property=\"og:type\" content=\"article\" \/>\n<meta property=\"og:title\" content=\"NI\u00d1AS SOLDADOS: ESCAPAR DEL ESTIGMA\" \/>\n<meta property=\"og:description\" content=\"La utilizaci\u00f3n de las ni\u00f1as soldado es una de las m\u00e1s graves violaciones a menores en zonas de conflicto armado.\" \/>\n<meta property=\"og:url\" content=\"https:\/\/www.entreculturas.org\/gl\/noticia\/ninas-soldados-escapar-del-estigma\/\" \/>\n<meta property=\"og:site_name\" content=\"Entreculturas\" \/>\n<meta property=\"article:publisher\" content=\"https:\/\/www.facebook.com\/entreculturas\" \/>\n<meta property=\"article:modified_time\" content=\"2024-03-13T07:56:26+00:00\" \/>\n<meta property=\"og:image\" content=\"https:\/\/www.entreculturas.org\/wp-content\/uploads\/2024\/03\/CAFAAG_02-scaled.jpg\" \/>\n\t<meta property=\"og:image:width\" content=\"2560\" \/>\n\t<meta property=\"og:image:height\" content=\"1707\" \/>\n\t<meta property=\"og:image:type\" content=\"image\/jpeg\" \/>\n<meta name=\"twitter:card\" content=\"summary_large_image\" \/>\n<meta name=\"twitter:site\" content=\"@Entreculturas\" \/>\n<script type=\"application\/ld+json\" class=\"yoast-schema-graph\">{\"@context\":\"https:\\\/\\\/schema.org\",\"@graph\":[{\"@type\":\"WebPage\",\"@id\":\"https:\\\/\\\/www.entreculturas.org\\\/gl\\\/noticia\\\/ninas-soldados-escapar-del-estigma\\\/\",\"url\":\"https:\\\/\\\/www.entreculturas.org\\\/gl\\\/noticia\\\/ninas-soldados-escapar-del-estigma\\\/\",\"name\":\"NI\u00d1AS SOLDADOS: ESCAPAR DEL ESTIGMA - Entreculturas\",\"isPartOf\":{\"@id\":\"https:\\\/\\\/www.entreculturas.org\\\/gl\\\/#website\"},\"primaryImageOfPage\":{\"@id\":\"https:\\\/\\\/www.entreculturas.org\\\/gl\\\/noticia\\\/ninas-soldados-escapar-del-estigma\\\/#primaryimage\"},\"image\":{\"@id\":\"https:\\\/\\\/www.entreculturas.org\\\/gl\\\/noticia\\\/ninas-soldados-escapar-del-estigma\\\/#primaryimage\"},\"thumbnailUrl\":\"https:\\\/\\\/www.entreculturas.org\\\/wp-content\\\/uploads\\\/2024\\\/03\\\/CAFAAG_02-scaled.jpg\",\"datePublished\":\"2024-03-13T07:56:24+00:00\",\"dateModified\":\"2024-03-13T07:56:26+00:00\",\"description\":\"La utilizaci\u00f3n de las ni\u00f1as soldado es una de las m\u00e1s graves violaciones a menores en zonas de conflicto armado.\",\"breadcrumb\":{\"@id\":\"https:\\\/\\\/www.entreculturas.org\\\/gl\\\/noticia\\\/ninas-soldados-escapar-del-estigma\\\/#breadcrumb\"},\"inLanguage\":\"gl-ES\",\"potentialAction\":[{\"@type\":\"ReadAction\",\"target\":[\"https:\\\/\\\/www.entreculturas.org\\\/gl\\\/noticia\\\/ninas-soldados-escapar-del-estigma\\\/\"]}]},{\"@type\":\"ImageObject\",\"inLanguage\":\"gl-ES\",\"@id\":\"https:\\\/\\\/www.entreculturas.org\\\/gl\\\/noticia\\\/ninas-soldados-escapar-del-estigma\\\/#primaryimage\",\"url\":\"https:\\\/\\\/www.entreculturas.org\\\/wp-content\\\/uploads\\\/2024\\\/03\\\/CAFAAG_02-scaled.jpg\",\"contentUrl\":\"https:\\\/\\\/www.entreculturas.org\\\/wp-content\\\/uploads\\\/2024\\\/03\\\/CAFAAG_02-scaled.jpg\",\"width\":2560,\"height\":1707,\"caption\":\"ni\u00f1a soldado\"},{\"@type\":\"BreadcrumbList\",\"@id\":\"https:\\\/\\\/www.entreculturas.org\\\/gl\\\/noticia\\\/ninas-soldados-escapar-del-estigma\\\/#breadcrumb\",\"itemListElement\":[{\"@type\":\"ListItem\",\"position\":1,\"name\":\"Home\",\"item\":\"https:\\\/\\\/www.entreculturas.org\\\/gl\\\/\"},{\"@type\":\"ListItem\",\"position\":2,\"name\":\"Noticias\",\"item\":\"https:\\\/\\\/www.entreculturas.org\\\/gl\\\/noticias\\\/\"},{\"@type\":\"ListItem\",\"position\":3,\"name\":\"NI\u00d1AS SOLDADOS: ESCAPAR DEL ESTIGMA\"}]},{\"@type\":\"WebSite\",\"@id\":\"https:\\\/\\\/www.entreculturas.org\\\/gl\\\/#website\",\"url\":\"https:\\\/\\\/www.entreculturas.org\\\/gl\\\/\",\"name\":\"Entreculturas\",\"description\":\"\",\"publisher\":{\"@id\":\"https:\\\/\\\/www.entreculturas.org\\\/gl\\\/#organization\"},\"alternateName\":\"Entreculturas\",\"potentialAction\":[{\"@type\":\"SearchAction\",\"target\":{\"@type\":\"EntryPoint\",\"urlTemplate\":\"https:\\\/\\\/www.entreculturas.org\\\/gl\\\/?s={search_term_string}\"},\"query-input\":{\"@type\":\"PropertyValueSpecification\",\"valueRequired\":true,\"valueName\":\"search_term_string\"}}],\"inLanguage\":\"gl-ES\"},{\"@type\":\"Organization\",\"@id\":\"https:\\\/\\\/www.entreculturas.org\\\/gl\\\/#organization\",\"name\":\"Entreculturas\",\"url\":\"https:\\\/\\\/www.entreculturas.org\\\/gl\\\/\",\"logo\":{\"@type\":\"ImageObject\",\"inLanguage\":\"gl-ES\",\"@id\":\"https:\\\/\\\/www.entreculturas.org\\\/gl\\\/#\\\/schema\\\/logo\\\/image\\\/\",\"url\":\"https:\\\/\\\/www.entreculturas.org\\\/wp-content\\\/uploads\\\/2025\\\/10\\\/ESP.svg\",\"contentUrl\":\"https:\\\/\\\/www.entreculturas.org\\\/wp-content\\\/uploads\\\/2025\\\/10\\\/ESP.svg\",\"caption\":\"Entreculturas\"},\"image\":{\"@id\":\"https:\\\/\\\/www.entreculturas.org\\\/gl\\\/#\\\/schema\\\/logo\\\/image\\\/\"},\"sameAs\":[\"https:\\\/\\\/www.facebook.com\\\/entreculturas\",\"https:\\\/\\\/x.com\\\/Entreculturas\",\"https:\\\/\\\/www.instagram.com\\\/entreculturas\\\/\",\"https:\\\/\\\/www.youtube.com\\\/user\\\/entreculturasvideo\",\"https:\\\/\\\/www.linkedin.com\\\/company\\\/fundacion-entreculturas-ngdo\\\/\",\"https:\\\/\\\/www.flickr.com\\\/photos\\\/98455522@N04\\\/albums\\\/\"]}]}<\/script>\n<!-- \/ Yoast SEO Premium plugin. -->","yoast_head_json":{"title":"NI\u00d1AS SOLDADOS: ESCAPAR DEL ESTIGMA - Entreculturas","description":"La utilizaci\u00f3n de las ni\u00f1as soldado es una de las m\u00e1s graves violaciones a menores en zonas de conflicto armado.","robots":{"index":"index","follow":"follow","max-snippet":"max-snippet:-1","max-image-preview":"max-image-preview:large","max-video-preview":"max-video-preview:-1"},"canonical":"https:\/\/www.entreculturas.org\/gl\/noticia\/ninas-soldados-escapar-del-estigma\/","og_locale":"gl_ES","og_type":"article","og_title":"NI\u00d1AS SOLDADOS: ESCAPAR DEL ESTIGMA","og_description":"La utilizaci\u00f3n de las ni\u00f1as soldado es una de las m\u00e1s graves violaciones a menores en zonas de conflicto armado.","og_url":"https:\/\/www.entreculturas.org\/gl\/noticia\/ninas-soldados-escapar-del-estigma\/","og_site_name":"Entreculturas","article_publisher":"https:\/\/www.facebook.com\/entreculturas","article_modified_time":"2024-03-13T07:56:26+00:00","og_image":[{"width":2560,"height":1707,"url":"https:\/\/www.entreculturas.org\/wp-content\/uploads\/2024\/03\/CAFAAG_02-scaled.jpg","type":"image\/jpeg"}],"twitter_card":"summary_large_image","twitter_site":"@Entreculturas","schema":{"@context":"https:\/\/schema.org","@graph":[{"@type":"WebPage","@id":"https:\/\/www.entreculturas.org\/gl\/noticia\/ninas-soldados-escapar-del-estigma\/","url":"https:\/\/www.entreculturas.org\/gl\/noticia\/ninas-soldados-escapar-del-estigma\/","name":"NI\u00d1AS SOLDADOS: ESCAPAR DEL ESTIGMA - Entreculturas","isPartOf":{"@id":"https:\/\/www.entreculturas.org\/gl\/#website"},"primaryImageOfPage":{"@id":"https:\/\/www.entreculturas.org\/gl\/noticia\/ninas-soldados-escapar-del-estigma\/#primaryimage"},"image":{"@id":"https:\/\/www.entreculturas.org\/gl\/noticia\/ninas-soldados-escapar-del-estigma\/#primaryimage"},"thumbnailUrl":"https:\/\/www.entreculturas.org\/wp-content\/uploads\/2024\/03\/CAFAAG_02-scaled.jpg","datePublished":"2024-03-13T07:56:24+00:00","dateModified":"2024-03-13T07:56:26+00:00","description":"La utilizaci\u00f3n de las ni\u00f1as soldado es una de las m\u00e1s graves violaciones a menores en zonas de conflicto armado.","breadcrumb":{"@id":"https:\/\/www.entreculturas.org\/gl\/noticia\/ninas-soldados-escapar-del-estigma\/#breadcrumb"},"inLanguage":"gl-ES","potentialAction":[{"@type":"ReadAction","target":["https:\/\/www.entreculturas.org\/gl\/noticia\/ninas-soldados-escapar-del-estigma\/"]}]},{"@type":"ImageObject","inLanguage":"gl-ES","@id":"https:\/\/www.entreculturas.org\/gl\/noticia\/ninas-soldados-escapar-del-estigma\/#primaryimage","url":"https:\/\/www.entreculturas.org\/wp-content\/uploads\/2024\/03\/CAFAAG_02-scaled.jpg","contentUrl":"https:\/\/www.entreculturas.org\/wp-content\/uploads\/2024\/03\/CAFAAG_02-scaled.jpg","width":2560,"height":1707,"caption":"ni\u00f1a soldado"},{"@type":"BreadcrumbList","@id":"https:\/\/www.entreculturas.org\/gl\/noticia\/ninas-soldados-escapar-del-estigma\/#breadcrumb","itemListElement":[{"@type":"ListItem","position":1,"name":"Home","item":"https:\/\/www.entreculturas.org\/gl\/"},{"@type":"ListItem","position":2,"name":"Noticias","item":"https:\/\/www.entreculturas.org\/gl\/noticias\/"},{"@type":"ListItem","position":3,"name":"NI\u00d1AS SOLDADOS: ESCAPAR DEL ESTIGMA"}]},{"@type":"WebSite","@id":"https:\/\/www.entreculturas.org\/gl\/#website","url":"https:\/\/www.entreculturas.org\/gl\/","name":"Entreculturas","description":"","publisher":{"@id":"https:\/\/www.entreculturas.org\/gl\/#organization"},"alternateName":"Entreculturas","potentialAction":[{"@type":"SearchAction","target":{"@type":"EntryPoint","urlTemplate":"https:\/\/www.entreculturas.org\/gl\/?s={search_term_string}"},"query-input":{"@type":"PropertyValueSpecification","valueRequired":true,"valueName":"search_term_string"}}],"inLanguage":"gl-ES"},{"@type":"Organization","@id":"https:\/\/www.entreculturas.org\/gl\/#organization","name":"Entreculturas","url":"https:\/\/www.entreculturas.org\/gl\/","logo":{"@type":"ImageObject","inLanguage":"gl-ES","@id":"https:\/\/www.entreculturas.org\/gl\/#\/schema\/logo\/image\/","url":"https:\/\/www.entreculturas.org\/wp-content\/uploads\/2025\/10\/ESP.svg","contentUrl":"https:\/\/www.entreculturas.org\/wp-content\/uploads\/2025\/10\/ESP.svg","caption":"Entreculturas"},"image":{"@id":"https:\/\/www.entreculturas.org\/gl\/#\/schema\/logo\/image\/"},"sameAs":["https:\/\/www.facebook.com\/entreculturas","https:\/\/x.com\/Entreculturas","https:\/\/www.instagram.com\/entreculturas\/","https:\/\/www.youtube.com\/user\/entreculturasvideo","https:\/\/www.linkedin.com\/company\/fundacion-entreculturas-ngdo\/","https:\/\/www.flickr.com\/photos\/98455522@N04\/albums\/"]}]}},"_links":{"self":[{"href":"https:\/\/www.entreculturas.org\/gl\/wp-json\/wp\/v2\/noticia\/22448","targetHints":{"allow":["GET"]}}],"collection":[{"href":"https:\/\/www.entreculturas.org\/gl\/wp-json\/wp\/v2\/noticia"}],"about":[{"href":"https:\/\/www.entreculturas.org\/gl\/wp-json\/wp\/v2\/types\/noticia"}],"wp:featuredmedia":[{"embeddable":true,"href":"https:\/\/www.entreculturas.org\/gl\/wp-json\/wp\/v2\/media\/22450"}],"wp:attachment":[{"href":"https:\/\/www.entreculturas.org\/gl\/wp-json\/wp\/v2\/media?parent=22448"}],"wp:term":[{"taxonomy":"category","embeddable":true,"href":"https:\/\/www.entreculturas.org\/gl\/wp-json\/wp\/v2\/categories?post=22448"},{"taxonomy":"post_tag","embeddable":true,"href":"https:\/\/www.entreculturas.org\/gl\/wp-json\/wp\/v2\/tags?post=22448"},{"taxonomy":"country","embeddable":true,"href":"https:\/\/www.entreculturas.org\/gl\/wp-json\/wp\/v2\/country?post=22448"},{"taxonomy":"cause","embeddable":true,"href":"https:\/\/www.entreculturas.org\/gl\/wp-json\/wp\/v2\/cause?post=22448"}],"curies":[{"name":"wp","href":"https:\/\/api.w.org\/{rel}","templated":true}]}}