{"id":22201,"date":"2024-02-29T09:28:19","date_gmt":"2024-02-29T08:28:19","guid":{"rendered":"https:\/\/www.entreculturas.org\/?post_type=noticia&#038;p=22201"},"modified":"2024-02-29T09:31:25","modified_gmt":"2024-02-29T08:31:25","slug":"une-a-tu-empresa-al-circuito-de-carreras-solidarias-de-entreculturas","status":"publish","type":"noticia","link":"https:\/\/www.entreculturas.org\/gl\/noticia\/une-a-tu-empresa-al-circuito-de-carreras-solidarias-de-entreculturas\/","title":{"rendered":"Une a tu empresa al circuito de carreras solidarias de Entreculturas"},"content":{"rendered":"\n<p>\u201cEs muy emocionante ver a tantas personas unidas por una causa, corriendo por la educaci\u00f3n de los ni\u00f1os y ni\u00f1as que viven en situaci\u00f3n de refugio o desplazamiento forzoso, por esos cerca de 420 millones que se ven afectados por las guerras y los conflictos armados en todo el mundo\u201d.\u00a0<\/p>\n\n\n\n<div style=\"height:15px\" aria-hidden=\"true\" class=\"wp-block-spacer\"><\/div>\n\n\n\n<p>Con estas palabras Mart\u00edn Iriberri SJ, Director General de Entreculturas, dio el pistoletazo de salida a la XIII edici\u00f3n de nuestra carrera \u201cCorre por una Causa&#8221; en Madrid. Un circuito de carreras solidaria que organizamos desde Entreculturas y Alboan, que este a\u00f1o cuenta con la colaboraci\u00f3n de Deloitte, Liferay y Mapfre, y\u00a0que se extender\u00e1 hasta el mes de mayo.<\/p>\n\n\n\n<div style=\"height:15px\" aria-hidden=\"true\" class=\"wp-block-spacer\"><\/div>\n\n\n\n<p>En esta XIII edici\u00f3n de \u201cCorre por una Causa\u201d\u00a0el objetivo es recaudar fondos para los distintos proyectos que llevamos a cabo en pa\u00edses como Ucrania, Rep\u00fablica Centroafricana o Colombia, en los que trabajamos para garantizar a ni\u00f1os y ni\u00f1as un espacio seguro en el que poder jugar, formarse y crecer lejos de la violencia. Pa\u00edses que cuentan con una realidad compleja, donde sus escuelas llegan m\u00e1s all\u00e1 del \u00e1mbito meramente educativo, ofreciendo a su alumnado un espacio de convivencia, de seguridad y de paz.<\/p>\n\n\n\n<div style=\"height:15px\" aria-hidden=\"true\" class=\"wp-block-spacer\"><\/div>\n\n\n\n<p>\u201cAqu\u00ed, en Bambari, un gran n\u00famero de menores son refugiados, pero gracias al apoyo de Entreculturas y Alboan han tenido la posibilidad de ir a la escuela. Gracias a la educaci\u00f3n, tienen esperanza en su futuro. As\u00ed que animo a todo el mundo a participar en \u201cCorre por una Causa\u201d, ya que de esta forma estar\u00e1s apoyando nuestro trabajo y contribuir\u00e1s al derecho a la educaci\u00f3n de la infancia refugiada\u201d, afirma Semsona Sem, compa\u00f1ero del Servicio Jesuita a Refugiados (JRS) en Rep\u00fablica Centroafricana que se encarga de la evaluaci\u00f3n de proyectos que llevamos a cabo en el pa\u00eds.<\/p>\n\n\n\n<div style=\"height:15px\" aria-hidden=\"true\" class=\"wp-block-spacer\"><\/div>\n\n\n\n<p>Junto a personas embajadoras de la carrera como la escritora Julia Navarro, la cantautora Rozal\u00e9n o el atleta Carlos Mayo, tambi\u00e9n se encuentran una multitud de entidades, empresas y centros educativos que nos apoyan y se suman, a\u00f1o tras a\u00f1o, a correr por una buena causa.\u00a0<\/p>\n\n\n\n<div style=\"height:15px\" aria-hidden=\"true\" class=\"wp-block-spacer\"><\/div>\n\n\n\n<p>Camila, de la escuela de Negocios Advantere (una de las empresas participantes en la carrera), nos cuenta que: \u201cEs la primera vez que corro y pienso que es muy importante apoyar este tipo de iniciativas y correr por la infancia refugiada por una cuesti\u00f3n de responsabilidad social y porque si tienes posibilidades quieres de alguna forma poder colaborar con otras personas\u201d.<\/p>\n\n\n\n<div style=\"height:15px\" aria-hidden=\"true\" class=\"wp-block-spacer\"><\/div>\n\n\n\n<p>Os animamos a participar en el circuito de carreras solidarias, Corre por una Causa, animando a vuestros empleados a correr o a participar como voluntarios en la log\u00edstica de las diferentes carreras que celebramos.<\/p>\n\n\n\n<p><\/p>\n","protected":false},"excerpt":{"rendered":"<p>\u201cEs muy emocionante ver a tantas personas unidas por una causa, corriendo por la educaci\u00f3n de los ni\u00f1os y ni\u00f1as que viven en situaci\u00f3n de refugio o desplazamiento forzoso, por esos cerca de 420 millones que se ven afectados por las guerras y los conflictos armados en todo el mundo\u201d.\u00a0 Con estas palabras Mart\u00edn Iriberri SJ, Director General de Entreculturas, dio el pistoletazo de salida a la XIII edici\u00f3n de nuestra carrera \u201cCorre por una Causa&#8221; en Madrid. Un circuito de carreras solidaria que organizamos desde Entreculturas y Alboan, que este a\u00f1o cuenta con la colaboraci\u00f3n de Deloitte, Liferay y Mapfre, y\u00a0que se extender\u00e1 hasta el mes de mayo. En esta XIII edici\u00f3n de \u201cCorre por una Causa\u201d\u00a0el objetivo es recaudar fondos para los distintos proyectos que llevamos a cabo en pa\u00edses como Ucrania, Rep\u00fablica Centroafricana o Colombia, en los que trabajamos para garantizar a ni\u00f1os y ni\u00f1as un espacio [&hellip;]<\/p>\n","protected":false},"featured_media":22207,"template":"","meta":{"_acf_changed":false},"categories":[7],"tags":[196],"country":[],"cause":[],"class_list":["post-22201","noticia","type-noticia","status-publish","has-post-thumbnail","hentry","category-noticia","tag-rsc"],"acf":[],"yoast_head":"<!-- This site is optimized with the Yoast SEO Premium plugin v21.6 (Yoast SEO v27.5) - https:\/\/yoast.com\/product\/yoast-seo-premium-wordpress\/ -->\n<title>Une a tu empresa al circuito de carreras solidarias de Entreculturas - Entreculturas<\/title>\n<meta name=\"description\" content=\"Os animamos a participar en el circuito de carreras solidarias, animando a vuestros empleados a correr o a participar como voluntarios.\" \/>\n<meta name=\"robots\" content=\"index, follow, max-snippet:-1, max-image-preview:large, max-video-preview:-1\" \/>\n<link rel=\"canonical\" href=\"https:\/\/www.entreculturas.org\/gl\/noticia\/une-a-tu-empresa-al-circuito-de-carreras-solidarias-de-entreculturas\/\" \/>\n<meta property=\"og:locale\" content=\"gl_ES\" \/>\n<meta property=\"og:type\" content=\"article\" \/>\n<meta property=\"og:title\" content=\"Une a tu empresa al circuito de carreras solidarias de Entreculturas\" \/>\n<meta property=\"og:description\" content=\"Os animamos a participar en el circuito de carreras solidarias, animando a vuestros empleados a correr o a participar como voluntarios.\" \/>\n<meta property=\"og:url\" content=\"https:\/\/www.entreculturas.org\/gl\/noticia\/une-a-tu-empresa-al-circuito-de-carreras-solidarias-de-entreculturas\/\" \/>\n<meta property=\"og:site_name\" content=\"Entreculturas\" \/>\n<meta property=\"article:publisher\" content=\"https:\/\/www.facebook.com\/entreculturas\" \/>\n<meta property=\"article:modified_time\" content=\"2024-02-29T08:31:25+00:00\" \/>\n<meta property=\"og:image\" content=\"https:\/\/www.entreculturas.org\/wp-content\/uploads\/2024\/02\/53526419076_256f2dd859_o.jpg\" \/>\n\t<meta property=\"og:image:width\" content=\"1280\" \/>\n\t<meta property=\"og:image:height\" content=\"720\" \/>\n\t<meta property=\"og:image:type\" content=\"image\/jpeg\" \/>\n<meta name=\"twitter:card\" content=\"summary_large_image\" \/>\n<meta name=\"twitter:site\" content=\"@Entreculturas\" \/>\n<script type=\"application\/ld+json\" class=\"yoast-schema-graph\">{\"@context\":\"https:\\\/\\\/schema.org\",\"@graph\":[{\"@type\":\"WebPage\",\"@id\":\"https:\\\/\\\/www.entreculturas.org\\\/gl\\\/noticia\\\/une-a-tu-empresa-al-circuito-de-carreras-solidarias-de-entreculturas\\\/\",\"url\":\"https:\\\/\\\/www.entreculturas.org\\\/gl\\\/noticia\\\/une-a-tu-empresa-al-circuito-de-carreras-solidarias-de-entreculturas\\\/\",\"name\":\"Une a tu empresa al circuito de carreras solidarias de Entreculturas - Entreculturas\",\"isPartOf\":{\"@id\":\"https:\\\/\\\/www.entreculturas.org\\\/gl\\\/#website\"},\"primaryImageOfPage\":{\"@id\":\"https:\\\/\\\/www.entreculturas.org\\\/gl\\\/noticia\\\/une-a-tu-empresa-al-circuito-de-carreras-solidarias-de-entreculturas\\\/#primaryimage\"},\"image\":{\"@id\":\"https:\\\/\\\/www.entreculturas.org\\\/gl\\\/noticia\\\/une-a-tu-empresa-al-circuito-de-carreras-solidarias-de-entreculturas\\\/#primaryimage\"},\"thumbnailUrl\":\"https:\\\/\\\/www.entreculturas.org\\\/wp-content\\\/uploads\\\/2024\\\/02\\\/53526419076_256f2dd859_o.jpg\",\"datePublished\":\"2024-02-29T08:28:19+00:00\",\"dateModified\":\"2024-02-29T08:31:25+00:00\",\"description\":\"Os animamos a participar en el circuito de carreras solidarias, animando a vuestros empleados a correr o a participar como voluntarios.\",\"breadcrumb\":{\"@id\":\"https:\\\/\\\/www.entreculturas.org\\\/gl\\\/noticia\\\/une-a-tu-empresa-al-circuito-de-carreras-solidarias-de-entreculturas\\\/#breadcrumb\"},\"inLanguage\":\"gl-ES\",\"potentialAction\":[{\"@type\":\"ReadAction\",\"target\":[\"https:\\\/\\\/www.entreculturas.org\\\/gl\\\/noticia\\\/une-a-tu-empresa-al-circuito-de-carreras-solidarias-de-entreculturas\\\/\"]}]},{\"@type\":\"ImageObject\",\"inLanguage\":\"gl-ES\",\"@id\":\"https:\\\/\\\/www.entreculturas.org\\\/gl\\\/noticia\\\/une-a-tu-empresa-al-circuito-de-carreras-solidarias-de-entreculturas\\\/#primaryimage\",\"url\":\"https:\\\/\\\/www.entreculturas.org\\\/wp-content\\\/uploads\\\/2024\\\/02\\\/53526419076_256f2dd859_o.jpg\",\"contentUrl\":\"https:\\\/\\\/www.entreculturas.org\\\/wp-content\\\/uploads\\\/2024\\\/02\\\/53526419076_256f2dd859_o.jpg\",\"width\":1280,\"height\":720,\"caption\":\"carrera solidaria\"},{\"@type\":\"BreadcrumbList\",\"@id\":\"https:\\\/\\\/www.entreculturas.org\\\/gl\\\/noticia\\\/une-a-tu-empresa-al-circuito-de-carreras-solidarias-de-entreculturas\\\/#breadcrumb\",\"itemListElement\":[{\"@type\":\"ListItem\",\"position\":1,\"name\":\"Home\",\"item\":\"https:\\\/\\\/www.entreculturas.org\\\/gl\\\/\"},{\"@type\":\"ListItem\",\"position\":2,\"name\":\"Noticias\",\"item\":\"https:\\\/\\\/www.entreculturas.org\\\/gl\\\/noticias\\\/\"},{\"@type\":\"ListItem\",\"position\":3,\"name\":\"Une a tu empresa al circuito de carreras solidarias de Entreculturas\"}]},{\"@type\":\"WebSite\",\"@id\":\"https:\\\/\\\/www.entreculturas.org\\\/gl\\\/#website\",\"url\":\"https:\\\/\\\/www.entreculturas.org\\\/gl\\\/\",\"name\":\"Entreculturas\",\"description\":\"\",\"publisher\":{\"@id\":\"https:\\\/\\\/www.entreculturas.org\\\/gl\\\/#organization\"},\"alternateName\":\"Entreculturas\",\"potentialAction\":[{\"@type\":\"SearchAction\",\"target\":{\"@type\":\"EntryPoint\",\"urlTemplate\":\"https:\\\/\\\/www.entreculturas.org\\\/gl\\\/?s={search_term_string}\"},\"query-input\":{\"@type\":\"PropertyValueSpecification\",\"valueRequired\":true,\"valueName\":\"search_term_string\"}}],\"inLanguage\":\"gl-ES\"},{\"@type\":\"Organization\",\"@id\":\"https:\\\/\\\/www.entreculturas.org\\\/gl\\\/#organization\",\"name\":\"Entreculturas\",\"url\":\"https:\\\/\\\/www.entreculturas.org\\\/gl\\\/\",\"logo\":{\"@type\":\"ImageObject\",\"inLanguage\":\"gl-ES\",\"@id\":\"https:\\\/\\\/www.entreculturas.org\\\/gl\\\/#\\\/schema\\\/logo\\\/image\\\/\",\"url\":\"https:\\\/\\\/www.entreculturas.org\\\/wp-content\\\/uploads\\\/2025\\\/10\\\/ESP.svg\",\"contentUrl\":\"https:\\\/\\\/www.entreculturas.org\\\/wp-content\\\/uploads\\\/2025\\\/10\\\/ESP.svg\",\"caption\":\"Entreculturas\"},\"image\":{\"@id\":\"https:\\\/\\\/www.entreculturas.org\\\/gl\\\/#\\\/schema\\\/logo\\\/image\\\/\"},\"sameAs\":[\"https:\\\/\\\/www.facebook.com\\\/entreculturas\",\"https:\\\/\\\/x.com\\\/Entreculturas\",\"https:\\\/\\\/www.instagram.com\\\/entreculturas\\\/\",\"https:\\\/\\\/www.youtube.com\\\/user\\\/entreculturasvideo\",\"https:\\\/\\\/www.linkedin.com\\\/company\\\/fundacion-entreculturas-ngdo\\\/\",\"https:\\\/\\\/www.flickr.com\\\/photos\\\/98455522@N04\\\/albums\\\/\"]}]}<\/script>\n<!-- \/ Yoast SEO Premium plugin. -->","yoast_head_json":{"title":"Une a tu empresa al circuito de carreras solidarias de Entreculturas - Entreculturas","description":"Os animamos a participar en el circuito de carreras solidarias, animando a vuestros empleados a correr o a participar como voluntarios.","robots":{"index":"index","follow":"follow","max-snippet":"max-snippet:-1","max-image-preview":"max-image-preview:large","max-video-preview":"max-video-preview:-1"},"canonical":"https:\/\/www.entreculturas.org\/gl\/noticia\/une-a-tu-empresa-al-circuito-de-carreras-solidarias-de-entreculturas\/","og_locale":"gl_ES","og_type":"article","og_title":"Une a tu empresa al circuito de carreras solidarias de Entreculturas","og_description":"Os animamos a participar en el circuito de carreras solidarias, animando a vuestros empleados a correr o a participar como voluntarios.","og_url":"https:\/\/www.entreculturas.org\/gl\/noticia\/une-a-tu-empresa-al-circuito-de-carreras-solidarias-de-entreculturas\/","og_site_name":"Entreculturas","article_publisher":"https:\/\/www.facebook.com\/entreculturas","article_modified_time":"2024-02-29T08:31:25+00:00","og_image":[{"width":1280,"height":720,"url":"https:\/\/www.entreculturas.org\/wp-content\/uploads\/2024\/02\/53526419076_256f2dd859_o.jpg","type":"image\/jpeg"}],"twitter_card":"summary_large_image","twitter_site":"@Entreculturas","schema":{"@context":"https:\/\/schema.org","@graph":[{"@type":"WebPage","@id":"https:\/\/www.entreculturas.org\/gl\/noticia\/une-a-tu-empresa-al-circuito-de-carreras-solidarias-de-entreculturas\/","url":"https:\/\/www.entreculturas.org\/gl\/noticia\/une-a-tu-empresa-al-circuito-de-carreras-solidarias-de-entreculturas\/","name":"Une a tu empresa al circuito de carreras solidarias de Entreculturas - Entreculturas","isPartOf":{"@id":"https:\/\/www.entreculturas.org\/gl\/#website"},"primaryImageOfPage":{"@id":"https:\/\/www.entreculturas.org\/gl\/noticia\/une-a-tu-empresa-al-circuito-de-carreras-solidarias-de-entreculturas\/#primaryimage"},"image":{"@id":"https:\/\/www.entreculturas.org\/gl\/noticia\/une-a-tu-empresa-al-circuito-de-carreras-solidarias-de-entreculturas\/#primaryimage"},"thumbnailUrl":"https:\/\/www.entreculturas.org\/wp-content\/uploads\/2024\/02\/53526419076_256f2dd859_o.jpg","datePublished":"2024-02-29T08:28:19+00:00","dateModified":"2024-02-29T08:31:25+00:00","description":"Os animamos a participar en el circuito de carreras solidarias, animando a vuestros empleados a correr o a participar como voluntarios.","breadcrumb":{"@id":"https:\/\/www.entreculturas.org\/gl\/noticia\/une-a-tu-empresa-al-circuito-de-carreras-solidarias-de-entreculturas\/#breadcrumb"},"inLanguage":"gl-ES","potentialAction":[{"@type":"ReadAction","target":["https:\/\/www.entreculturas.org\/gl\/noticia\/une-a-tu-empresa-al-circuito-de-carreras-solidarias-de-entreculturas\/"]}]},{"@type":"ImageObject","inLanguage":"gl-ES","@id":"https:\/\/www.entreculturas.org\/gl\/noticia\/une-a-tu-empresa-al-circuito-de-carreras-solidarias-de-entreculturas\/#primaryimage","url":"https:\/\/www.entreculturas.org\/wp-content\/uploads\/2024\/02\/53526419076_256f2dd859_o.jpg","contentUrl":"https:\/\/www.entreculturas.org\/wp-content\/uploads\/2024\/02\/53526419076_256f2dd859_o.jpg","width":1280,"height":720,"caption":"carrera solidaria"},{"@type":"BreadcrumbList","@id":"https:\/\/www.entreculturas.org\/gl\/noticia\/une-a-tu-empresa-al-circuito-de-carreras-solidarias-de-entreculturas\/#breadcrumb","itemListElement":[{"@type":"ListItem","position":1,"name":"Home","item":"https:\/\/www.entreculturas.org\/gl\/"},{"@type":"ListItem","position":2,"name":"Noticias","item":"https:\/\/www.entreculturas.org\/gl\/noticias\/"},{"@type":"ListItem","position":3,"name":"Une a tu empresa al circuito de carreras solidarias de Entreculturas"}]},{"@type":"WebSite","@id":"https:\/\/www.entreculturas.org\/gl\/#website","url":"https:\/\/www.entreculturas.org\/gl\/","name":"Entreculturas","description":"","publisher":{"@id":"https:\/\/www.entreculturas.org\/gl\/#organization"},"alternateName":"Entreculturas","potentialAction":[{"@type":"SearchAction","target":{"@type":"EntryPoint","urlTemplate":"https:\/\/www.entreculturas.org\/gl\/?s={search_term_string}"},"query-input":{"@type":"PropertyValueSpecification","valueRequired":true,"valueName":"search_term_string"}}],"inLanguage":"gl-ES"},{"@type":"Organization","@id":"https:\/\/www.entreculturas.org\/gl\/#organization","name":"Entreculturas","url":"https:\/\/www.entreculturas.org\/gl\/","logo":{"@type":"ImageObject","inLanguage":"gl-ES","@id":"https:\/\/www.entreculturas.org\/gl\/#\/schema\/logo\/image\/","url":"https:\/\/www.entreculturas.org\/wp-content\/uploads\/2025\/10\/ESP.svg","contentUrl":"https:\/\/www.entreculturas.org\/wp-content\/uploads\/2025\/10\/ESP.svg","caption":"Entreculturas"},"image":{"@id":"https:\/\/www.entreculturas.org\/gl\/#\/schema\/logo\/image\/"},"sameAs":["https:\/\/www.facebook.com\/entreculturas","https:\/\/x.com\/Entreculturas","https:\/\/www.instagram.com\/entreculturas\/","https:\/\/www.youtube.com\/user\/entreculturasvideo","https:\/\/www.linkedin.com\/company\/fundacion-entreculturas-ngdo\/","https:\/\/www.flickr.com\/photos\/98455522@N04\/albums\/"]}]}},"_links":{"self":[{"href":"https:\/\/www.entreculturas.org\/gl\/wp-json\/wp\/v2\/noticia\/22201","targetHints":{"allow":["GET"]}}],"collection":[{"href":"https:\/\/www.entreculturas.org\/gl\/wp-json\/wp\/v2\/noticia"}],"about":[{"href":"https:\/\/www.entreculturas.org\/gl\/wp-json\/wp\/v2\/types\/noticia"}],"wp:featuredmedia":[{"embeddable":true,"href":"https:\/\/www.entreculturas.org\/gl\/wp-json\/wp\/v2\/media\/22207"}],"wp:attachment":[{"href":"https:\/\/www.entreculturas.org\/gl\/wp-json\/wp\/v2\/media?parent=22201"}],"wp:term":[{"taxonomy":"category","embeddable":true,"href":"https:\/\/www.entreculturas.org\/gl\/wp-json\/wp\/v2\/categories?post=22201"},{"taxonomy":"post_tag","embeddable":true,"href":"https:\/\/www.entreculturas.org\/gl\/wp-json\/wp\/v2\/tags?post=22201"},{"taxonomy":"country","embeddable":true,"href":"https:\/\/www.entreculturas.org\/gl\/wp-json\/wp\/v2\/country?post=22201"},{"taxonomy":"cause","embeddable":true,"href":"https:\/\/www.entreculturas.org\/gl\/wp-json\/wp\/v2\/cause?post=22201"}],"curies":[{"name":"wp","href":"https:\/\/api.w.org\/{rel}","templated":true}]}}