{"id":2176,"date":"2018-09-05T12:09:07","date_gmt":"2018-09-05T12:09:07","guid":{"rendered":"https:\/\/entreculturasi.wpenginepowered.com\/?noticias=la-red-solidaria-de-jovenes-arranca-y-crece-sumando-mas-de-2000-jovenes-este-curso"},"modified":"2023-12-18T10:34:05","modified_gmt":"2023-12-18T09:34:05","slug":"la-red-solidaria-de-jovenes-arranca-y-crece-sumando-mas-de-2000-jovenes-este-curso","status":"publish","type":"noticia","link":"https:\/\/www.entreculturas.org\/gl\/noticia\/la-red-solidaria-de-jovenes-arranca-y-crece-sumando-mas-de-2000-jovenes-este-curso\/","title":{"rendered":"La Red Solidaria de J\u00f3venes arranca y crece sumando a m\u00e1s de 2.000 j\u00f3venes este curso"},"content":{"rendered":"<p>Con el curso 2018-19 que comienza estas semanas, se pone en marcha la actividad de la Red Solidaria de J\u00f3venes que a lo largo del mes de octubre comenzar\u00e1n con sus asambleas de inicio. La Red Solidaria de J\u00f3venes (RSJ) es un <strong>programa de participaci\u00f3n juvenil dirigido a adolescentes de entre 12 y 18 a\u00f1os<\/strong> -que participan de manera voluntaria-, basado en el trabajo social con grupos de iguales, en el que a trav\u00e9s de la formaci\u00f3n, la reflexi\u00f3n y la realizaci\u00f3n de acciones solidarias, se fomenta el desarrollo de valores y actitudes solidarias, experimentan que el cambio social es posible, mejoran su desarrollo cognitivo, emocional, moral y social y adquieren <strong>capacidades b\u00e1sicas para el ejercicio de una ciudadan\u00eda global.&nbsp;<\/strong><\/p>\n<\/p>\n<p><span style=\"color:#FF0000\"><strong>\u00bfCu\u00e1les son los objetivos del programa?<\/strong>&nbsp;<\/span><\/p>\n<p>\u00b7 Saber m\u00e1s, y con mayor capacidad cr\u00edtica, sobre pobreza y exclusi\u00f3n, globalizaci\u00f3n, derechos humanos, igualdad de g\u00e9nero, conflictos y emergencias, movilidad humana, convivencia intercultural y participaci\u00f3n sociopol\u00edtica.<br \/>&nbsp;<\/p>\n<p>\u00b7 Desarrollar una escala de valores y tomar decisiones morales. Nuestros valores son<strong> la solidaridad, la justicia, la libertad responsable, la igualdad, la convivencia en la diversidad y la trascendencia.<\/strong><br \/>&nbsp;<\/p>\n<ul>\n<li>\u00b7 Aprender a relacionarnos democr\u00e1ticamente y participar en la sociedad para mejorarla: trabajo en equipo, di\u00e1logo y escucha, an\u00e1lisis de problemas sociales y planteamiento de alternativas; planificaci\u00f3n y realizaci\u00f3n de acciones de servicio comunitario y de sensibilizaci\u00f3n social.<\/li>\n<\/ul>\n<p>La Red se extiende y ampl\u00eda y&nbsp;cuenta para este curso con <strong>2018 j\u00f3venes (m\u00e1s de 1400 j\u00f3venes mujeres y m\u00e1s de 600 j\u00f3venes hombres) <\/strong>con la incorporaci\u00f3n de nuevos centros y entidades en en la provincia de Salamanca y Madrid. Margarita en el Vaguada de la Palma y Juan Jes\u00fas en el IES Tierras de Abadengo en Salamanca&nbsp;liderar\u00e1n la Red promoviendo la participaci\u00f3n de la juventud salamantina de sus&nbsp;centros. Junto a ellos ya contamos con m\u00e1s de<strong> 160 docentes<\/strong> que acompa\u00f1an los grupos de j\u00f3venes.<\/p>\n<p>Con la incorporaci\u00f3n de estos tres centros ya son cinco centros educativos en la Red Solidaria de J\u00f3venes de Salamanca y en total <strong>ya sumamos m\u00e1s de 100 centros educativos<\/strong>&nbsp;que forman parte de la Red Solidaria y que quieren contribuir a afrontar los retos globales que nos hacen una comunidad global comprometida con mejorar el mundo.&nbsp;<strong>\u00a1Arrancamos!<\/strong><\/p>\n<p><span style=\"color:#FF0000\"><font face=\"Arial, Helvetica, sans-serif\"><strong>\u00bfEres docente y te animas a participar en la Red con tu alumnado?<\/strong> <\/font><\/span><font face=\"Arial, Helvetica, sans-serif\">Escr\u00edbenos a educacion@entreculturas.org y te contamos c\u00f3mo hacerlo.<\/font><\/p>\n","protected":false},"excerpt":{"rendered":"<p>Con el curso 2018-19 que comienza estas semanas, se pone en marcha la actividad de la Red Solidaria de J\u00f3venes que a lo largo del mes de octubre comenzar\u00e1n con sus asambleas de inicio. La Red Solidaria de J\u00f3venes (RSJ) es un programa de participaci\u00f3n juvenil dirigido a adolescentes de entre 12 y 18 a\u00f1os -que participan de manera voluntaria-, basado en el trabajo social con grupos de iguales, en el que a trav\u00e9s de la formaci\u00f3n, la reflexi\u00f3n y la realizaci\u00f3n de acciones solidarias, se fomenta el desarrollo de valores y actitudes solidarias, experimentan que el cambio social es posible, mejoran su desarrollo cognitivo, emocional, moral y social y adquieren capacidades b\u00e1sicas para el ejercicio de una ciudadan\u00eda global.&nbsp; \u00bfCu\u00e1les son los objetivos del programa?&nbsp; \u00b7 Saber m\u00e1s, y con mayor capacidad cr\u00edtica, sobre pobreza y exclusi\u00f3n, globalizaci\u00f3n, derechos humanos, igualdad de g\u00e9nero, conflictos y emergencias, movilidad humana, convivencia [&hellip;]<\/p>\n","protected":false},"featured_media":2175,"template":"single-noticia","meta":{"_acf_changed":false},"categories":[7],"tags":[185],"country":[120],"cause":[132],"class_list":["post-2176","noticia","type-noticia","status-publish","has-post-thumbnail","hentry","category-noticia","tag-entreculturas","country-espana","cause-participacion-y-ciudadania-global"],"acf":[],"yoast_head":"<!-- This site is optimized with the Yoast SEO Premium plugin v21.6 (Yoast SEO v27.5) - https:\/\/yoast.com\/product\/yoast-seo-premium-wordpress\/ -->\n<title>La Red Solidaria de J\u00f3venes arranca y crece sumando a m\u00e1s de 2.000 j\u00f3venes este curso - Entreculturas<\/title>\n<meta name=\"robots\" content=\"index, follow, max-snippet:-1, max-image-preview:large, max-video-preview:-1\" \/>\n<link rel=\"canonical\" href=\"https:\/\/www.entreculturas.org\/gl\/noticia\/la-red-solidaria-de-jovenes-arranca-y-crece-sumando-mas-de-2000-jovenes-este-curso\/\" \/>\n<meta property=\"og:locale\" content=\"gl_ES\" \/>\n<meta property=\"og:type\" content=\"article\" \/>\n<meta property=\"og:title\" content=\"La Red Solidaria de J\u00f3venes arranca y crece sumando a m\u00e1s de 2.000 j\u00f3venes este curso\" \/>\n<meta property=\"og:description\" content=\"Con el curso 2018-19 que comienza estas semanas, se pone en marcha la actividad de la Red Solidaria de J\u00f3venes que a lo largo del mes de octubre comenzar\u00e1n con sus asambleas de inicio. La Red Solidaria de J\u00f3venes (RSJ) es un programa de participaci\u00f3n juvenil dirigido a adolescentes de entre 12 y 18 a\u00f1os -que participan de manera voluntaria-, basado en el trabajo social con grupos de iguales, en el que a trav\u00e9s de la formaci\u00f3n, la reflexi\u00f3n y la realizaci\u00f3n de acciones solidarias, se fomenta el desarrollo de valores y actitudes solidarias, experimentan que el cambio social es posible, mejoran su desarrollo cognitivo, emocional, moral y social y adquieren capacidades b\u00e1sicas para el ejercicio de una ciudadan\u00eda global.&nbsp; \u00bfCu\u00e1les son los objetivos del programa?&nbsp; \u00b7 Saber m\u00e1s, y con mayor capacidad cr\u00edtica, sobre pobreza y exclusi\u00f3n, globalizaci\u00f3n, derechos humanos, igualdad de g\u00e9nero, conflictos y emergencias, movilidad humana, convivencia [&hellip;]\" \/>\n<meta property=\"og:url\" content=\"https:\/\/www.entreculturas.org\/gl\/noticia\/la-red-solidaria-de-jovenes-arranca-y-crece-sumando-mas-de-2000-jovenes-este-curso\/\" \/>\n<meta property=\"og:site_name\" content=\"Entreculturas\" \/>\n<meta property=\"article:publisher\" content=\"https:\/\/www.facebook.com\/entreculturas\" \/>\n<meta property=\"article:modified_time\" content=\"2023-12-18T09:34:05+00:00\" \/>\n<meta property=\"og:image\" content=\"https:\/\/www.entreculturas.org\/wp-content\/uploads\/2018\/09\/unnamed_1_0.jpg\" \/>\n\t<meta property=\"og:image:width\" content=\"1277\" \/>\n\t<meta property=\"og:image:height\" content=\"850\" \/>\n\t<meta property=\"og:image:type\" content=\"image\/jpeg\" \/>\n<meta name=\"twitter:card\" content=\"summary_large_image\" \/>\n<meta name=\"twitter:site\" content=\"@Entreculturas\" \/>\n<script type=\"application\/ld+json\" class=\"yoast-schema-graph\">{\"@context\":\"https:\\\/\\\/schema.org\",\"@graph\":[{\"@type\":\"WebPage\",\"@id\":\"https:\\\/\\\/www.entreculturas.org\\\/gl\\\/noticia\\\/la-red-solidaria-de-jovenes-arranca-y-crece-sumando-mas-de-2000-jovenes-este-curso\\\/\",\"url\":\"https:\\\/\\\/www.entreculturas.org\\\/gl\\\/noticia\\\/la-red-solidaria-de-jovenes-arranca-y-crece-sumando-mas-de-2000-jovenes-este-curso\\\/\",\"name\":\"La Red Solidaria de J\u00f3venes arranca y crece sumando a m\u00e1s de 2.000 j\u00f3venes este curso - Entreculturas\",\"isPartOf\":{\"@id\":\"https:\\\/\\\/www.entreculturas.org\\\/gl\\\/#website\"},\"primaryImageOfPage\":{\"@id\":\"https:\\\/\\\/www.entreculturas.org\\\/gl\\\/noticia\\\/la-red-solidaria-de-jovenes-arranca-y-crece-sumando-mas-de-2000-jovenes-este-curso\\\/#primaryimage\"},\"image\":{\"@id\":\"https:\\\/\\\/www.entreculturas.org\\\/gl\\\/noticia\\\/la-red-solidaria-de-jovenes-arranca-y-crece-sumando-mas-de-2000-jovenes-este-curso\\\/#primaryimage\"},\"thumbnailUrl\":\"https:\\\/\\\/www.entreculturas.org\\\/wp-content\\\/uploads\\\/2018\\\/09\\\/unnamed_1_0.jpg\",\"datePublished\":\"2018-09-05T12:09:07+00:00\",\"dateModified\":\"2023-12-18T09:34:05+00:00\",\"breadcrumb\":{\"@id\":\"https:\\\/\\\/www.entreculturas.org\\\/gl\\\/noticia\\\/la-red-solidaria-de-jovenes-arranca-y-crece-sumando-mas-de-2000-jovenes-este-curso\\\/#breadcrumb\"},\"inLanguage\":\"gl-ES\",\"potentialAction\":[{\"@type\":\"ReadAction\",\"target\":[\"https:\\\/\\\/www.entreculturas.org\\\/gl\\\/noticia\\\/la-red-solidaria-de-jovenes-arranca-y-crece-sumando-mas-de-2000-jovenes-este-curso\\\/\"]}]},{\"@type\":\"ImageObject\",\"inLanguage\":\"gl-ES\",\"@id\":\"https:\\\/\\\/www.entreculturas.org\\\/gl\\\/noticia\\\/la-red-solidaria-de-jovenes-arranca-y-crece-sumando-mas-de-2000-jovenes-este-curso\\\/#primaryimage\",\"url\":\"https:\\\/\\\/www.entreculturas.org\\\/wp-content\\\/uploads\\\/2018\\\/09\\\/unnamed_1_0.jpg\",\"contentUrl\":\"https:\\\/\\\/www.entreculturas.org\\\/wp-content\\\/uploads\\\/2018\\\/09\\\/unnamed_1_0.jpg\",\"width\":1277,\"height\":850},{\"@type\":\"BreadcrumbList\",\"@id\":\"https:\\\/\\\/www.entreculturas.org\\\/gl\\\/noticia\\\/la-red-solidaria-de-jovenes-arranca-y-crece-sumando-mas-de-2000-jovenes-este-curso\\\/#breadcrumb\",\"itemListElement\":[{\"@type\":\"ListItem\",\"position\":1,\"name\":\"Home\",\"item\":\"https:\\\/\\\/www.entreculturas.org\\\/gl\\\/\"},{\"@type\":\"ListItem\",\"position\":2,\"name\":\"Noticias\",\"item\":\"https:\\\/\\\/www.entreculturas.org\\\/gl\\\/noticias\\\/\"},{\"@type\":\"ListItem\",\"position\":3,\"name\":\"La Red Solidaria de J\u00f3venes arranca y crece sumando a m\u00e1s de 2.000 j\u00f3venes este curso\"}]},{\"@type\":\"WebSite\",\"@id\":\"https:\\\/\\\/www.entreculturas.org\\\/gl\\\/#website\",\"url\":\"https:\\\/\\\/www.entreculturas.org\\\/gl\\\/\",\"name\":\"Entreculturas\",\"description\":\"\",\"publisher\":{\"@id\":\"https:\\\/\\\/www.entreculturas.org\\\/gl\\\/#organization\"},\"alternateName\":\"Entreculturas\",\"potentialAction\":[{\"@type\":\"SearchAction\",\"target\":{\"@type\":\"EntryPoint\",\"urlTemplate\":\"https:\\\/\\\/www.entreculturas.org\\\/gl\\\/?s={search_term_string}\"},\"query-input\":{\"@type\":\"PropertyValueSpecification\",\"valueRequired\":true,\"valueName\":\"search_term_string\"}}],\"inLanguage\":\"gl-ES\"},{\"@type\":\"Organization\",\"@id\":\"https:\\\/\\\/www.entreculturas.org\\\/gl\\\/#organization\",\"name\":\"Entreculturas\",\"url\":\"https:\\\/\\\/www.entreculturas.org\\\/gl\\\/\",\"logo\":{\"@type\":\"ImageObject\",\"inLanguage\":\"gl-ES\",\"@id\":\"https:\\\/\\\/www.entreculturas.org\\\/gl\\\/#\\\/schema\\\/logo\\\/image\\\/\",\"url\":\"https:\\\/\\\/www.entreculturas.org\\\/wp-content\\\/uploads\\\/2025\\\/10\\\/ESP.svg\",\"contentUrl\":\"https:\\\/\\\/www.entreculturas.org\\\/wp-content\\\/uploads\\\/2025\\\/10\\\/ESP.svg\",\"caption\":\"Entreculturas\"},\"image\":{\"@id\":\"https:\\\/\\\/www.entreculturas.org\\\/gl\\\/#\\\/schema\\\/logo\\\/image\\\/\"},\"sameAs\":[\"https:\\\/\\\/www.facebook.com\\\/entreculturas\",\"https:\\\/\\\/x.com\\\/Entreculturas\",\"https:\\\/\\\/www.instagram.com\\\/entreculturas\\\/\",\"https:\\\/\\\/www.youtube.com\\\/user\\\/entreculturasvideo\",\"https:\\\/\\\/www.linkedin.com\\\/company\\\/fundacion-entreculturas-ngdo\\\/\",\"https:\\\/\\\/www.flickr.com\\\/photos\\\/98455522@N04\\\/albums\\\/\"]}]}<\/script>\n<!-- \/ Yoast SEO Premium plugin. -->","yoast_head_json":{"title":"La Red Solidaria de J\u00f3venes arranca y crece sumando a m\u00e1s de 2.000 j\u00f3venes este curso - Entreculturas","robots":{"index":"index","follow":"follow","max-snippet":"max-snippet:-1","max-image-preview":"max-image-preview:large","max-video-preview":"max-video-preview:-1"},"canonical":"https:\/\/www.entreculturas.org\/gl\/noticia\/la-red-solidaria-de-jovenes-arranca-y-crece-sumando-mas-de-2000-jovenes-este-curso\/","og_locale":"gl_ES","og_type":"article","og_title":"La Red Solidaria de J\u00f3venes arranca y crece sumando a m\u00e1s de 2.000 j\u00f3venes este curso","og_description":"Con el curso 2018-19 que comienza estas semanas, se pone en marcha la actividad de la Red Solidaria de J\u00f3venes que a lo largo del mes de octubre comenzar\u00e1n con sus asambleas de inicio. La Red Solidaria de J\u00f3venes (RSJ) es un programa de participaci\u00f3n juvenil dirigido a adolescentes de entre 12 y 18 a\u00f1os -que participan de manera voluntaria-, basado en el trabajo social con grupos de iguales, en el que a trav\u00e9s de la formaci\u00f3n, la reflexi\u00f3n y la realizaci\u00f3n de acciones solidarias, se fomenta el desarrollo de valores y actitudes solidarias, experimentan que el cambio social es posible, mejoran su desarrollo cognitivo, emocional, moral y social y adquieren capacidades b\u00e1sicas para el ejercicio de una ciudadan\u00eda global.&nbsp; \u00bfCu\u00e1les son los objetivos del programa?&nbsp; \u00b7 Saber m\u00e1s, y con mayor capacidad cr\u00edtica, sobre pobreza y exclusi\u00f3n, globalizaci\u00f3n, derechos humanos, igualdad de g\u00e9nero, conflictos y emergencias, movilidad humana, convivencia [&hellip;]","og_url":"https:\/\/www.entreculturas.org\/gl\/noticia\/la-red-solidaria-de-jovenes-arranca-y-crece-sumando-mas-de-2000-jovenes-este-curso\/","og_site_name":"Entreculturas","article_publisher":"https:\/\/www.facebook.com\/entreculturas","article_modified_time":"2023-12-18T09:34:05+00:00","og_image":[{"width":1277,"height":850,"url":"https:\/\/www.entreculturas.org\/wp-content\/uploads\/2018\/09\/unnamed_1_0.jpg","type":"image\/jpeg"}],"twitter_card":"summary_large_image","twitter_site":"@Entreculturas","schema":{"@context":"https:\/\/schema.org","@graph":[{"@type":"WebPage","@id":"https:\/\/www.entreculturas.org\/gl\/noticia\/la-red-solidaria-de-jovenes-arranca-y-crece-sumando-mas-de-2000-jovenes-este-curso\/","url":"https:\/\/www.entreculturas.org\/gl\/noticia\/la-red-solidaria-de-jovenes-arranca-y-crece-sumando-mas-de-2000-jovenes-este-curso\/","name":"La Red Solidaria de J\u00f3venes arranca y crece sumando a m\u00e1s de 2.000 j\u00f3venes este curso - Entreculturas","isPartOf":{"@id":"https:\/\/www.entreculturas.org\/gl\/#website"},"primaryImageOfPage":{"@id":"https:\/\/www.entreculturas.org\/gl\/noticia\/la-red-solidaria-de-jovenes-arranca-y-crece-sumando-mas-de-2000-jovenes-este-curso\/#primaryimage"},"image":{"@id":"https:\/\/www.entreculturas.org\/gl\/noticia\/la-red-solidaria-de-jovenes-arranca-y-crece-sumando-mas-de-2000-jovenes-este-curso\/#primaryimage"},"thumbnailUrl":"https:\/\/www.entreculturas.org\/wp-content\/uploads\/2018\/09\/unnamed_1_0.jpg","datePublished":"2018-09-05T12:09:07+00:00","dateModified":"2023-12-18T09:34:05+00:00","breadcrumb":{"@id":"https:\/\/www.entreculturas.org\/gl\/noticia\/la-red-solidaria-de-jovenes-arranca-y-crece-sumando-mas-de-2000-jovenes-este-curso\/#breadcrumb"},"inLanguage":"gl-ES","potentialAction":[{"@type":"ReadAction","target":["https:\/\/www.entreculturas.org\/gl\/noticia\/la-red-solidaria-de-jovenes-arranca-y-crece-sumando-mas-de-2000-jovenes-este-curso\/"]}]},{"@type":"ImageObject","inLanguage":"gl-ES","@id":"https:\/\/www.entreculturas.org\/gl\/noticia\/la-red-solidaria-de-jovenes-arranca-y-crece-sumando-mas-de-2000-jovenes-este-curso\/#primaryimage","url":"https:\/\/www.entreculturas.org\/wp-content\/uploads\/2018\/09\/unnamed_1_0.jpg","contentUrl":"https:\/\/www.entreculturas.org\/wp-content\/uploads\/2018\/09\/unnamed_1_0.jpg","width":1277,"height":850},{"@type":"BreadcrumbList","@id":"https:\/\/www.entreculturas.org\/gl\/noticia\/la-red-solidaria-de-jovenes-arranca-y-crece-sumando-mas-de-2000-jovenes-este-curso\/#breadcrumb","itemListElement":[{"@type":"ListItem","position":1,"name":"Home","item":"https:\/\/www.entreculturas.org\/gl\/"},{"@type":"ListItem","position":2,"name":"Noticias","item":"https:\/\/www.entreculturas.org\/gl\/noticias\/"},{"@type":"ListItem","position":3,"name":"La Red Solidaria de J\u00f3venes arranca y crece sumando a m\u00e1s de 2.000 j\u00f3venes este curso"}]},{"@type":"WebSite","@id":"https:\/\/www.entreculturas.org\/gl\/#website","url":"https:\/\/www.entreculturas.org\/gl\/","name":"Entreculturas","description":"","publisher":{"@id":"https:\/\/www.entreculturas.org\/gl\/#organization"},"alternateName":"Entreculturas","potentialAction":[{"@type":"SearchAction","target":{"@type":"EntryPoint","urlTemplate":"https:\/\/www.entreculturas.org\/gl\/?s={search_term_string}"},"query-input":{"@type":"PropertyValueSpecification","valueRequired":true,"valueName":"search_term_string"}}],"inLanguage":"gl-ES"},{"@type":"Organization","@id":"https:\/\/www.entreculturas.org\/gl\/#organization","name":"Entreculturas","url":"https:\/\/www.entreculturas.org\/gl\/","logo":{"@type":"ImageObject","inLanguage":"gl-ES","@id":"https:\/\/www.entreculturas.org\/gl\/#\/schema\/logo\/image\/","url":"https:\/\/www.entreculturas.org\/wp-content\/uploads\/2025\/10\/ESP.svg","contentUrl":"https:\/\/www.entreculturas.org\/wp-content\/uploads\/2025\/10\/ESP.svg","caption":"Entreculturas"},"image":{"@id":"https:\/\/www.entreculturas.org\/gl\/#\/schema\/logo\/image\/"},"sameAs":["https:\/\/www.facebook.com\/entreculturas","https:\/\/x.com\/Entreculturas","https:\/\/www.instagram.com\/entreculturas\/","https:\/\/www.youtube.com\/user\/entreculturasvideo","https:\/\/www.linkedin.com\/company\/fundacion-entreculturas-ngdo\/","https:\/\/www.flickr.com\/photos\/98455522@N04\/albums\/"]}]}},"_links":{"self":[{"href":"https:\/\/www.entreculturas.org\/gl\/wp-json\/wp\/v2\/noticia\/2176","targetHints":{"allow":["GET"]}}],"collection":[{"href":"https:\/\/www.entreculturas.org\/gl\/wp-json\/wp\/v2\/noticia"}],"about":[{"href":"https:\/\/www.entreculturas.org\/gl\/wp-json\/wp\/v2\/types\/noticia"}],"wp:featuredmedia":[{"embeddable":true,"href":"https:\/\/www.entreculturas.org\/gl\/wp-json\/wp\/v2\/media\/2175"}],"wp:attachment":[{"href":"https:\/\/www.entreculturas.org\/gl\/wp-json\/wp\/v2\/media?parent=2176"}],"wp:term":[{"taxonomy":"category","embeddable":true,"href":"https:\/\/www.entreculturas.org\/gl\/wp-json\/wp\/v2\/categories?post=2176"},{"taxonomy":"post_tag","embeddable":true,"href":"https:\/\/www.entreculturas.org\/gl\/wp-json\/wp\/v2\/tags?post=2176"},{"taxonomy":"country","embeddable":true,"href":"https:\/\/www.entreculturas.org\/gl\/wp-json\/wp\/v2\/country?post=2176"},{"taxonomy":"cause","embeddable":true,"href":"https:\/\/www.entreculturas.org\/gl\/wp-json\/wp\/v2\/cause?post=2176"}],"curies":[{"name":"wp","href":"https:\/\/api.w.org\/{rel}","templated":true}]}}